{"id":255257,"date":"2026-02-24T14:04:32","date_gmt":"2026-02-24T13:04:32","guid":{"rendered":"https:\/\/terra-institute.eu\/it\/?p=255257"},"modified":"2026-02-24T14:15:34","modified_gmt":"2026-02-24T13:15:34","slug":"sostenibilita-nel-settore-alimentare-biofac","status":"publish","type":"post","link":"https:\/\/terra-institute.eu\/it\/sostenibilita-nel-settore-alimentare-biofac\/","title":{"rendered":"BIOFACH 2026: La sostenibilit\u00e0 come compito di gestione nel settore alimentare"},"content":{"rendered":"<p>[et_pb_section fb_built=&#8221;1&#8243; _builder_version=&#8221;4.24.2&#8243; _module_preset=&#8221;default&#8221; custom_padding=&#8221;9px|||||&#8221; global_colors_info=&#8221;{}&#8221; theme_builder_area=&#8221;post_content&#8221; locked=&#8221;off&#8221;][et_pb_row _builder_version=&#8221;4.24.2&#8243; _module_preset=&#8221;default&#8221; custom_margin=&#8221;22px|auto||auto||&#8221; custom_padding=&#8221;1px||15px|||&#8221; global_colors_info=&#8221;{}&#8221; theme_builder_area=&#8221;post_content&#8221;][et_pb_column type=&#8221;4_4&#8243; _builder_version=&#8221;4.24.2&#8243; _module_preset=&#8221;default&#8221; global_colors_info=&#8221;{}&#8221; theme_builder_area=&#8221;post_content&#8221;][et_pb_text _builder_version=&#8221;4.27.4&#8243; _module_preset=&#8221;default&#8221; custom_margin=&#8221;||1px|||&#8221; hover_enabled=&#8221;0&#8243; global_colors_info=&#8221;{}&#8221; theme_builder_area=&#8221;post_content&#8221; sticky_enabled=&#8221;0&#8243;]<\/p>\n<p>Dal 1990 il BIOFACH di Norimberga \u00e8 considerato la principale fiera mondiale per gli alimenti biologici ed \u00e8 quindi molto pi\u00f9 di una classica fiera. \u00c8 il punto d\u2019incontro internazionale per produttori, trasformatori, commercio, associazioni e fornitori di servizi lungo l\u2019intera catena del valore. Proprio questa combinazione la rende cos\u00ec speciale. In questo articolo riportiamo dal BIOFACH e spieghiamo perch\u00e9 il tema della sostenibilit\u00e0 \u00e8 cos\u00ec rilevante nel settore alimentare.<\/p>\n<p>[\/et_pb_text][et_pb_text disabled_on=&#8221;on|on|on&#8221; _builder_version=&#8221;4.27.0&#8243; _module_preset=&#8221;default&#8221; disabled=&#8221;on&#8221; global_colors_info=&#8221;{}&#8221; theme_builder_area=&#8221;post_content&#8221;]<\/p>\n<h3>Teilnehmeranzahl begrenzt!<\/h3>\n<p>Die Pl\u00e4tze sind auf maximal 20 Teilnehmer:innen begrenzt. Dies erm\u00f6glicht uns einen besseren Austausch und auch die M\u00f6glichkeit, auf alle Fragen einzugehen.<\/p>\n<h3>Verbindlichkeit<\/h3>\n<p>F\u00fcr eine bessere Planung ist die Anmeldung verbindlich. Sollte dennoch nach Anmeldung etwas dazwischenkommen und die Teilnahme nicht m\u00f6glich sein, bitten wir um eine schnellstm\u00f6gliche Absage unter <a href=\"mailto:%20a.unger@terra-institute.eu\">a.unger@terra-institute.eu<\/a>.<\/p>\n<h3>Kosten und Transport<\/h3>\n<p>Die Kosten f\u00fcr die zwei Hoff\u00fchrungen und Verk\u00f6stigung werden vom Projekt \u00fcbernommen. Die Fahrtkosten sowie die Organisation der Anfahrt, Abfahrt und Transport zwischen den H\u00f6fen sind von den Teilnehmer:innen selbst zu \u00fcbernehmen. Bei einem JA im Formular teilen wir die Kontaktdaten der Teilnehmer:innen, um Fahrgemeinschaften zu erm\u00f6glichen.<\/p>\n<p>[\/et_pb_text][et_pb_text disabled_on=&#8221;on|on|on&#8221; module_id=&#8221;anmeldung&#8221; _builder_version=&#8221;4.24.2&#8243; _module_preset=&#8221;default&#8221; disabled=&#8221;on&#8221; global_colors_info=&#8221;{}&#8221; theme_builder_area=&#8221;post_content&#8221;]<\/p>\n<h3><\/h3>\n<h3>Webinar verpasst?<\/h3>\n<p>Dann schicken Sie uns doch gerne eine Nachricht mit Ihren Fragen an <a href=\"mailto:office@terra-institute.eu\">office@terra-institute.eu<\/a>.<\/p>\n<p>Bei gen\u00fcgend Interessent:innen werden wir das Webinar erneut veranstalten.<\/p>\n<p>[\/et_pb_text][\/et_pb_column][\/et_pb_row][et_pb_row column_structure=&#8221;3_5,2_5&#8243; _builder_version=&#8221;4.24.2&#8243; _module_preset=&#8221;default&#8221; custom_margin=&#8221;22px|auto||auto||&#8221; custom_padding=&#8221;1px||15px|||&#8221; global_colors_info=&#8221;{}&#8221; theme_builder_area=&#8221;post_content&#8221;][et_pb_column type=&#8221;3_5&#8243; _builder_version=&#8221;4.24.2&#8243; _module_preset=&#8221;default&#8221; global_colors_info=&#8221;{}&#8221; theme_builder_area=&#8221;post_content&#8221;][et_pb_text _builder_version=&#8221;4.27.4&#8243; _module_preset=&#8221;default&#8221; custom_margin=&#8221;||1px|||&#8221; custom_padding=&#8221;18px|||||&#8221; hover_enabled=&#8221;0&#8243; global_colors_info=&#8221;{}&#8221; theme_builder_area=&#8221;post_content&#8221; sticky_enabled=&#8221;0&#8243;]<\/p>\n<h3>Julia Wlasak-Eisenberger del Terra Institute in presenza sul posto<\/h3>\n<p>Il 13 febbraio 2026, Julia Wlasak-Eisenberger del Terra Institute \u00e8 stata presente al BIOFACH di Norimberga e ha tenuto interessanti colloqui con aziende del settore alimentare su <a href=\"https:\/\/terra-institute.eu\/it\/legge-sulla-catena-di-fornitura\/\" target=\"_blank\" rel=\"noopener\">catene di fornitura<\/a>, requisiti di dati, bilancio climatico e decarbonizzazione. \u00c8 emerso con grande chiarezza quanto stiano cambiando le richieste del mercato: per molte aziende presenti al <a href=\"https:\/\/www.biofach.de\/en\" target=\"_blank\" rel=\"noopener\">BIOFACH<\/a> la sostenibilit\u00e0 \u00e8 da tempo una pratica consapevole. Allo stesso tempo, sta diventando sempre pi\u00f9 un compito di gestione strutturato, perch\u00e9 clienti finali, partner commerciali e grandi acquirenti richiedono dati tracciabili e informazioni affidabili.<\/p>\n<p>[\/et_pb_text][et_pb_text disabled_on=&#8221;on|on|on&#8221; _builder_version=&#8221;4.27.0&#8243; _module_preset=&#8221;default&#8221; disabled=&#8221;on&#8221; global_colors_info=&#8221;{}&#8221; theme_builder_area=&#8221;post_content&#8221;]<\/p>\n<h3>Teilnehmeranzahl begrenzt!<\/h3>\n<p>Die Pl\u00e4tze sind auf maximal 20 Teilnehmer:innen begrenzt. Dies erm\u00f6glicht uns einen besseren Austausch und auch die M\u00f6glichkeit, auf alle Fragen einzugehen.<\/p>\n<h3>Verbindlichkeit<\/h3>\n<p>F\u00fcr eine bessere Planung ist die Anmeldung verbindlich. Sollte dennoch nach Anmeldung etwas dazwischenkommen und die Teilnahme nicht m\u00f6glich sein, bitten wir um eine schnellstm\u00f6gliche Absage unter <a href=\"mailto:%20a.unger@terra-institute.eu\">a.unger@terra-institute.eu<\/a>.<\/p>\n<h3>Kosten und Transport<\/h3>\n<p>Die Kosten f\u00fcr die zwei Hoff\u00fchrungen und Verk\u00f6stigung werden vom Projekt \u00fcbernommen. Die Fahrtkosten sowie die Organisation der Anfahrt, Abfahrt und Transport zwischen den H\u00f6fen sind von den Teilnehmer:innen selbst zu \u00fcbernehmen. Bei einem JA im Formular teilen wir die Kontaktdaten der Teilnehmer:innen, um Fahrgemeinschaften zu erm\u00f6glichen.<\/p>\n<p>[\/et_pb_text][et_pb_text disabled_on=&#8221;on|on|on&#8221; module_id=&#8221;anmeldung&#8221; _builder_version=&#8221;4.24.2&#8243; _module_preset=&#8221;default&#8221; disabled=&#8221;on&#8221; global_colors_info=&#8221;{}&#8221; theme_builder_area=&#8221;post_content&#8221;]<\/p>\n<h3><\/h3>\n<h3>Webinar verpasst?<\/h3>\n<p>Dann schicken Sie uns doch gerne eine Nachricht mit Ihren Fragen an <a href=\"mailto:office@terra-institute.eu\">office@terra-institute.eu<\/a>.<\/p>\n<p>Bei gen\u00fcgend Interessent:innen werden wir das Webinar erneut veranstalten.<\/p>\n<p>[\/et_pb_text][\/et_pb_column][et_pb_column type=&#8221;2_5&#8243; _builder_version=&#8221;4.24.2&#8243; _module_preset=&#8221;default&#8221; global_colors_info=&#8221;{}&#8221; theme_builder_area=&#8221;post_content&#8221;][et_pb_image src=&#8221;https:\/\/terra-institute.eu\/wp-content\/uploads\/2026\/02\/1000089984-scaled-e1771915061787.jpg&#8221; alt=&#8221;BIOFACH N\u00fcrnberg: Nachhaltigkeit in der Lebensmittelbranche&#8221; title_text=&#8221;BIOFACH N\u00fcrnberg: Nachhaltigkeit in der Lebensmittelbranche&#8221; _builder_version=&#8221;4.27.4&#8243; _module_preset=&#8221;default&#8221; hover_enabled=&#8221;0&#8243; global_colors_info=&#8221;{}&#8221; theme_builder_area=&#8221;post_content&#8221; sticky_enabled=&#8221;0&#8243;][\/et_pb_image][\/et_pb_column][\/et_pb_row][et_pb_row _builder_version=&#8221;4.24.2&#8243; _module_preset=&#8221;default&#8221; custom_margin=&#8221;22px|auto||auto||&#8221; custom_padding=&#8221;1px||15px|||&#8221; global_colors_info=&#8221;{}&#8221; theme_builder_area=&#8221;post_content&#8221;][et_pb_column type=&#8221;4_4&#8243; _builder_version=&#8221;4.24.2&#8243; _module_preset=&#8221;default&#8221; global_colors_info=&#8221;{}&#8221; theme_builder_area=&#8221;post_content&#8221;][et_pb_text _builder_version=&#8221;4.27.4&#8243; _module_preset=&#8221;default&#8221; custom_margin=&#8221;||1px|||&#8221; custom_padding=&#8221;18px|||||&#8221; hover_enabled=&#8221;0&#8243; global_colors_info=&#8221;{}&#8221; theme_builder_area=&#8221;post_content&#8221; sticky_enabled=&#8221;0&#8243;]<\/p>\n<p>Ci\u00f2 \u00e8 particolarmente rilevante per il settore alimentare. Le <a href=\"https:\/\/terra-institute.eu\/it\/legge-sulla-catena-di-fornitura\/\" target=\"_blank\" rel=\"noopener\">catene di fornitura<\/a> sono spesso complesse, internazionali e fortemente caratterizzate da materie prime agricole. Questo significa che una parte significativa degli impatti ambientali e climatici rilevanti non si genera solo all\u2019interno dell\u2019azienda stessa, ma lungo la catena del valore a monte. Di conseguenza, diventa sempre pi\u00f9 importante impostare tempestivamente un sistema di dati pratico. Molte aziende raccolgono gi\u00e0 oggi informazioni importanti, ad esempio su energia, imballaggi o acquisti. In futuro tuttavia sar\u00e0 ancora pi\u00f9 decisivo strutturare i dati lungo la catena di fornitura, ad esempio riguardo a materie prime, semilavorati, trasporti o fornitori.<\/p>\n<p>[\/et_pb_text][et_pb_text disabled_on=&#8221;on|on|on&#8221; _builder_version=&#8221;4.27.0&#8243; _module_preset=&#8221;default&#8221; disabled=&#8221;on&#8221; global_colors_info=&#8221;{}&#8221; theme_builder_area=&#8221;post_content&#8221;]<\/p>\n<h3>Teilnehmeranzahl begrenzt!<\/h3>\n<p>Die Pl\u00e4tze sind auf maximal 20 Teilnehmer:innen begrenzt. Dies erm\u00f6glicht uns einen besseren Austausch und auch die M\u00f6glichkeit, auf alle Fragen einzugehen.<\/p>\n<h3>Verbindlichkeit<\/h3>\n<p>F\u00fcr eine bessere Planung ist die Anmeldung verbindlich. Sollte dennoch nach Anmeldung etwas dazwischenkommen und die Teilnahme nicht m\u00f6glich sein, bitten wir um eine schnellstm\u00f6gliche Absage unter <a href=\"mailto:%20a.unger@terra-institute.eu\">a.unger@terra-institute.eu<\/a>.<\/p>\n<h3>Kosten und Transport<\/h3>\n<p>Die Kosten f\u00fcr die zwei Hoff\u00fchrungen und Verk\u00f6stigung werden vom Projekt \u00fcbernommen. Die Fahrtkosten sowie die Organisation der Anfahrt, Abfahrt und Transport zwischen den H\u00f6fen sind von den Teilnehmer:innen selbst zu \u00fcbernehmen. Bei einem JA im Formular teilen wir die Kontaktdaten der Teilnehmer:innen, um Fahrgemeinschaften zu erm\u00f6glichen.<\/p>\n<p>[\/et_pb_text][et_pb_text disabled_on=&#8221;on|on|on&#8221; module_id=&#8221;anmeldung&#8221; _builder_version=&#8221;4.24.2&#8243; _module_preset=&#8221;default&#8221; disabled=&#8221;on&#8221; global_colors_info=&#8221;{}&#8221; theme_builder_area=&#8221;post_content&#8221;]<\/p>\n<h3><\/h3>\n<h3>Webinar verpasst?<\/h3>\n<p>Dann schicken Sie uns doch gerne eine Nachricht mit Ihren Fragen an <a href=\"mailto:office@terra-institute.eu\">office@terra-institute.eu<\/a>.<\/p>\n<p>Bei gen\u00fcgend Interessent:innen werden wir das Webinar erneut veranstalten.<\/p>\n<p>[\/et_pb_text][\/et_pb_column][\/et_pb_row][et_pb_row _builder_version=&#8221;4.24.2&#8243; _module_preset=&#8221;default&#8221; custom_margin=&#8221;22px|auto||auto||&#8221; custom_padding=&#8221;1px||15px|||&#8221; global_colors_info=&#8221;{}&#8221; theme_builder_area=&#8221;post_content&#8221;][et_pb_column type=&#8221;4_4&#8243; _builder_version=&#8221;4.24.2&#8243; _module_preset=&#8221;default&#8221; global_colors_info=&#8221;{}&#8221; theme_builder_area=&#8221;post_content&#8221;][et_pb_text _builder_version=&#8221;4.27.4&#8243; _module_preset=&#8221;default&#8221; custom_margin=&#8221;||1px|||&#8221; custom_padding=&#8221;18px|||||&#8221; hover_enabled=&#8221;0&#8243; global_colors_info=&#8221;{}&#8221; theme_builder_area=&#8221;post_content&#8221; sticky_enabled=&#8221;0&#8243;]<\/p>\n<h2>Soluzioni per le aziende del settore alimentare<\/h2>\n<p>Il BIOFACH mostra in modo molto chiaro che il settore non \u00e8 all\u2019inizio del percorso. Molte aziende contribuiscono gi\u00e0 da anni in modo significativo. Approvvigionamento regionale, relazioni di fornitura di lungo periodo, standard di qualit\u00e0, ottimizzazione degli imballaggi o misure di efficienza sono realt\u00e0 vissuta in molte imprese. Ci\u00f2 che tuttavia spesso manca \u00e8 la messa in evidenza sistematica di questi risultati. Proprio qui risiede una leva centrale. Ci\u00f2 che non \u00e8 documentato in modo accurato \u00e8 difficile da gestire internamente e pu\u00f2 essere comunicato all\u2019esterno solo in misura limitata.<\/p>\n<p>[\/et_pb_text][et_pb_image src=&#8221;https:\/\/terra-institute.eu\/wp-content\/uploads\/2026\/02\/1000089977-scaled-e1771915118820.jpg&#8221; alt=&#8221;BIOFACH N\u00fcrnberg 2026: Nachhaltigkeit in der Lebensmittelbranche&#8221; title_text=&#8221;BIOFACH N\u00fcrnberg 2026: Nachhaltigkeit in der Lebensmittelbranche&#8221; _builder_version=&#8221;4.27.4&#8243; _module_preset=&#8221;default&#8221; global_colors_info=&#8221;{}&#8221; theme_builder_area=&#8221;post_content&#8221;][\/et_pb_image][et_pb_text _builder_version=&#8221;4.27.4&#8243; _module_preset=&#8221;default&#8221; custom_margin=&#8221;||1px|||&#8221; custom_padding=&#8221;18px|||||&#8221; hover_enabled=&#8221;0&#8243; global_colors_info=&#8221;{}&#8221; theme_builder_area=&#8221;post_content&#8221; sticky_enabled=&#8221;0&#8243;]<\/p>\n<h3>Corporate Carbon Footprint (CCF): sostenibilit\u00e0 nel settore alimentare<\/h3>\n<p>Per molte aziende il CCF \u00e8 il punto di partenza pi\u00f9 sensato per registrare le emissioni in modo strutturato e identificare i principali hotspot. Nel settore alimentare questi hotspot si trovano spesso nelle materie prime acquistate, nei servizi a monte e nei trasporti. Un <a href=\"https:\/\/terra-institute.eu\/it\/co2-bilancio\/#CCF\" target=\"_blank\" rel=\"noopener\">CCF<\/a> solido crea trasparenza e costituisce la base per una strategia di decarbonizzazione efficace. Aiuta le aziende non solo nella definizione delle priorit\u00e0 interne, ma anche a rispondere in modo professionale alle richieste esterne provenienti dal commercio o da partner commerciali.<\/p>\n<p>[\/et_pb_text][et_pb_text _builder_version=&#8221;4.27.4&#8243; _module_preset=&#8221;default&#8221; custom_margin=&#8221;||1px|||&#8221; custom_padding=&#8221;18px|||||&#8221; hover_enabled=&#8221;0&#8243; global_colors_info=&#8221;{}&#8221; theme_builder_area=&#8221;post_content&#8221; sticky_enabled=&#8221;0&#8243;]<\/p>\n<h3>SBTi: obiettivi climatici basati sulla scienza per le imprese<\/h3>\n<p>In questo contesto, anche la <a href=\"#sbti\">SBTi<\/a> (Science Based Targets initiative) sta acquisendo chiaramente importanza. Al BIOFACH \u00e8 emerso che la SBTi non \u00e8 pi\u00f9 un tema riservato alle grandi aziende. Un numero crescente di imprese di medie dimensioni osserva che le richieste del mercato \u2013 ad esempio a causa dei requisiti dei clienti nel commercio alimentare al dettaglio \u2013 si stanno orientando verso obiettivi climatici basati sulla scienza. La Science Based Targets initiative (SBTi) funge da importante quadro di riferimento per definire obiettivi di riduzione delle emissioni in modo credibile e trasparente. Per le aziende del settore alimentare la SBTi sta diventando sempre pi\u00f9 rilevante, poich\u00e9 spesso fanno parte di catene di fornitura pi\u00f9 ampie e in futuro verr\u00e0 richiesto pi\u00f9 frequentemente di fornire prove corrispondenti.<\/p>\n<p>[\/et_pb_text][et_pb_text _builder_version=&#8221;4.27.4&#8243; _module_preset=&#8221;default&#8221; custom_margin=&#8221;||1px|||&#8221; custom_padding=&#8221;18px|||||&#8221; hover_enabled=&#8221;0&#8243; global_colors_info=&#8221;{}&#8221; theme_builder_area=&#8221;post_content&#8221; sticky_enabled=&#8221;0&#8243;]<\/p>\n<h3>VSME: standard volontario come opportunit\u00e0 per le PMI<\/h3>\n<p>Allo stesso tempo il BIOFACH offre anche una prospettiva importante su ci\u00f2 che \u00e8 gi\u00e0 presente. Molte aziende presentano solidi risultati in tema di sostenibilit\u00e0 che finora non sono stati resi sufficientemente visibili. In questo caso, quadri volontari come il <a href=\"#vsme\">VSME (Voluntary Sustainability Reporting Standard for SMEs)<\/a> possono essere molto utili. Sebbene sia volontario, aiuta le imprese a presentare in modo strutturato le attivit\u00e0 esistenti e a preparare le informazioni rilevanti in una forma comprensibile. Ci\u00f2 \u00e8 particolarmente prezioso per le piccole e medie imprese che hanno bisogno di soluzioni pragmatiche ma devono comunque rispondere in modo professionale alle richieste del mercato.<\/p>\n<p>[\/et_pb_text][et_pb_button button_url=&#8221;http:\/\/eepurl.com\/jotKYo&#8221; button_text=&#8221;Scarica il VSME Sustainability Report del Terra Institute (en)&#8221; _builder_version=&#8221;4.27.4&#8243; _module_preset=&#8221;default&#8221; hover_enabled=&#8221;0&#8243; global_colors_info=&#8221;{}&#8221; theme_builder_area=&#8221;post_content&#8221; sticky_enabled=&#8221;0&#8243;][\/et_pb_button][et_pb_text _builder_version=&#8221;4.27.4&#8243; _module_preset=&#8221;default&#8221; custom_margin=&#8221;||1px|||&#8221; custom_padding=&#8221;18px|||||&#8221; hover_enabled=&#8221;0&#8243; global_colors_info=&#8221;{}&#8221; theme_builder_area=&#8221;post_content&#8221; sticky_enabled=&#8221;0&#8243;]<\/p>\n<h2>BIOFACH come radar internazionale del futuro per la sostenibilit\u00e0 nel settore alimentare<\/h2>\n<p>In quanto fiera leader mondiale, il BIOFACH ha anche una forte impronta internazionale. Espositori e prodotti provenienti da tutto il mondo rendono visibile quanto il settore del biologico e della cosmesi naturale sia oggi globale e quanto sia interessato da profondi cambiamenti. Preferenze dei consumatori in evoluzione, crescente consapevolezza ambientale e nuove esigenze di trasparenza e qualit\u00e0 dei dati influenzano sempre pi\u00f9 fortemente le discussioni. Diventa quindi ancora pi\u00f9 importante che le aziende non solo svolgano il loro lavoro in ambito di sostenibilit\u00e0, ma lo inquadrino e <a href=\"https:\/\/terra-institute.eu\/it\/consulenza-sulla-comunicazione-della-sostenibilita\/\" target=\"_blank\" rel=\"noopener\">comunichino anche in modo strategico.<\/a><\/p>\n<p>[\/et_pb_text][et_pb_text _builder_version=&#8221;4.27.4&#8243; _module_preset=&#8221;default&#8221; custom_margin=&#8221;||1px|||&#8221; custom_padding=&#8221;18px|||||&#8221; hover_enabled=&#8221;0&#8243; global_colors_info=&#8221;{}&#8221; theme_builder_area=&#8221;post_content&#8221; sticky_enabled=&#8221;0&#8243;]<\/p>\n<h3>CONCLUSIONE: vantaggi competitivi grazie a una sostenibilit\u00e0 strutturata<\/h3>\n<p>Dal punto di vista di Terra, la conclusione \u00e8 chiara. Il BIOFACH non \u00e8 solo una vetrina per prodotti e tendenze, ma un importante indicatore precoce dei temi che in futuro caratterizzeranno il settore alimentare. Catene di fornitura, qualit\u00e0 dei dati, CCF, decarbonizzazione e SBTi continueranno a guadagnare rilevanza. Le aziende che iniziano ora a lavorare in modo strutturato e rendono visibili i risultati gi\u00e0 esistenti creano sicurezza, credibilit\u00e0 e un chiaro vantaggio competitivo.<\/p>\n<p><strong>Desiderate sapere quali dati di sostenibilit\u00e0 nella vostra catena di fornitura sono davvero rilevanti oggi e come affrontare in modo pragmatico CCF, decarbonizzazione e VSME?<\/strong> Il Terra Institute vi supporta con un approccio chiaro e concretamente applicabile per il settore alimentare.<\/p>\n<p>[\/et_pb_text][et_pb_text disabled_on=&#8221;on|on|on&#8221; _builder_version=&#8221;4.27.0&#8243; _module_preset=&#8221;default&#8221; disabled=&#8221;on&#8221; global_colors_info=&#8221;{}&#8221; theme_builder_area=&#8221;post_content&#8221;]<\/p>\n<h3>Teilnehmeranzahl begrenzt!<\/h3>\n<p>Die Pl\u00e4tze sind auf maximal 20 Teilnehmer:innen begrenzt. Dies erm\u00f6glicht uns einen besseren Austausch und auch die M\u00f6glichkeit, auf alle Fragen einzugehen.<\/p>\n<h3>Verbindlichkeit<\/h3>\n<p>F\u00fcr eine bessere Planung ist die Anmeldung verbindlich. Sollte dennoch nach Anmeldung etwas dazwischenkommen und die Teilnahme nicht m\u00f6glich sein, bitten wir um eine schnellstm\u00f6gliche Absage unter <a href=\"mailto:%20a.unger@terra-institute.eu\">a.unger@terra-institute.eu<\/a>.<\/p>\n<h3>Kosten und Transport<\/h3>\n<p>Die Kosten f\u00fcr die zwei Hoff\u00fchrungen und Verk\u00f6stigung werden vom Projekt \u00fcbernommen. Die Fahrtkosten sowie die Organisation der Anfahrt, Abfahrt und Transport zwischen den H\u00f6fen sind von den Teilnehmer:innen selbst zu \u00fcbernehmen. Bei einem JA im Formular teilen wir die Kontaktdaten der Teilnehmer:innen, um Fahrgemeinschaften zu erm\u00f6glichen.<\/p>\n<p>[\/et_pb_text][et_pb_text disabled_on=&#8221;on|on|on&#8221; module_id=&#8221;anmeldung&#8221; _builder_version=&#8221;4.24.2&#8243; _module_preset=&#8221;default&#8221; disabled=&#8221;on&#8221; global_colors_info=&#8221;{}&#8221; theme_builder_area=&#8221;post_content&#8221;]<\/p>\n<h3><\/h3>\n<h3>Webinar verpasst?<\/h3>\n<p>Dann schicken Sie uns doch gerne eine Nachricht mit Ihren Fragen an <a href=\"mailto:office@terra-institute.eu\">office@terra-institute.eu<\/a>.<\/p>\n<p>Bei gen\u00fcgend Interessent:innen werden wir das Webinar erneut veranstalten.<\/p>\n<p>[\/et_pb_text][\/et_pb_column][\/et_pb_row][et_pb_row column_structure=&#8221;1_2,1_2&#8243; _builder_version=&#8221;4.27.4&#8243; _module_preset=&#8221;default&#8221; custom_margin=&#8221;22px|auto||auto||&#8221; custom_padding=&#8221;1px||15px|||&#8221; border_width_bottom=&#8221;1px&#8221; border_color_bottom=&#8221;#cccccc&#8221; global_colors_info=&#8221;{}&#8221; theme_builder_area=&#8221;post_content&#8221;][et_pb_column type=&#8221;1_2&#8243; _builder_version=&#8221;4.24.2&#8243; _module_preset=&#8221;default&#8221; global_colors_info=&#8221;{}&#8221; theme_builder_area=&#8221;post_content&#8221;][et_pb_button button_url=&#8221;#anmeldung&#8221; button_text=&#8221;Zur Anmeldung&#8221; disabled_on=&#8221;on|on|on&#8221; _builder_version=&#8221;4.27.0&#8243; _module_preset=&#8221;default&#8221; disabled=&#8221;on&#8221; global_colors_info=&#8221;{}&#8221; theme_builder_area=&#8221;post_content&#8221;][\/et_pb_button][et_pb_text _builder_version=&#8221;4.27.4&#8243; _module_preset=&#8221;default&#8221; custom_margin=&#8221;||-2px|||&#8221; hover_enabled=&#8221;0&#8243; global_colors_info=&#8221;{}&#8221; theme_builder_area=&#8221;post_content&#8221; sticky_enabled=&#8221;0&#8243;]<\/p>\n<h3>Autrice<\/h3>\n<p>[\/et_pb_text][et_pb_image src=&#8221;https:\/\/terra-institute.eu\/wp-content\/uploads\/2025\/02\/Julia-Wlasak.jpg&#8221; alt=&#8221;Julia Wlasak&#8221; title_text=&#8221;Julia Wlasak&#8221; _builder_version=&#8221;4.27.4&#8243; _module_preset=&#8221;default&#8221; global_colors_info=&#8221;{}&#8221; theme_builder_area=&#8221;post_content&#8221;][\/et_pb_image][et_pb_text disabled_on=&#8221;on|on|on&#8221; _builder_version=&#8221;4.27.0&#8243; _module_preset=&#8221;default&#8221; disabled=&#8221;on&#8221; global_colors_info=&#8221;{}&#8221; theme_builder_area=&#8221;post_content&#8221;]<\/p>\n<h3>Teilnehmeranzahl begrenzt!<\/h3>\n<p>Die Pl\u00e4tze sind auf maximal 20 Teilnehmer:innen begrenzt. Dies erm\u00f6glicht uns einen besseren Austausch und auch die M\u00f6glichkeit, auf alle Fragen einzugehen.<\/p>\n<h3>Verbindlichkeit<\/h3>\n<p>F\u00fcr eine bessere Planung ist die Anmeldung verbindlich. Sollte dennoch nach Anmeldung etwas dazwischenkommen und die Teilnahme nicht m\u00f6glich sein, bitten wir um eine schnellstm\u00f6gliche Absage unter <a href=\"mailto:%20a.unger@terra-institute.eu\">a.unger@terra-institute.eu<\/a>.<\/p>\n<h3>Kosten und Transport<\/h3>\n<p>Die Kosten f\u00fcr die zwei Hoff\u00fchrungen und Verk\u00f6stigung werden vom Projekt \u00fcbernommen. Die Fahrtkosten sowie die Organisation der Anfahrt, Abfahrt und Transport zwischen den H\u00f6fen sind von den Teilnehmer:innen selbst zu \u00fcbernehmen. Bei einem JA im Formular teilen wir die Kontaktdaten der Teilnehmer:innen, um Fahrgemeinschaften zu erm\u00f6glichen.<\/p>\n<p>[\/et_pb_text][et_pb_text disabled_on=&#8221;on|on|on&#8221; module_id=&#8221;anmeldung&#8221; _builder_version=&#8221;4.24.2&#8243; _module_preset=&#8221;default&#8221; disabled=&#8221;on&#8221; global_colors_info=&#8221;{}&#8221; theme_builder_area=&#8221;post_content&#8221;]<\/p>\n<h3><\/h3>\n<h3>Webinar verpasst?<\/h3>\n<p>Dann schicken Sie uns doch gerne eine Nachricht mit Ihren Fragen an <a href=\"mailto:office@terra-institute.eu\">office@terra-institute.eu<\/a>.<\/p>\n<p>Bei gen\u00fcgend Interessent:innen werden wir das Webinar erneut veranstalten.<\/p>\n<p>[\/et_pb_text][\/et_pb_column][et_pb_column type=&#8221;1_2&#8243; _builder_version=&#8221;4.24.2&#8243; _module_preset=&#8221;default&#8221; global_colors_info=&#8221;{}&#8221; theme_builder_area=&#8221;post_content&#8221;][et_pb_text _builder_version=&#8221;4.27.4&#8243; _module_preset=&#8221;default&#8221; custom_margin=&#8221;||1px|||&#8221; hover_enabled=&#8221;0&#8243; global_colors_info=&#8221;{}&#8221; theme_builder_area=&#8221;post_content&#8221; sticky_enabled=&#8221;0&#8243;]<\/p>\n<p data-ccp-props=\"{&quot;335551550&quot;:1,&quot;335551620&quot;:1,&quot;335559683&quot;:0,&quot;335559685&quot;:0,&quot;335559731&quot;:0,&quot;335559737&quot;:0,&quot;335562764&quot;:2,&quot;335562765&quot;:1,&quot;335562766&quot;:4,&quot;335562767&quot;:0,&quot;335562768&quot;:4,&quot;335562769&quot;:0}\"><strong>Julia Wlasak-Eisenberger<\/strong><\/p>\n<p dir=\"auto\">Master in Global Studies &amp; MBA in Sustainability Management<\/p>\n<div class=\"my-2\"><\/div>\n<p dir=\"auto\">Julia vanta una lunga esperienza in ambito di sostenibilit\u00e0 presso istituti universitari (tra cui il focus su Educazione allo Sviluppo Sostenibile) e aziende (strategie di sostenibilit\u00e0, clima e formazione). \u00c8 docente presso l\u2019Universit\u00e0 di Salisburgo.<\/p>\n<div class=\"my-2\"><\/div>\n<p dir=\"auto\">Domande? <a target=\"_blank\" rel=\"nofollow noopener\" href=\"mailto:j.wlasak@terra-institute.eu\">j.wlasak@terra-institute.eu<\/a> <a href=\"https:\/\/calendly.com\/j-wlasak-terra-institute\/30min\"><\/a><\/p>\n<p>[\/et_pb_text][\/et_pb_column][\/et_pb_row][et_pb_row _builder_version=&#8221;4.17.4&#8243; _module_preset=&#8221;default&#8221; locked=&#8221;off&#8221; global_colors_info=&#8221;{}&#8221; theme_builder_area=&#8221;post_content&#8221;][et_pb_column type=&#8221;4_4&#8243; _builder_version=&#8221;4.17.4&#8243; _module_preset=&#8221;default&#8221; global_colors_info=&#8221;{}&#8221; theme_builder_area=&#8221;post_content&#8221;][et_pb_text _builder_version=&#8221;4.27.4&#8243; _module_preset=&#8221;default&#8221; hover_enabled=&#8221;0&#8243; global_colors_info=&#8221;{}&#8221; theme_builder_area=&#8221;post_content&#8221; sticky_enabled=&#8221;0&#8243;]<\/p>\n<h2>FAQ su BIOFACH e sostenibilit\u00e0 nel settore alimentare<\/h2>\n<p>[\/et_pb_text][et_pb_toggle title=&#8221;1. Perch\u00e9 un CCF \u00e8 importante per le aziende alimentari?&#8221; open_toggle_text_color=&#8221;#428ca6&#8243; open_toggle_background_color=&#8221;#FFFFFF&#8221; closed_toggle_background_color=&#8221;#FFFFFF&#8221; icon_color=&#8221;#79a9b6&#8243; use_icon_font_size=&#8221;on&#8221; icon_font_size=&#8221;33px&#8221; open_icon_color=&#8221;#79a9b6&#8243; open_use_icon_font_size=&#8221;on&#8221; open_icon_font_size=&#8221;33px&#8221; _builder_version=&#8221;4.27.4&#8243; _module_preset=&#8221;default&#8221; title_text_color=&#8221;#79a9b6&#8243; title_level=&#8221;h4&#8243; title_font=&#8221;|||||on|||&#8221; title_font_size=&#8221;22px&#8221; title_line_height=&#8221;1.4em&#8221; body_line_height=&#8221;1.6em&#8221; custom_margin=&#8221;||-2px|||&#8221; custom_padding=&#8221;|20px||||&#8221; animation_style=&#8221;fade&#8221; animation_duration=&#8221;650ms&#8221; hover_enabled=&#8221;0&#8243; border_width_all=&#8221;0px&#8221; border_color_all=&#8221;RGBA(0,0,0,0)&#8221; global_colors_info=&#8221;{}&#8221; theme_builder_area=&#8221;post_content&#8221; sticky_enabled=&#8221;0&#8243;]<\/p>\n<p>Per le aziende del settore alimentare il CCF \u00e8 importante perch\u00e9 gran parte delle emissioni nasce nelle fasi a monte, come agricoltura, materie prime, semilavorati e trasporti. Un CCF strutturato secondo standard riconosciuti (ad es. Greenhouse Gas Protocol) crea trasparenza, costituisce la base per strategie di decarbonizzazione e supporta la rendicontazione (ad es. CSRD, tassonomia UE).<\/p>\n<p>[\/et_pb_toggle][et_pb_toggle title=&#8221;2. Che ruolo svolge la Science Based Targets initiative (SBTi) per le aziende del settore alimentare?&#8221; open_toggle_text_color=&#8221;#428ca6&#8243; open_toggle_background_color=&#8221;#FFFFFF&#8221; closed_toggle_background_color=&#8221;#FFFFFF&#8221; icon_color=&#8221;#79a9b6&#8243; use_icon_font_size=&#8221;on&#8221; icon_font_size=&#8221;33px&#8221; open_icon_color=&#8221;#79a9b6&#8243; open_use_icon_font_size=&#8221;on&#8221; open_icon_font_size=&#8221;33px&#8221; module_id=&#8221;sbti&#8221; _builder_version=&#8221;4.27.4&#8243; _module_preset=&#8221;default&#8221; title_text_color=&#8221;#79a9b6&#8243; title_level=&#8221;h4&#8243; title_font=&#8221;|||||on|||&#8221; title_font_size=&#8221;22px&#8221; title_line_height=&#8221;1.4em&#8221; body_line_height=&#8221;1.6em&#8221; custom_margin=&#8221;||-2px|||&#8221; custom_padding=&#8221;|20px||||&#8221; animation_style=&#8221;fade&#8221; animation_duration=&#8221;650ms&#8221; hover_enabled=&#8221;0&#8243; border_width_all=&#8221;0px&#8221; border_color_all=&#8221;RGBA(0,0,0,0)&#8221; global_colors_info=&#8221;{}&#8221; theme_builder_area=&#8221;post_content&#8221; sticky_enabled=&#8221;0&#8243;]<\/p>\n<p>La Science Based Targets initiative (SBTi) offre un quadro per definire obiettivi climatici in linea con le conoscenze scientifiche e con l\u2019obiettivo di 1,5 gradi. Per le aziende del settore alimentare la SBTi \u00e8 sempre pi\u00f9 rilevante perch\u00e9 partner commerciali, investitori e grandi clienti richiedono con crescente frequenza obiettivi basati sulla scienza. La SBTi aiuta a definire percorsi di riduzione ambiziosi ma realistici e a supportare in modo credibile la strategia climatica dell\u2019azienda nei confronti del mercato. Maggiori informazioni: Science Based Targets nel commercio alimentare.<\/p>\n<p>[\/et_pb_toggle][et_pb_toggle title=&#8221;3. Cosa significa VSME e in che modo lo standard supporta le piccole e medie imprese?&#8221; open_toggle_text_color=&#8221;#428ca6&#8243; open_toggle_background_color=&#8221;#FFFFFF&#8221; closed_toggle_background_color=&#8221;#FFFFFF&#8221; icon_color=&#8221;#79a9b6&#8243; use_icon_font_size=&#8221;on&#8221; icon_font_size=&#8221;33px&#8221; open_icon_color=&#8221;#79a9b6&#8243; open_use_icon_font_size=&#8221;on&#8221; open_icon_font_size=&#8221;33px&#8221; _builder_version=&#8221;4.27.4&#8243; _module_preset=&#8221;default&#8221; title_text_color=&#8221;#79a9b6&#8243; title_level=&#8221;h4&#8243; title_font=&#8221;|||||on|||&#8221; title_font_size=&#8221;22px&#8221; title_line_height=&#8221;1.4em&#8221; body_line_height=&#8221;1.6em&#8221; custom_margin=&#8221;||-2px|||&#8221; custom_padding=&#8221;|20px||||&#8221; animation_style=&#8221;fade&#8221; animation_duration=&#8221;650ms&#8221; hover_enabled=&#8221;0&#8243; border_width_all=&#8221;0px&#8221; border_color_all=&#8221;RGBA(0,0,0,0)&#8221; global_colors_info=&#8221;{}&#8221; theme_builder_area=&#8221;post_content&#8221; sticky_enabled=&#8221;0&#8243;]<\/p>\n<p>VSME significa \u201cVoluntary Standard for SMEs\u201d ed \u00e8 un quadro volontario di rendicontazione specificamente orientato alle piccole e medie imprese. Aiuta le PMI a presentare in modo strutturato i propri temi ambientali, sociali e di governance (ESG) senza dover adottare la complessit\u00e0 dei grandi standard completi. Con il VSME le aziende possono rendere visibili le proprie prestazioni in ambito di sostenibilit\u00e0, creare trasparenza per gli stakeholder e prepararsi alle future richieste \u2013 con un approccio pragmatico e attento alle risorse.<\/p>\n<p>[\/et_pb_toggle][et_pb_toggle title=&#8221;4. Che cos\u2019\u00e8 il BIOFACH?&#8221; open_toggle_text_color=&#8221;#428ca6&#8243; open_toggle_background_color=&#8221;#FFFFFF&#8221; closed_toggle_background_color=&#8221;#FFFFFF&#8221; icon_color=&#8221;#79a9b6&#8243; use_icon_font_size=&#8221;on&#8221; icon_font_size=&#8221;33px&#8221; open_icon_color=&#8221;#79a9b6&#8243; open_use_icon_font_size=&#8221;on&#8221; open_icon_font_size=&#8221;33px&#8221; _builder_version=&#8221;4.27.4&#8243; _module_preset=&#8221;default&#8221; title_text_color=&#8221;#79a9b6&#8243; title_level=&#8221;h4&#8243; title_font=&#8221;|||||on|||&#8221; title_font_size=&#8221;22px&#8221; title_line_height=&#8221;1.4em&#8221; body_line_height=&#8221;1.6em&#8221; custom_margin=&#8221;||-2px|||&#8221; custom_padding=&#8221;|20px||||&#8221; animation_style=&#8221;fade&#8221; animation_duration=&#8221;650ms&#8221; hover_enabled=&#8221;0&#8243; border_width_all=&#8221;0px&#8221; border_color_all=&#8221;RGBA(0,0,0,0)&#8221; global_colors_info=&#8221;{}&#8221; theme_builder_area=&#8221;post_content&#8221; sticky_enabled=&#8221;0&#8243;]<\/p>\n<p>Il BIOFACH collega prodotti, mercato, trasferimento di conoscenze e scambio strategico in una modalit\u00e0 unica per intensit\u00e0. Il biologico qui non \u00e8 solo presentato, ma reso tangibile con tutti i sensi, come mercato delle opportunit\u00e0, luogo di innovazione e piattaforma per il futuro del settore.<\/p>\n<p>[\/et_pb_toggle][et_pb_toggle title=&#8221;5. Cosa rende il BIOFACH cos\u00ec significativo per le aziende alimentari?&#8221; open_toggle_text_color=&#8221;#428ca6&#8243; open_toggle_background_color=&#8221;#FFFFFF&#8221; closed_toggle_background_color=&#8221;#FFFFFF&#8221; icon_color=&#8221;#79a9b6&#8243; use_icon_font_size=&#8221;on&#8221; icon_font_size=&#8221;33px&#8221; open_icon_color=&#8221;#79a9b6&#8243; open_use_icon_font_size=&#8221;on&#8221; open_icon_font_size=&#8221;33px&#8221; module_id=&#8221;faq5&#8243; _builder_version=&#8221;4.27.4&#8243; _module_preset=&#8221;default&#8221; title_text_color=&#8221;#79a9b6&#8243; title_level=&#8221;h4&#8243; title_font=&#8221;|||||on|||&#8221; title_font_size=&#8221;22px&#8221; title_line_height=&#8221;1.4em&#8221; body_line_height=&#8221;1.6em&#8221; custom_margin=&#8221;||-2px|||&#8221; custom_padding=&#8221;|20px||||&#8221; animation_style=&#8221;fade&#8221; animation_duration=&#8221;650ms&#8221; hover_enabled=&#8221;0&#8243; border_width_all=&#8221;0px&#8221; border_color_all=&#8221;RGBA(0,0,0,0)&#8221; global_colors_info=&#8221;{}&#8221; theme_builder_area=&#8221;post_content&#8221; sticky_enabled=&#8221;0&#8243;]<\/p>\n<p>Il BIOFACH di Norimberga \u00e8 la principale fiera mondiale per gli alimenti biologici e funge da punto d\u2019incontro centrale per produttori, commercio, associazioni e fornitori di servizi. \u00c8 pi\u00f9 di una fiera di prodotti: al BIOFACH vengono discussi in profondit\u00e0 tendenze di mercato, sviluppi normativi, requisiti di qualit\u00e0 dei dati e temi come CCF, decarbonizzazione e SBTi. Per le aziende del settore alimentare la fiera \u00e8 quindi un luogo importante per creare reti, conoscere best practice e orientare strategicamente il proprio percorso verso la sostenibilit\u00e0.<\/p>\n<p>[\/et_pb_toggle][et_pb_toggle title=&#8221;6. In che modo il Terra Institute supporta le aziende nel Corporate Carbon Footprint (CCF)?&#8221; open_toggle_text_color=&#8221;#428ca6&#8243; open_toggle_background_color=&#8221;#FFFFFF&#8221; closed_toggle_background_color=&#8221;#FFFFFF&#8221; icon_color=&#8221;#79a9b6&#8243; use_icon_font_size=&#8221;on&#8221; icon_font_size=&#8221;33px&#8221; open_icon_color=&#8221;#79a9b6&#8243; open_use_icon_font_size=&#8221;on&#8221; open_icon_font_size=&#8221;33px&#8221; _builder_version=&#8221;4.27.4&#8243; _module_preset=&#8221;default&#8221; title_text_color=&#8221;#79a9b6&#8243; title_level=&#8221;h4&#8243; title_font=&#8221;|||||on|||&#8221; title_font_size=&#8221;22px&#8221; title_line_height=&#8221;1.4em&#8221; body_line_height=&#8221;1.6em&#8221; custom_margin=&#8221;||-2px|||&#8221; custom_padding=&#8221;|20px||||&#8221; animation_style=&#8221;fade&#8221; animation_duration=&#8221;650ms&#8221; hover_enabled=&#8221;0&#8243; border_width_all=&#8221;0px&#8221; border_color_all=&#8221;RGBA(0,0,0,0)&#8221; global_colors_info=&#8221;{}&#8221; theme_builder_area=&#8221;post_content&#8221; sticky_enabled=&#8221;0&#8243;]<\/p>\n<p>Il Terra Institute accompagna le aziende passo dopo passo nella creazione e nell\u2019utilizzo del proprio Corporate Carbon Footprint. Ci\u00f2 comprende, tra l\u2019altro, la raccolta dei dati, il calcolo delle emissioni negli Scope 1 e 2, un\u2019analisi di materialit\u00e0 opzionale per lo Scope 3, la preparazione dei dati per i report di sostenibilit\u00e0 (ad es. CSRD, GRI, tassonomia UE) e l\u2019analisi dei potenziali di riduzione. Su questa base, il Terra Institute sviluppa insieme alle aziende obiettivi climatici e strategie di decarbonizzazione.<\/p>\n<p>[\/et_pb_toggle][et_pb_toggle title=&#8221;7. Come pu\u00f2 essere utilizzato l\u2019approccio VSME?&#8221; open_toggle_text_color=&#8221;#428ca6&#8243; open_toggle_background_color=&#8221;#FFFFFF&#8221; closed_toggle_background_color=&#8221;#FFFFFF&#8221; icon_color=&#8221;#79a9b6&#8243; use_icon_font_size=&#8221;on&#8221; icon_font_size=&#8221;33px&#8221; open_icon_color=&#8221;#79a9b6&#8243; open_use_icon_font_size=&#8221;on&#8221; open_icon_font_size=&#8221;33px&#8221; module_id=&#8221;vsme&#8221; _builder_version=&#8221;4.27.4&#8243; _module_preset=&#8221;default&#8221; title_text_color=&#8221;#79a9b6&#8243; title_level=&#8221;h4&#8243; title_font=&#8221;|||||on|||&#8221; title_font_size=&#8221;22px&#8221; title_line_height=&#8221;1.4em&#8221; body_line_height=&#8221;1.6em&#8221; custom_margin=&#8221;||-2px|||&#8221; custom_padding=&#8221;|20px||||&#8221; animation_style=&#8221;fade&#8221; animation_duration=&#8221;650ms&#8221; hover_enabled=&#8221;0&#8243; border_width_all=&#8221;0px&#8221; border_color_all=&#8221;RGBA(0,0,0,0)&#8221; global_colors_info=&#8221;{}&#8221; theme_builder_area=&#8221;post_content&#8221; sticky_enabled=&#8221;0&#8243;]<\/p>\n<p>Il Terra Institute utilizza il quadro VSME per offrire in particolare alle piccole e medie imprese una base strutturata ma pragmatica per la loro rendicontazione di sostenibilit\u00e0. Con il VSME \u00e8 possibile identificare, dare priorit\u00e0 e presentare in un formato di report chiaro i temi ESG rilevanti. Ci\u00f2 facilita la gestione interna, crea trasparenza nei confronti degli stakeholder e aiuta a rendere visibili sul mercato \u2013 ad esempio nel contesto del BIOFACH \u2013 le prestazioni dell\u2019azienda in materia di sostenibilit\u00e0.<\/p>\n<p>[\/et_pb_toggle][et_pb_toggle title=&#8221;8. Quali servizi offre il Terra Institute come consulenza sulla sostenibilit\u00e0?&#8221; open_toggle_text_color=&#8221;#428ca6&#8243; open_toggle_background_color=&#8221;#FFFFFF&#8221; closed_toggle_background_color=&#8221;#FFFFFF&#8221; icon_color=&#8221;#79a9b6&#8243; use_icon_font_size=&#8221;on&#8221; icon_font_size=&#8221;33px&#8221; open_icon_color=&#8221;#79a9b6&#8243; open_use_icon_font_size=&#8221;on&#8221; open_icon_font_size=&#8221;33px&#8221; module_id=&#8221;faq7&#8243; _builder_version=&#8221;4.27.4&#8243; _module_preset=&#8221;default&#8221; title_text_color=&#8221;#79a9b6&#8243; title_level=&#8221;h4&#8243; title_font=&#8221;|||||on|||&#8221; title_font_size=&#8221;22px&#8221; title_line_height=&#8221;1.4em&#8221; body_line_height=&#8221;1.6em&#8221; custom_margin=&#8221;||-2px|||&#8221; custom_padding=&#8221;|20px||||&#8221; animation_style=&#8221;fade&#8221; animation_duration=&#8221;650ms&#8221; hover_enabled=&#8221;0&#8243; border_width_all=&#8221;0px&#8221; border_color_all=&#8221;RGBA(0,0,0,0)&#8221; global_colors_info=&#8221;{}&#8221; theme_builder_area=&#8221;post_content&#8221; sticky_enabled=&#8221;0&#8243;]<\/p>\n<p>Il Terra Institute \u00e8 una societ\u00e0 di consulenza specializzata in sostenibilit\u00e0 e trasformazione. La sua offerta di servizi comprende, tra l\u2019altro, strategie di sostenibilit\u00e0, valutazione della sostenibilit\u00e0, rendicontazione di sostenibilit\u00e0, gestione del clima e della CO\u2082 (incluso CCF), decarbonizzazione, economia circolare, formazione ESG, gestione della catena di fornitura e della biodiversit\u00e0 nonch\u00e9 consulenza sulla comunicazione della sostenibilit\u00e0. L\u2019obiettivo \u00e8 accompagnare le aziende nella loro trasformazione sostenibile e digitale con un approccio pratico e basato sui dati.<\/p>\n<p>[\/et_pb_toggle][\/et_pb_column][\/et_pb_row][\/et_pb_section]<\/p>\n","protected":false},"excerpt":{"rendered":"<p>Dal 1990 il BIOFACH di Norimberga \u00e8 considerato la principale fiera mondiale per gli alimenti biologici ed \u00e8 quindi molto pi\u00f9 di una classica fiera. \u00c8 il punto d\u2019incontro internazionale per produttori, trasformatori, commercio, associazioni e fornitori di servizi lungo l\u2019intera catena del valore. Proprio questa combinazione la rende cos\u00ec speciale. In questo articolo riportiamo [&hellip;]<\/p>\n","protected":false},"author":5,"featured_media":255258,"comment_status":"open","ping_status":"open","sticky":false,"template":"","format":"standard","meta":{"_et_pb_use_builder":"on","_et_pb_old_content":"","_et_gb_content_width":"","footnotes":""},"categories":[34],"tags":[48,46,50],"class_list":["post-255257","post","type-post","status-publish","format-standard","has-post-thumbnail","hentry","category-blog","tag-catena-di-fornitura","tag-strategia-climatica","tag-strategia-di-sostenibilita"],"yoast_head":"<!-- This site is optimized with the Yoast SEO plugin v26.9 - https:\/\/yoast.com\/product\/yoast-seo-wordpress\/ -->\n<title>Sostenibilit\u00e0 nel settore alimentare - Terra Institute<\/title>\n<meta name=\"description\" content=\"Sostenibilit\u00e0 nel settore alimentare: come CCF, SBTi e VSME, insieme al Terra Institute, rendono le aziende pronte per decarbonizzazione e reporting.\" \/>\n<meta name=\"robots\" content=\"index, follow, max-snippet:-1, max-image-preview:large, max-video-preview:-1\" \/>\n<link rel=\"canonical\" href=\"https:\/\/terra-institute.eu\/it\/sostenibilita-nel-settore-alimentare-biofac\/\" \/>\n<meta property=\"og:locale\" content=\"it_IT\" \/>\n<meta property=\"og:type\" content=\"article\" \/>\n<meta property=\"og:title\" content=\"Sostenibilit\u00e0 nel settore alimentare - Terra Institute\" \/>\n<meta property=\"og:description\" content=\"Sostenibilit\u00e0 nel settore alimentare: come CCF, SBTi e VSME, insieme al Terra Institute, rendono le aziende pronte per decarbonizzazione e reporting.\" \/>\n<meta property=\"og:url\" content=\"https:\/\/terra-institute.eu\/it\/sostenibilita-nel-settore-alimentare-biofac\/\" \/>\n<meta property=\"og:site_name\" content=\"Terra Institute\" \/>\n<meta property=\"article:publisher\" content=\"https:\/\/www.facebook.com\/TerraInstitute\" \/>\n<meta property=\"article:published_time\" content=\"2026-02-24T13:04:32+00:00\" \/>\n<meta property=\"article:modified_time\" content=\"2026-02-24T13:15:34+00:00\" \/>\n<meta property=\"og:image\" content=\"https:\/\/terra-institute.eu\/it\/wp-content\/uploads\/2026\/02\/sostenibilita-nel-settore-alimentare_heather-barnes-scaled.jpg\" \/>\n\t<meta property=\"og:image:width\" content=\"2560\" \/>\n\t<meta property=\"og:image:height\" content=\"1707\" \/>\n\t<meta property=\"og:image:type\" content=\"image\/jpeg\" \/>\n<meta name=\"author\" content=\"STauber\" \/>\n<meta name=\"twitter:card\" content=\"summary_large_image\" \/>\n<meta name=\"twitter:creator\" content=\"@STauber\" \/>\n<meta name=\"twitter:site\" content=\"@terra_institute\" \/>\n<meta name=\"twitter:label1\" content=\"Scritto da\" \/>\n\t<meta name=\"twitter:data1\" content=\"STauber\" \/>\n\t<meta name=\"twitter:label2\" content=\"Tempo di lettura stimato\" \/>\n\t<meta name=\"twitter:data2\" content=\"1 minuto\" \/>\n<script type=\"application\/ld+json\" class=\"yoast-schema-graph\">{\"@context\":\"https:\/\/schema.org\",\"@graph\":[{\"@type\":\"Article\",\"@id\":\"https:\/\/terra-institute.eu\/it\/sostenibilita-nel-settore-alimentare-biofac\/#article\",\"isPartOf\":{\"@id\":\"https:\/\/terra-institute.eu\/it\/sostenibilita-nel-settore-alimentare-biofac\/\"},\"author\":{\"name\":\"STauber\",\"@id\":\"https:\/\/terra-institute.eu\/it\/#\/schema\/person\/94b4e9b0ba2c9136492a67cfc3e95edd\"},\"headline\":\"BIOFACH 2026: La sostenibilit\u00e0 come compito di gestione nel settore alimentare\",\"datePublished\":\"2026-02-24T13:04:32+00:00\",\"dateModified\":\"2026-02-24T13:15:34+00:00\",\"mainEntityOfPage\":{\"@id\":\"https:\/\/terra-institute.eu\/it\/sostenibilita-nel-settore-alimentare-biofac\/\"},\"wordCount\":4457,\"commentCount\":0,\"image\":{\"@id\":\"https:\/\/terra-institute.eu\/it\/sostenibilita-nel-settore-alimentare-biofac\/#primaryimage\"},\"thumbnailUrl\":\"https:\/\/terra-institute.eu\/it\/wp-content\/uploads\/2026\/02\/sostenibilita-nel-settore-alimentare_heather-barnes-scaled.jpg\",\"keywords\":[\"CATENA DI FORNITURA\",\"STRATEGIA CLIMATICA\",\"STRATEGIA DI SOSTENIBILIT\u00e0\"],\"articleSection\":[\"blog\"],\"inLanguage\":\"it-IT\",\"potentialAction\":[{\"@type\":\"CommentAction\",\"name\":\"Comment\",\"target\":[\"https:\/\/terra-institute.eu\/it\/sostenibilita-nel-settore-alimentare-biofac\/#respond\"]}]},{\"@type\":\"WebPage\",\"@id\":\"https:\/\/terra-institute.eu\/it\/sostenibilita-nel-settore-alimentare-biofac\/\",\"url\":\"https:\/\/terra-institute.eu\/it\/sostenibilita-nel-settore-alimentare-biofac\/\",\"name\":\"Sostenibilit\u00e0 nel settore alimentare - Terra Institute\",\"isPartOf\":{\"@id\":\"https:\/\/terra-institute.eu\/it\/#website\"},\"primaryImageOfPage\":{\"@id\":\"https:\/\/terra-institute.eu\/it\/sostenibilita-nel-settore-alimentare-biofac\/#primaryimage\"},\"image\":{\"@id\":\"https:\/\/terra-institute.eu\/it\/sostenibilita-nel-settore-alimentare-biofac\/#primaryimage\"},\"thumbnailUrl\":\"https:\/\/terra-institute.eu\/it\/wp-content\/uploads\/2026\/02\/sostenibilita-nel-settore-alimentare_heather-barnes-scaled.jpg\",\"datePublished\":\"2026-02-24T13:04:32+00:00\",\"dateModified\":\"2026-02-24T13:15:34+00:00\",\"author\":{\"@id\":\"https:\/\/terra-institute.eu\/it\/#\/schema\/person\/94b4e9b0ba2c9136492a67cfc3e95edd\"},\"description\":\"Sostenibilit\u00e0 nel settore alimentare: come CCF, SBTi e VSME, insieme al Terra Institute, rendono le aziende pronte per decarbonizzazione e reporting.\",\"breadcrumb\":{\"@id\":\"https:\/\/terra-institute.eu\/it\/sostenibilita-nel-settore-alimentare-biofac\/#breadcrumb\"},\"inLanguage\":\"it-IT\",\"potentialAction\":[{\"@type\":\"ReadAction\",\"target\":[\"https:\/\/terra-institute.eu\/it\/sostenibilita-nel-settore-alimentare-biofac\/\"]}]},{\"@type\":\"ImageObject\",\"inLanguage\":\"it-IT\",\"@id\":\"https:\/\/terra-institute.eu\/it\/sostenibilita-nel-settore-alimentare-biofac\/#primaryimage\",\"url\":\"https:\/\/terra-institute.eu\/it\/wp-content\/uploads\/2026\/02\/sostenibilita-nel-settore-alimentare_heather-barnes-scaled.jpg\",\"contentUrl\":\"https:\/\/terra-institute.eu\/it\/wp-content\/uploads\/2026\/02\/sostenibilita-nel-settore-alimentare_heather-barnes-scaled.jpg\",\"width\":2560,\"height\":1707,\"caption\":\"sostenibilit\u00e0 nel settore alimentare\"},{\"@type\":\"BreadcrumbList\",\"@id\":\"https:\/\/terra-institute.eu\/it\/sostenibilita-nel-settore-alimentare-biofac\/#breadcrumb\",\"itemListElement\":[{\"@type\":\"ListItem\",\"position\":1,\"name\":\"Home\",\"item\":\"https:\/\/terra-institute.eu\/it\/\"},{\"@type\":\"ListItem\",\"position\":2,\"name\":\"BIOFACH 2026: La sostenibilit\u00e0 come compito di gestione nel settore alimentare\"}]},{\"@type\":\"WebSite\",\"@id\":\"https:\/\/terra-institute.eu\/it\/#website\",\"url\":\"https:\/\/terra-institute.eu\/it\/\",\"name\":\"Terra Institute\",\"description\":\"Empowering Responsible Growth\",\"potentialAction\":[{\"@type\":\"SearchAction\",\"target\":{\"@type\":\"EntryPoint\",\"urlTemplate\":\"https:\/\/terra-institute.eu\/it\/?s={search_term_string}\"},\"query-input\":{\"@type\":\"PropertyValueSpecification\",\"valueRequired\":true,\"valueName\":\"search_term_string\"}}],\"inLanguage\":\"it-IT\"},{\"@type\":\"Person\",\"@id\":\"https:\/\/terra-institute.eu\/it\/#\/schema\/person\/94b4e9b0ba2c9136492a67cfc3e95edd\",\"name\":\"STauber\",\"image\":{\"@type\":\"ImageObject\",\"inLanguage\":\"it-IT\",\"@id\":\"https:\/\/terra-institute.eu\/it\/#\/schema\/person\/image\/\",\"url\":\"https:\/\/secure.gravatar.com\/avatar\/7b58d476a8e3ca28ed666205e6c5ff556ab94a161aa48a4b4cf289781d6b1076?s=96&d=mm&r=g\",\"contentUrl\":\"https:\/\/secure.gravatar.com\/avatar\/7b58d476a8e3ca28ed666205e6c5ff556ab94a161aa48a4b4cf289781d6b1076?s=96&d=mm&r=g\",\"caption\":\"STauber\"},\"sameAs\":[\"https:\/\/x.com\/STauber\"],\"url\":\"https:\/\/terra-institute.eu\/it\/author\/stauber\/\"}]}<\/script>\n<!-- \/ Yoast SEO plugin. -->","yoast_head_json":{"title":"Sostenibilit\u00e0 nel settore alimentare - Terra Institute","description":"Sostenibilit\u00e0 nel settore alimentare: come CCF, SBTi e VSME, insieme al Terra Institute, rendono le aziende pronte per decarbonizzazione e reporting.","robots":{"index":"index","follow":"follow","max-snippet":"max-snippet:-1","max-image-preview":"max-image-preview:large","max-video-preview":"max-video-preview:-1"},"canonical":"https:\/\/terra-institute.eu\/it\/sostenibilita-nel-settore-alimentare-biofac\/","og_locale":"it_IT","og_type":"article","og_title":"Sostenibilit\u00e0 nel settore alimentare - Terra Institute","og_description":"Sostenibilit\u00e0 nel settore alimentare: come CCF, SBTi e VSME, insieme al Terra Institute, rendono le aziende pronte per decarbonizzazione e reporting.","og_url":"https:\/\/terra-institute.eu\/it\/sostenibilita-nel-settore-alimentare-biofac\/","og_site_name":"Terra Institute","article_publisher":"https:\/\/www.facebook.com\/TerraInstitute","article_published_time":"2026-02-24T13:04:32+00:00","article_modified_time":"2026-02-24T13:15:34+00:00","og_image":[{"width":2560,"height":1707,"url":"https:\/\/terra-institute.eu\/it\/wp-content\/uploads\/2026\/02\/sostenibilita-nel-settore-alimentare_heather-barnes-scaled.jpg","type":"image\/jpeg"}],"author":"STauber","twitter_card":"summary_large_image","twitter_creator":"@STauber","twitter_site":"@terra_institute","twitter_misc":{"Scritto da":"STauber","Tempo di lettura stimato":"1 minuto"},"schema":{"@context":"https:\/\/schema.org","@graph":[{"@type":"Article","@id":"https:\/\/terra-institute.eu\/it\/sostenibilita-nel-settore-alimentare-biofac\/#article","isPartOf":{"@id":"https:\/\/terra-institute.eu\/it\/sostenibilita-nel-settore-alimentare-biofac\/"},"author":{"name":"STauber","@id":"https:\/\/terra-institute.eu\/it\/#\/schema\/person\/94b4e9b0ba2c9136492a67cfc3e95edd"},"headline":"BIOFACH 2026: La sostenibilit\u00e0 come compito di gestione nel settore alimentare","datePublished":"2026-02-24T13:04:32+00:00","dateModified":"2026-02-24T13:15:34+00:00","mainEntityOfPage":{"@id":"https:\/\/terra-institute.eu\/it\/sostenibilita-nel-settore-alimentare-biofac\/"},"wordCount":4457,"commentCount":0,"image":{"@id":"https:\/\/terra-institute.eu\/it\/sostenibilita-nel-settore-alimentare-biofac\/#primaryimage"},"thumbnailUrl":"https:\/\/terra-institute.eu\/it\/wp-content\/uploads\/2026\/02\/sostenibilita-nel-settore-alimentare_heather-barnes-scaled.jpg","keywords":["CATENA DI FORNITURA","STRATEGIA CLIMATICA","STRATEGIA DI SOSTENIBILIT\u00e0"],"articleSection":["blog"],"inLanguage":"it-IT","potentialAction":[{"@type":"CommentAction","name":"Comment","target":["https:\/\/terra-institute.eu\/it\/sostenibilita-nel-settore-alimentare-biofac\/#respond"]}]},{"@type":"WebPage","@id":"https:\/\/terra-institute.eu\/it\/sostenibilita-nel-settore-alimentare-biofac\/","url":"https:\/\/terra-institute.eu\/it\/sostenibilita-nel-settore-alimentare-biofac\/","name":"Sostenibilit\u00e0 nel settore alimentare - Terra Institute","isPartOf":{"@id":"https:\/\/terra-institute.eu\/it\/#website"},"primaryImageOfPage":{"@id":"https:\/\/terra-institute.eu\/it\/sostenibilita-nel-settore-alimentare-biofac\/#primaryimage"},"image":{"@id":"https:\/\/terra-institute.eu\/it\/sostenibilita-nel-settore-alimentare-biofac\/#primaryimage"},"thumbnailUrl":"https:\/\/terra-institute.eu\/it\/wp-content\/uploads\/2026\/02\/sostenibilita-nel-settore-alimentare_heather-barnes-scaled.jpg","datePublished":"2026-02-24T13:04:32+00:00","dateModified":"2026-02-24T13:15:34+00:00","author":{"@id":"https:\/\/terra-institute.eu\/it\/#\/schema\/person\/94b4e9b0ba2c9136492a67cfc3e95edd"},"description":"Sostenibilit\u00e0 nel settore alimentare: come CCF, SBTi e VSME, insieme al Terra Institute, rendono le aziende pronte per decarbonizzazione e reporting.","breadcrumb":{"@id":"https:\/\/terra-institute.eu\/it\/sostenibilita-nel-settore-alimentare-biofac\/#breadcrumb"},"inLanguage":"it-IT","potentialAction":[{"@type":"ReadAction","target":["https:\/\/terra-institute.eu\/it\/sostenibilita-nel-settore-alimentare-biofac\/"]}]},{"@type":"ImageObject","inLanguage":"it-IT","@id":"https:\/\/terra-institute.eu\/it\/sostenibilita-nel-settore-alimentare-biofac\/#primaryimage","url":"https:\/\/terra-institute.eu\/it\/wp-content\/uploads\/2026\/02\/sostenibilita-nel-settore-alimentare_heather-barnes-scaled.jpg","contentUrl":"https:\/\/terra-institute.eu\/it\/wp-content\/uploads\/2026\/02\/sostenibilita-nel-settore-alimentare_heather-barnes-scaled.jpg","width":2560,"height":1707,"caption":"sostenibilit\u00e0 nel settore alimentare"},{"@type":"BreadcrumbList","@id":"https:\/\/terra-institute.eu\/it\/sostenibilita-nel-settore-alimentare-biofac\/#breadcrumb","itemListElement":[{"@type":"ListItem","position":1,"name":"Home","item":"https:\/\/terra-institute.eu\/it\/"},{"@type":"ListItem","position":2,"name":"BIOFACH 2026: La sostenibilit\u00e0 come compito di gestione nel settore alimentare"}]},{"@type":"WebSite","@id":"https:\/\/terra-institute.eu\/it\/#website","url":"https:\/\/terra-institute.eu\/it\/","name":"Terra Institute","description":"Empowering Responsible Growth","potentialAction":[{"@type":"SearchAction","target":{"@type":"EntryPoint","urlTemplate":"https:\/\/terra-institute.eu\/it\/?s={search_term_string}"},"query-input":{"@type":"PropertyValueSpecification","valueRequired":true,"valueName":"search_term_string"}}],"inLanguage":"it-IT"},{"@type":"Person","@id":"https:\/\/terra-institute.eu\/it\/#\/schema\/person\/94b4e9b0ba2c9136492a67cfc3e95edd","name":"STauber","image":{"@type":"ImageObject","inLanguage":"it-IT","@id":"https:\/\/terra-institute.eu\/it\/#\/schema\/person\/image\/","url":"https:\/\/secure.gravatar.com\/avatar\/7b58d476a8e3ca28ed666205e6c5ff556ab94a161aa48a4b4cf289781d6b1076?s=96&d=mm&r=g","contentUrl":"https:\/\/secure.gravatar.com\/avatar\/7b58d476a8e3ca28ed666205e6c5ff556ab94a161aa48a4b4cf289781d6b1076?s=96&d=mm&r=g","caption":"STauber"},"sameAs":["https:\/\/x.com\/STauber"],"url":"https:\/\/terra-institute.eu\/it\/author\/stauber\/"}]}},"_links":{"self":[{"href":"https:\/\/terra-institute.eu\/it\/wp-json\/wp\/v2\/posts\/255257","targetHints":{"allow":["GET"]}}],"collection":[{"href":"https:\/\/terra-institute.eu\/it\/wp-json\/wp\/v2\/posts"}],"about":[{"href":"https:\/\/terra-institute.eu\/it\/wp-json\/wp\/v2\/types\/post"}],"author":[{"embeddable":true,"href":"https:\/\/terra-institute.eu\/it\/wp-json\/wp\/v2\/users\/5"}],"replies":[{"embeddable":true,"href":"https:\/\/terra-institute.eu\/it\/wp-json\/wp\/v2\/comments?post=255257"}],"version-history":[{"count":6,"href":"https:\/\/terra-institute.eu\/it\/wp-json\/wp\/v2\/posts\/255257\/revisions"}],"predecessor-version":[{"id":255268,"href":"https:\/\/terra-institute.eu\/it\/wp-json\/wp\/v2\/posts\/255257\/revisions\/255268"}],"wp:featuredmedia":[{"embeddable":true,"href":"https:\/\/terra-institute.eu\/it\/wp-json\/wp\/v2\/media\/255258"}],"wp:attachment":[{"href":"https:\/\/terra-institute.eu\/it\/wp-json\/wp\/v2\/media?parent=255257"}],"wp:term":[{"taxonomy":"category","embeddable":true,"href":"https:\/\/terra-institute.eu\/it\/wp-json\/wp\/v2\/categories?post=255257"},{"taxonomy":"post_tag","embeddable":true,"href":"https:\/\/terra-institute.eu\/it\/wp-json\/wp\/v2\/tags?post=255257"}],"curies":[{"name":"wp","href":"https:\/\/api.w.org\/{rel}","templated":true}]}}