{"id":255226,"date":"2026-01-14T07:00:00","date_gmt":"2026-01-14T06:00:00","guid":{"rendered":"https:\/\/terra-institute.eu\/it\/?p=255226"},"modified":"2025-12-17T16:17:29","modified_gmt":"2025-12-17T15:17:29","slug":"integrare-la-sostenibilita-nella-strategia","status":"publish","type":"post","link":"https:\/\/terra-institute.eu\/it\/integrare-la-sostenibilita-nella-strategia\/","title":{"rendered":"Integrare la sostenibilit\u00e0 nella strategia"},"content":{"rendered":"\n[et_pb_section fb_built=&#8221;1&#8243; _builder_version=&#8221;4.24.2&#8243; _module_preset=&#8221;default&#8221; custom_padding=&#8221;9px|||||&#8221; global_colors_info=&#8221;{}&#8221; theme_builder_area=&#8221;et_body_layout&#8221;][et_pb_row _builder_version=&#8221;4.24.2&#8243; _module_preset=&#8221;default&#8221; custom_margin=&#8221;22px|auto||auto||&#8221; custom_padding=&#8221;1px||15px|||&#8221; global_colors_info=&#8221;{}&#8221; theme_builder_area=&#8221;et_body_layout&#8221;][et_pb_column type=&#8221;4_4&#8243; _builder_version=&#8221;4.24.2&#8243; _module_preset=&#8221;default&#8221; global_colors_info=&#8221;{}&#8221; theme_builder_area=&#8221;et_body_layout&#8221;][et_pb_text _builder_version=&#8221;4.27.4&#8243; _module_preset=&#8221;default&#8221; custom_margin=&#8221;||1px|||&#8221; custom_padding=&#8221;18px|||||&#8221; hover_enabled=&#8221;0&#8243; global_colors_info=&#8221;{}&#8221; theme_builder_area=&#8221;et_body_layout&#8221; sticky_enabled=&#8221;0&#8243;]<h2 dir=\"auto\">Come le imprese di medie dimensioni prendono decisioni migliori, stabilizzano i costi e mettono al sicuro il proprio futuro<\/h2>\n<p dir=\"auto\">Le imprese di medie dimensioni sono abituate a ottenere molto con risorse limitate. Proprio per questo la sostenibilit\u00e0 si presta particolarmente bene al Mittelstand \u2013 <strong>se viene compresa correttamente<\/strong>.<br \/>Non come obbligo, non come compito aggiuntivo, ma come <strong>strumento di gestione aziendale<\/strong>. Oggi energia, uso dei materiali, catene di fornitura e rischi sociali incidono in modo determinante su costi, investimenti, finanziamenti e crescita.<\/p>\n<p dir=\"auto\">Le aziende che integrano in modo sistematico questi fattori nella propria strategia aziendale si assicurano un vantaggio competitivo. Non attraverso pi\u00f9 lavoro, ma grazie a <strong>decisioni migliori<\/strong>.<\/p>\n<div class=\"my-2\"><\/div>\n<h3 dir=\"auto\">1. Cosa significa integrare la sostenibilit\u00e0 nella strategia aziendale<\/h3>\n<p dir=\"auto\">Integrare strategicamente la sostenibilit\u00e0 significa, per le imprese di medie dimensioni, soprattutto una cosa: tenerne conto <strong>laddove si crea valore e si prendono decisioni<\/strong>.<\/p>\n<p dir=\"auto\">Non tramite misure isolate.<br \/>Non in report separati.<\/p>\n<p dir=\"auto\">Bens\u00ec come parte di:<\/p>\n<ul dir=\"auto\">\n<li class=\"text-start \">prodotti e servizi<\/li>\n<li class=\"text-start \">processi e utilizzo delle risorse<\/li>\n<li class=\"text-start \">acquisti e relazioni con i fornitori<\/li>\n<li class=\"text-start \">decisioni di investimento e di budget<\/li>\n<li class=\"text-start \">leadership, cultura e organizzazione<\/li>\n<\/ul>\n<p dir=\"auto\">L\u2019obiettivo non \u00e8 avviare ulteriori progetti, ma rendere le decisioni esistenti <strong>pi\u00f9 robuste e orientate al futuro<\/strong>. Consumi energetici, uso dei materiali, emissioni e rischi sociali diventano parametri gestionali \u2013 paragonabili a costi, qualit\u00e0 e tempi di consegna.<\/p>\n<p dir=\"auto\"><strong>In questo modo la sostenibilit\u00e0 diventa parte integrante di una buona governance aziendale.<\/strong><\/p>\n<div class=\"my-2\"><\/div>\n<h3 dir=\"auto\">2. Perch\u00e9 proprio il Mittelstand ne trae vantaggio<\/h3>\n<p dir=\"auto\">Il Mittelstand dispone di iter decisionali brevi e di una forte vicinanza ai processi di creazione del valore. In questo risiede un vantaggio decisivo.<\/p>\n<p dir=\"auto\">Le aziende che integrano sistematicamente la sostenibilit\u00e0 ottengono effetti economici concreti:<\/p>\n<ul dir=\"auto\">\n<li class=\"text-start \"><strong>Costi pi\u00f9 bassi<\/strong> grazie a un utilizzo pi\u00f9 efficiente di energia e materiali<\/li>\n<li class=\"text-start \"><strong>Migliore accesso ai finanziamenti<\/strong>, poich\u00e9 le banche richiedono informazioni affidabili<\/li>\n<li class=\"text-start \"><strong>Relazioni pi\u00f9 stabili con i clienti<\/strong>, in particolare con grandi aziende e committenti pubblici<\/li>\n<li class=\"text-start \"><strong>Rischi ridotti<\/strong> nelle catene di fornitura, nella conformit\u00e0 normativa e nell\u2019evoluzione dei costi<\/li>\n<li class=\"text-start \"><strong>Maggiore attrattivit\u00e0 come datore di lavoro<\/strong>, soprattutto per personale qualificato<\/li>\n<\/ul>\n<p dir=\"auto\">La sostenibilit\u00e0 consente di <strong>gestire in modo proattivo<\/strong>, invece di limitarsi a reagire alle richieste esterne.<\/p>\n<div class=\"my-2\"><\/div>\n<h3 dir=\"auto\">3. Le leve principali per creare valore economico<\/h3>\n<p dir=\"auto\">Nella pratica emergono tre ambiti in cui le imprese di medie dimensioni possono ottenere risultati particolarmente rapidi.<\/p>\n<h4 dir=\"auto\">Leva 1: Efficienza operativa e struttura dei costi<\/h4>\n<p dir=\"auto\">La leva pi\u00f9 importante si trova nell\u2019operativit\u00e0 quotidiana.<\/p>\n<p dir=\"auto\">Punti di partenza tipici sono:<\/p>\n<ul dir=\"auto\">\n<li class=\"text-start \">aumento dell\u2019efficienza energetica<\/li>\n<li class=\"text-start \">recupero del calore e autoproduzione di energia elettrica<\/li>\n<li class=\"text-start \">ammodernamento di macchinari e sistemi IT<\/li>\n<li class=\"text-start \">riduzione degli scarti, dei rifiuti e delle perdite di materiale<\/li>\n<\/ul>\n<p dir=\"auto\"><strong>Esempio pratico:<\/strong><br \/>Un\u2019azienda di lavorazione dei metalli investe in un sistema di recupero del calore e in un impianto fotovoltaico.<br \/>Il risultato sono costi di riscaldamento sensibilmente inferiori, entrate aggiuntive dall\u2019energia immessa in rete e una maggiore prevedibilit\u00e0 dei costi energetici.<\/p>\n<p dir=\"auto\">Qui la sostenibilit\u00e0 incide <strong>direttamente sulla redditivit\u00e0<\/strong> dell\u2019azienda.<\/p>\n<div class=\"my-2\"><\/div>\n<h4 dir=\"auto\">Leva 2: Prodotti, servizi e modelli di business<\/h4>\n<p dir=\"auto\">La sostenibilit\u00e0 dispiega tutto il suo potenziale quando viene pensata in stretta relazione con il prodotto.<\/p>\n<p dir=\"auto\">Possibili approcci:<\/p>\n<ul dir=\"auto\">\n<li class=\"text-start \">prolungamento della vita utile dei prodotti<\/li>\n<li class=\"text-start \">offerte di riparazione e servizi<\/li>\n<li class=\"text-start \">riutilizzo di materiali o prodotti<\/li>\n<li class=\"text-start \">sviluppo di linee di prodotto a basso impatto di risorse o a forte connotazione regionale<\/li>\n<\/ul>\n<p dir=\"auto\"><strong>Esempio pratico:<\/strong><br \/>Un\u2019azienda commerciale istituisce una piccola unit\u00e0 per il ricondizionamento dei resi.<br \/>Una parte significativa della merce pu\u00f2 essere rivenduta, i costi di smaltimento si riducono e, al contempo, si genera un margine di contribuzione aggiuntivo.<\/p>\n<p dir=\"auto\">In questo caso la sostenibilit\u00e0 diventa <strong>un motore di fatturato<\/strong>, non solo un fattore di riduzione dei costi.<\/p>\n<div class=\"my-2\"><\/div>\n<h4 dir=\"auto\">Leva 3: Trasparenza, dati e capacit\u00e0 di gestione<\/h4>\n<p dir=\"auto\">Molte aziende perdono tempo e denaro perch\u00e9 le informazioni rilevanti non sono disponibili in forma strutturata.<\/p>\n<p dir=\"auto\">Anche passi semplici producono effetti rilevanti:<\/p>\n<ul dir=\"auto\">\n<li class=\"text-start \">misurazione dei consumi di energia e risorse<\/li>\n<li class=\"text-start \">raccolta centralizzata degli indicatori pi\u00f9 importanti<\/li>\n<li class=\"text-start \">richieste strutturate ai fornitori<\/li>\n<li class=\"text-start \">brevi analisi periodiche invece di report voluminosi<\/li>\n<\/ul>\n<p dir=\"auto\"><strong>Esempio pratico:<\/strong><br \/>Un\u2019azienda di costruzione di macchinari misura il consumo energetico delle singole macchine.<br \/>La sola trasparenza porta a modifiche nei processi, con conseguenti risparmi misurabili \u2013 senza ulteriori investimenti.<\/p>\n<p dir=\"auto\">La trasparenza abilita la gestione.<br \/>La gestione genera valore economico.<\/p>\n<div class=\"my-2\"><\/div>\n<h3 dir=\"auto\">4. I rischi del non agire<\/h3>\n<p dir=\"auto\">Oggi, non agire non \u00e8 pi\u00f9 un\u2019opzione neutra.<\/p>\n<p dir=\"auto\">Le aziende che non integrano la sostenibilit\u00e0 rischiano:<\/p>\n<ul dir=\"auto\">\n<li class=\"text-start \">aumento dei costi di finanziamento<\/li>\n<li class=\"text-start \">perdita di fatturato a causa dell\u2019evoluzione delle esigenze dei clienti<\/li>\n<li class=\"text-start \">crescita costante dei costi energetici e delle materie prime<\/li>\n<li class=\"text-start \">difficolt\u00e0 nell\u2019attrarre e fidelizzare personale qualificato<\/li>\n<li class=\"text-start \">rischi organizzativi e legali dovuti a informazioni mancanti<\/li>\n<\/ul>\n<p dir=\"auto\">Pi\u00f9 a lungo le aziende attendono, maggiore diventa la pressione all\u2019adeguamento \u2013 e pi\u00f9 elevati i relativi costi.<\/p>\n<div class=\"my-2\"><\/div>\n<h3 dir=\"auto\">5. Un percorso pragmatico in tre fasi<\/h3>\n<h4 dir=\"auto\">Fase 1: Creare orientamento<\/h4>\n<p dir=\"auto\">L\u2019obiettivo \u00e8 ottenere rapidamente una visione d\u2019insieme e definire le priorit\u00e0.<\/p>\n<p dir=\"auto\">Questo comprende:<\/p>\n<ul dir=\"auto\">\n<li class=\"text-start \">definizione di pochi temi di sostenibilit\u00e0 realmente prioritari<\/li>\n<li class=\"text-start \">attribuzione chiara delle responsabilit\u00e0 all\u2019interno dell\u2019azienda<\/li>\n<li class=\"text-start \">rilevazione dei primi indicatori chiave<\/li>\n<li class=\"text-start \">brevi incontri periodici del management<\/li>\n<\/ul>\n<p dir=\"auto\">Il risultato \u00e8 maggiore chiarezza e i primi effetti economici tangibili.<\/p>\n<h4 dir=\"auto\">Fase 2: Costruire struttura e priorit\u00e0<\/h4>\n<p dir=\"auto\">Nella fase successiva la sostenibilit\u00e0 viene integrata in modo sistematico nei processi decisionali.<\/p>\n<p dir=\"auto\">Ci\u00f2 comprende:<\/p>\n<ul dir=\"auto\">\n<li class=\"text-start \">raggruppamento delle misure con una valutazione di impegno e benefici<\/li>\n<li class=\"text-start \">valutazione semplificata dei fornitori<\/li>\n<li class=\"text-start \">monitoraggio continuo di consumi energetici e materiali<\/li>\n<li class=\"text-start \">coinvolgimento dei collaboratori nei processi di miglioramento<\/li>\n<\/ul>\n<p dir=\"auto\">In questo modo la sostenibilit\u00e0 diventa <strong>gestibile e controllabile<\/strong>.<\/p>\n<div class=\"my-2\"><\/div>\n<h4 dir=\"auto\">Fase 3: Radicare la sostenibilit\u00e0 nella gestione aziendale<\/h4>\n<p dir=\"auto\">Nel lungo periodo, la sostenibilit\u00e0 diventa parte integrante della gestione strategica.<\/p>\n<p dir=\"auto\">Questo include:<\/p>\n<ul dir=\"auto\">\n<li class=\"text-start \">considerazione degli indicatori rilevanti nelle decisioni di investimento e di budget<\/li>\n<li class=\"text-start \">sviluppo continuo di prodotti e servizi<\/li>\n<li class=\"text-start \">qualificazione di dirigenti e team<\/li>\n<li class=\"text-start \">predisposizione strutturata delle informazioni per banche e clienti<\/li>\n<\/ul>\n<p dir=\"auto\">In tal modo la sostenibilit\u00e0 si trasforma in un <strong>vantaggio competitivo duraturo<\/strong>.<\/p>\n<div class=\"my-2\"><\/div>\n<h3 dir=\"auto\">Conclusione<\/h3>\n<p dir=\"auto\">Per le imprese di medie dimensioni la sostenibilit\u00e0 non significa (solo) pi\u00f9 burocrazia, ma:<\/p>\n<ul dir=\"auto\">\n<li class=\"text-start \">decisioni migliori<\/li>\n<li class=\"text-start \">costi pi\u00f9 stabili<\/li>\n<li class=\"text-start \">modelli di business pi\u00f9 robusti<\/li>\n<li class=\"text-start \">una posizione pi\u00f9 forte sul mercato e come datore di lavoro<\/li>\n<\/ul>\n<p dir=\"auto\">Chi integra la sostenibilit\u00e0 in modo tempestivo e pragmatico nella strategia aziendale crea margini di manovra economici \u2013 oggi e per il futuro.<\/p>[\/et_pb_text][et_pb_text _builder_version=&#8221;4.27.4&#8243; _module_preset=&#8221;default&#8221; custom_margin=&#8221;||1px|||&#8221; custom_padding=&#8221;17px|||||&#8221; hover_enabled=&#8221;0&#8243; global_colors_info=&#8221;{}&#8221; theme_builder_area=&#8221;et_body_layout&#8221; sticky_enabled=&#8221;0&#8243;]<h4 aria-level=\"2\">Articolo correlato<\/h4>\n<p><b>Articolo di base: <a href=\"https:\/\/terra-institute.eu\/it\/esg-come-fattore-di-successo\/\" target=\"_blank\" rel=\"noopener\">ESG come fattore di successo<\/a><\/b><\/p>[\/et_pb_text][et_pb_text disabled_on=&#8221;on|on|on&#8221; _builder_version=&#8221;4.27.0&#8243; _module_preset=&#8221;default&#8221; disabled=&#8221;on&#8221; global_colors_info=&#8221;{}&#8221; theme_builder_area=&#8221;et_body_layout&#8221;]<h3>Teilnehmeranzahl begrenzt!<\/h3>\n<p>Die Pl\u00e4tze sind auf maximal 20 Teilnehmer:innen begrenzt. Dies erm\u00f6glicht uns einen besseren Austausch und auch die M\u00f6glichkeit, auf alle Fragen einzugehen.<\/p>\n<h3>Verbindlichkeit<\/h3>\n<p>F\u00fcr eine bessere Planung ist die Anmeldung verbindlich. Sollte dennoch nach Anmeldung etwas dazwischenkommen und die Teilnahme nicht m\u00f6glich sein, bitten wir um eine schnellstm\u00f6gliche Absage unter <a href=\"mailto:%20a.unger@terra-institute.eu\">a.unger@terra-institute.eu<\/a>.<\/p>\n<h3>Kosten und Transport<\/h3>\n<p>Die Kosten f\u00fcr die zwei Hoff\u00fchrungen und Verk\u00f6stigung werden vom Projekt \u00fcbernommen. Die Fahrtkosten sowie die Organisation der Anfahrt, Abfahrt und Transport zwischen den H\u00f6fen sind von den Teilnehmer:innen selbst zu \u00fcbernehmen. Bei einem JA im Formular teilen wir die Kontaktdaten der Teilnehmer:innen, um Fahrgemeinschaften zu erm\u00f6glichen.<\/p>[\/et_pb_text][et_pb_text disabled_on=&#8221;on|on|on&#8221; module_id=&#8221;anmeldung&#8221; _builder_version=&#8221;4.24.2&#8243; _module_preset=&#8221;default&#8221; disabled=&#8221;on&#8221; global_colors_info=&#8221;{}&#8221; theme_builder_area=&#8221;et_body_layout&#8221;]<h3><\/h3>\n<h3>Webinar verpasst?<\/h3>\n<p>Dann schicken Sie uns doch gerne eine Nachricht mit Ihren Fragen an <a href=\"mailto:office@terra-institute.eu\">office@terra-institute.eu<\/a>.<\/p>\n<p>Bei gen\u00fcgend Interessent:innen werden wir das Webinar erneut veranstalten.<\/p>[\/et_pb_text][\/et_pb_column][\/et_pb_row][et_pb_row column_structure=&#8221;1_2,1_2&#8243; _builder_version=&#8221;4.24.2&#8243; _module_preset=&#8221;default&#8221; custom_margin=&#8221;22px|auto||auto||&#8221; custom_padding=&#8221;1px||15px|||&#8221; global_colors_info=&#8221;{}&#8221; theme_builder_area=&#8221;et_body_layout&#8221;][et_pb_column type=&#8221;1_2&#8243; _builder_version=&#8221;4.24.2&#8243; _module_preset=&#8221;default&#8221; global_colors_info=&#8221;{}&#8221; theme_builder_area=&#8221;et_body_layout&#8221;][et_pb_button button_url=&#8221;#anmeldung&#8221; button_text=&#8221;Zur Anmeldung&#8221; disabled_on=&#8221;on|on|on&#8221; _builder_version=&#8221;4.27.0&#8243; _module_preset=&#8221;default&#8221; disabled=&#8221;on&#8221; global_colors_info=&#8221;{}&#8221; theme_builder_area=&#8221;et_body_layout&#8221;][\/et_pb_button][et_pb_text _builder_version=&#8221;4.27.4&#8243; _module_preset=&#8221;default&#8221; custom_margin=&#8221;||-2px|||&#8221; hover_enabled=&#8221;0&#8243; global_colors_info=&#8221;{}&#8221; theme_builder_area=&#8221;et_body_layout&#8221; sticky_enabled=&#8221;0&#8243;]<h3>Autrice<\/h3>[\/et_pb_text][et_pb_image src=&#8221;https:\/\/terra-institute.eu\/it\/wp-content\/uploads\/2023\/08\/Evelyn-Oberleiter-300&#215;300-1.jpg&#8221; alt=&#8221;Evelyn Oberleiter&#8221; title_text=&#8221;Evelyn Oberleiter&#8221; _builder_version=&#8221;4.27.4&#8243; _module_preset=&#8221;default&#8221; global_colors_info=&#8221;{}&#8221; theme_builder_area=&#8221;et_body_layout&#8221;][\/et_pb_image][et_pb_text disabled_on=&#8221;on|on|on&#8221; _builder_version=&#8221;4.27.0&#8243; _module_preset=&#8221;default&#8221; disabled=&#8221;on&#8221; global_colors_info=&#8221;{}&#8221; theme_builder_area=&#8221;et_body_layout&#8221;]<h3>Teilnehmeranzahl begrenzt!<\/h3>\n<p>Die Pl\u00e4tze sind auf maximal 20 Teilnehmer:innen begrenzt. Dies erm\u00f6glicht uns einen besseren Austausch und auch die M\u00f6glichkeit, auf alle Fragen einzugehen.<\/p>\n<h3>Verbindlichkeit<\/h3>\n<p>F\u00fcr eine bessere Planung ist die Anmeldung verbindlich. Sollte dennoch nach Anmeldung etwas dazwischenkommen und die Teilnahme nicht m\u00f6glich sein, bitten wir um eine schnellstm\u00f6gliche Absage unter <a href=\"mailto:%20a.unger@terra-institute.eu\">a.unger@terra-institute.eu<\/a>.<\/p>\n<h3>Kosten und Transport<\/h3>\n<p>Die Kosten f\u00fcr die zwei Hoff\u00fchrungen und Verk\u00f6stigung werden vom Projekt \u00fcbernommen. Die Fahrtkosten sowie die Organisation der Anfahrt, Abfahrt und Transport zwischen den H\u00f6fen sind von den Teilnehmer:innen selbst zu \u00fcbernehmen. Bei einem JA im Formular teilen wir die Kontaktdaten der Teilnehmer:innen, um Fahrgemeinschaften zu erm\u00f6glichen.<\/p>[\/et_pb_text][et_pb_text disabled_on=&#8221;on|on|on&#8221; module_id=&#8221;anmeldung&#8221; _builder_version=&#8221;4.24.2&#8243; _module_preset=&#8221;default&#8221; disabled=&#8221;on&#8221; global_colors_info=&#8221;{}&#8221; theme_builder_area=&#8221;et_body_layout&#8221;]<h3><\/h3>\n<h3>Webinar verpasst?<\/h3>\n<p>Dann schicken Sie uns doch gerne eine Nachricht mit Ihren Fragen an <a href=\"mailto:office@terra-institute.eu\">office@terra-institute.eu<\/a>.<\/p>\n<p>Bei gen\u00fcgend Interessent:innen werden wir das Webinar erneut veranstalten.<\/p>[\/et_pb_text][\/et_pb_column][et_pb_column type=&#8221;1_2&#8243; _builder_version=&#8221;4.24.2&#8243; _module_preset=&#8221;default&#8221; global_colors_info=&#8221;{}&#8221; theme_builder_area=&#8221;et_body_layout&#8221;][et_pb_text _builder_version=&#8221;4.27.4&#8243; _module_preset=&#8221;default&#8221; custom_margin=&#8221;||1px|||&#8221; hover_enabled=&#8221;0&#8243; global_colors_info=&#8221;{}&#8221; theme_builder_area=&#8221;et_body_layout&#8221; sticky_enabled=&#8221;0&#8243;]<p data-ccp-props=\"{&quot;335551550&quot;:1,&quot;335551620&quot;:1,&quot;335559683&quot;:0,&quot;335559685&quot;:0,&quot;335559731&quot;:0,&quot;335559737&quot;:0,&quot;335562764&quot;:2,&quot;335562765&quot;:1,&quot;335562766&quot;:4,&quot;335562767&quot;:0,&quot;335562768&quot;:4,&quot;335562769&quot;:0}\"><strong>Evelyn Oberleiter<\/strong><\/p>\n<p data-ccp-props=\"{&quot;335551550&quot;:1,&quot;335551620&quot;:1,&quot;335559683&quot;:0,&quot;335559685&quot;:0,&quot;335559731&quot;:0,&quot;335559737&quot;:0,&quot;335562764&quot;:2,&quot;335562765&quot;:1,&quot;335562766&quot;:4,&quot;335562767&quot;:0,&quot;335562768&quot;:4,&quot;335562769&quot;:0}\">Co-fondatrice e CEO di Terra Institute. Da 20 anni affianca le aziende in profondi processi di cambiamento, con un focus sullo sviluppo organizzativo, sui processi di cultura aziendale e su approcci di leadership sostenibile. Evelyn dispone di un\u2019elevata competenza di processo e forte orientamento ai risultati, di una spiccata capacit\u00e0 di analisi e riflessione, di ottime capacit\u00e0 comunicative e di un marcato pensiero sistemico. Come coach personale affianca principalmente persone nel top management.<\/p>\n<p data-ccp-props=\"{&quot;335551550&quot;:1,&quot;335551620&quot;:1,&quot;335559683&quot;:0,&quot;335559685&quot;:0,&quot;335559731&quot;:0,&quot;335559737&quot;:0,&quot;335562764&quot;:2,&quot;335562765&quot;:1,&quot;335562766&quot;:4,&quot;335562767&quot;:0,&quot;335562768&quot;:4,&quot;335562769&quot;:0}\">Domande? Volentieri via e-mail (<a href=\"mailto:e.oberleiter@terra-institute.eu\" target=\"_blank\" rel=\"noopener\">e.oberleiter@terra-institute.eu<\/a>).<\/p>[\/et_pb_text][\/et_pb_column][\/et_pb_row][\/et_pb_section]\n","protected":false},"excerpt":{"rendered":"<p>Come le imprese di medie dimensioni prendono decisioni migliori, stabilizzano i costi e mettono al sicuro il proprio futuro Le imprese di medie dimensioni sono abituate a ottenere molto con risorse limitate. Proprio per questo la sostenibilit\u00e0 si presta particolarmente bene al Mittelstand \u2013 se viene compresa correttamente.Non come obbligo, non come compito aggiuntivo, ma [&hellip;]<\/p>\n","protected":false},"author":5,"featured_media":255227,"comment_status":"open","ping_status":"open","sticky":false,"template":"","format":"standard","meta":{"_et_pb_use_builder":"on","_et_pb_old_content":"","_et_gb_content_width":"","footnotes":""},"categories":[34],"tags":[],"class_list":["post-255226","post","type-post","status-publish","format-standard","has-post-thumbnail","hentry","category-blog"],"yoast_head":"<!-- This site is optimized with the Yoast SEO plugin v26.9 - https:\/\/yoast.com\/product\/yoast-seo-wordpress\/ -->\n<title>Integrare la sostenibilit\u00e0 nella strategia<\/title>\n<meta name=\"description\" content=\"Sostenibilit\u00e0 strategica nelle PMI: decisioni migliori, costi pi\u00f9 stabili e modelli di business pi\u00f9 solidi e competitivi nel tempo.\" \/>\n<meta name=\"robots\" content=\"index, follow, max-snippet:-1, max-image-preview:large, max-video-preview:-1\" \/>\n<link rel=\"canonical\" href=\"https:\/\/terra-institute.eu\/it\/integrare-la-sostenibilita-nella-strategia\/\" \/>\n<meta property=\"og:locale\" content=\"it_IT\" \/>\n<meta property=\"og:type\" content=\"article\" \/>\n<meta property=\"og:title\" content=\"Integrare la sostenibilit\u00e0 nella strategia\" \/>\n<meta property=\"og:description\" content=\"Sostenibilit\u00e0 strategica nelle PMI: decisioni migliori, costi pi\u00f9 stabili e modelli di business pi\u00f9 solidi e competitivi nel tempo.\" \/>\n<meta property=\"og:url\" content=\"https:\/\/terra-institute.eu\/it\/integrare-la-sostenibilita-nella-strategia\/\" \/>\n<meta property=\"og:site_name\" content=\"Terra Institute\" \/>\n<meta property=\"article:publisher\" content=\"https:\/\/www.facebook.com\/TerraInstitute\" \/>\n<meta property=\"article:published_time\" content=\"2026-01-14T06:00:00+00:00\" \/>\n<meta property=\"og:image\" content=\"https:\/\/terra-institute.eu\/it\/wp-content\/uploads\/2025\/12\/integrare-la-sostenibilita-nella-strategia-albero-annie-spratt-scaled.jpg\" \/>\n\t<meta property=\"og:image:width\" content=\"2560\" \/>\n\t<meta property=\"og:image:height\" content=\"1707\" \/>\n\t<meta property=\"og:image:type\" content=\"image\/jpeg\" \/>\n<meta name=\"author\" content=\"STauber\" \/>\n<meta name=\"twitter:card\" content=\"summary_large_image\" \/>\n<meta name=\"twitter:creator\" content=\"@STauber\" \/>\n<meta name=\"twitter:site\" content=\"@terra_institute\" \/>\n<meta name=\"twitter:label1\" content=\"Scritto da\" \/>\n\t<meta name=\"twitter:data1\" content=\"STauber\" \/>\n\t<meta name=\"twitter:label2\" content=\"Tempo di lettura stimato\" \/>\n\t<meta name=\"twitter:data2\" content=\"7 minuti\" \/>\n<script type=\"application\/ld+json\" class=\"yoast-schema-graph\">{\"@context\":\"https:\/\/schema.org\",\"@graph\":[{\"@type\":\"Article\",\"@id\":\"https:\/\/terra-institute.eu\/it\/integrare-la-sostenibilita-nella-strategia\/#article\",\"isPartOf\":{\"@id\":\"https:\/\/terra-institute.eu\/it\/integrare-la-sostenibilita-nella-strategia\/\"},\"author\":{\"name\":\"STauber\",\"@id\":\"https:\/\/terra-institute.eu\/it\/#\/schema\/person\/94b4e9b0ba2c9136492a67cfc3e95edd\"},\"headline\":\"Integrare la sostenibilit\u00e0 nella strategia\",\"datePublished\":\"2026-01-14T06:00:00+00:00\",\"mainEntityOfPage\":{\"@id\":\"https:\/\/terra-institute.eu\/it\/integrare-la-sostenibilita-nella-strategia\/\"},\"wordCount\":1832,\"commentCount\":0,\"image\":{\"@id\":\"https:\/\/terra-institute.eu\/it\/integrare-la-sostenibilita-nella-strategia\/#primaryimage\"},\"thumbnailUrl\":\"https:\/\/terra-institute.eu\/it\/wp-content\/uploads\/2025\/12\/integrare-la-sostenibilita-nella-strategia-albero-annie-spratt-scaled.jpg\",\"articleSection\":[\"blog\"],\"inLanguage\":\"it-IT\",\"potentialAction\":[{\"@type\":\"CommentAction\",\"name\":\"Comment\",\"target\":[\"https:\/\/terra-institute.eu\/it\/integrare-la-sostenibilita-nella-strategia\/#respond\"]}]},{\"@type\":\"WebPage\",\"@id\":\"https:\/\/terra-institute.eu\/it\/integrare-la-sostenibilita-nella-strategia\/\",\"url\":\"https:\/\/terra-institute.eu\/it\/integrare-la-sostenibilita-nella-strategia\/\",\"name\":\"Integrare la sostenibilit\u00e0 nella strategia\",\"isPartOf\":{\"@id\":\"https:\/\/terra-institute.eu\/it\/#website\"},\"primaryImageOfPage\":{\"@id\":\"https:\/\/terra-institute.eu\/it\/integrare-la-sostenibilita-nella-strategia\/#primaryimage\"},\"image\":{\"@id\":\"https:\/\/terra-institute.eu\/it\/integrare-la-sostenibilita-nella-strategia\/#primaryimage\"},\"thumbnailUrl\":\"https:\/\/terra-institute.eu\/it\/wp-content\/uploads\/2025\/12\/integrare-la-sostenibilita-nella-strategia-albero-annie-spratt-scaled.jpg\",\"datePublished\":\"2026-01-14T06:00:00+00:00\",\"author\":{\"@id\":\"https:\/\/terra-institute.eu\/it\/#\/schema\/person\/94b4e9b0ba2c9136492a67cfc3e95edd\"},\"description\":\"Sostenibilit\u00e0 strategica nelle PMI: decisioni migliori, costi pi\u00f9 stabili e modelli di business pi\u00f9 solidi e competitivi nel tempo.\",\"breadcrumb\":{\"@id\":\"https:\/\/terra-institute.eu\/it\/integrare-la-sostenibilita-nella-strategia\/#breadcrumb\"},\"inLanguage\":\"it-IT\",\"potentialAction\":[{\"@type\":\"ReadAction\",\"target\":[\"https:\/\/terra-institute.eu\/it\/integrare-la-sostenibilita-nella-strategia\/\"]}]},{\"@type\":\"ImageObject\",\"inLanguage\":\"it-IT\",\"@id\":\"https:\/\/terra-institute.eu\/it\/integrare-la-sostenibilita-nella-strategia\/#primaryimage\",\"url\":\"https:\/\/terra-institute.eu\/it\/wp-content\/uploads\/2025\/12\/integrare-la-sostenibilita-nella-strategia-albero-annie-spratt-scaled.jpg\",\"contentUrl\":\"https:\/\/terra-institute.eu\/it\/wp-content\/uploads\/2025\/12\/integrare-la-sostenibilita-nella-strategia-albero-annie-spratt-scaled.jpg\",\"width\":2560,\"height\":1707,\"caption\":\"Integrare la sostenibilit\u00e0 nella strategia_albero\"},{\"@type\":\"BreadcrumbList\",\"@id\":\"https:\/\/terra-institute.eu\/it\/integrare-la-sostenibilita-nella-strategia\/#breadcrumb\",\"itemListElement\":[{\"@type\":\"ListItem\",\"position\":1,\"name\":\"Home\",\"item\":\"https:\/\/terra-institute.eu\/it\/\"},{\"@type\":\"ListItem\",\"position\":2,\"name\":\"Integrare la sostenibilit\u00e0 nella strategia\"}]},{\"@type\":\"WebSite\",\"@id\":\"https:\/\/terra-institute.eu\/it\/#website\",\"url\":\"https:\/\/terra-institute.eu\/it\/\",\"name\":\"Terra Institute\",\"description\":\"Empowering Responsible Growth\",\"potentialAction\":[{\"@type\":\"SearchAction\",\"target\":{\"@type\":\"EntryPoint\",\"urlTemplate\":\"https:\/\/terra-institute.eu\/it\/?s={search_term_string}\"},\"query-input\":{\"@type\":\"PropertyValueSpecification\",\"valueRequired\":true,\"valueName\":\"search_term_string\"}}],\"inLanguage\":\"it-IT\"},{\"@type\":\"Person\",\"@id\":\"https:\/\/terra-institute.eu\/it\/#\/schema\/person\/94b4e9b0ba2c9136492a67cfc3e95edd\",\"name\":\"STauber\",\"image\":{\"@type\":\"ImageObject\",\"inLanguage\":\"it-IT\",\"@id\":\"https:\/\/terra-institute.eu\/it\/#\/schema\/person\/image\/\",\"url\":\"https:\/\/secure.gravatar.com\/avatar\/7b58d476a8e3ca28ed666205e6c5ff556ab94a161aa48a4b4cf289781d6b1076?s=96&d=mm&r=g\",\"contentUrl\":\"https:\/\/secure.gravatar.com\/avatar\/7b58d476a8e3ca28ed666205e6c5ff556ab94a161aa48a4b4cf289781d6b1076?s=96&d=mm&r=g\",\"caption\":\"STauber\"},\"sameAs\":[\"https:\/\/x.com\/STauber\"],\"url\":\"https:\/\/terra-institute.eu\/it\/author\/stauber\/\"}]}<\/script>\n<!-- \/ Yoast SEO plugin. -->","yoast_head_json":{"title":"Integrare la sostenibilit\u00e0 nella strategia","description":"Sostenibilit\u00e0 strategica nelle PMI: decisioni migliori, costi pi\u00f9 stabili e modelli di business pi\u00f9 solidi e competitivi nel tempo.","robots":{"index":"index","follow":"follow","max-snippet":"max-snippet:-1","max-image-preview":"max-image-preview:large","max-video-preview":"max-video-preview:-1"},"canonical":"https:\/\/terra-institute.eu\/it\/integrare-la-sostenibilita-nella-strategia\/","og_locale":"it_IT","og_type":"article","og_title":"Integrare la sostenibilit\u00e0 nella strategia","og_description":"Sostenibilit\u00e0 strategica nelle PMI: decisioni migliori, costi pi\u00f9 stabili e modelli di business pi\u00f9 solidi e competitivi nel tempo.","og_url":"https:\/\/terra-institute.eu\/it\/integrare-la-sostenibilita-nella-strategia\/","og_site_name":"Terra Institute","article_publisher":"https:\/\/www.facebook.com\/TerraInstitute","article_published_time":"2026-01-14T06:00:00+00:00","og_image":[{"width":2560,"height":1707,"url":"https:\/\/terra-institute.eu\/it\/wp-content\/uploads\/2025\/12\/integrare-la-sostenibilita-nella-strategia-albero-annie-spratt-scaled.jpg","type":"image\/jpeg"}],"author":"STauber","twitter_card":"summary_large_image","twitter_creator":"@STauber","twitter_site":"@terra_institute","twitter_misc":{"Scritto da":"STauber","Tempo di lettura stimato":"7 minuti"},"schema":{"@context":"https:\/\/schema.org","@graph":[{"@type":"Article","@id":"https:\/\/terra-institute.eu\/it\/integrare-la-sostenibilita-nella-strategia\/#article","isPartOf":{"@id":"https:\/\/terra-institute.eu\/it\/integrare-la-sostenibilita-nella-strategia\/"},"author":{"name":"STauber","@id":"https:\/\/terra-institute.eu\/it\/#\/schema\/person\/94b4e9b0ba2c9136492a67cfc3e95edd"},"headline":"Integrare la sostenibilit\u00e0 nella strategia","datePublished":"2026-01-14T06:00:00+00:00","mainEntityOfPage":{"@id":"https:\/\/terra-institute.eu\/it\/integrare-la-sostenibilita-nella-strategia\/"},"wordCount":1832,"commentCount":0,"image":{"@id":"https:\/\/terra-institute.eu\/it\/integrare-la-sostenibilita-nella-strategia\/#primaryimage"},"thumbnailUrl":"https:\/\/terra-institute.eu\/it\/wp-content\/uploads\/2025\/12\/integrare-la-sostenibilita-nella-strategia-albero-annie-spratt-scaled.jpg","articleSection":["blog"],"inLanguage":"it-IT","potentialAction":[{"@type":"CommentAction","name":"Comment","target":["https:\/\/terra-institute.eu\/it\/integrare-la-sostenibilita-nella-strategia\/#respond"]}]},{"@type":"WebPage","@id":"https:\/\/terra-institute.eu\/it\/integrare-la-sostenibilita-nella-strategia\/","url":"https:\/\/terra-institute.eu\/it\/integrare-la-sostenibilita-nella-strategia\/","name":"Integrare la sostenibilit\u00e0 nella strategia","isPartOf":{"@id":"https:\/\/terra-institute.eu\/it\/#website"},"primaryImageOfPage":{"@id":"https:\/\/terra-institute.eu\/it\/integrare-la-sostenibilita-nella-strategia\/#primaryimage"},"image":{"@id":"https:\/\/terra-institute.eu\/it\/integrare-la-sostenibilita-nella-strategia\/#primaryimage"},"thumbnailUrl":"https:\/\/terra-institute.eu\/it\/wp-content\/uploads\/2025\/12\/integrare-la-sostenibilita-nella-strategia-albero-annie-spratt-scaled.jpg","datePublished":"2026-01-14T06:00:00+00:00","author":{"@id":"https:\/\/terra-institute.eu\/it\/#\/schema\/person\/94b4e9b0ba2c9136492a67cfc3e95edd"},"description":"Sostenibilit\u00e0 strategica nelle PMI: decisioni migliori, costi pi\u00f9 stabili e modelli di business pi\u00f9 solidi e competitivi nel tempo.","breadcrumb":{"@id":"https:\/\/terra-institute.eu\/it\/integrare-la-sostenibilita-nella-strategia\/#breadcrumb"},"inLanguage":"it-IT","potentialAction":[{"@type":"ReadAction","target":["https:\/\/terra-institute.eu\/it\/integrare-la-sostenibilita-nella-strategia\/"]}]},{"@type":"ImageObject","inLanguage":"it-IT","@id":"https:\/\/terra-institute.eu\/it\/integrare-la-sostenibilita-nella-strategia\/#primaryimage","url":"https:\/\/terra-institute.eu\/it\/wp-content\/uploads\/2025\/12\/integrare-la-sostenibilita-nella-strategia-albero-annie-spratt-scaled.jpg","contentUrl":"https:\/\/terra-institute.eu\/it\/wp-content\/uploads\/2025\/12\/integrare-la-sostenibilita-nella-strategia-albero-annie-spratt-scaled.jpg","width":2560,"height":1707,"caption":"Integrare la sostenibilit\u00e0 nella strategia_albero"},{"@type":"BreadcrumbList","@id":"https:\/\/terra-institute.eu\/it\/integrare-la-sostenibilita-nella-strategia\/#breadcrumb","itemListElement":[{"@type":"ListItem","position":1,"name":"Home","item":"https:\/\/terra-institute.eu\/it\/"},{"@type":"ListItem","position":2,"name":"Integrare la sostenibilit\u00e0 nella strategia"}]},{"@type":"WebSite","@id":"https:\/\/terra-institute.eu\/it\/#website","url":"https:\/\/terra-institute.eu\/it\/","name":"Terra Institute","description":"Empowering Responsible Growth","potentialAction":[{"@type":"SearchAction","target":{"@type":"EntryPoint","urlTemplate":"https:\/\/terra-institute.eu\/it\/?s={search_term_string}"},"query-input":{"@type":"PropertyValueSpecification","valueRequired":true,"valueName":"search_term_string"}}],"inLanguage":"it-IT"},{"@type":"Person","@id":"https:\/\/terra-institute.eu\/it\/#\/schema\/person\/94b4e9b0ba2c9136492a67cfc3e95edd","name":"STauber","image":{"@type":"ImageObject","inLanguage":"it-IT","@id":"https:\/\/terra-institute.eu\/it\/#\/schema\/person\/image\/","url":"https:\/\/secure.gravatar.com\/avatar\/7b58d476a8e3ca28ed666205e6c5ff556ab94a161aa48a4b4cf289781d6b1076?s=96&d=mm&r=g","contentUrl":"https:\/\/secure.gravatar.com\/avatar\/7b58d476a8e3ca28ed666205e6c5ff556ab94a161aa48a4b4cf289781d6b1076?s=96&d=mm&r=g","caption":"STauber"},"sameAs":["https:\/\/x.com\/STauber"],"url":"https:\/\/terra-institute.eu\/it\/author\/stauber\/"}]}},"_links":{"self":[{"href":"https:\/\/terra-institute.eu\/it\/wp-json\/wp\/v2\/posts\/255226","targetHints":{"allow":["GET"]}}],"collection":[{"href":"https:\/\/terra-institute.eu\/it\/wp-json\/wp\/v2\/posts"}],"about":[{"href":"https:\/\/terra-institute.eu\/it\/wp-json\/wp\/v2\/types\/post"}],"author":[{"embeddable":true,"href":"https:\/\/terra-institute.eu\/it\/wp-json\/wp\/v2\/users\/5"}],"replies":[{"embeddable":true,"href":"https:\/\/terra-institute.eu\/it\/wp-json\/wp\/v2\/comments?post=255226"}],"version-history":[{"count":5,"href":"https:\/\/terra-institute.eu\/it\/wp-json\/wp\/v2\/posts\/255226\/revisions"}],"predecessor-version":[{"id":255233,"href":"https:\/\/terra-institute.eu\/it\/wp-json\/wp\/v2\/posts\/255226\/revisions\/255233"}],"wp:featuredmedia":[{"embeddable":true,"href":"https:\/\/terra-institute.eu\/it\/wp-json\/wp\/v2\/media\/255227"}],"wp:attachment":[{"href":"https:\/\/terra-institute.eu\/it\/wp-json\/wp\/v2\/media?parent=255226"}],"wp:term":[{"taxonomy":"category","embeddable":true,"href":"https:\/\/terra-institute.eu\/it\/wp-json\/wp\/v2\/categories?post=255226"},{"taxonomy":"post_tag","embeddable":true,"href":"https:\/\/terra-institute.eu\/it\/wp-json\/wp\/v2\/tags?post=255226"}],"curies":[{"name":"wp","href":"https:\/\/api.w.org\/{rel}","templated":true}]}}