{"id":255213,"date":"2026-01-28T07:00:00","date_gmt":"2026-01-28T06:00:00","guid":{"rendered":"https:\/\/terra-institute.eu\/it\/?p=255213"},"modified":"2025-12-17T11:26:29","modified_gmt":"2025-12-17T10:26:29","slug":"decarbonizzazione-nelle-pmi","status":"publish","type":"post","link":"https:\/\/terra-institute.eu\/it\/decarbonizzazione-nelle-pmi\/","title":{"rendered":"Decarbonizzazione nelle PMI \u2013 dai quick wins alla strategia di investimento complessiva"},"content":{"rendered":"\n[et_pb_section fb_built=&#8221;1&#8243; _builder_version=&#8221;4.24.2&#8243; _module_preset=&#8221;default&#8221; custom_padding=&#8221;9px|||||&#8221; global_colors_info=&#8221;{}&#8221; theme_builder_area=&#8221;et_body_layout&#8221;][et_pb_row _builder_version=&#8221;4.24.2&#8243; _module_preset=&#8221;default&#8221; custom_margin=&#8221;22px|auto||auto||&#8221; custom_padding=&#8221;1px||15px|||&#8221; global_colors_info=&#8221;{}&#8221; theme_builder_area=&#8221;et_body_layout&#8221;][et_pb_column type=&#8221;4_4&#8243; _builder_version=&#8221;4.24.2&#8243; _module_preset=&#8221;default&#8221; global_colors_info=&#8221;{}&#8221; theme_builder_area=&#8221;et_body_layout&#8221;][et_pb_text _builder_version=&#8221;4.27.4&#8243; _module_preset=&#8221;default&#8221; custom_margin=&#8221;||1px|||&#8221; hover_enabled=&#8221;0&#8243; global_colors_info=&#8221;{}&#8221; theme_builder_area=&#8221;et_body_layout&#8221; sticky_enabled=&#8221;0&#8243;]<p><strong>Molte aziende di medie dimensioni desiderano ridurre energia e CO\u2082 \u2013 non a causa della regolamentazione, ma perch\u00e9 i costi energetici, le fluttuazioni dei prezzi e le richieste dei clienti stanno aumentando sensibilmente. <\/strong><\/p>\n<p><strong>La decarbonizzazione non significa altro che:<\/strong> utilizzare l\u2019energia in modo pi\u00f9 efficiente, ridurre le dipendenze dalle fonti fossili e costruire soluzioni rinnovabili proprie. Per le PMI questo rappresenta soprattutto un vantaggio economico: costi inferiori, maggiore resilienza e migliori condizioni di finanziamento.<\/p>[\/et_pb_text][et_pb_text _builder_version=&#8221;4.27.4&#8243; _module_preset=&#8221;default&#8221; custom_margin=&#8221;||1px|||&#8221; custom_padding=&#8221;18px|||||&#8221; hover_enabled=&#8221;0&#8243; global_colors_info=&#8221;{}&#8221; theme_builder_area=&#8221;et_body_layout&#8221; sticky_enabled=&#8221;0&#8243;]<h2 dir=\"auto\">Cosa significa concretamente decarbonizzazione?<\/h2>\n<p dir=\"auto\">La decarbonizzazione comprende quattro ambiti pragmatici:<\/p>\n<ul>\n<li dir=\"auto\"><strong>Ridurre il consumo di energia<\/strong><br \/>attraverso macchinari pi\u00f9 efficienti, impostazioni migliori e ottimizzazione dei processi.<\/li>\n<li dir=\"auto\"><strong>Utilizzare l\u2019energia in modo diverso<\/strong><br \/>ad es. recuperare il calore di scarto da macchine, forni o compressori.<\/li>\n<li dir=\"auto\"><strong>Produrre energia propria<\/strong><br \/>ad esempio tramite fotovoltaico, pompe di calore o solare termico.<\/li>\n<li dir=\"auto\"><strong>Rendere trasparenti i consumi<\/strong><br \/>con contatori digitali, dashboard semplici e indicatori chiari.<\/li>\n<\/ul>\n<p dir=\"auto\">In questo modo la decarbonizzazione diventa uno strumento di moderna gestione dei costi e dell\u2019attivit\u00e0.<\/p>\n<div class=\"my-2\"><\/div>\n<h3 dir=\"auto\">Perch\u00e9 \u00e8 un fattore di successo per le aziende di medie dimensioni?<\/h3>\n<ul dir=\"auto\">\n<li class=\"text-start \">I costi energetici diminuiscono in modo duraturo<\/li>\n<li class=\"text-start \">Aumenta la sicurezza di pianificazione, perch\u00e9 le fluttuazioni dei prezzi fossili incidono meno<\/li>\n<li class=\"text-start \">Migliori condizioni di credito, poich\u00e9 le banche considerano l\u2019intensit\u00e0 di CO\u2082<\/li>\n<li class=\"text-start \">I grandi clienti richiedono dati sulle emissioni di CO\u2082 e preferiscono fornitori efficienti<\/li>\n<li class=\"text-start \">Maggiore attrattivit\u00e0 come datore di lavoro, poich\u00e9 i temi legati al futuro sono un fattore di differenziazione<\/li>\n<\/ul>\n<p dir=\"auto\">La decarbonizzazione \u00e8 quindi un vero fattore competitivo \u2013 non solo un tema di sostenibilit\u00e0.<\/p>\n<p dir=\"auto\"><strong><\/strong><\/p>\n<h3 dir=\"auto\">Le leve principali \u2013 con esempi dal settore mid-market<\/h3>[\/et_pb_text][et_pb_text disabled_on=&#8221;on|on|on&#8221; _builder_version=&#8221;4.27.0&#8243; _module_preset=&#8221;default&#8221; disabled=&#8221;on&#8221; global_colors_info=&#8221;{}&#8221; theme_builder_area=&#8221;et_body_layout&#8221;]<h3>Teilnehmeranzahl begrenzt!<\/h3>\n<p>Die Pl\u00e4tze sind auf maximal 20 Teilnehmer:innen begrenzt. Dies erm\u00f6glicht uns einen besseren Austausch und auch die M\u00f6glichkeit, auf alle Fragen einzugehen.<\/p>\n<h3>Verbindlichkeit<\/h3>\n<p>F\u00fcr eine bessere Planung ist die Anmeldung verbindlich. Sollte dennoch nach Anmeldung etwas dazwischenkommen und die Teilnahme nicht m\u00f6glich sein, bitten wir um eine schnellstm\u00f6gliche Absage unter <a href=\"mailto:%20a.unger@terra-institute.eu\">a.unger@terra-institute.eu<\/a>.<\/p>\n<h3>Kosten und Transport<\/h3>\n<p>Die Kosten f\u00fcr die zwei Hoff\u00fchrungen und Verk\u00f6stigung werden vom Projekt \u00fcbernommen. Die Fahrtkosten sowie die Organisation der Anfahrt, Abfahrt und Transport zwischen den H\u00f6fen sind von den Teilnehmer:innen selbst zu \u00fcbernehmen. Bei einem JA im Formular teilen wir die Kontaktdaten der Teilnehmer:innen, um Fahrgemeinschaften zu erm\u00f6glichen.<\/p>[\/et_pb_text][et_pb_text disabled_on=&#8221;on|on|on&#8221; module_id=&#8221;anmeldung&#8221; _builder_version=&#8221;4.24.2&#8243; _module_preset=&#8221;default&#8221; disabled=&#8221;on&#8221; global_colors_info=&#8221;{}&#8221; theme_builder_area=&#8221;et_body_layout&#8221;]<h3><\/h3>\n<h3>Webinar verpasst?<\/h3>\n<p>Dann schicken Sie uns doch gerne eine Nachricht mit Ihren Fragen an <a href=\"mailto:office@terra-institute.eu\">office@terra-institute.eu<\/a>.<\/p>\n<p>Bei gen\u00fcgend Interessent:innen werden wir das Webinar erneut veranstalten.<\/p>[\/et_pb_text][\/et_pb_column][\/et_pb_row][et_pb_row column_structure=&#8221;1_2,1_2&#8243; _builder_version=&#8221;4.27.4&#8243; _module_preset=&#8221;default&#8221; global_colors_info=&#8221;{}&#8221; theme_builder_area=&#8221;et_body_layout&#8221;][et_pb_column type=&#8221;1_2&#8243; _builder_version=&#8221;4.27.4&#8243; _module_preset=&#8221;default&#8221; global_colors_info=&#8221;{}&#8221; theme_builder_area=&#8221;et_body_layout&#8221;][et_pb_toggle title=&#8221;Esempio 1: lavorazione dei metalli (PMI)&#8221; _builder_version=&#8221;4.27.4&#8243; _module_preset=&#8221;default&#8221; hover_enabled=&#8221;0&#8243; global_colors_info=&#8221;{}&#8221; theme_builder_area=&#8221;et_body_layout&#8221; sticky_enabled=&#8221;0&#8243;]<p><strong>Recupero di calore + fotovoltaico<\/strong><\/p>\n<p dir=\"auto\">Un\u2019azienda di lavorazione dei metalli ha installato un impianto di recupero del calore.<br \/>In precedenza, il calore di scarto delle macchine veniva disperso inutilizzato \u2013 ora riscalda l\u2019intero capannone.<\/p>\n<ul>\n<li dir=\"auto\"><strong>Investimento:<\/strong> ca. 120.000 \u20ac<\/li>\n<li dir=\"auto\"><strong>Risparmio:<\/strong> circa 36.000 \u20ac all\u2019anno<\/li>\n<li dir=\"auto\"><strong>ROI:<\/strong> poco meno di 3 anni<\/li>\n<\/ul>\n<p dir=\"auto\">Inoltre \u00e8 stato installato un impianto fotovoltaico sul tetto del capannone.<br \/>Durante la produzione copre il 40\u201360 % del fabbisogno di elettricit\u00e0; nei fine settimana e in estate l\u2019eccedenza viene immessa in rete e remunerata.<\/p>\n<p dir=\"auto\"><strong>Effetto:<\/strong> notevole riduzione dei costi, entrate aggiuntive, elevata indipendenza dai prezzi dell\u2019energia.<\/p>[\/et_pb_toggle][et_pb_toggle title=&#8221;Esempio 2: azienda di servizi&#8221; _builder_version=&#8221;4.27.4&#8243; _module_preset=&#8221;default&#8221; hover_enabled=&#8221;0&#8243; global_colors_info=&#8221;{}&#8221; theme_builder_area=&#8221;et_body_layout&#8221; sticky_enabled=&#8221;0&#8243;]<p dir=\"auto\"><strong>Modernizzazione IT e migrazione al cloud<\/strong><\/p>\n<p dir=\"auto\">Un\u2019azienda di servizi ha modernizzato la propria infrastruttura IT: i vecchi server sono stati sostituiti, i sistemi consolidati e in parte migrati verso un cloud ad alta efficienza energetica. Numerose applicazioni legacy e processi in background non necessari sono stati disattivati.<\/p>\n<ul>\n<li dir=\"auto\"><strong>Consumo energetico dell\u2019IT:<\/strong> \u201320 %<\/li>\n<li dir=\"auto\"><strong>Impegno di investimento:<\/strong> ridotto<\/li>\n<li dir=\"auto\"><strong>Benefici aggiuntivi:<\/strong> sistemi pi\u00f9 stabili, minore manutenzione, maggiore sicurezza dei dati<\/li>\n<\/ul>\n<p dir=\"auto\">Molti risparmi sono stati ottenuti semplicemente grazie a pulizia e migliori impostazioni.<\/p>[\/et_pb_toggle][\/et_pb_column][et_pb_column type=&#8221;1_2&#8243; _builder_version=&#8221;4.27.4&#8243; _module_preset=&#8221;default&#8221; global_colors_info=&#8221;{}&#8221; theme_builder_area=&#8221;et_body_layout&#8221;][et_pb_toggle title=&#8221;Esempio 3: panificio con rete di filiali&#8221; _builder_version=&#8221;4.27.4&#8243; _module_preset=&#8221;default&#8221; hover_enabled=&#8221;0&#8243; global_colors_info=&#8221;{}&#8221; theme_builder_area=&#8221;et_body_layout&#8221; sticky_enabled=&#8221;0&#8243;]<p dir=\"auto\"><strong>Calore di scarto + fotovoltaico + gestione dei carichi<\/strong><\/p>\n<p dir=\"auto\">Un panificio regionale combina diverse leve:<\/p>\n<ul dir=\"auto\">\n<li class=\"text-start \">il calore di scarto dei forni viene utilizzato per l\u2019acqua calda<\/li>\n<li class=\"text-start \">i tetti delle filiali sono stati equipaggiati con impianti fotovoltaici<\/li>\n<li class=\"text-start \">un software di gestione dei carichi riduce i picchi di consumo elettrico costosi<\/li>\n<\/ul>\n<p dir=\"auto\"><strong>Risultato:<\/strong><\/p>\n<ul dir=\"auto\">\n<li class=\"text-start \"><strong>\u201322 %<\/strong> dei costi energetici nel primo anno<\/li>\n<li class=\"text-start \"><strong>costi operativi sensibilmente pi\u00f9 stabili<\/strong><\/li>\n<li class=\"text-start \">il fotovoltaico copre il <strong>30\u201350 %<\/strong> del fabbisogno di elettricit\u00e0 per filiale<\/li>\n<\/ul>[\/et_pb_toggle][et_pb_toggle title=&#8221;Esempio 4: lavorazione della plastica&#8221; _builder_version=&#8221;4.27.4&#8243; _module_preset=&#8221;default&#8221; hover_enabled=&#8221;0&#8243; global_colors_info=&#8221;{}&#8221; theme_builder_area=&#8221;et_body_layout&#8221; sticky_enabled=&#8221;0&#8243;]<p dir=\"auto\"><strong>Aria compressa \u2013 il costo nascosto<\/strong><\/p>\n<p dir=\"auto\">Un\u2019azienda di lavorazione della plastica ha controllato il proprio sistema dell\u2019aria compressa e ha rilevato perdite, compressori obsoleti e impostazioni inefficienti.<\/p>\n<p dir=\"auto\">Dopo l\u2019ottimizzazione e il recupero di calore dal compressore:<\/p>\n<ul dir=\"auto\">\n<li class=\"text-start \"><strong>Risparmio di elettricit\u00e0:<\/strong> 15\u201325 %<\/li>\n<li class=\"text-start \"><strong>Calore per il riscaldamento dell\u2019officina:<\/strong> quasi a costo zero<\/li>\n<li class=\"text-start \"><strong>ROI:<\/strong> spesso &lt; 2 anni<\/li>\n<\/ul>[\/et_pb_toggle][\/et_pb_column][\/et_pb_row][et_pb_row _builder_version=&#8221;4.27.4&#8243; _module_preset=&#8221;default&#8221; global_colors_info=&#8221;{}&#8221; theme_builder_area=&#8221;et_body_layout&#8221;][et_pb_column type=&#8221;4_4&#8243; _builder_version=&#8221;4.27.4&#8243; _module_preset=&#8221;default&#8221; global_colors_info=&#8221;{}&#8221; theme_builder_area=&#8221;et_body_layout&#8221;][et_pb_text _builder_version=&#8221;4.27.4&#8243; _module_preset=&#8221;default&#8221; custom_margin=&#8221;||1px|||&#8221; custom_padding=&#8221;18px|||||&#8221; hover_enabled=&#8221;0&#8243; global_colors_info=&#8221;{}&#8221; theme_builder_area=&#8221;et_body_layout&#8221; sticky_enabled=&#8221;0&#8243;]<h3>L\u2019avvio pragmatico \u2013 in tre fasi<\/h3>[\/et_pb_text][\/et_pb_column][\/et_pb_row][et_pb_row column_structure=&#8221;1_3,1_3,1_3&#8243; _builder_version=&#8221;4.27.4&#8243; _module_preset=&#8221;default&#8221; global_colors_info=&#8221;{}&#8221; theme_builder_area=&#8221;et_body_layout&#8221;][et_pb_column type=&#8221;1_3&#8243; _builder_version=&#8221;4.27.4&#8243; _module_preset=&#8221;default&#8221; global_colors_info=&#8221;{}&#8221; theme_builder_area=&#8221;et_body_layout&#8221;][et_pb_text _builder_version=&#8221;4.27.4&#8243; _module_preset=&#8221;default&#8221; hover_enabled=&#8221;0&#8243; global_colors_info=&#8221;{}&#8221; theme_builder_area=&#8221;et_body_layout&#8221; sticky_enabled=&#8221;0&#8243;]<h4 dir=\"auto\">Fase 1: Quick Wins<\/h4>\n<p dir=\"auto\">Ottenere effetti immediati senza grandi investimenti.<\/p>\n<ul dir=\"auto\">\n<li class=\"text-start \">Identificare i 3\u20135 principali consumatori<\/li>\n<li class=\"text-start \">Installare contatori elettrici digitali<\/li>\n<li class=\"text-start \">Ridurre i consumi in stand-by<\/li>\n<li class=\"text-start \">Verificare le perdite dell\u2019aria compressa<\/li>\n<li class=\"text-start \">Analisi del potenziale fotovoltaico<\/li>\n<li class=\"text-start \">Riordinare e ottimizzare l\u2019infrastruttura IT<\/li>\n<\/ul>\n<p dir=\"auto\"><strong>Effetto tipico:<\/strong> 5\u201315 % di risparmio.<\/p>[\/et_pb_text][\/et_pb_column][et_pb_column type=&#8221;1_3&#8243; _builder_version=&#8221;4.27.4&#8243; _module_preset=&#8221;default&#8221; global_colors_info=&#8221;{}&#8221; theme_builder_area=&#8221;et_body_layout&#8221;][et_pb_text _builder_version=&#8221;4.27.4&#8243; _module_preset=&#8221;default&#8221; hover_enabled=&#8221;0&#8243; global_colors_info=&#8221;{}&#8221; theme_builder_area=&#8221;et_body_layout&#8221; sticky_enabled=&#8221;0&#8243;]<h4 dir=\"auto\">Fase 2: Misure a medio termine<\/h4>\n<p dir=\"auto\">Investimenti mirati con buon ROI.<\/p>\n<ul dir=\"auto\">\n<li class=\"text-start \">Recupero di calore<\/li>\n<li class=\"text-start \">Modernizzazione dell\u2019aria compressa<\/li>\n<li class=\"text-start \">LED + sensoristica<\/li>\n<li class=\"text-start \">Impianto fotovoltaico<\/li>\n<li class=\"text-start \">Ottimizzazione del riscaldamento e della ventilazione<\/li>\n<li class=\"text-start \">Sistema di gestione dei carichi<\/li>\n<\/ul>\n<p dir=\"auto\"><strong>ROI tipico:<\/strong> 2\u20135 anni.<\/p>[\/et_pb_text][\/et_pb_column][et_pb_column type=&#8221;1_3&#8243; _builder_version=&#8221;4.27.4&#8243; _module_preset=&#8221;default&#8221; global_colors_info=&#8221;{}&#8221; theme_builder_area=&#8221;et_body_layout&#8221;][et_pb_text _builder_version=&#8221;4.27.4&#8243; _module_preset=&#8221;default&#8221; hover_enabled=&#8221;0&#8243; global_colors_info=&#8221;{}&#8221; theme_builder_area=&#8221;et_body_layout&#8221; sticky_enabled=&#8221;0&#8243;]<h4 dir=\"auto\">Fase 3: Trasformazione a lungo termine<\/h4>\n<p dir=\"auto\">Posizionamento strategico per il mercato e il finanziamento.<\/p>\n<ul dir=\"auto\">\n<li class=\"text-start \">Strategia CO\u2082 inclusi percorsi di riduzione<\/li>\n<li class=\"text-start \">Modernizzazione dei parchi macchine<\/li>\n<li class=\"text-start \">Calore rinnovabile (pompa di calore, solare termico, biogas)<\/li>\n<li class=\"text-start \">Coinvolgimento della catena di fornitura<\/li>\n<li class=\"text-start \">Integrazione dei dati su energia e CO\u2082 nella gestione aziendale<\/li>\n<\/ul>[\/et_pb_text][\/et_pb_column][\/et_pb_row][et_pb_row _builder_version=&#8221;4.24.2&#8243; _module_preset=&#8221;default&#8221; custom_margin=&#8221;22px|auto||auto||&#8221; custom_padding=&#8221;1px||15px|||&#8221; global_colors_info=&#8221;{}&#8221; theme_builder_area=&#8221;et_body_layout&#8221;][et_pb_column type=&#8221;4_4&#8243; _builder_version=&#8221;4.24.2&#8243; _module_preset=&#8221;default&#8221; global_colors_info=&#8221;{}&#8221; theme_builder_area=&#8221;et_body_layout&#8221;][et_pb_text _builder_version=&#8221;4.27.4&#8243; _module_preset=&#8221;default&#8221; custom_margin=&#8221;||1px|||&#8221; custom_padding=&#8221;18px|||||&#8221; hover_enabled=&#8221;0&#8243; global_colors_info=&#8221;{}&#8221; theme_builder_area=&#8221;et_body_layout&#8221; sticky_enabled=&#8221;0&#8243;]<h3 dir=\"auto\">Cosa succede se non si agisce?<\/h3>\n<p dir=\"auto\">Le aziende che rimangono in attesa si assumono rischi economici misurabili:<\/p>\n<ul dir=\"auto\">\n<li class=\"text-start \">costi energetici e operativi permanentemente pi\u00f9 elevati<\/li>\n<li class=\"text-start \">rischio di perdere clienti (i dati sulle emissioni di CO\u2082 diventeranno obbligatori)<\/li>\n<li class=\"text-start \">condizioni di credito peggiori<\/li>\n<li class=\"text-start \">vantaggi competitivi per i concorrenti (costi unitari inferiori)<\/li>\n<li class=\"text-start \">minore attrattivit\u00e0 come datore di lavoro<\/li>\n<li class=\"text-start \">crescenti rischi di compliance in caso di dati mancanti<\/li>\n<\/ul>\n<p dir=\"auto\">Non agire oggi ha un prezzo.<\/p>\n<p dir=\"auto\">\n<p dir=\"auto\">\n<h3 dir=\"auto\">Conclusione<\/h3>\n<p dir=\"auto\">Per le aziende di medie dimensioni la decarbonizzazione \u00e8 una delle misure pi\u00f9 rapide e pi\u00f9 sensate dal punto di vista economico per ridurre i costi, diminuire i rischi e assicurarsi opportunit\u00e0 di mercato. Essa riesce in modo graduale, pragmatico e senza megaprogetti sovradimensionati. Le aziende che iniziano presto si assicurano chiari vantaggi \u2013 oggi e domani.<\/p>[\/et_pb_text][et_pb_text _builder_version=&#8221;4.27.4&#8243; _module_preset=&#8221;default&#8221; custom_margin=&#8221;||1px|||&#8221; custom_padding=&#8221;17px|||||&#8221; hover_enabled=&#8221;0&#8243; global_colors_info=&#8221;{}&#8221; theme_builder_area=&#8221;et_body_layout&#8221; sticky_enabled=&#8221;0&#8243;]<h4 aria-level=\"2\">Articolo di approfondimento<\/h4>\n<p><b>Articolo di base:<span>\u00a0<\/span><a href=\"https:\/\/terra-institute.eu\/it\/esg-come-fattore-di-successo\/\" target=\"_blank\" rel=\"noopener\">ESG come fattore di successo<\/a><\/b><\/p>\n<p>&nbsp;<\/p>[\/et_pb_text][et_pb_text disabled_on=&#8221;on|on|on&#8221; _builder_version=&#8221;4.27.0&#8243; _module_preset=&#8221;default&#8221; disabled=&#8221;on&#8221; global_colors_info=&#8221;{}&#8221; theme_builder_area=&#8221;et_body_layout&#8221;]<h3>Teilnehmeranzahl begrenzt!<\/h3>\n<p>Die Pl\u00e4tze sind auf maximal 20 Teilnehmer:innen begrenzt. Dies erm\u00f6glicht uns einen besseren Austausch und auch die M\u00f6glichkeit, auf alle Fragen einzugehen.<\/p>\n<h3>Verbindlichkeit<\/h3>\n<p>F\u00fcr eine bessere Planung ist die Anmeldung verbindlich. Sollte dennoch nach Anmeldung etwas dazwischenkommen und die Teilnahme nicht m\u00f6glich sein, bitten wir um eine schnellstm\u00f6gliche Absage unter <a href=\"mailto:%20a.unger@terra-institute.eu\">a.unger@terra-institute.eu<\/a>.<\/p>\n<h3>Kosten und Transport<\/h3>\n<p>Die Kosten f\u00fcr die zwei Hoff\u00fchrungen und Verk\u00f6stigung werden vom Projekt \u00fcbernommen. Die Fahrtkosten sowie die Organisation der Anfahrt, Abfahrt und Transport zwischen den H\u00f6fen sind von den Teilnehmer:innen selbst zu \u00fcbernehmen. Bei einem JA im Formular teilen wir die Kontaktdaten der Teilnehmer:innen, um Fahrgemeinschaften zu erm\u00f6glichen.<\/p>[\/et_pb_text][et_pb_text disabled_on=&#8221;on|on|on&#8221; module_id=&#8221;anmeldung&#8221; _builder_version=&#8221;4.24.2&#8243; _module_preset=&#8221;default&#8221; disabled=&#8221;on&#8221; global_colors_info=&#8221;{}&#8221; theme_builder_area=&#8221;et_body_layout&#8221;]<h3><\/h3>\n<h3>Webinar verpasst?<\/h3>\n<p>Dann schicken Sie uns doch gerne eine Nachricht mit Ihren Fragen an <a href=\"mailto:office@terra-institute.eu\">office@terra-institute.eu<\/a>.<\/p>\n<p>Bei gen\u00fcgend Interessent:innen werden wir das Webinar erneut veranstalten.<\/p>[\/et_pb_text][\/et_pb_column][\/et_pb_row][et_pb_row column_structure=&#8221;1_2,1_2&#8243; _builder_version=&#8221;4.24.2&#8243; _module_preset=&#8221;default&#8221; custom_margin=&#8221;22px|auto||auto||&#8221; custom_padding=&#8221;1px||15px|||&#8221; global_colors_info=&#8221;{}&#8221; theme_builder_area=&#8221;et_body_layout&#8221;][et_pb_column type=&#8221;1_2&#8243; _builder_version=&#8221;4.24.2&#8243; _module_preset=&#8221;default&#8221; global_colors_info=&#8221;{}&#8221; theme_builder_area=&#8221;et_body_layout&#8221;][et_pb_button button_url=&#8221;#anmeldung&#8221; button_text=&#8221;Zur Anmeldung&#8221; disabled_on=&#8221;on|on|on&#8221; _builder_version=&#8221;4.27.0&#8243; _module_preset=&#8221;default&#8221; disabled=&#8221;on&#8221; global_colors_info=&#8221;{}&#8221; theme_builder_area=&#8221;et_body_layout&#8221;][\/et_pb_button][et_pb_text _builder_version=&#8221;4.27.4&#8243; _module_preset=&#8221;default&#8221; custom_margin=&#8221;||-2px|||&#8221; hover_enabled=&#8221;0&#8243; global_colors_info=&#8221;{}&#8221; theme_builder_area=&#8221;et_body_layout&#8221; sticky_enabled=&#8221;0&#8243;]<h3>Autrice<\/h3>[\/et_pb_text][et_pb_image src=&#8221;https:\/\/terra-institute.eu\/it\/wp-content\/uploads\/2025\/05\/Julia-Wlasak.jpg&#8221; alt=&#8221;Julia Wlasak&#8221; title_text=&#8221;Julia Wlasak&#8221; _builder_version=&#8221;4.27.4&#8243; _module_preset=&#8221;default&#8221; global_colors_info=&#8221;{}&#8221; theme_builder_area=&#8221;et_body_layout&#8221;][\/et_pb_image][et_pb_text disabled_on=&#8221;on|on|on&#8221; _builder_version=&#8221;4.27.0&#8243; _module_preset=&#8221;default&#8221; disabled=&#8221;on&#8221; global_colors_info=&#8221;{}&#8221; theme_builder_area=&#8221;et_body_layout&#8221;]<h3>Teilnehmeranzahl begrenzt!<\/h3>\n<p>Die Pl\u00e4tze sind auf maximal 20 Teilnehmer:innen begrenzt. Dies erm\u00f6glicht uns einen besseren Austausch und auch die M\u00f6glichkeit, auf alle Fragen einzugehen.<\/p>\n<h3>Verbindlichkeit<\/h3>\n<p>F\u00fcr eine bessere Planung ist die Anmeldung verbindlich. Sollte dennoch nach Anmeldung etwas dazwischenkommen und die Teilnahme nicht m\u00f6glich sein, bitten wir um eine schnellstm\u00f6gliche Absage unter <a href=\"mailto:%20a.unger@terra-institute.eu\">a.unger@terra-institute.eu<\/a>.<\/p>\n<h3>Kosten und Transport<\/h3>\n<p>Die Kosten f\u00fcr die zwei Hoff\u00fchrungen und Verk\u00f6stigung werden vom Projekt \u00fcbernommen. Die Fahrtkosten sowie die Organisation der Anfahrt, Abfahrt und Transport zwischen den H\u00f6fen sind von den Teilnehmer:innen selbst zu \u00fcbernehmen. Bei einem JA im Formular teilen wir die Kontaktdaten der Teilnehmer:innen, um Fahrgemeinschaften zu erm\u00f6glichen.<\/p>[\/et_pb_text][et_pb_text disabled_on=&#8221;on|on|on&#8221; module_id=&#8221;anmeldung&#8221; _builder_version=&#8221;4.24.2&#8243; _module_preset=&#8221;default&#8221; disabled=&#8221;on&#8221; global_colors_info=&#8221;{}&#8221; theme_builder_area=&#8221;et_body_layout&#8221;]<h3><\/h3>\n<h3>Webinar verpasst?<\/h3>\n<p>Dann schicken Sie uns doch gerne eine Nachricht mit Ihren Fragen an <a href=\"mailto:office@terra-institute.eu\">office@terra-institute.eu<\/a>.<\/p>\n<p>Bei gen\u00fcgend Interessent:innen werden wir das Webinar erneut veranstalten.<\/p>[\/et_pb_text][\/et_pb_column][et_pb_column type=&#8221;1_2&#8243; _builder_version=&#8221;4.24.2&#8243; _module_preset=&#8221;default&#8221; global_colors_info=&#8221;{}&#8221; theme_builder_area=&#8221;et_body_layout&#8221;][et_pb_text _builder_version=&#8221;4.27.4&#8243; _module_preset=&#8221;default&#8221; custom_margin=&#8221;||1px|||&#8221; hover_enabled=&#8221;0&#8243; global_colors_info=&#8221;{}&#8221; theme_builder_area=&#8221;et_body_layout&#8221; sticky_enabled=&#8221;0&#8243;]<p data-ccp-props=\"{&quot;335551550&quot;:1,&quot;335551620&quot;:1,&quot;335559683&quot;:0,&quot;335559685&quot;:0,&quot;335559731&quot;:0,&quot;335559737&quot;:0,&quot;335562764&quot;:2,&quot;335562765&quot;:1,&quot;335562766&quot;:4,&quot;335562767&quot;:0,&quot;335562768&quot;:4,&quot;335562769&quot;:0}\"><strong>Julia Wlasak-Eisenberger<\/strong><\/p>\n<p data-ccp-props=\"{&quot;335551550&quot;:1,&quot;335551620&quot;:1,&quot;335559683&quot;:0,&quot;335559685&quot;:0,&quot;335559731&quot;:0,&quot;335559737&quot;:0,&quot;335562764&quot;:2,&quot;335562765&quot;:1,&quot;335562766&quot;:4,&quot;335562767&quot;:0,&quot;335562768&quot;:4,&quot;335562769&quot;:0}\"><span data-usefontface=\"false\" data-contrast=\"none\">Master\u00a0Global Studies &amp; MBA <\/span><span data-usefontface=\"false\" data-contrast=\"none\">Sustainability<\/span><span data-usefontface=\"false\" data-contrast=\"none\"> Management<\/span><span>\u200b<\/span><\/p>\n<p data-ccp-props=\"{&quot;335551550&quot;:1,&quot;335551620&quot;:1,&quot;335559683&quot;:0,&quot;335559685&quot;:0,&quot;335559731&quot;:0,&quot;335559737&quot;:0,&quot;335562764&quot;:2,&quot;335562765&quot;:1,&quot;335562766&quot;:4,&quot;335562767&quot;:0,&quot;335562768&quot;:4,&quot;335562769&quot;:0}\"><span data-usefontface=\"false\" data-contrast=\"none\">Pillar Lead Nature &amp; Climate<\/span><span>\u200b<\/span><\/p>\n<p data-ccp-props=\"{&quot;335551550&quot;:1,&quot;335551620&quot;:1,&quot;335559683&quot;:0,&quot;335559685&quot;:0,&quot;335559731&quot;:0,&quot;335559737&quot;:0,&quot;335562764&quot;:2,&quot;335562765&quot;:1,&quot;335562766&quot;:4,&quot;335562767&quot;:0,&quot;335562768&quot;:4,&quot;335562769&quot;:0}\"><span data-usefontface=\"false\" data-contrast=\"none\">Julia ha molti anni di esperienza nella sostenibilit\u00e0 nelle universit\u00e0 e nel settore <\/span><span data-usefontface=\"false\" data-contrast=\"none\">aziendale. Il suo focus accademico \u00e8 sull&#8217;educazione per lo sviluppo sostenibile. Nel <\/span><span data-usefontface=\"false\" data-contrast=\"none\">settore privato, \u00e8 specializzata in strategie di sostenibilit\u00e0 e clima, nonch\u00e9 in strategie di <\/span><span data-usefontface=\"false\" data-contrast=\"none\">formazione ed educazione. Inoltre, \u00e8 docente presso l&#8217;Universit\u00e0 di Salisburgo.<\/span><\/p>\n<p data-ccp-props=\"{&quot;335551550&quot;:1,&quot;335551620&quot;:1,&quot;335559683&quot;:0,&quot;335559685&quot;:0,&quot;335559731&quot;:0,&quot;335559737&quot;:0,&quot;335562764&quot;:2,&quot;335562765&quot;:1,&quot;335562766&quot;:4,&quot;335562767&quot;:0,&quot;335562768&quot;:4,&quot;335562769&quot;:0}\"><span>Domande? <a href=\"mailto:j.wlasak@terra-institute.eu\">j.wlasak@terra-institute.eu<\/a><\/span><\/p>[\/et_pb_text][\/et_pb_column][\/et_pb_row][\/et_pb_section]\n","protected":false},"excerpt":{"rendered":"<p>Molte aziende di medie dimensioni desiderano ridurre energia e CO\u2082 \u2013 non a causa della regolamentazione, ma perch\u00e9 i costi energetici, le fluttuazioni dei prezzi e le richieste dei clienti stanno aumentando sensibilmente. La decarbonizzazione non significa altro che: utilizzare l\u2019energia in modo pi\u00f9 efficiente, ridurre le dipendenze dalle fonti fossili e costruire soluzioni rinnovabili [&hellip;]<\/p>\n","protected":false},"author":5,"featured_media":255214,"comment_status":"open","ping_status":"open","sticky":false,"template":"","format":"standard","meta":{"_et_pb_use_builder":"on","_et_pb_old_content":"","_et_gb_content_width":"","footnotes":""},"categories":[34],"tags":[46,50],"class_list":["post-255213","post","type-post","status-publish","format-standard","has-post-thumbnail","hentry","category-blog","tag-strategia-climatica","tag-strategia-di-sostenibilita"],"yoast_head":"<!-- This site is optimized with the Yoast SEO plugin v26.9 - https:\/\/yoast.com\/product\/yoast-seo-wordpress\/ -->\n<title>Decarbonizzazione PMI: risparmi, ROI e vantaggio competitivo<\/title>\n<meta name=\"description\" content=\"Come le PMI riducono costi e rischi con la decarbonizzazione e migliorano competitivit\u00e0 e condizioni di finanziamento.\" \/>\n<meta name=\"robots\" content=\"index, follow, max-snippet:-1, max-image-preview:large, max-video-preview:-1\" \/>\n<link rel=\"canonical\" href=\"https:\/\/terra-institute.eu\/it\/decarbonizzazione-nelle-pmi\/\" \/>\n<meta property=\"og:locale\" content=\"it_IT\" \/>\n<meta property=\"og:type\" content=\"article\" \/>\n<meta property=\"og:title\" content=\"Decarbonizzazione PMI: risparmi, ROI e vantaggio competitivo\" \/>\n<meta property=\"og:description\" content=\"Come le PMI riducono costi e rischi con la decarbonizzazione e migliorano competitivit\u00e0 e condizioni di finanziamento.\" \/>\n<meta property=\"og:url\" content=\"https:\/\/terra-institute.eu\/it\/decarbonizzazione-nelle-pmi\/\" \/>\n<meta property=\"og:site_name\" content=\"Terra Institute\" \/>\n<meta property=\"article:publisher\" content=\"https:\/\/www.facebook.com\/TerraInstitute\" \/>\n<meta property=\"article:published_time\" content=\"2026-01-28T06:00:00+00:00\" \/>\n<meta property=\"og:image\" content=\"https:\/\/terra-institute.eu\/it\/wp-content\/uploads\/2025\/12\/decarbonizzazione_dom-scaled.jpg\" \/>\n\t<meta property=\"og:image:width\" content=\"2560\" \/>\n\t<meta property=\"og:image:height\" content=\"1707\" \/>\n\t<meta property=\"og:image:type\" content=\"image\/jpeg\" \/>\n<meta name=\"author\" content=\"STauber\" \/>\n<meta name=\"twitter:card\" content=\"summary_large_image\" \/>\n<meta name=\"twitter:creator\" content=\"@STauber\" \/>\n<meta name=\"twitter:site\" content=\"@terra_institute\" \/>\n<meta name=\"twitter:label1\" content=\"Scritto da\" \/>\n\t<meta name=\"twitter:data1\" content=\"STauber\" \/>\n\t<meta name=\"twitter:label2\" content=\"Tempo di lettura stimato\" \/>\n\t<meta name=\"twitter:data2\" content=\"6 minuti\" \/>\n<script type=\"application\/ld+json\" class=\"yoast-schema-graph\">{\"@context\":\"https:\/\/schema.org\",\"@graph\":[{\"@type\":\"Article\",\"@id\":\"https:\/\/terra-institute.eu\/it\/decarbonizzazione-nelle-pmi\/#article\",\"isPartOf\":{\"@id\":\"https:\/\/terra-institute.eu\/it\/decarbonizzazione-nelle-pmi\/\"},\"author\":{\"name\":\"STauber\",\"@id\":\"https:\/\/terra-institute.eu\/it\/#\/schema\/person\/94b4e9b0ba2c9136492a67cfc3e95edd\"},\"headline\":\"Decarbonizzazione nelle PMI \u2013 dai quick wins alla strategia di investimento complessiva\",\"datePublished\":\"2026-01-28T06:00:00+00:00\",\"mainEntityOfPage\":{\"@id\":\"https:\/\/terra-institute.eu\/it\/decarbonizzazione-nelle-pmi\/\"},\"wordCount\":2355,\"commentCount\":0,\"image\":{\"@id\":\"https:\/\/terra-institute.eu\/it\/decarbonizzazione-nelle-pmi\/#primaryimage\"},\"thumbnailUrl\":\"https:\/\/terra-institute.eu\/it\/wp-content\/uploads\/2025\/12\/decarbonizzazione_dom-scaled.jpg\",\"keywords\":[\"STRATEGIA CLIMATICA\",\"STRATEGIA DI SOSTENIBILIT\u00e0\"],\"articleSection\":[\"blog\"],\"inLanguage\":\"it-IT\",\"potentialAction\":[{\"@type\":\"CommentAction\",\"name\":\"Comment\",\"target\":[\"https:\/\/terra-institute.eu\/it\/decarbonizzazione-nelle-pmi\/#respond\"]}]},{\"@type\":\"WebPage\",\"@id\":\"https:\/\/terra-institute.eu\/it\/decarbonizzazione-nelle-pmi\/\",\"url\":\"https:\/\/terra-institute.eu\/it\/decarbonizzazione-nelle-pmi\/\",\"name\":\"Decarbonizzazione PMI: risparmi, ROI e vantaggio competitivo\",\"isPartOf\":{\"@id\":\"https:\/\/terra-institute.eu\/it\/#website\"},\"primaryImageOfPage\":{\"@id\":\"https:\/\/terra-institute.eu\/it\/decarbonizzazione-nelle-pmi\/#primaryimage\"},\"image\":{\"@id\":\"https:\/\/terra-institute.eu\/it\/decarbonizzazione-nelle-pmi\/#primaryimage\"},\"thumbnailUrl\":\"https:\/\/terra-institute.eu\/it\/wp-content\/uploads\/2025\/12\/decarbonizzazione_dom-scaled.jpg\",\"datePublished\":\"2026-01-28T06:00:00+00:00\",\"author\":{\"@id\":\"https:\/\/terra-institute.eu\/it\/#\/schema\/person\/94b4e9b0ba2c9136492a67cfc3e95edd\"},\"description\":\"Come le PMI riducono costi e rischi con la decarbonizzazione e migliorano competitivit\u00e0 e condizioni di finanziamento.\",\"breadcrumb\":{\"@id\":\"https:\/\/terra-institute.eu\/it\/decarbonizzazione-nelle-pmi\/#breadcrumb\"},\"inLanguage\":\"it-IT\",\"potentialAction\":[{\"@type\":\"ReadAction\",\"target\":[\"https:\/\/terra-institute.eu\/it\/decarbonizzazione-nelle-pmi\/\"]}]},{\"@type\":\"ImageObject\",\"inLanguage\":\"it-IT\",\"@id\":\"https:\/\/terra-institute.eu\/it\/decarbonizzazione-nelle-pmi\/#primaryimage\",\"url\":\"https:\/\/terra-institute.eu\/it\/wp-content\/uploads\/2025\/12\/decarbonizzazione_dom-scaled.jpg\",\"contentUrl\":\"https:\/\/terra-institute.eu\/it\/wp-content\/uploads\/2025\/12\/decarbonizzazione_dom-scaled.jpg\",\"width\":2560,\"height\":1707,\"caption\":\"decarbonizzazione_foglie nel vento\"},{\"@type\":\"BreadcrumbList\",\"@id\":\"https:\/\/terra-institute.eu\/it\/decarbonizzazione-nelle-pmi\/#breadcrumb\",\"itemListElement\":[{\"@type\":\"ListItem\",\"position\":1,\"name\":\"Home\",\"item\":\"https:\/\/terra-institute.eu\/it\/\"},{\"@type\":\"ListItem\",\"position\":2,\"name\":\"Decarbonizzazione nelle PMI \u2013 dai quick wins alla strategia di investimento complessiva\"}]},{\"@type\":\"WebSite\",\"@id\":\"https:\/\/terra-institute.eu\/it\/#website\",\"url\":\"https:\/\/terra-institute.eu\/it\/\",\"name\":\"Terra Institute\",\"description\":\"Empowering Responsible Growth\",\"potentialAction\":[{\"@type\":\"SearchAction\",\"target\":{\"@type\":\"EntryPoint\",\"urlTemplate\":\"https:\/\/terra-institute.eu\/it\/?s={search_term_string}\"},\"query-input\":{\"@type\":\"PropertyValueSpecification\",\"valueRequired\":true,\"valueName\":\"search_term_string\"}}],\"inLanguage\":\"it-IT\"},{\"@type\":\"Person\",\"@id\":\"https:\/\/terra-institute.eu\/it\/#\/schema\/person\/94b4e9b0ba2c9136492a67cfc3e95edd\",\"name\":\"STauber\",\"image\":{\"@type\":\"ImageObject\",\"inLanguage\":\"it-IT\",\"@id\":\"https:\/\/terra-institute.eu\/it\/#\/schema\/person\/image\/\",\"url\":\"https:\/\/secure.gravatar.com\/avatar\/7b58d476a8e3ca28ed666205e6c5ff556ab94a161aa48a4b4cf289781d6b1076?s=96&d=mm&r=g\",\"contentUrl\":\"https:\/\/secure.gravatar.com\/avatar\/7b58d476a8e3ca28ed666205e6c5ff556ab94a161aa48a4b4cf289781d6b1076?s=96&d=mm&r=g\",\"caption\":\"STauber\"},\"sameAs\":[\"https:\/\/x.com\/STauber\"],\"url\":\"https:\/\/terra-institute.eu\/it\/author\/stauber\/\"}]}<\/script>\n<!-- \/ Yoast SEO plugin. -->","yoast_head_json":{"title":"Decarbonizzazione PMI: risparmi, ROI e vantaggio competitivo","description":"Come le PMI riducono costi e rischi con la decarbonizzazione e migliorano competitivit\u00e0 e condizioni di finanziamento.","robots":{"index":"index","follow":"follow","max-snippet":"max-snippet:-1","max-image-preview":"max-image-preview:large","max-video-preview":"max-video-preview:-1"},"canonical":"https:\/\/terra-institute.eu\/it\/decarbonizzazione-nelle-pmi\/","og_locale":"it_IT","og_type":"article","og_title":"Decarbonizzazione PMI: risparmi, ROI e vantaggio competitivo","og_description":"Come le PMI riducono costi e rischi con la decarbonizzazione e migliorano competitivit\u00e0 e condizioni di finanziamento.","og_url":"https:\/\/terra-institute.eu\/it\/decarbonizzazione-nelle-pmi\/","og_site_name":"Terra Institute","article_publisher":"https:\/\/www.facebook.com\/TerraInstitute","article_published_time":"2026-01-28T06:00:00+00:00","og_image":[{"width":2560,"height":1707,"url":"https:\/\/terra-institute.eu\/it\/wp-content\/uploads\/2025\/12\/decarbonizzazione_dom-scaled.jpg","type":"image\/jpeg"}],"author":"STauber","twitter_card":"summary_large_image","twitter_creator":"@STauber","twitter_site":"@terra_institute","twitter_misc":{"Scritto da":"STauber","Tempo di lettura stimato":"6 minuti"},"schema":{"@context":"https:\/\/schema.org","@graph":[{"@type":"Article","@id":"https:\/\/terra-institute.eu\/it\/decarbonizzazione-nelle-pmi\/#article","isPartOf":{"@id":"https:\/\/terra-institute.eu\/it\/decarbonizzazione-nelle-pmi\/"},"author":{"name":"STauber","@id":"https:\/\/terra-institute.eu\/it\/#\/schema\/person\/94b4e9b0ba2c9136492a67cfc3e95edd"},"headline":"Decarbonizzazione nelle PMI \u2013 dai quick wins alla strategia di investimento complessiva","datePublished":"2026-01-28T06:00:00+00:00","mainEntityOfPage":{"@id":"https:\/\/terra-institute.eu\/it\/decarbonizzazione-nelle-pmi\/"},"wordCount":2355,"commentCount":0,"image":{"@id":"https:\/\/terra-institute.eu\/it\/decarbonizzazione-nelle-pmi\/#primaryimage"},"thumbnailUrl":"https:\/\/terra-institute.eu\/it\/wp-content\/uploads\/2025\/12\/decarbonizzazione_dom-scaled.jpg","keywords":["STRATEGIA CLIMATICA","STRATEGIA DI SOSTENIBILIT\u00e0"],"articleSection":["blog"],"inLanguage":"it-IT","potentialAction":[{"@type":"CommentAction","name":"Comment","target":["https:\/\/terra-institute.eu\/it\/decarbonizzazione-nelle-pmi\/#respond"]}]},{"@type":"WebPage","@id":"https:\/\/terra-institute.eu\/it\/decarbonizzazione-nelle-pmi\/","url":"https:\/\/terra-institute.eu\/it\/decarbonizzazione-nelle-pmi\/","name":"Decarbonizzazione PMI: risparmi, ROI e vantaggio competitivo","isPartOf":{"@id":"https:\/\/terra-institute.eu\/it\/#website"},"primaryImageOfPage":{"@id":"https:\/\/terra-institute.eu\/it\/decarbonizzazione-nelle-pmi\/#primaryimage"},"image":{"@id":"https:\/\/terra-institute.eu\/it\/decarbonizzazione-nelle-pmi\/#primaryimage"},"thumbnailUrl":"https:\/\/terra-institute.eu\/it\/wp-content\/uploads\/2025\/12\/decarbonizzazione_dom-scaled.jpg","datePublished":"2026-01-28T06:00:00+00:00","author":{"@id":"https:\/\/terra-institute.eu\/it\/#\/schema\/person\/94b4e9b0ba2c9136492a67cfc3e95edd"},"description":"Come le PMI riducono costi e rischi con la decarbonizzazione e migliorano competitivit\u00e0 e condizioni di finanziamento.","breadcrumb":{"@id":"https:\/\/terra-institute.eu\/it\/decarbonizzazione-nelle-pmi\/#breadcrumb"},"inLanguage":"it-IT","potentialAction":[{"@type":"ReadAction","target":["https:\/\/terra-institute.eu\/it\/decarbonizzazione-nelle-pmi\/"]}]},{"@type":"ImageObject","inLanguage":"it-IT","@id":"https:\/\/terra-institute.eu\/it\/decarbonizzazione-nelle-pmi\/#primaryimage","url":"https:\/\/terra-institute.eu\/it\/wp-content\/uploads\/2025\/12\/decarbonizzazione_dom-scaled.jpg","contentUrl":"https:\/\/terra-institute.eu\/it\/wp-content\/uploads\/2025\/12\/decarbonizzazione_dom-scaled.jpg","width":2560,"height":1707,"caption":"decarbonizzazione_foglie nel vento"},{"@type":"BreadcrumbList","@id":"https:\/\/terra-institute.eu\/it\/decarbonizzazione-nelle-pmi\/#breadcrumb","itemListElement":[{"@type":"ListItem","position":1,"name":"Home","item":"https:\/\/terra-institute.eu\/it\/"},{"@type":"ListItem","position":2,"name":"Decarbonizzazione nelle PMI \u2013 dai quick wins alla strategia di investimento complessiva"}]},{"@type":"WebSite","@id":"https:\/\/terra-institute.eu\/it\/#website","url":"https:\/\/terra-institute.eu\/it\/","name":"Terra Institute","description":"Empowering Responsible Growth","potentialAction":[{"@type":"SearchAction","target":{"@type":"EntryPoint","urlTemplate":"https:\/\/terra-institute.eu\/it\/?s={search_term_string}"},"query-input":{"@type":"PropertyValueSpecification","valueRequired":true,"valueName":"search_term_string"}}],"inLanguage":"it-IT"},{"@type":"Person","@id":"https:\/\/terra-institute.eu\/it\/#\/schema\/person\/94b4e9b0ba2c9136492a67cfc3e95edd","name":"STauber","image":{"@type":"ImageObject","inLanguage":"it-IT","@id":"https:\/\/terra-institute.eu\/it\/#\/schema\/person\/image\/","url":"https:\/\/secure.gravatar.com\/avatar\/7b58d476a8e3ca28ed666205e6c5ff556ab94a161aa48a4b4cf289781d6b1076?s=96&d=mm&r=g","contentUrl":"https:\/\/secure.gravatar.com\/avatar\/7b58d476a8e3ca28ed666205e6c5ff556ab94a161aa48a4b4cf289781d6b1076?s=96&d=mm&r=g","caption":"STauber"},"sameAs":["https:\/\/x.com\/STauber"],"url":"https:\/\/terra-institute.eu\/it\/author\/stauber\/"}]}},"_links":{"self":[{"href":"https:\/\/terra-institute.eu\/it\/wp-json\/wp\/v2\/posts\/255213","targetHints":{"allow":["GET"]}}],"collection":[{"href":"https:\/\/terra-institute.eu\/it\/wp-json\/wp\/v2\/posts"}],"about":[{"href":"https:\/\/terra-institute.eu\/it\/wp-json\/wp\/v2\/types\/post"}],"author":[{"embeddable":true,"href":"https:\/\/terra-institute.eu\/it\/wp-json\/wp\/v2\/users\/5"}],"replies":[{"embeddable":true,"href":"https:\/\/terra-institute.eu\/it\/wp-json\/wp\/v2\/comments?post=255213"}],"version-history":[{"count":6,"href":"https:\/\/terra-institute.eu\/it\/wp-json\/wp\/v2\/posts\/255213\/revisions"}],"predecessor-version":[{"id":255224,"href":"https:\/\/terra-institute.eu\/it\/wp-json\/wp\/v2\/posts\/255213\/revisions\/255224"}],"wp:featuredmedia":[{"embeddable":true,"href":"https:\/\/terra-institute.eu\/it\/wp-json\/wp\/v2\/media\/255214"}],"wp:attachment":[{"href":"https:\/\/terra-institute.eu\/it\/wp-json\/wp\/v2\/media?parent=255213"}],"wp:term":[{"taxonomy":"category","embeddable":true,"href":"https:\/\/terra-institute.eu\/it\/wp-json\/wp\/v2\/categories?post=255213"},{"taxonomy":"post_tag","embeddable":true,"href":"https:\/\/terra-institute.eu\/it\/wp-json\/wp\/v2\/tags?post=255213"}],"curies":[{"name":"wp","href":"https:\/\/api.w.org\/{rel}","templated":true}]}}