{"id":255121,"date":"2025-12-07T07:00:00","date_gmt":"2025-12-07T06:00:00","guid":{"rendered":"https:\/\/terra-institute.eu\/it\/?p=255121"},"modified":"2025-12-03T14:53:23","modified_gmt":"2025-12-03T13:53:23","slug":"come-l-hotel-hubertus-vive-la-sostenibilita","status":"publish","type":"post","link":"https:\/\/terra-institute.eu\/it\/come-l-hotel-hubertus-vive-la-sostenibilita\/","title":{"rendered":"Processo di sostenibilit\u00e0 e certificazione con audit: come l\u2019Hotel Hubertus vive la sostenibilit\u00e0"},"content":{"rendered":"\n[et_pb_section fb_built=&#8221;1&#8243; module_id=&#8221;temi&#8221; _builder_version=&#8221;4.16&#8243; _module_preset=&#8221;default&#8221; background_color=&#8221;#FFFFFF&#8221; module_alignment=&#8221;center&#8221; min_height=&#8221;622.7px&#8221; custom_margin=&#8221;|||-19px|false|false&#8221; custom_padding=&#8221;24px||44px||false|false&#8221; locked=&#8221;off&#8221; global_colors_info=&#8221;{}&#8221; theme_builder_area=&#8221;post_content&#8221;][et_pb_row column_structure=&#8221;2_5,3_5&#8243; _builder_version=&#8221;4.27.4&#8243; _module_preset=&#8221;default&#8221; module_alignment=&#8221;center&#8221; custom_margin=&#8221;9px|auto||auto||&#8221; custom_padding=&#8221;23px||1px|||&#8221; border_color_top=&#8221;rgba(125,113,104,0.25)&#8221; global_colors_info=&#8221;{}&#8221; theme_builder_area=&#8221;post_content&#8221;][et_pb_column type=&#8221;2_5&#8243; _builder_version=&#8221;4.16&#8243; _module_preset=&#8221;default&#8221; global_colors_info=&#8221;{}&#8221; theme_builder_area=&#8221;post_content&#8221;][et_pb_text _builder_version=&#8221;4.27.4&#8243; _module_preset=&#8221;default&#8221; text_font=&#8221;SourceSans-Pro-Regular||||||||&#8221; header_2_text_color=&#8221;#3d3d3d&#8221; header_2_font_size=&#8221;32px&#8221; header_2_line_height=&#8221;1.1em&#8221; custom_margin=&#8221;||-4px|||&#8221; custom_padding=&#8221;||0px||false|false&#8221; animation_style=&#8221;fade&#8221; animation_duration=&#8221;1300ms&#8221; border_color_left=&#8221;#7d7168&#8243; locked=&#8221;off&#8221; global_colors_info=&#8221;{}&#8221; theme_builder_area=&#8221;post_content&#8221;]<h2>Hotel Hubertus &#8211; processo di sostenibilit\u00e0 e certificazione<\/h2>[\/et_pb_text][et_pb_text disabled_on=&#8221;off|off|off&#8221; _builder_version=&#8221;4.27.4&#8243; _module_preset=&#8221;default&#8221; background_color=&#8221;#f9f9f9&#8243; custom_margin=&#8221;20px|||20px|false|false&#8221; custom_padding=&#8221;20px|||20px|false|false&#8221; hover_enabled=&#8221;0&#8243; box_shadow_style=&#8221;preset3&#8243; global_colors_info=&#8221;{}&#8221; theme_builder_area=&#8221;post_content&#8221; sticky_enabled=&#8221;0&#8243;]<h4><strong>Contenuti<\/strong><\/h4>\n<ol>\n<li><a href=\"#keyfacts\" title=\"Key Facts zur Gesundheit \u00d6sterreich GmbH\">Key Facts Hotel Hubertus<\/a><\/li>\n<li><a href=\"#herausforderungen\" title=\"Herausforderungen\">Le sfide<\/a><\/li>\n<li><a href=\"#was-erreicht-wurde\">Risultati raggiunti<\/a><\/li>\n<li><a href=\"#fazit\">Raccomandazione<\/a><\/li>\n<li><a href=\"#zitat\" title=\"Pr\u00e4sident und Direktor Meran 2000 zum Projekt\">Il titolare Markus Gasser sul progetto<\/a><\/li>\n<li><a href=\"#projektleiter\" title=\"Projektleiter Paolo Agnelli\">Responsabile del progetto Paolo Agnelli<\/a><\/li>\n<li><a href=\"#kontakt\" title=\"Kontakt\">Contatti<\/a><\/li>\n<\/ol>[\/et_pb_text][\/et_pb_column][et_pb_column type=&#8221;3_5&#8243; _builder_version=&#8221;4.16&#8243; _module_preset=&#8221;default&#8221; global_colors_info=&#8221;{}&#8221; theme_builder_area=&#8221;post_content&#8221;][et_pb_text _builder_version=&#8221;4.27.4&#8243; _module_preset=&#8221;default&#8221; header_3_text_color=&#8221;#428ca6&#8243; global_colors_info=&#8221;{}&#8221; theme_builder_area=&#8221;post_content&#8221;]<p data-start=\"598\" data-end=\"832\">L\u2019Hotel Hubertus a Valdaora \u00e8 una struttura a conduzione familiare, guidata da Markus Gasser e da sua sorella Daniela. Con 74 camere e circa 100 collaboratori, l\u2019hotel attribuisce grande importanza a un turismo sostenibile e attivo.<\/p>\n<p data-start=\"834\" data-end=\"1209\">Nell\u2019ambito del progetto con <strong>Terra Institute<\/strong> ed <strong>EarthCheck<\/strong> \u00e8 stato avviato un processo di sostenibilit\u00e0 completo, che prende in considerazione gli aspetti ecologici, sociali ed economici della gestione alberghiera. Per la direzione dell\u2019hotel questo processo \u00e8 stato un\u2019esperienza nuova e stimolante, perch\u00e9 affrontava in profondit\u00e0 i fondamenti di un\u2019economia sostenibile.<\/p>[\/et_pb_text][\/et_pb_column][\/et_pb_row][et_pb_row module_id=&#8221;g\u00f6g-intro&#8221; _builder_version=&#8221;4.24.2&#8243; _module_preset=&#8221;default&#8221; module_alignment=&#8221;center&#8221; custom_margin=&#8221;9px|auto||auto||&#8221; custom_padding=&#8221;23px||1px|||&#8221; border_color_top=&#8221;rgba(125,113,104,0.25)&#8221; global_colors_info=&#8221;{}&#8221; theme_builder_area=&#8221;post_content&#8221;][et_pb_column type=&#8221;4_4&#8243; _builder_version=&#8221;4.16&#8243; _module_preset=&#8221;default&#8221; global_colors_info=&#8221;{}&#8221; theme_builder_area=&#8221;post_content&#8221;][et_pb_text _builder_version=&#8221;4.27.4&#8243; _module_preset=&#8221;default&#8221; header_3_text_color=&#8221;#428ca6&#8243; global_colors_info=&#8221;{}&#8221; theme_builder_area=&#8221;post_content&#8221;]<p data-start=\"1211\" data-end=\"1549\">Particolarmente prezioso \u00e8 stato il fatto che, oltre alle misure molto ampie e strategiche, venissero considerate anche le piccole azioni e i modi di pensare quotidiani. Queste nuove prospettive hanno aiutato il team ad affrontare il tema in modo pi\u00f9 consapevole e olistico e a radicare cambiamenti duraturi all\u2019interno della struttura.<\/p>\n<p data-start=\"1551\" data-end=\"1738\">Grazie a brevi riunioni periodiche, le nuove consapevolezze sono state subito integrate nella quotidianit\u00e0 operativa, elemento vissuto come un fattore di successo centrale del processo.<\/p>[\/et_pb_text][et_pb_button button_url=&#8221;#kontakt&#8221; button_text=&#8221;Contatta Terra ora&#8221; _builder_version=&#8221;4.27.4&#8243; _module_preset=&#8221;default&#8221; custom_button=&#8221;on&#8221; button_text_size=&#8221;16px&#8221; button_text_color=&#8221;#FFFFFF&#8221; button_bg_color=&#8221;#428ca6&#8243; background_layout=&#8221;dark&#8221; global_colors_info=&#8221;{}&#8221; button_text_color__hover_enabled=&#8221;off|desktop&#8221; theme_builder_area=&#8221;post_content&#8221;][\/et_pb_button][\/et_pb_column][\/et_pb_row][et_pb_row module_id=&#8221;keyfacts&#8221; _builder_version=&#8221;4.27.4&#8243; _module_preset=&#8221;default&#8221; custom_padding=&#8221;||0px|||&#8221; global_colors_info=&#8221;{}&#8221; theme_builder_area=&#8221;post_content&#8221;][et_pb_column type=&#8221;4_4&#8243; _builder_version=&#8221;4.22.1&#8243; _module_preset=&#8221;default&#8221; global_colors_info=&#8221;{}&#8221; theme_builder_area=&#8221;post_content&#8221;][et_pb_text _builder_version=&#8221;4.27.4&#8243; _module_preset=&#8221;default&#8221; width=&#8221;85.6%&#8221; global_colors_info=&#8221;{}&#8221; theme_builder_area=&#8221;post_content&#8221;]<h3>Key Facts Hotel Hubertus<\/h3>[\/et_pb_text][\/et_pb_column][\/et_pb_row][et_pb_row column_structure=&#8221;1_5,1_5,1_5,1_5,1_5&#8243; disabled_on=&#8221;off|off|off&#8221; _builder_version=&#8221;4.22.1&#8243; _module_preset=&#8221;default&#8221; custom_padding=&#8221;0px|||||&#8221; global_colors_info=&#8221;{}&#8221; theme_builder_area=&#8221;post_content&#8221;][et_pb_column type=&#8221;1_5&#8243; _builder_version=&#8221;4.22.1&#8243; _module_preset=&#8221;default&#8221; global_colors_info=&#8221;{}&#8221; theme_builder_area=&#8221;post_content&#8221;][et_pb_image src=&#8221;https:\/\/terra-institute.eu\/it\/wp-content\/uploads\/2025\/04\/kind-of-project-e1706788177352.png&#8221; title_text=&#8221;kind of project&#8221; _builder_version=&#8221;4.22.1&#8243; _module_preset=&#8221;default&#8221; global_colors_info=&#8221;{}&#8221; theme_builder_area=&#8221;post_content&#8221;][\/et_pb_image][et_pb_text _builder_version=&#8221;4.27.4&#8243; _module_preset=&#8221;default&#8221; header_3_text_color=&#8221;#428ca6&#8243; global_colors_info=&#8221;{}&#8221; theme_builder_area=&#8221;post_content&#8221;]<p data-start=\"274\" data-end=\"355\"><strong data-start=\"274\" data-end=\"300\">Tipologia di progetto:<\/strong> processo di sostenibilit\u00e0 e certificazione con audit<\/p>[\/et_pb_text][\/et_pb_column][et_pb_column type=&#8221;1_5&#8243; _builder_version=&#8221;4.22.1&#8243; _module_preset=&#8221;default&#8221; global_colors_info=&#8221;{}&#8221; theme_builder_area=&#8221;post_content&#8221;][et_pb_image src=&#8221;https:\/\/terra-institute.eu\/it\/wp-content\/uploads\/2025\/01\/terra-client-since-e1706779538830.png&#8221; title_text=&#8221;terra client since&#8221; _builder_version=&#8221;4.22.1&#8243; _module_preset=&#8221;default&#8221; global_colors_info=&#8221;{}&#8221; theme_builder_area=&#8221;post_content&#8221;][\/et_pb_image][et_pb_text _builder_version=&#8221;4.27.4&#8243; _module_preset=&#8221;default&#8221; header_3_text_color=&#8221;#428ca6&#8243; global_colors_info=&#8221;{}&#8221; theme_builder_area=&#8221;post_content&#8221;]<p data-start=\"416\" data-end=\"445\"><strong data-start=\"416\" data-end=\"438\">Cliente Terra dal:<\/strong> 2023<\/p>[\/et_pb_text][\/et_pb_column][et_pb_column type=&#8221;1_5&#8243; _builder_version=&#8221;4.22.1&#8243; _module_preset=&#8221;default&#8221; global_colors_info=&#8221;{}&#8221; theme_builder_area=&#8221;post_content&#8221;][et_pb_image src=&#8221;https:\/\/terra-institute.eu\/it\/wp-content\/uploads\/2025\/01\/headquarters-e1706715111396.png&#8221; title_text=&#8221;headquarters&#8221; _builder_version=&#8221;4.22.1&#8243; _module_preset=&#8221;default&#8221; global_colors_info=&#8221;{}&#8221; theme_builder_area=&#8221;post_content&#8221;][\/et_pb_image][et_pb_text _builder_version=&#8221;4.27.4&#8243; _module_preset=&#8221;default&#8221; header_3_text_color=&#8221;#428ca6&#8243; global_colors_info=&#8221;{}&#8221; theme_builder_area=&#8221;post_content&#8221;]<p><strong data-start=\"180\" data-end=\"193\">Localit\u00e0:<\/strong> Valdaora, Italia<\/p>[\/et_pb_text][\/et_pb_column][et_pb_column type=&#8221;1_5&#8243; _builder_version=&#8221;4.27.4&#8243; _module_preset=&#8221;default&#8221; global_colors_info=&#8221;{}&#8221; theme_builder_area=&#8221;post_content&#8221;][et_pb_image src=&#8221;https:\/\/terra-institute.eu\/it\/wp-content\/uploads\/2025\/01\/number-of-employees-e1706714553773.png&#8221; alt=&#8221;Icon Anzahl der Mitarbeiter:innen&#8221; title_text=&#8221;Anzahl der Mitarbeiter:innen&#8221; _builder_version=&#8221;4.27.4&#8243; _module_preset=&#8221;default&#8221; global_colors_info=&#8221;{}&#8221; theme_builder_area=&#8221;post_content&#8221;][\/et_pb_image][et_pb_text _builder_version=&#8221;4.27.4&#8243; _module_preset=&#8221;default&#8221; header_3_text_color=&#8221;#428ca6&#8243; global_colors_info=&#8221;{}&#8221; theme_builder_area=&#8221;post_content&#8221;]<p><span>Numero di <b>collaboratrici e collaboratori: <\/b>100<\/span><\/p>[\/et_pb_text][\/et_pb_column][et_pb_column type=&#8221;1_5&#8243; _builder_version=&#8221;4.22.1&#8243; _module_preset=&#8221;default&#8221; global_colors_info=&#8221;{}&#8221; theme_builder_area=&#8221;post_content&#8221;][et_pb_image src=&#8221;https:\/\/terra-institute.eu\/it\/wp-content\/uploads\/2025\/04\/link-to-website-e1706788575343.png&#8221; title_text=&#8221;link to website&#8221; _builder_version=&#8221;4.22.1&#8243; _module_preset=&#8221;default&#8221; global_colors_info=&#8221;{}&#8221; theme_builder_area=&#8221;post_content&#8221;][\/et_pb_image][et_pb_text _builder_version=&#8221;4.27.4&#8243; _module_preset=&#8221;default&#8221; header_3_text_color=&#8221;#428ca6&#8243; global_colors_info=&#8221;{}&#8221; theme_builder_area=&#8221;post_content&#8221;]<p><strong>Sito web: <a href=\"https:\/\/www.hotel-hubertus.com\/it\" target=\"_blank\" rel=\"noopener\">https:\/\/www.hotel-hubertus.com\/it<\/a><\/strong><\/p>[\/et_pb_text][\/et_pb_column][\/et_pb_row][\/et_pb_section][et_pb_section fb_built=&#8221;1&#8243; module_id=&#8221;herausforderungen&#8221; _builder_version=&#8221;4.27.4&#8243; _module_preset=&#8221;default&#8221; background_color=&#8221;#79a9b6&#8243; global_colors_info=&#8221;{}&#8221; theme_builder_area=&#8221;post_content&#8221;][et_pb_row column_structure=&#8221;2_3,1_3&#8243; module_id=&#8221;vorteile-beratung&#8221; _builder_version=&#8221;4.17.4&#8243; _module_preset=&#8221;default&#8221; custom_padding=&#8221;||0px|||&#8221; global_colors_info=&#8221;{}&#8221; theme_builder_area=&#8221;post_content&#8221;][et_pb_column type=&#8221;2_3&#8243; _builder_version=&#8221;4.17.4&#8243; _module_preset=&#8221;default&#8221; global_colors_info=&#8221;{}&#8221; theme_builder_area=&#8221;post_content&#8221;][et_pb_text module_id=&#8221;beratung&#8221; _builder_version=&#8221;4.27.4&#8243; _module_preset=&#8221;default&#8221; text_text_color=&#8221;#FFFFFF&#8221; header_2_text_color=&#8221;#FFFFFF&#8221; header_2_font_size=&#8221;32px&#8221; width=&#8221;116.1%&#8221; custom_padding=&#8221;||||false|false&#8221; global_colors_info=&#8221;{}&#8221; theme_builder_area=&#8221;post_content&#8221;]<h2><span style=\"color: #ffffff;\">Le sfide durante il progetto<\/span><\/h2>[\/et_pb_text][et_pb_text module_id=&#8221;beratung&#8221; _builder_version=&#8221;4.27.4&#8243; _module_preset=&#8221;default&#8221; text_text_color=&#8221;#FFFFFF&#8221; header_2_text_color=&#8221;#FFFFFF&#8221; header_2_font_size=&#8221;32px&#8221; width=&#8221;116.1%&#8221; custom_padding=&#8221;||||false|false&#8221; global_colors_info=&#8221;{}&#8221; theme_builder_area=&#8221;post_content&#8221;]<p>Il processo di sostenibilit\u00e0 ha comportato diverse sfide:<\/p>[\/et_pb_text][\/et_pb_column][et_pb_column type=&#8221;1_3&#8243; _builder_version=&#8221;4.17.4&#8243; _module_preset=&#8221;default&#8221; global_colors_info=&#8221;{}&#8221; theme_builder_area=&#8221;post_content&#8221;][\/et_pb_column][\/et_pb_row][et_pb_row column_structure=&#8221;1_2,1_2&#8243; _builder_version=&#8221;4.17.4&#8243; _module_preset=&#8221;default&#8221; custom_padding=&#8221;||3px|||&#8221; global_colors_info=&#8221;{}&#8221; theme_builder_area=&#8221;post_content&#8221;][et_pb_column type=&#8221;1_2&#8243; _builder_version=&#8221;4.17.4&#8243; _module_preset=&#8221;default&#8221; global_colors_info=&#8221;{}&#8221; theme_builder_area=&#8221;post_content&#8221;][et_pb_image src=&#8221;https:\/\/terra-institute.eu\/it\/wp-content\/uploads\/2025\/12\/Hubertus-Skypool-1-\u00a9-De-Biasi-Nicho-scaled-1.jpg&#8221; alt=&#8221;Hotel Hubertus im Winter &#8211; Au\u00dfenansicht&#8221; title_text=&#8221;Hubertus &#8211; Skypool 1 \u00a9 De Biasi Nicho&#8221; _builder_version=&#8221;4.27.4&#8243; _module_preset=&#8221;default&#8221; global_colors_info=&#8221;{}&#8221; theme_builder_area=&#8221;post_content&#8221;][\/et_pb_image][\/et_pb_column][et_pb_column type=&#8221;1_2&#8243; _builder_version=&#8221;4.17.4&#8243; _module_preset=&#8221;default&#8221; global_colors_info=&#8221;{}&#8221; theme_builder_area=&#8221;post_content&#8221;][et_pb_text _builder_version=&#8221;4.27.4&#8243; _module_preset=&#8221;default&#8221; text_text_color=&#8221;#FFFFFF&#8221; header_text_color=&#8221;#FFFFFF&#8221; header_2_text_color=&#8221;#FFFFFF&#8221; header_3_text_color=&#8221;#FFFFFF&#8221; global_colors_info=&#8221;{}&#8221; theme_builder_area=&#8221;post_content&#8221;]<p data-start=\"1843\" data-end=\"2194\"><strong data-start=\"1843\" data-end=\"1864\">1. Audit preciso:<\/strong><br data-start=\"1864\" data-end=\"1867\" \/>Una delle maggiori difficolt\u00e0 \u00e8 stato l\u2019audit estremamente accurato alla fine del processo. \u00c8 stato descritto come impegnativo, ma anche molto prezioso. L\u2019audit approfondito ha dimostrato ancora una volta quanto siano importanti una gestione accurata del progetto e dei processi, valorizzando ulteriormente l\u2019intero percorso.<\/p>\n<p data-start=\"2196\" data-end=\"2442\"><strong data-start=\"2196\" data-end=\"2229\">2. Motivazione del personale:<\/strong><br data-start=\"2229\" data-end=\"2232\" \/>Con circa 100 collaboratori non \u00e8 stato semplice coinvolgere tutti nel processo. Alcune persone erano gi\u00e0 molto interessate al tema della sostenibilit\u00e0, altre invece avevano un atteggiamento pi\u00f9 conservatore.<\/p>\n<p data-start=\"2444\" data-end=\"2681\">Per includere tutti, \u00e8 stato creato un team centrale di otto persone, rappresentanti di diverse aree. Questi \u201cambasciatori\u201d hanno portato le proprie idee, condiviso i risultati e comunicato le decisioni all\u2019interno dei rispettivi team.<\/p>[\/et_pb_text][\/et_pb_column][\/et_pb_row][et_pb_row _builder_version=&#8221;4.27.4&#8243; _module_preset=&#8221;default&#8221; global_colors_info=&#8221;{}&#8221; theme_builder_area=&#8221;post_content&#8221;][et_pb_column type=&#8221;4_4&#8243; _builder_version=&#8221;4.27.4&#8243; _module_preset=&#8221;default&#8221; global_colors_info=&#8221;{}&#8221; theme_builder_area=&#8221;post_content&#8221;][et_pb_text _builder_version=&#8221;4.27.4&#8243; _module_preset=&#8221;default&#8221; text_text_color=&#8221;#FFFFFF&#8221; global_colors_info=&#8221;{}&#8221; theme_builder_area=&#8221;post_content&#8221;]<p>In questo modo \u00e8 nata una partecipazione ampia, non imposta dall\u2019alto, ma vissuta dall\u2019interno. Questo approccio partecipativo ha rafforzato l\u2019impegno e si percepisce come anche la cultura aziendale sia entrata in un processo di cambiamento.<\/p>\n<p data-start=\"2928\" data-end=\"3278\"><strong data-start=\"2928\" data-end=\"2966\">3. Raccolta dati e documentazione:<\/strong><br data-start=\"2966\" data-end=\"2969\" \/>Un\u2019ulteriore grande sfida \u00e8 stata la raccolta e l\u2019elaborazione di tutti i dati rilevanti. Se nella quotidianit\u00e0 operativa molte cose avvengono in modo intuitivo, il processo richiedeva invece una documentazione precisa. Tutte le misure dovevano essere registrate, strutturate e caricate in modo tracciabile.<\/p>\n<p data-start=\"3280\" data-end=\"3484\">Per una struttura a conduzione familiare, molto impegnata nel lavoro quotidiano, questo \u00e8 stato un percorso di apprendimento \u2013 soprattutto perch\u00e9 doveva essere garantita la piena verificabilit\u00e0 esterna.<\/p>[\/et_pb_text][et_pb_button button_url=&#8221;#kontakt&#8221; button_text=&#8221;Contatta Terra ora&#8221; _builder_version=&#8221;4.27.4&#8243; _module_preset=&#8221;default&#8221; custom_button=&#8221;on&#8221; button_text_size=&#8221;16px&#8221; button_text_color=&#8221;#FFFFFF&#8221; button_bg_color=&#8221;#428ca6&#8243; background_layout=&#8221;dark&#8221; global_colors_info=&#8221;{}&#8221; button_text_color__hover_enabled=&#8221;off|desktop&#8221; theme_builder_area=&#8221;post_content&#8221;][\/et_pb_button][\/et_pb_column][\/et_pb_row][\/et_pb_section][et_pb_section fb_built=&#8221;1&#8243; module_id=&#8221;was-erreicht-wurde&#8221; _builder_version=&#8221;4.27.4&#8243; _module_preset=&#8221;default&#8221; custom_padding=&#8221;3px||18px|||&#8221; global_colors_info=&#8221;{}&#8221; theme_builder_area=&#8221;post_content&#8221;][et_pb_row module_id=&#8221;leadership&#8221; _builder_version=&#8221;4.17.4&#8243; _module_preset=&#8221;default&#8221; global_colors_info=&#8221;{}&#8221; theme_builder_area=&#8221;post_content&#8221;][et_pb_column type=&#8221;4_4&#8243; _builder_version=&#8221;4.17.4&#8243; _module_preset=&#8221;default&#8221; global_colors_info=&#8221;{}&#8221; theme_builder_area=&#8221;post_content&#8221;][et_pb_text module_id=&#8221;terra&#8221; _builder_version=&#8221;4.27.4&#8243; _module_preset=&#8221;default&#8221; header_2_font_size=&#8221;32px&#8221; global_colors_info=&#8221;{}&#8221; theme_builder_area=&#8221;post_content&#8221;]<h2>Risultati raggiunti<\/h2>[\/et_pb_text][et_pb_text _builder_version=&#8221;4.27.4&#8243; _module_preset=&#8221;default&#8221; global_colors_info=&#8221;{}&#8221; theme_builder_area=&#8221;post_content&#8221;]<p data-start=\"3521\" data-end=\"3761\">Il processo di sostenibilit\u00e0 all\u2019Hotel Hubertus ha portato a un profondo cambiamento di consapevolezza in tutto il team. Grazie alla stretta collaborazione con Terra Institute \u00e8 nata una cultura dell\u2019apprendimento e dell\u2019azione condivisa.<\/p>\n<p data-start=\"3763\" data-end=\"3792\"><strong>Risultati e impatti concreti:<\/strong><\/p>\n<ul data-start=\"3794\" data-end=\"5273\">\n<li data-start=\"3794\" data-end=\"4171\">\n<p data-start=\"3796\" data-end=\"4171\"><strong data-start=\"3796\" data-end=\"3842\">Comprensione olistica della sostenibilit\u00e0:<\/strong><br data-start=\"3842\" data-end=\"3845\" \/>Il progetto ha trasmesso che la sostenibilit\u00e0 non significa solo tutela dell\u2019ambiente, ma porta anche vantaggi sociali ed economici. Markus Gasser ha sottolineato che gli investimenti sostenibili \u2013 ad esempio in impianti fotovoltaici o in una caldaia a cippato \u2013 generano benefici ecologici ed economici nel lungo periodo.<\/p>\n<\/li>\n<li data-start=\"4173\" data-end=\"4455\">\n<p data-start=\"4175\" data-end=\"4455\"><strong data-start=\"4175\" data-end=\"4221\">Miglioramento della comunicazione interna:<\/strong><br data-start=\"4221\" data-end=\"4224\" \/>Attraverso riunioni periodiche e il coinvolgimento di tutti i livelli \u00e8 stato rafforzato il senso di appartenenza. I collaboratori sono stati messi nelle condizioni di assumersi responsabilit\u00e0 e contribuire con le proprie idee.<\/p>\n<\/li>\n<li data-start=\"4457\" data-end=\"4714\">\n<p data-start=\"4459\" data-end=\"4714\"><strong data-start=\"4459\" data-end=\"4493\">Maggiore qualit\u00e0 dei processi:<\/strong><br data-start=\"4493\" data-end=\"4496\" \/>L\u2019accuratezza dell\u2019audit e la strutturazione della raccolta dati hanno portato a una maggiore professionalizzazione della gestione interna. Oggi le decisioni vengono prese in modo pi\u00f9 trasparente e basato sui dati.<\/p>\n<\/li>\n<li data-start=\"4716\" data-end=\"5005\">\n<p data-start=\"4718\" data-end=\"5005\"><strong data-start=\"4718\" data-end=\"4757\">Motivazione e iniziativa personale:<\/strong><br data-start=\"4757\" data-end=\"4760\" \/>L\u2019approccio partecipativo, che ha visto agire insieme direzione e collaboratori, ha aumentato la motivazione in tutta la struttura. La sostenibilit\u00e0 \u00e8 diventata una componente vissuta della quotidianit\u00e0 \u2013 non un obbligo imposto dall\u2019esterno.<\/p>\n<\/li>\n<li data-start=\"5007\" data-end=\"5273\">\n<p data-start=\"5009\" data-end=\"5273\"><strong data-start=\"5009\" data-end=\"5045\">Valore aggiunto a lungo termine:<\/strong><br data-start=\"5045\" data-end=\"5048\" \/>All\u2019Hubertus la sostenibilit\u00e0 non viene vissuta come una limitazione, ma come un\u2019opportunit\u00e0 per creare un \u201cvalore aggiunto per tutti\u201d \u2013 per gli ospiti, per i collaboratori, per l\u2019ambiente e per la redditivit\u00e0 dell\u2019hotel.<\/p>\n<\/li>\n<\/ul>[\/et_pb_text][\/et_pb_column][\/et_pb_row][\/et_pb_section][et_pb_section fb_built=&#8221;1&#8243; module_id=&#8221;fazit&#8221; _builder_version=&#8221;4.27.4&#8243; _module_preset=&#8221;default&#8221; background_color=&#8221;#79a9b6&#8243; global_colors_info=&#8221;{}&#8221; theme_builder_area=&#8221;post_content&#8221;][et_pb_row column_structure=&#8221;2_3,1_3&#8243; module_id=&#8221;vorteile-beratung&#8221; _builder_version=&#8221;4.17.4&#8243; _module_preset=&#8221;default&#8221; custom_padding=&#8221;||0px|||&#8221; global_colors_info=&#8221;{}&#8221; theme_builder_area=&#8221;post_content&#8221;][et_pb_column type=&#8221;2_3&#8243; _builder_version=&#8221;4.17.4&#8243; _module_preset=&#8221;default&#8221; global_colors_info=&#8221;{}&#8221; theme_builder_area=&#8221;post_content&#8221;][et_pb_text module_id=&#8221;beratung&#8221; _builder_version=&#8221;4.27.4&#8243; _module_preset=&#8221;default&#8221; text_text_color=&#8221;#FFFFFF&#8221; header_2_text_color=&#8221;#FFFFFF&#8221; header_2_font_size=&#8221;32px&#8221; width=&#8221;116.1%&#8221; custom_padding=&#8221;||||false|false&#8221; global_colors_info=&#8221;{}&#8221; theme_builder_area=&#8221;post_content&#8221;]<h2><span style=\"color: #ffffff;\">Raccomandazione<\/span><\/h2>[\/et_pb_text][\/et_pb_column][et_pb_column type=&#8221;1_3&#8243; _builder_version=&#8221;4.17.4&#8243; _module_preset=&#8221;default&#8221; global_colors_info=&#8221;{}&#8221; theme_builder_area=&#8221;post_content&#8221;][\/et_pb_column][\/et_pb_row][et_pb_row column_structure=&#8221;1_2,1_2&#8243; _builder_version=&#8221;4.17.4&#8243; _module_preset=&#8221;default&#8221; custom_padding=&#8221;||3px|||&#8221; global_colors_info=&#8221;{}&#8221; theme_builder_area=&#8221;post_content&#8221;][et_pb_column type=&#8221;1_2&#8243; _builder_version=&#8221;4.17.4&#8243; _module_preset=&#8221;default&#8221; global_colors_info=&#8221;{}&#8221; theme_builder_area=&#8221;post_content&#8221;][et_pb_text _builder_version=&#8221;4.27.4&#8243; _module_preset=&#8221;default&#8221; text_text_color=&#8221;#FFFFFF&#8221; header_text_color=&#8221;#FFFFFF&#8221; header_2_text_color=&#8221;#FFFFFF&#8221; header_3_text_color=&#8221;#FFFFFF&#8221; global_colors_info=&#8221;{}&#8221; theme_builder_area=&#8221;post_content&#8221;]<article class=\"text-token-text-primary w-full focus:outline-none [--shadow-height:45px] has-data-writing-block:pointer-events-none has-data-writing-block:-mt-(--shadow-height) has-data-writing-block:pt-(--shadow-height) [&amp;:has([data-writing-block])&gt;*]:pointer-events-auto scroll-mt-[calc(var(--header-height)+min(200px,max(70px,20svh)))]\" dir=\"auto\" data-turn-id=\"cf4d15c2-f90c-4d3c-8306-ad415fb8ad27\" data-testid=\"conversation-turn-8\" data-scroll-anchor=\"false\" data-turn=\"assistant\" tabindex=\"-1\">\n<div class=\"text-base my-auto mx-auto [--thread-content-margin:--spacing(4)] thread-sm:[--thread-content-margin:--spacing(6)] thread-lg:[--thread-content-margin:--spacing(16)] px-(--thread-content-margin)\">\n<div class=\"[--thread-content-max-width:40rem] thread-lg:[--thread-content-max-width:48rem] mx-auto max-w-(--thread-content-max-width) flex-1 group\/turn-messages focus-visible:outline-hidden relative flex w-full min-w-0 flex-col agent-turn\" tabindex=\"-1\">\n<div class=\"flex max-w-full flex-col grow\">\n<div data-message-author-role=\"assistant\" data-message-id=\"0baf2f0f-1b3f-4af4-a169-ef7a171adcc9\" dir=\"auto\" class=\"min-h-8 text-message relative flex w-full flex-col items-end gap-2 text-start break-words whitespace-normal [.text-message+&amp;]:mt-1\" data-message-model-slug=\"gpt-5-1-thinking\">\n<div class=\"flex w-full flex-col gap-1 empty:hidden first:pt-[1px]\">\n<div class=\"markdown prose dark:prose-invert w-full break-words light markdown-new-styling\">\n<p data-start=\"5302\" data-end=\"5521\">Markus Gasser raccomanda espressamente il processo di sostenibilit\u00e0. Sottolinea in particolare che il percorso <strong>coinvolge tutte le persone in azienda<\/strong>, indipendentemente dal livello iniziale di conoscenza o motivazione.<\/p>\n<p data-start=\"5523\" data-end=\"5657\">Grazie alla struttura e all\u2019accompagnamento di Terra Institute, ognuno ha la possibilit\u00e0 di contribuire e di crescere personalmente.<\/p>\n<p data-start=\"5659\" data-end=\"5844\" data-is-last-node=\"\" data-is-only-node=\"\">Questa apertura e sistematicit\u00e0 rendono, secondo Gasser, il processo uno strumento ideale per gli hotel che non vogliono solo comunicare la sostenibilit\u00e0, ma desiderano davvero viverla.<\/p>\n<\/div>\n<\/div>\n<\/div>\n<\/div>\n<div class=\"z-0 flex min-h-[46px] justify-start\"><\/div>\n<\/div>\n<\/div>\n<\/article>\n<article class=\"text-token-text-primary w-full focus:outline-none [--shadow-height:45px] has-data-writing-block:pointer-events-none has-data-writing-block:-mt-(--shadow-height) has-data-writing-block:pt-(--shadow-height) [&amp;:has([data-writing-block])&gt;*]:pointer-events-auto scroll-mt-(--header-height)\" dir=\"auto\" data-turn-id=\"b7894978-efba-4724-9b06-cdd6a78039ff\" data-testid=\"conversation-turn-9\" data-scroll-anchor=\"false\" data-turn=\"user\" tabindex=\"-1\">\n<h5 class=\"sr-only\"><\/h5>\n<\/article>[\/et_pb_text][\/et_pb_column][et_pb_column type=&#8221;1_2&#8243; _builder_version=&#8221;4.17.4&#8243; _module_preset=&#8221;default&#8221; global_colors_info=&#8221;{}&#8221; theme_builder_area=&#8221;post_content&#8221;][et_pb_image src=&#8221;https:\/\/terra-institute.eu\/it\/wp-content\/uploads\/2025\/12\/Hubertus-2022-HeavenHell-\u00a9-Your_Passport-scaled-1.jpg&#8221; alt=&#8221;Hotel Hubertus, Olang&#8221; _builder_version=&#8221;4.27.4&#8243; _module_preset=&#8221;default&#8221; global_colors_info=&#8221;{}&#8221; theme_builder_area=&#8221;post_content&#8221;][\/et_pb_image][\/et_pb_column][\/et_pb_row][\/et_pb_section][et_pb_section fb_built=&#8221;1&#8243; module_id=&#8221;zitat&#8221; _builder_version=&#8221;4.27.4&#8243; _module_preset=&#8221;default&#8221; custom_padding=&#8221;3px||18px|||&#8221; global_colors_info=&#8221;{}&#8221; theme_builder_area=&#8221;post_content&#8221;][et_pb_row module_id=&#8221;leadership&#8221; _builder_version=&#8221;4.17.4&#8243; _module_preset=&#8221;default&#8221; global_colors_info=&#8221;{}&#8221; theme_builder_area=&#8221;post_content&#8221;][et_pb_column type=&#8221;4_4&#8243; _builder_version=&#8221;4.17.4&#8243; _module_preset=&#8221;default&#8221; global_colors_info=&#8221;{}&#8221; theme_builder_area=&#8221;post_content&#8221;][et_pb_text module_id=&#8221;terra&#8221; _builder_version=&#8221;4.27.4&#8243; _module_preset=&#8221;default&#8221; header_2_font_size=&#8221;32px&#8221; header_3_font_size=&#8221;32px&#8221; header_4_font_size=&#8221;22px&#8221; width=&#8221;100%&#8221; global_colors_info=&#8221;{}&#8221; theme_builder_area=&#8221;post_content&#8221;]<h2>Vivere la sostenibilit\u00e0: oltre la certificazione \u2013 Markus Gasser, titolare dell\u2019Hotel Hubertus, sul progetto<\/h2>[\/et_pb_text][\/et_pb_column][\/et_pb_row][et_pb_row column_structure=&#8221;3_4,1_4&#8243; _builder_version=&#8221;4.22.1&#8243; _module_preset=&#8221;default&#8221; global_colors_info=&#8221;{}&#8221; theme_builder_area=&#8221;post_content&#8221;][et_pb_column type=&#8221;3_4&#8243; _builder_version=&#8221;4.22.1&#8243; _module_preset=&#8221;default&#8221; global_colors_info=&#8221;{}&#8221; theme_builder_area=&#8221;post_content&#8221;][et_pb_testimonial author=&#8221;Markus Gasser&#8221; job_title=&#8221;Titolare&#8221; company_name=&#8221;Hotel Hubertus&#8221; portrait_url=&#8221;https:\/\/terra-institute.eu\/it\/wp-content\/uploads\/2025\/12\/Markus-Gasser-scaled-1.jpg&#8221; portrait_width=&#8221;140px&#8221; portrait_height=&#8221;140px&#8221; _builder_version=&#8221;4.27.4&#8243; _module_preset=&#8221;default&#8221; border_radii_portrait=&#8221;on|140px|140px|140px|140px&#8221; global_colors_info=&#8221;{}&#8221; theme_builder_area=&#8221;post_content&#8221;]<p><span data-contrast=\"none\" xml:lang=\"DE-DE\" lang=\"DE-DE\" class=\"TextRun SCXW54758502 BCX8\"><span class=\"NormalTextRun SCXW54758502 BCX8\">\u201ePer noi la sostenibilit\u00e0 non \u00e8 una tendenza, ma un impegno. EarthCheck rende questo impegno misurabile.<\/span><\/span><span data-contrast=\"none\" xml:lang=\"DE-DE\" lang=\"DE-DE\" class=\"TextRun SCXW54758502 BCX8\"><span class=\"NormalTextRun SCXW54758502 BCX8\">\u201c<\/span><\/span><span class=\"EOP SCXW54758502 BCX8\" data-ccp-props=\"{&quot;201341983&quot;:0,&quot;335559685&quot;:720,&quot;335559739&quot;:0,&quot;335559740&quot;:240}\">\u00a0<\/span><\/p>[\/et_pb_testimonial][\/et_pb_column][et_pb_column type=&#8221;1_4&#8243; _builder_version=&#8221;4.22.1&#8243; _module_preset=&#8221;default&#8221; global_colors_info=&#8221;{}&#8221; theme_builder_area=&#8221;post_content&#8221;][et_pb_image src=&#8221;https:\/\/terra-institute.eu\/it\/wp-content\/uploads\/2025\/12\/Hubertus_Logo.png&#8221; alt=&#8221;Hubertus_Logo&#8221; title_text=&#8221;Hubertus_Logo&#8221; _builder_version=&#8221;4.27.4&#8243; _module_preset=&#8221;default&#8221; global_colors_info=&#8221;{}&#8221; theme_builder_area=&#8221;post_content&#8221;][\/et_pb_image][\/et_pb_column][\/et_pb_row][\/et_pb_section][et_pb_section fb_built=&#8221;1&#8243; module_id=&#8221;projektleiter&#8221; _builder_version=&#8221;4.27.4&#8243; _module_preset=&#8221;default&#8221; background_color=&#8221;#79a9b6&#8243; custom_padding=&#8221;3px||18px|||&#8221; hover_enabled=&#8221;0&#8243; locked=&#8221;off&#8221; global_colors_info=&#8221;{}&#8221; theme_builder_area=&#8221;post_content&#8221; sticky_enabled=&#8221;0&#8243;][et_pb_row column_structure=&#8221;3_5,2_5&#8243; module_id=&#8221;leadership&#8221; _builder_version=&#8221;4.17.4&#8243; _module_preset=&#8221;default&#8221; global_colors_info=&#8221;{}&#8221; theme_builder_area=&#8221;post_content&#8221;][et_pb_column type=&#8221;3_5&#8243; _builder_version=&#8221;4.17.4&#8243; _module_preset=&#8221;default&#8221; global_colors_info=&#8221;{}&#8221; theme_builder_area=&#8221;post_content&#8221;][et_pb_text module_id=&#8221;terra&#8221; _builder_version=&#8221;4.27.4&#8243; _module_preset=&#8221;default&#8221; header_2_text_color=&#8221;#FFFFFF&#8221; header_2_font_size=&#8221;32px&#8221; width=&#8221;100%&#8221; global_colors_info=&#8221;{}&#8221; theme_builder_area=&#8221;post_content&#8221;]<h2><span style=\"color: #ffffff;\">Consulente Terra e Project Manager: Paolo Agnelli<\/span><\/h2>[\/et_pb_text][\/et_pb_column][et_pb_column type=&#8221;2_5&#8243; _builder_version=&#8221;4.17.4&#8243; _module_preset=&#8221;default&#8221; global_colors_info=&#8221;{}&#8221; theme_builder_area=&#8221;post_content&#8221;][\/et_pb_column][\/et_pb_row][et_pb_row column_structure=&#8221;2_5,3_5&#8243; _builder_version=&#8221;4.17.4&#8243; _module_preset=&#8221;default&#8221; global_colors_info=&#8221;{}&#8221; theme_builder_area=&#8221;post_content&#8221;][et_pb_column type=&#8221;2_5&#8243; _builder_version=&#8221;4.17.4&#8243; _module_preset=&#8221;default&#8221; global_colors_info=&#8221;{}&#8221; theme_builder_area=&#8221;post_content&#8221;][et_pb_image src=&#8221;https:\/\/terra-institute.eu\/it\/wp-content\/uploads\/2023\/08\/Paolo-Agnelli-300&#215;300-1.jpg&#8221; alt=&#8221;Profilbild Alexander Schweitzer&#8221; title_text=&#8221;Paolo-Agnelli-300&#215;300-1&#8243; _builder_version=&#8221;4.27.4&#8243; _module_preset=&#8221;default&#8221; global_colors_info=&#8221;{}&#8221; theme_builder_area=&#8221;post_content&#8221;][\/et_pb_image][et_pb_button button_url=&#8221;#kontakt&#8221; button_text=&#8221;Contattaci ora&#8221; _builder_version=&#8221;4.27.4&#8243; _module_preset=&#8221;default&#8221; custom_button=&#8221;on&#8221; button_text_size=&#8221;16px&#8221; button_text_color=&#8221;#FFFFFF&#8221; button_bg_color=&#8221;#428ca6&#8243; background_layout=&#8221;dark&#8221; global_colors_info=&#8221;{}&#8221; button_text_color__hover_enabled=&#8221;off|desktop&#8221; theme_builder_area=&#8221;post_content&#8221;][\/et_pb_button][\/et_pb_column][et_pb_column type=&#8221;3_5&#8243; _builder_version=&#8221;4.17.4&#8243; _module_preset=&#8221;default&#8221; global_colors_info=&#8221;{}&#8221; theme_builder_area=&#8221;post_content&#8221;][et_pb_text _builder_version=&#8221;4.27.4&#8243; _module_preset=&#8221;default&#8221; text_text_color=&#8221;#FFFFFF&#8221; width=&#8221;85.6%&#8221; global_colors_info=&#8221;{}&#8221; theme_builder_area=&#8221;post_content&#8221;]<p data-ccp-props=\"{&quot;335551550&quot;:1,&quot;335551620&quot;:1,&quot;335559683&quot;:0,&quot;335559685&quot;:0,&quot;335559731&quot;:0,&quot;335559737&quot;:0,&quot;335562764&quot;:2,&quot;335562765&quot;:1,&quot;335562766&quot;:4,&quot;335562767&quot;:0,&quot;335562768&quot;:4,&quot;335562769&quot;:0}\"><strong>PAOLO AGNELLI\u200b <\/strong><span data-usefontface=\"false\" data-contrast=\"none\">Con un background di studi economici, dal 1999 Paolo Agnelli fa consulenza per <\/span><span data-usefontface=\"false\" data-contrast=\"none\">aziende di diverse dimensioni e settori. La sua esperienza progettuale spazia dai grandi <\/span><span data-usefontface=\"false\" data-contrast=\"none\">gruppi industriali, fino alle PMI e alle nuove e giovani startup. Paolo riunisce in s\u00e9 solide <\/span><span data-usefontface=\"false\" data-contrast=\"none\">conoscenze di marketing, creativit\u00e0 e grande esperienza interculturale. Assiste e <\/span><span data-usefontface=\"false\" data-contrast=\"none\">coadiuva l&#8217;attivit\u00e0 dei manager, segue nel tempo le imprese, tiene workshop dedicati <\/span><span data-usefontface=\"false\" data-contrast=\"none\">alle strategie d&#8217;impresa. Cresciuto in Alto Adige ma con radici siciliane si muove in <\/span><span data-usefontface=\"false\" data-contrast=\"none\">disinvoltura tra Amburgo e Palermo conoscendo in modo profondo le differenze <\/span><span data-usefontface=\"false\" data-contrast=\"none\">culturali di questi mercati. Paolo racchiude in s\u00e9 la concretezza tedesca mescolata al <\/span><span data-usefontface=\"false\" data-contrast=\"none\">temperamento italiano e a un forte spirto cosmopolita. <\/span><\/p>[\/et_pb_text][\/et_pb_column][\/et_pb_row][\/et_pb_section][et_pb_section fb_built=&#8221;1&#8243; _builder_version=&#8221;4.16&#8243; _module_preset=&#8221;default&#8221; custom_padding=&#8221;20px||28px|||&#8221; locked=&#8221;off&#8221; global_colors_info=&#8221;{}&#8221; theme_builder_area=&#8221;post_content&#8221;][et_pb_row _builder_version=&#8221;4.16&#8243; _module_preset=&#8221;default&#8221; global_colors_info=&#8221;{}&#8221; theme_builder_area=&#8221;post_content&#8221;][et_pb_column type=&#8221;4_4&#8243; _builder_version=&#8221;4.16&#8243; _module_preset=&#8221;default&#8221; global_colors_info=&#8221;{}&#8221; theme_builder_area=&#8221;post_content&#8221;][et_pb_text _builder_version=&#8221;4.27.4&#8243; _module_preset=&#8221;default&#8221; header_font_size=&#8221;42px&#8221; header_line_height=&#8221;1.1em&#8221; header_2_font_size=&#8221;42px&#8221; animation_style=&#8221;fade&#8221; global_colors_info=&#8221;{}&#8221; theme_builder_area=&#8221;post_content&#8221;]<h2>Le aziende<br \/><span style=\"color: #79a9b6;\">che ci hanno scelto<\/span><\/h2>[\/et_pb_text][\/et_pb_column][\/et_pb_row][et_pb_row use_custom_gutter=&#8221;on&#8221; gutter_width=&#8221;1&#8243; make_equal=&#8221;on&#8221; _builder_version=&#8221;4.16&#8243; _module_preset=&#8221;default&#8221; custom_margin=&#8221;|auto|30px|auto||&#8221; custom_padding=&#8221;0px||0px|||&#8221; border_color_all=&#8221;rgba(125,113,104,0.25)&#8221; border_width_top=&#8221;1px&#8221; border_color_top=&#8221;#e2e2e2&#8243; border_width_bottom=&#8221;1px&#8221; border_color_bottom=&#8221;#e2e2e2&#8243; global_colors_info=&#8221;{}&#8221; theme_builder_area=&#8221;post_content&#8221;][et_pb_column type=&#8221;4_4&#8243; _builder_version=&#8221;4.16&#8243; _module_preset=&#8221;default&#8221; global_colors_info=&#8221;{}&#8221; theme_builder_area=&#8221;post_content&#8221;][wdcl_logo_carousel autoplay_speed=&#8221;1100ms&#8221; slide_count=&#8221;4&#8243; logo_height=&#8221;109px&#8221; logo_width=&#8221;112px&#8221; _builder_version=&#8221;4.27.4&#8243; _module_preset=&#8221;default&#8221; global_colors_info=&#8221;{}&#8221; theme_builder_area=&#8221;post_content&#8221;][wdcl_logo_carousel_child logo=&#8221;https:\/\/terra-institute.eu\/wp-content\/uploads\/2021\/05\/a.loacker-web-768&#215;302-1.jpg&#8221; _builder_version=&#8221;4.22.1&#8243; _module_preset=&#8221;default&#8221; global_colors_info=&#8221;{}&#8221; theme_builder_area=&#8221;post_content&#8221;][\/wdcl_logo_carousel_child][wdcl_logo_carousel_child logo=&#8221;https:\/\/terra-institute.eu\/wp-content\/uploads\/2021\/05\/apparatebau.png&#8221; _builder_version=&#8221;4.22.1&#8243; _module_preset=&#8221;default&#8221; global_colors_info=&#8221;{}&#8221; theme_builder_area=&#8221;post_content&#8221;][\/wdcl_logo_carousel_child][wdcl_logo_carousel_child logo=&#8221;https:\/\/terra-institute.eu\/wp-content\/uploads\/2021\/05\/apus.png&#8221; _builder_version=&#8221;4.22.1&#8243; _module_preset=&#8221;default&#8221; global_colors_info=&#8221;{}&#8221; theme_builder_area=&#8221;post_content&#8221;][\/wdcl_logo_carousel_child][wdcl_logo_carousel_child logo=&#8221;https:\/\/terra-institute.eu\/wp-content\/uploads\/2021\/05\/bautechnik-1.png&#8221; _builder_version=&#8221;4.22.1&#8243; _module_preset=&#8221;default&#8221; global_colors_info=&#8221;{}&#8221; theme_builder_area=&#8221;post_content&#8221;][\/wdcl_logo_carousel_child][wdcl_logo_carousel_child logo=&#8221;https:\/\/terra-institute.eu\/wp-content\/uploads\/2021\/05\/biosuedtirol.jpg&#8221; _builder_version=&#8221;4.22.1&#8243; _module_preset=&#8221;default&#8221; global_colors_info=&#8221;{}&#8221; theme_builder_area=&#8221;post_content&#8221;][\/wdcl_logo_carousel_child][wdcl_logo_carousel_child logo=&#8221;https:\/\/terra-institute.eu\/wp-content\/uploads\/2021\/05\/ecor-300&#215;141-1.jpg&#8221; _builder_version=&#8221;4.22.1&#8243; _module_preset=&#8221;default&#8221; global_colors_info=&#8221;{}&#8221; theme_builder_area=&#8221;post_content&#8221;][\/wdcl_logo_carousel_child][wdcl_logo_carousel_child logo=&#8221;https:\/\/terra-institute.eu\/wp-content\/uploads\/2021\/05\/ehrmann.png&#8221; _builder_version=&#8221;4.22.1&#8243; _module_preset=&#8221;default&#8221; global_colors_info=&#8221;{}&#8221; theme_builder_area=&#8221;post_content&#8221;][\/wdcl_logo_carousel_child][wdcl_logo_carousel_child logo=&#8221;https:\/\/terra-institute.eu\/wp-content\/uploads\/2021\/05\/fondital-768&#215;269-1.jpg&#8221; _builder_version=&#8221;4.22.1&#8243; _module_preset=&#8221;default&#8221; global_colors_info=&#8221;{}&#8221; theme_builder_area=&#8221;post_content&#8221;][\/wdcl_logo_carousel_child][wdcl_logo_carousel_child logo=&#8221;https:\/\/terra-institute.eu\/wp-content\/uploads\/2021\/05\/hochland.jpg&#8221; _builder_version=&#8221;4.22.1&#8243; _module_preset=&#8221;default&#8221; global_colors_info=&#8221;{}&#8221; theme_builder_area=&#8221;post_content&#8221;][\/wdcl_logo_carousel_child][wdcl_logo_carousel_child logo=&#8221;https:\/\/terra-institute.eu\/wp-content\/uploads\/2021\/05\/holziusITA.png&#8221; _builder_version=&#8221;4.22.1&#8243; _module_preset=&#8221;default&#8221; global_colors_info=&#8221;{}&#8221; theme_builder_area=&#8221;post_content&#8221;][\/wdcl_logo_carousel_child][wdcl_logo_carousel_child logo=&#8221;https:\/\/terra-institute.eu\/wp-content\/uploads\/2023\/04\/improove.jpg&#8221; _builder_version=&#8221;4.22.1&#8243; _module_preset=&#8221;default&#8221; global_colors_info=&#8221;{}&#8221; theme_builder_area=&#8221;post_content&#8221;][\/wdcl_logo_carousel_child][wdcl_logo_carousel_child logo=&#8221;https:\/\/terra-institute.eu\/wp-content\/uploads\/2021\/05\/blum.png&#8221; _builder_version=&#8221;4.22.1&#8243; _module_preset=&#8221;default&#8221; global_colors_info=&#8221;{}&#8221; theme_builder_area=&#8221;post_content&#8221;][\/wdcl_logo_carousel_child][wdcl_logo_carousel_child logo=&#8221;https:\/\/terra-institute.eu\/wp-content\/uploads\/2021\/05\/Lilly-Logo.svg_-768&#215;428-1.png&#8221; _builder_version=&#8221;4.22.1&#8243; _module_preset=&#8221;default&#8221; global_colors_info=&#8221;{}&#8221; theme_builder_area=&#8221;post_content&#8221;][\/wdcl_logo_carousel_child][wdcl_logo_carousel_child logo=&#8221;https:\/\/terra-institute.eu\/wp-content\/uploads\/2021\/05\/OLI-1.png&#8221; _builder_version=&#8221;4.22.1&#8243; _module_preset=&#8221;default&#8221; global_colors_info=&#8221;{}&#8221; theme_builder_area=&#8221;post_content&#8221;][\/wdcl_logo_carousel_child][wdcl_logo_carousel_child logo=&#8221;https:\/\/terra-institute.eu\/wp-content\/uploads\/2021\/05\/RAFFMETAL.jpg&#8221; _builder_version=&#8221;4.22.1&#8243; _module_preset=&#8221;default&#8221; global_colors_info=&#8221;{}&#8221; theme_builder_area=&#8221;post_content&#8221;][\/wdcl_logo_carousel_child][wdcl_logo_carousel_child logo=&#8221;https:\/\/terra-institute.eu\/wp-content\/uploads\/2021\/05\/rubner-haus.jpg&#8221; _builder_version=&#8221;4.22.1&#8243; _module_preset=&#8221;default&#8221; global_colors_info=&#8221;{}&#8221; theme_builder_area=&#8221;post_content&#8221;][\/wdcl_logo_carousel_child][wdcl_logo_carousel_child logo=&#8221;https:\/\/terra-institute.eu\/wp-content\/uploads\/2021\/05\/TEAM7.jpg&#8221; _builder_version=&#8221;4.22.1&#8243; _module_preset=&#8221;default&#8221; global_colors_info=&#8221;{}&#8221; theme_builder_area=&#8221;post_content&#8221;][\/wdcl_logo_carousel_child][wdcl_logo_carousel_child logo=&#8221;https:\/\/terra-institute.eu\/wp-content\/uploads\/2021\/05\/techno-alpin.png&#8221; _builder_version=&#8221;4.22.1&#8243; _module_preset=&#8221;default&#8221; global_colors_info=&#8221;{}&#8221; theme_builder_area=&#8221;post_content&#8221;][\/wdcl_logo_carousel_child][wdcl_logo_carousel_child logo=&#8221;https:\/\/terra-institute.eu\/wp-content\/uploads\/2021\/05\/therme-meran.png&#8221; _builder_version=&#8221;4.22.1&#8243; _module_preset=&#8221;default&#8221; global_colors_info=&#8221;{}&#8221; theme_builder_area=&#8221;post_content&#8221;][\/wdcl_logo_carousel_child][wdcl_logo_carousel_child logo=&#8221;https:\/\/terra-institute.eu\/wp-content\/uploads\/2021\/05\/transgourmet.jpg&#8221; _builder_version=&#8221;4.22.1&#8243; _module_preset=&#8221;default&#8221; global_colors_info=&#8221;{}&#8221; theme_builder_area=&#8221;post_content&#8221;][\/wdcl_logo_carousel_child][wdcl_logo_carousel_child logo=&#8221;https:\/\/terra-institute.eu\/wp-content\/uploads\/2023\/10\/beurer.png&#8221; logo_alt=&#8221;Beurer Logo&#8221; _builder_version=&#8221;4.22.1&#8243; _module_preset=&#8221;default&#8221; global_colors_info=&#8221;{}&#8221; theme_builder_area=&#8221;post_content&#8221;][\/wdcl_logo_carousel_child][wdcl_logo_carousel_child logo=&#8221;https:\/\/terra-institute.eu\/wp-content\/uploads\/2023\/10\/dr.-schaer.png&#8221; logo_alt=&#8221;Dr. Sch\u00e4r Logo&#8221; _builder_version=&#8221;4.22.1&#8243; _module_preset=&#8221;default&#8221; global_colors_info=&#8221;{}&#8221; theme_builder_area=&#8221;post_content&#8221;][\/wdcl_logo_carousel_child][wdcl_logo_carousel_child logo=&#8221;https:\/\/terra-institute.eu\/wp-content\/uploads\/2023\/10\/dolomiti-superski.jpg&#8221; logo_alt=&#8221;Dolomiti Superski Logo&#8221; _builder_version=&#8221;4.22.1&#8243; _module_preset=&#8221;default&#8221; global_colors_info=&#8221;{}&#8221; theme_builder_area=&#8221;post_content&#8221;][\/wdcl_logo_carousel_child][wdcl_logo_carousel_child logo=&#8221;https:\/\/terra-institute.eu\/wp-content\/uploads\/2023\/10\/severin.jpg&#8221; logo_alt=&#8221;Severin Logo&#8221; _builder_version=&#8221;4.22.1&#8243; _module_preset=&#8221;default&#8221; global_colors_info=&#8221;{}&#8221; theme_builder_area=&#8221;post_content&#8221;][\/wdcl_logo_carousel_child][wdcl_logo_carousel_child logo=&#8221;https:\/\/terra-institute.eu\/wp-content\/uploads\/2023\/10\/swiss-post.jpg&#8221; logo_alt=&#8221;Swiss Post Logo&#8221; _builder_version=&#8221;4.22.1&#8243; _module_preset=&#8221;default&#8221; global_colors_info=&#8221;{}&#8221; theme_builder_area=&#8221;post_content&#8221;][\/wdcl_logo_carousel_child][wdcl_logo_carousel_child logo=&#8221;https:\/\/terra-institute.eu\/wp-content\/uploads\/2023\/10\/stiegl.jpg&#8221; logo_alt=&#8221;Stiegl Logo&#8221; _builder_version=&#8221;4.22.1&#8243; _module_preset=&#8221;default&#8221; global_colors_info=&#8221;{}&#8221; theme_builder_area=&#8221;post_content&#8221;][\/wdcl_logo_carousel_child][wdcl_logo_carousel_child logo=&#8221;https:\/\/terra-institute.eu\/wp-content\/uploads\/2023\/10\/felbermayr.png&#8221; logo_alt=&#8221;Felbermayr Logo&#8221; _builder_version=&#8221;4.22.1&#8243; _module_preset=&#8221;default&#8221; global_colors_info=&#8221;{}&#8221; theme_builder_area=&#8221;post_content&#8221;][\/wdcl_logo_carousel_child][wdcl_logo_carousel_child logo=&#8221;https:\/\/terra-institute.eu\/wp-content\/uploads\/2023\/10\/zato.jpg&#8221; logo_alt=&#8221;Zato Logo&#8221; _builder_version=&#8221;4.22.1&#8243; _module_preset=&#8221;default&#8221; global_colors_info=&#8221;{}&#8221; theme_builder_area=&#8221;post_content&#8221;][\/wdcl_logo_carousel_child][wdcl_logo_carousel_child logo=&#8221;https:\/\/terra-institute.eu\/wp-content\/uploads\/2023\/10\/mepol-logo.png&#8221; logo_alt=&#8221;Mepol Logo&#8221; _builder_version=&#8221;4.22.1&#8243; _module_preset=&#8221;default&#8221; global_colors_info=&#8221;{}&#8221; theme_builder_area=&#8221;post_content&#8221;][\/wdcl_logo_carousel_child][wdcl_logo_carousel_child logo=&#8221;https:\/\/terra-institute.eu\/wp-content\/uploads\/2023\/10\/Obi.png&#8221; logo_alt=&#8221;Obi Logo&#8221; _builder_version=&#8221;4.22.1&#8243; _module_preset=&#8221;default&#8221; global_colors_info=&#8221;{}&#8221; theme_builder_area=&#8221;post_content&#8221;][\/wdcl_logo_carousel_child][wdcl_logo_carousel_child logo=&#8221;https:\/\/terra-institute.eu\/wp-content\/uploads\/2023\/10\/Patagonia.png&#8221; logo_alt=&#8221;Patagonia Logo&#8221; _builder_version=&#8221;4.22.1&#8243; _module_preset=&#8221;default&#8221; global_colors_info=&#8221;{}&#8221; theme_builder_area=&#8221;post_content&#8221;][\/wdcl_logo_carousel_child][wdcl_logo_carousel_child logo=&#8221;https:\/\/terra-institute.eu\/wp-content\/uploads\/2023\/10\/mazars.png&#8221; logo_alt=&#8221;Mazars Logo&#8221; _builder_version=&#8221;4.22.1&#8243; _module_preset=&#8221;default&#8221; global_colors_info=&#8221;{}&#8221; theme_builder_area=&#8221;post_content&#8221;][\/wdcl_logo_carousel_child][wdcl_logo_carousel_child logo=&#8221;https:\/\/terra-institute.eu\/wp-content\/uploads\/2023\/10\/Hamburger-Sparkasse-haspa.png&#8221; logo_alt=&#8221;Haspa Logo&#8221; _builder_version=&#8221;4.22.1&#8243; _module_preset=&#8221;default&#8221; global_colors_info=&#8221;{}&#8221; theme_builder_area=&#8221;post_content&#8221;][\/wdcl_logo_carousel_child][wdcl_logo_carousel_child logo=&#8221;https:\/\/terra-institute.eu\/wp-content\/uploads\/2023\/10\/oberbank.png&#8221; logo_alt=&#8221;Oberbank Logo&#8221; _builder_version=&#8221;4.22.1&#8243; _module_preset=&#8221;default&#8221; global_colors_info=&#8221;{}&#8221; theme_builder_area=&#8221;post_content&#8221;][\/wdcl_logo_carousel_child][wdcl_logo_carousel_child logo=&#8221;https:\/\/terra-institute.eu\/wp-content\/uploads\/2025\/10\/logo_1117srls-e1760592781950.jpg&#8221; _builder_version=&#8221;4.27.4&#8243; _module_preset=&#8221;default&#8221; global_colors_info=&#8221;{}&#8221; theme_builder_area=&#8221;post_content&#8221;][\/wdcl_logo_carousel_child][\/wdcl_logo_carousel][\/et_pb_column][\/et_pb_row][\/et_pb_section][et_pb_section fb_built=&#8221;1&#8243; module_id=&#8221;kontakt&#8221; _builder_version=&#8221;4.22.1&#8243; _module_preset=&#8221;default&#8221; hover_enabled=&#8221;0&#8243; global_colors_info=&#8221;{}&#8221; theme_builder_area=&#8221;post_content&#8221; sticky_enabled=&#8221;0&#8243;][et_pb_row _builder_version=&#8221;4.17.4&#8243; _module_preset=&#8221;default&#8221; global_colors_info=&#8221;{}&#8221; theme_builder_area=&#8221;post_content&#8221; locked=&#8221;off&#8221;][et_pb_column type=&#8221;4_4&#8243; _builder_version=&#8221;4.17.4&#8243; _module_preset=&#8221;default&#8221; global_colors_info=&#8221;{}&#8221; theme_builder_area=&#8221;post_content&#8221;][et_pb_text module_id=&#8221;kontakt&#8221; _builder_version=&#8221;4.27.4&#8243; _module_preset=&#8221;default&#8221; header_2_font_size=&#8221;32px&#8221; hover_enabled=&#8221;0&#8243; global_colors_info=&#8221;{}&#8221; theme_builder_area=&#8221;post_content&#8221; sticky_enabled=&#8221;0&#8243;]<h2>Contatti<\/h2>\n<p data-start=\"7152\" data-end=\"7267\">Avete domande o desiderate la nostra assistenza?<\/p>\n<p data-start=\"7269\" data-end=\"7343\"><span class=\"_fadeIn_m1hgl_8\">Prenota <\/span><span class=\"_fadeIn_m1hgl_8\">ora <\/span><span class=\"_fadeIn_m1hgl_8\">un <\/span><strong data-start=\"7284\" data-end=\"7315\"><span class=\"_fadeIn_m1hgl_8\">colloquio <\/span><span class=\"_fadeIn_m1hgl_8\">iniziale <\/span><span class=\"_fadeIn_m1hgl_8\">gratuito<\/span><\/strong><span class=\"_fadeIn_m1hgl_8\"> <\/span><span class=\"_fadeIn_m1hgl_8\">con <\/span><span class=\"_fadeIn_m1hgl_8\">uno <\/span><span class=\"_fadeIn_m1hgl_8\">dei <\/span><span class=\"_fadeIn_m1hgl_8\">nostri <\/span><span class=\"_fadeIn_m1hgl_8\">esperti.<\/span><\/p>\n<p style=\"font-weight: 400;\"><em><span><span class=\"_fadeIn_m1hgl_8\">Ti <\/span><span class=\"_fadeIn_m1hgl_8\">invitiamo <\/span><span class=\"_fadeIn_m1hgl_8\">a <\/span><span class=\"_fadeIn_m1hgl_8\">consultare <\/span><span class=\"_fadeIn_m1hgl_8\">la <\/span><span class=\"_fadeIn_m1hgl_8\">nostra<\/span> <a href=\"https:\/\/terra-institute.eu\/it\/informativa-sulla-privacy\/\" target=\"_blank\" rel=\"noopener\">informativa sulla privacy <\/a>e i <\/span><a href=\"https:\/\/terra-institute.eu\/it\/condizioni-generali-di-contratto-terra-institute-srl\/\" target=\"_blank\" rel=\"noopener\"><u>termini e condizioni<\/u><\/a>.<\/em><em>\u00a0<\/em><\/p>\n<p style=\"font-weight: 400;\"><strong data-start=\"7437\" data-end=\"7448\"><span class=\"_fadeIn_m1hgl_8\">Grazie!<\/span><\/strong><span class=\"_fadeIn_m1hgl_8\"> <\/span><span class=\"_fadeIn_m1hgl_8\">Non <\/span><span class=\"_fadeIn_m1hgl_8\">vediamo <\/span><span class=\"_fadeIn_m1hgl_8\">l\u2019ora <\/span><span class=\"_fadeIn_m1hgl_8\">di <\/span><span class=\"_fadeIn_m1hgl_8\">ricevere <\/span><span class=\"_fadeIn_m1hgl_8\">il <\/span><span class=\"_fadeIn_m1hgl_8\">tuo <\/span><span class=\"_fadeIn_m1hgl_8\">messaggio!<\/span><\/p>\n<p style=\"font-weight: 400;\"><em><\/em><\/p>\n<p><a href=\"mailto:office@terra-institute.eu\">office@terra-institute.eu<\/a><br \/><span>Tel. +39 0472 970 484<\/span><\/p>\n<p><span><\/span><\/p>[\/et_pb_text][et_pb_text _builder_version=&#8221;4.27.4&#8243; _module_preset=&#8221;default&#8221; header_2_font_size=&#8221;32px&#8221; header_3_font_size=&#8221;32px&#8221; global_colors_info=&#8221;{}&#8221; theme_builder_area=&#8221;post_content&#8221;]<h3>Modulo di contatto<\/h3>[\/et_pb_text][et_pb_contact_form email=&#8221;office@terra-institute.eu&#8221; _builder_version=&#8221;4.27.4&#8243; _module_preset=&#8221;default&#8221; _unique_id=&#8221;fe533e85-8f9f-480c-abbe-bd2750da1a82&#8243; global_colors_info=&#8221;{}&#8221; theme_builder_area=&#8221;post_content&#8221;][et_pb_contact_field field_id=&#8221;Name&#8221; field_title=&#8221;Nome&#8221; _builder_version=&#8221;4.27.4&#8243; global_colors_info=&#8221;{}&#8221; button_text_size__hover_enabled=&#8221;off&#8221; button_one_text_size__hover_enabled=&#8221;off&#8221; button_two_text_size__hover_enabled=&#8221;off&#8221; button_text_color__hover_enabled=&#8221;off&#8221; button_one_text_color__hover_enabled=&#8221;off&#8221; button_two_text_color__hover_enabled=&#8221;off&#8221; button_border_width__hover_enabled=&#8221;off&#8221; button_one_border_width__hover_enabled=&#8221;off&#8221; button_two_border_width__hover_enabled=&#8221;off&#8221; button_border_color__hover_enabled=&#8221;off&#8221; button_one_border_color__hover_enabled=&#8221;off&#8221; button_two_border_color__hover_enabled=&#8221;off&#8221; button_border_radius__hover_enabled=&#8221;off&#8221; button_one_border_radius__hover_enabled=&#8221;off&#8221; button_two_border_radius__hover_enabled=&#8221;off&#8221; button_letter_spacing__hover_enabled=&#8221;off&#8221; button_one_letter_spacing__hover_enabled=&#8221;off&#8221; button_two_letter_spacing__hover_enabled=&#8221;off&#8221; button_bg_color__hover_enabled=&#8221;off&#8221; button_one_bg_color__hover_enabled=&#8221;off&#8221; button_two_bg_color__hover_enabled=&#8221;off&#8221; theme_builder_area=&#8221;post_content&#8221;][\/et_pb_contact_field][et_pb_contact_field field_id=&#8221;Email&#8221; field_title=&#8221;Indirizzo e-mail&#8221; field_type=&#8221;email&#8221; _builder_version=&#8221;4.27.4&#8243; global_colors_info=&#8221;{}&#8221; button_text_size__hover_enabled=&#8221;off&#8221; button_one_text_size__hover_enabled=&#8221;off&#8221; button_two_text_size__hover_enabled=&#8221;off&#8221; button_text_color__hover_enabled=&#8221;off&#8221; button_one_text_color__hover_enabled=&#8221;off&#8221; button_two_text_color__hover_enabled=&#8221;off&#8221; button_border_width__hover_enabled=&#8221;off&#8221; button_one_border_width__hover_enabled=&#8221;off&#8221; button_two_border_width__hover_enabled=&#8221;off&#8221; button_border_color__hover_enabled=&#8221;off&#8221; button_one_border_color__hover_enabled=&#8221;off&#8221; button_two_border_color__hover_enabled=&#8221;off&#8221; button_border_radius__hover_enabled=&#8221;off&#8221; button_one_border_radius__hover_enabled=&#8221;off&#8221; button_two_border_radius__hover_enabled=&#8221;off&#8221; button_letter_spacing__hover_enabled=&#8221;off&#8221; button_one_letter_spacing__hover_enabled=&#8221;off&#8221; button_two_letter_spacing__hover_enabled=&#8221;off&#8221; button_bg_color__hover_enabled=&#8221;off&#8221; button_one_bg_color__hover_enabled=&#8221;off&#8221; button_two_bg_color__hover_enabled=&#8221;off&#8221; theme_builder_area=&#8221;post_content&#8221;][\/et_pb_contact_field][et_pb_contact_field field_id=&#8221;Message&#8221; field_title=&#8221;Messaggio&#8221; field_type=&#8221;text&#8221; fullwidth_field=&#8221;on&#8221; _builder_version=&#8221;4.27.4&#8243; global_colors_info=&#8221;{}&#8221; button_text_size__hover_enabled=&#8221;off&#8221; button_one_text_size__hover_enabled=&#8221;off&#8221; button_two_text_size__hover_enabled=&#8221;off&#8221; button_text_color__hover_enabled=&#8221;off&#8221; button_one_text_color__hover_enabled=&#8221;off&#8221; button_two_text_color__hover_enabled=&#8221;off&#8221; button_border_width__hover_enabled=&#8221;off&#8221; button_one_border_width__hover_enabled=&#8221;off&#8221; button_two_border_width__hover_enabled=&#8221;off&#8221; button_border_color__hover_enabled=&#8221;off&#8221; button_one_border_color__hover_enabled=&#8221;off&#8221; button_two_border_color__hover_enabled=&#8221;off&#8221; button_border_radius__hover_enabled=&#8221;off&#8221; button_one_border_radius__hover_enabled=&#8221;off&#8221; button_two_border_radius__hover_enabled=&#8221;off&#8221; button_letter_spacing__hover_enabled=&#8221;off&#8221; button_one_letter_spacing__hover_enabled=&#8221;off&#8221; button_two_letter_spacing__hover_enabled=&#8221;off&#8221; button_bg_color__hover_enabled=&#8221;off&#8221; button_one_bg_color__hover_enabled=&#8221;off&#8221; button_two_bg_color__hover_enabled=&#8221;off&#8221; theme_builder_area=&#8221;post_content&#8221;][\/et_pb_contact_field][\/et_pb_contact_form][\/et_pb_column][\/et_pb_row][\/et_pb_section]\n","protected":false},"excerpt":{"rendered":"<p>Hotel Hubertus &#8211; processo di sostenibilit\u00e0 e certificazioneContenuti Key Facts Hotel Hubertus Le sfide Risultati raggiunti Raccomandazione Il titolare Markus Gasser sul progetto Responsabile del progetto Paolo Agnelli Contatti L\u2019Hotel Hubertus a Valdaora \u00e8 una struttura a conduzione familiare, guidata da Markus Gasser e da sua sorella Daniela. Con 74 camere e circa 100 collaboratori, [&hellip;]<\/p>\n","protected":false},"author":5,"featured_media":255122,"comment_status":"open","ping_status":"open","sticky":false,"template":"","format":"standard","meta":{"_et_pb_use_builder":"on","_et_pb_old_content":"","_et_gb_content_width":"","footnotes":""},"categories":[34,42],"tags":[50,52],"class_list":["post-255121","post","type-post","status-publish","format-standard","has-post-thumbnail","hentry","category-blog","category-good-cases","tag-strategia-di-sostenibilita","tag-turismo"],"yoast_head":"<!-- This site is optimized with the Yoast SEO plugin v26.9 - https:\/\/yoast.com\/product\/yoast-seo-wordpress\/ -->\n<title>Come l\u2019Hotel Hubertus vive la sostenibilit\u00e0<\/title>\n<meta name=\"description\" content=\"Processo di sostenibilit\u00e0 Hotel Hubertus: come un hotel familiare a Valdaora integra con Terra Institute ed EarthCheck la sostenibilit\u00e0.\" \/>\n<meta name=\"robots\" content=\"index, follow, max-snippet:-1, max-image-preview:large, max-video-preview:-1\" \/>\n<link rel=\"canonical\" href=\"https:\/\/terra-institute.eu\/it\/come-l-hotel-hubertus-vive-la-sostenibilita\/\" \/>\n<meta property=\"og:locale\" content=\"it_IT\" \/>\n<meta property=\"og:type\" content=\"article\" \/>\n<meta property=\"og:title\" content=\"Come l\u2019Hotel Hubertus vive la sostenibilit\u00e0\" \/>\n<meta property=\"og:description\" content=\"Processo di sostenibilit\u00e0 Hotel Hubertus: come un hotel familiare a Valdaora integra con Terra Institute ed EarthCheck la sostenibilit\u00e0.\" \/>\n<meta property=\"og:url\" content=\"https:\/\/terra-institute.eu\/it\/come-l-hotel-hubertus-vive-la-sostenibilita\/\" \/>\n<meta property=\"og:site_name\" content=\"Terra Institute\" \/>\n<meta property=\"article:publisher\" content=\"https:\/\/www.facebook.com\/TerraInstitute\" \/>\n<meta property=\"article:published_time\" content=\"2025-12-07T06:00:00+00:00\" \/>\n<meta property=\"og:image\" content=\"https:\/\/terra-institute.eu\/it\/wp-content\/uploads\/2025\/12\/Hubertus_\u00a9KOTTERSTEGER.jpg\" \/>\n\t<meta property=\"og:image:width\" content=\"2560\" \/>\n\t<meta property=\"og:image:height\" content=\"1436\" \/>\n\t<meta property=\"og:image:type\" content=\"image\/jpeg\" \/>\n<meta name=\"author\" content=\"STauber\" \/>\n<meta name=\"twitter:card\" content=\"summary_large_image\" \/>\n<meta name=\"twitter:creator\" content=\"@STauber\" \/>\n<meta name=\"twitter:site\" content=\"@terra_institute\" \/>\n<meta name=\"twitter:label1\" content=\"Scritto da\" \/>\n\t<meta name=\"twitter:data1\" content=\"STauber\" \/>\n\t<meta name=\"twitter:label2\" content=\"Tempo di lettura stimato\" \/>\n\t<meta name=\"twitter:data2\" content=\"15 minuti\" \/>\n<script type=\"application\/ld+json\" class=\"yoast-schema-graph\">{\"@context\":\"https:\/\/schema.org\",\"@graph\":[{\"@type\":\"Article\",\"@id\":\"https:\/\/terra-institute.eu\/it\/come-l-hotel-hubertus-vive-la-sostenibilita\/#article\",\"isPartOf\":{\"@id\":\"https:\/\/terra-institute.eu\/it\/come-l-hotel-hubertus-vive-la-sostenibilita\/\"},\"author\":{\"name\":\"STauber\",\"@id\":\"https:\/\/terra-institute.eu\/it\/#\/schema\/person\/94b4e9b0ba2c9136492a67cfc3e95edd\"},\"headline\":\"Processo di sostenibilit\u00e0 e certificazione con audit: come l\u2019Hotel Hubertus vive la sostenibilit\u00e0\",\"datePublished\":\"2025-12-07T06:00:00+00:00\",\"mainEntityOfPage\":{\"@id\":\"https:\/\/terra-institute.eu\/it\/come-l-hotel-hubertus-vive-la-sostenibilita\/\"},\"wordCount\":5201,\"commentCount\":0,\"image\":{\"@id\":\"https:\/\/terra-institute.eu\/it\/come-l-hotel-hubertus-vive-la-sostenibilita\/#primaryimage\"},\"thumbnailUrl\":\"https:\/\/terra-institute.eu\/it\/wp-content\/uploads\/2025\/12\/Hubertus_\u00a9KOTTERSTEGER.jpg\",\"keywords\":[\"STRATEGIA DI SOSTENIBILIT\u00e0\",\"TURISMO\"],\"articleSection\":[\"blog\",\"good cases\"],\"inLanguage\":\"it-IT\",\"potentialAction\":[{\"@type\":\"CommentAction\",\"name\":\"Comment\",\"target\":[\"https:\/\/terra-institute.eu\/it\/come-l-hotel-hubertus-vive-la-sostenibilita\/#respond\"]}]},{\"@type\":\"WebPage\",\"@id\":\"https:\/\/terra-institute.eu\/it\/come-l-hotel-hubertus-vive-la-sostenibilita\/\",\"url\":\"https:\/\/terra-institute.eu\/it\/come-l-hotel-hubertus-vive-la-sostenibilita\/\",\"name\":\"Come l\u2019Hotel Hubertus vive la sostenibilit\u00e0\",\"isPartOf\":{\"@id\":\"https:\/\/terra-institute.eu\/it\/#website\"},\"primaryImageOfPage\":{\"@id\":\"https:\/\/terra-institute.eu\/it\/come-l-hotel-hubertus-vive-la-sostenibilita\/#primaryimage\"},\"image\":{\"@id\":\"https:\/\/terra-institute.eu\/it\/come-l-hotel-hubertus-vive-la-sostenibilita\/#primaryimage\"},\"thumbnailUrl\":\"https:\/\/terra-institute.eu\/it\/wp-content\/uploads\/2025\/12\/Hubertus_\u00a9KOTTERSTEGER.jpg\",\"datePublished\":\"2025-12-07T06:00:00+00:00\",\"author\":{\"@id\":\"https:\/\/terra-institute.eu\/it\/#\/schema\/person\/94b4e9b0ba2c9136492a67cfc3e95edd\"},\"description\":\"Processo di sostenibilit\u00e0 Hotel Hubertus: come un hotel familiare a Valdaora integra con Terra Institute ed EarthCheck la sostenibilit\u00e0.\",\"breadcrumb\":{\"@id\":\"https:\/\/terra-institute.eu\/it\/come-l-hotel-hubertus-vive-la-sostenibilita\/#breadcrumb\"},\"inLanguage\":\"it-IT\",\"potentialAction\":[{\"@type\":\"ReadAction\",\"target\":[\"https:\/\/terra-institute.eu\/it\/come-l-hotel-hubertus-vive-la-sostenibilita\/\"]}]},{\"@type\":\"ImageObject\",\"inLanguage\":\"it-IT\",\"@id\":\"https:\/\/terra-institute.eu\/it\/come-l-hotel-hubertus-vive-la-sostenibilita\/#primaryimage\",\"url\":\"https:\/\/terra-institute.eu\/it\/wp-content\/uploads\/2025\/12\/Hubertus_\u00a9KOTTERSTEGER.jpg\",\"contentUrl\":\"https:\/\/terra-institute.eu\/it\/wp-content\/uploads\/2025\/12\/Hubertus_\u00a9KOTTERSTEGER.jpg\",\"width\":2560,\"height\":1436,\"caption\":\"Hubertus_\u00a9KOTTERSTEGER\"},{\"@type\":\"BreadcrumbList\",\"@id\":\"https:\/\/terra-institute.eu\/it\/come-l-hotel-hubertus-vive-la-sostenibilita\/#breadcrumb\",\"itemListElement\":[{\"@type\":\"ListItem\",\"position\":1,\"name\":\"Home\",\"item\":\"https:\/\/terra-institute.eu\/it\/\"},{\"@type\":\"ListItem\",\"position\":2,\"name\":\"Processo di sostenibilit\u00e0 e certificazione con audit: come l\u2019Hotel Hubertus vive la sostenibilit\u00e0\"}]},{\"@type\":\"WebSite\",\"@id\":\"https:\/\/terra-institute.eu\/it\/#website\",\"url\":\"https:\/\/terra-institute.eu\/it\/\",\"name\":\"Terra Institute\",\"description\":\"Empowering Responsible Growth\",\"potentialAction\":[{\"@type\":\"SearchAction\",\"target\":{\"@type\":\"EntryPoint\",\"urlTemplate\":\"https:\/\/terra-institute.eu\/it\/?s={search_term_string}\"},\"query-input\":{\"@type\":\"PropertyValueSpecification\",\"valueRequired\":true,\"valueName\":\"search_term_string\"}}],\"inLanguage\":\"it-IT\"},{\"@type\":\"Person\",\"@id\":\"https:\/\/terra-institute.eu\/it\/#\/schema\/person\/94b4e9b0ba2c9136492a67cfc3e95edd\",\"name\":\"STauber\",\"image\":{\"@type\":\"ImageObject\",\"inLanguage\":\"it-IT\",\"@id\":\"https:\/\/terra-institute.eu\/it\/#\/schema\/person\/image\/\",\"url\":\"https:\/\/secure.gravatar.com\/avatar\/7b58d476a8e3ca28ed666205e6c5ff556ab94a161aa48a4b4cf289781d6b1076?s=96&d=mm&r=g\",\"contentUrl\":\"https:\/\/secure.gravatar.com\/avatar\/7b58d476a8e3ca28ed666205e6c5ff556ab94a161aa48a4b4cf289781d6b1076?s=96&d=mm&r=g\",\"caption\":\"STauber\"},\"sameAs\":[\"https:\/\/x.com\/STauber\"],\"url\":\"https:\/\/terra-institute.eu\/it\/author\/stauber\/\"}]}<\/script>\n<!-- \/ Yoast SEO plugin. -->","yoast_head_json":{"title":"Come l\u2019Hotel Hubertus vive la sostenibilit\u00e0","description":"Processo di sostenibilit\u00e0 Hotel Hubertus: come un hotel familiare a Valdaora integra con Terra Institute ed EarthCheck la sostenibilit\u00e0.","robots":{"index":"index","follow":"follow","max-snippet":"max-snippet:-1","max-image-preview":"max-image-preview:large","max-video-preview":"max-video-preview:-1"},"canonical":"https:\/\/terra-institute.eu\/it\/come-l-hotel-hubertus-vive-la-sostenibilita\/","og_locale":"it_IT","og_type":"article","og_title":"Come l\u2019Hotel Hubertus vive la sostenibilit\u00e0","og_description":"Processo di sostenibilit\u00e0 Hotel Hubertus: come un hotel familiare a Valdaora integra con Terra Institute ed EarthCheck la sostenibilit\u00e0.","og_url":"https:\/\/terra-institute.eu\/it\/come-l-hotel-hubertus-vive-la-sostenibilita\/","og_site_name":"Terra Institute","article_publisher":"https:\/\/www.facebook.com\/TerraInstitute","article_published_time":"2025-12-07T06:00:00+00:00","og_image":[{"width":2560,"height":1436,"url":"https:\/\/terra-institute.eu\/it\/wp-content\/uploads\/2025\/12\/Hubertus_\u00a9KOTTERSTEGER.jpg","type":"image\/jpeg"}],"author":"STauber","twitter_card":"summary_large_image","twitter_creator":"@STauber","twitter_site":"@terra_institute","twitter_misc":{"Scritto da":"STauber","Tempo di lettura stimato":"15 minuti"},"schema":{"@context":"https:\/\/schema.org","@graph":[{"@type":"Article","@id":"https:\/\/terra-institute.eu\/it\/come-l-hotel-hubertus-vive-la-sostenibilita\/#article","isPartOf":{"@id":"https:\/\/terra-institute.eu\/it\/come-l-hotel-hubertus-vive-la-sostenibilita\/"},"author":{"name":"STauber","@id":"https:\/\/terra-institute.eu\/it\/#\/schema\/person\/94b4e9b0ba2c9136492a67cfc3e95edd"},"headline":"Processo di sostenibilit\u00e0 e certificazione con audit: come l\u2019Hotel Hubertus vive la sostenibilit\u00e0","datePublished":"2025-12-07T06:00:00+00:00","mainEntityOfPage":{"@id":"https:\/\/terra-institute.eu\/it\/come-l-hotel-hubertus-vive-la-sostenibilita\/"},"wordCount":5201,"commentCount":0,"image":{"@id":"https:\/\/terra-institute.eu\/it\/come-l-hotel-hubertus-vive-la-sostenibilita\/#primaryimage"},"thumbnailUrl":"https:\/\/terra-institute.eu\/it\/wp-content\/uploads\/2025\/12\/Hubertus_\u00a9KOTTERSTEGER.jpg","keywords":["STRATEGIA DI SOSTENIBILIT\u00e0","TURISMO"],"articleSection":["blog","good cases"],"inLanguage":"it-IT","potentialAction":[{"@type":"CommentAction","name":"Comment","target":["https:\/\/terra-institute.eu\/it\/come-l-hotel-hubertus-vive-la-sostenibilita\/#respond"]}]},{"@type":"WebPage","@id":"https:\/\/terra-institute.eu\/it\/come-l-hotel-hubertus-vive-la-sostenibilita\/","url":"https:\/\/terra-institute.eu\/it\/come-l-hotel-hubertus-vive-la-sostenibilita\/","name":"Come l\u2019Hotel Hubertus vive la sostenibilit\u00e0","isPartOf":{"@id":"https:\/\/terra-institute.eu\/it\/#website"},"primaryImageOfPage":{"@id":"https:\/\/terra-institute.eu\/it\/come-l-hotel-hubertus-vive-la-sostenibilita\/#primaryimage"},"image":{"@id":"https:\/\/terra-institute.eu\/it\/come-l-hotel-hubertus-vive-la-sostenibilita\/#primaryimage"},"thumbnailUrl":"https:\/\/terra-institute.eu\/it\/wp-content\/uploads\/2025\/12\/Hubertus_\u00a9KOTTERSTEGER.jpg","datePublished":"2025-12-07T06:00:00+00:00","author":{"@id":"https:\/\/terra-institute.eu\/it\/#\/schema\/person\/94b4e9b0ba2c9136492a67cfc3e95edd"},"description":"Processo di sostenibilit\u00e0 Hotel Hubertus: come un hotel familiare a Valdaora integra con Terra Institute ed EarthCheck la sostenibilit\u00e0.","breadcrumb":{"@id":"https:\/\/terra-institute.eu\/it\/come-l-hotel-hubertus-vive-la-sostenibilita\/#breadcrumb"},"inLanguage":"it-IT","potentialAction":[{"@type":"ReadAction","target":["https:\/\/terra-institute.eu\/it\/come-l-hotel-hubertus-vive-la-sostenibilita\/"]}]},{"@type":"ImageObject","inLanguage":"it-IT","@id":"https:\/\/terra-institute.eu\/it\/come-l-hotel-hubertus-vive-la-sostenibilita\/#primaryimage","url":"https:\/\/terra-institute.eu\/it\/wp-content\/uploads\/2025\/12\/Hubertus_\u00a9KOTTERSTEGER.jpg","contentUrl":"https:\/\/terra-institute.eu\/it\/wp-content\/uploads\/2025\/12\/Hubertus_\u00a9KOTTERSTEGER.jpg","width":2560,"height":1436,"caption":"Hubertus_\u00a9KOTTERSTEGER"},{"@type":"BreadcrumbList","@id":"https:\/\/terra-institute.eu\/it\/come-l-hotel-hubertus-vive-la-sostenibilita\/#breadcrumb","itemListElement":[{"@type":"ListItem","position":1,"name":"Home","item":"https:\/\/terra-institute.eu\/it\/"},{"@type":"ListItem","position":2,"name":"Processo di sostenibilit\u00e0 e certificazione con audit: come l\u2019Hotel Hubertus vive la sostenibilit\u00e0"}]},{"@type":"WebSite","@id":"https:\/\/terra-institute.eu\/it\/#website","url":"https:\/\/terra-institute.eu\/it\/","name":"Terra Institute","description":"Empowering Responsible Growth","potentialAction":[{"@type":"SearchAction","target":{"@type":"EntryPoint","urlTemplate":"https:\/\/terra-institute.eu\/it\/?s={search_term_string}"},"query-input":{"@type":"PropertyValueSpecification","valueRequired":true,"valueName":"search_term_string"}}],"inLanguage":"it-IT"},{"@type":"Person","@id":"https:\/\/terra-institute.eu\/it\/#\/schema\/person\/94b4e9b0ba2c9136492a67cfc3e95edd","name":"STauber","image":{"@type":"ImageObject","inLanguage":"it-IT","@id":"https:\/\/terra-institute.eu\/it\/#\/schema\/person\/image\/","url":"https:\/\/secure.gravatar.com\/avatar\/7b58d476a8e3ca28ed666205e6c5ff556ab94a161aa48a4b4cf289781d6b1076?s=96&d=mm&r=g","contentUrl":"https:\/\/secure.gravatar.com\/avatar\/7b58d476a8e3ca28ed666205e6c5ff556ab94a161aa48a4b4cf289781d6b1076?s=96&d=mm&r=g","caption":"STauber"},"sameAs":["https:\/\/x.com\/STauber"],"url":"https:\/\/terra-institute.eu\/it\/author\/stauber\/"}]}},"_links":{"self":[{"href":"https:\/\/terra-institute.eu\/it\/wp-json\/wp\/v2\/posts\/255121","targetHints":{"allow":["GET"]}}],"collection":[{"href":"https:\/\/terra-institute.eu\/it\/wp-json\/wp\/v2\/posts"}],"about":[{"href":"https:\/\/terra-institute.eu\/it\/wp-json\/wp\/v2\/types\/post"}],"author":[{"embeddable":true,"href":"https:\/\/terra-institute.eu\/it\/wp-json\/wp\/v2\/users\/5"}],"replies":[{"embeddable":true,"href":"https:\/\/terra-institute.eu\/it\/wp-json\/wp\/v2\/comments?post=255121"}],"version-history":[{"count":6,"href":"https:\/\/terra-institute.eu\/it\/wp-json\/wp\/v2\/posts\/255121\/revisions"}],"predecessor-version":[{"id":255134,"href":"https:\/\/terra-institute.eu\/it\/wp-json\/wp\/v2\/posts\/255121\/revisions\/255134"}],"wp:featuredmedia":[{"embeddable":true,"href":"https:\/\/terra-institute.eu\/it\/wp-json\/wp\/v2\/media\/255122"}],"wp:attachment":[{"href":"https:\/\/terra-institute.eu\/it\/wp-json\/wp\/v2\/media?parent=255121"}],"wp:term":[{"taxonomy":"category","embeddable":true,"href":"https:\/\/terra-institute.eu\/it\/wp-json\/wp\/v2\/categories?post=255121"},{"taxonomy":"post_tag","embeddable":true,"href":"https:\/\/terra-institute.eu\/it\/wp-json\/wp\/v2\/tags?post=255121"}],"curies":[{"name":"wp","href":"https:\/\/api.w.org\/{rel}","templated":true}]}}