{"id":255109,"date":"2025-12-10T07:00:00","date_gmt":"2025-12-10T06:00:00","guid":{"rendered":"https:\/\/terra-institute.eu\/it\/?p=255109"},"modified":"2026-03-27T12:36:51","modified_gmt":"2026-03-27T11:36:51","slug":"empco-e-il-futuro-della-comunicazione-sulla-sostenibilita","status":"publish","type":"post","link":"https:\/\/terra-institute.eu\/it\/empco-e-il-futuro-della-comunicazione-sulla-sostenibilita\/","title":{"rendered":"EmpCo e il futuro della comunicazione sulla sostenibilit\u00e0: perch\u00e9 l\u2019autenticit\u00e0 \u00e8 ora decisiva"},"content":{"rendered":"<p>[et_pb_section fb_built=&#8221;1&#8243; _builder_version=&#8221;4.24.2&#8243; _module_preset=&#8221;default&#8221; custom_padding=&#8221;9px|||||&#8221; locked=&#8221;off&#8221; global_colors_info=&#8221;{}&#8221; theme_builder_area=&#8221;post_content&#8221;][et_pb_row _builder_version=&#8221;4.24.2&#8243; _module_preset=&#8221;default&#8221; custom_margin=&#8221;22px|auto||auto||&#8221; custom_padding=&#8221;1px||15px|||&#8221; global_colors_info=&#8221;{}&#8221; theme_builder_area=&#8221;post_content&#8221;][et_pb_column type=&#8221;4_4&#8243; _builder_version=&#8221;4.24.2&#8243; _module_preset=&#8221;default&#8221; global_colors_info=&#8221;{}&#8221; theme_builder_area=&#8221;post_content&#8221;][et_pb_text _builder_version=&#8221;4.27.4&#8243; _module_preset=&#8221;default&#8221; custom_margin=&#8221;||1px|||&#8221; hover_enabled=&#8221;0&#8243; global_colors_info=&#8221;{}&#8221; theme_builder_area=&#8221;post_content&#8221; sticky_enabled=&#8221;0&#8243;]<\/p>\n<h3 data-start=\"98\" data-end=\"1317\">Autenticit\u00e0 nella comunicazione sulla sostenibilit\u00e0<\/h3>\n<p data-start=\"98\" data-end=\"1317\">L\u2019autenticit\u00e0 \u00e8 il fondamento di ogni comunicazione sulla sostenibilit\u00e0 di successo. Ma come si pu\u00f2 capire se un\u2019azienda fa davvero sul serio \u2013 o se la comunicazione \u00e8 solo facciata? Ci sono due criteri centrali: in primo luogo, l\u2019accessibilit\u00e0 delle informazioni. Le aziende credibili rendono facile trovare i contenuti rilevanti. Non nascondono la sostenibilit\u00e0 dietro frasi fatte di marketing, ma offrono una navigazione chiara, approfondimenti trasparenti e rappresentazioni comprensibili e verificabili. In secondo luogo, la completezza delle risposte. Quando sorgono domande \u2013 ad esempio: \u00abIn che modo, concretamente, questo prodotto \u00e8 sostenibile?\u00bb \u2013 le aziende devono essere in grado di rispondere in modo preciso. Affermazioni generiche come \u00abSiamo rispettosi dell\u2019ambiente\u00bb senza ulteriori spiegazioni generano scetticismo invece che fiducia. L\u2019autenticit\u00e0 si manifesta in una comunicazione plausibile, strutturata logicamente, supportata da dati e comprensibile senza dover fare grandi sforzi di ricerca. Il segno pi\u00f9 forte di vera credibilit\u00e0 \u00e8 un chiaro invito a verificare: dati, contesto e calcoli devono essere accessibili in modo trasparente.<\/p>\n<h3 data-start=\"1319\" data-end=\"2073\">Cose da evitare e regole pratiche<\/h3>\n<p data-start=\"1319\" data-end=\"2073\">Tra la buona intenzione e il greenwashing involontario spesso corre una linea sottile. Molte aziende non agiscono in mala fede, ma per mancanza di conoscenza. I principali \u201cno-go\u201d sono: superlativi come \u00abil pi\u00f9 sostenibile\u2026\u00bb, che sono difficilmente dimostrabili e comportano rischi legali; promesse vaghe come \u00absiamo green\u00bb o \u00abrispettiamo l\u2019ambiente\u00bb, che senza misure e dati concreti restano prive di valore; nonch\u00e9 la mancanza di verificabilit\u00e0. La regola pratica centrale \u00e8: le affermazioni sulla sostenibilit\u00e0 devono essere comprensibili e verificabili. Se clienti o autorit\u00e0 non possono comprendere e ricostruire le informazioni, il rischio di greenwashing \u00e8 elevato \u2013 anche in presenza di buone intenzioni.<\/p>\n<h3 data-start=\"2075\" data-end=\"2858\">Empowering Consumers Directive (EmpCo)<\/h3>\n<p data-start=\"2075\" data-end=\"2858\">Dal 27 settembre 2026 EmpCo diventer\u00e0 vincolante per le imprese. Non si tratta di un\u2019invenzione completamente nuova, ma di un inasprimento delle norme esistenti contro il greenwashing e l\u2019inganno delle persone consumatrici. La novit\u00e0 principale riguarda la definizione chiara delle dichiarazioni ambientali ammissibili. Superlativi, termini imprecisi e claim non comprovati saranno notevolmente limitati. Le aziende dovranno rendere trasparente come calcolano gli impatti ambientali e su quali basi motivano le proprie affermazioni. Termini come \u00abclimate neutral\u00bb \/ \u00abclimaticamente neutro\u00bb saranno consentiti solo se supportati da riduzioni e compensazioni. Chi si limita alla sola compensazione non potr\u00e0 pi\u00f9 utilizzare questo termine.<\/p>\n<p>[\/et_pb_text][et_pb_button button_url=&#8221;https:\/\/terra-institute.eu\/it\/comunicare-la-sostenibilita-direttiva-empowering-consumers\/#anmeldung&#8221; button_text=&#8221;Informazioni sul webinar \u00abEmpCo dal 27\/09\/26: cosa devono sapere le aziende adesso\u00bb, in programma il 31\/03 alle ore 11:30&#8243; _builder_version=&#8221;4.27.4&#8243; _module_preset=&#8221;default&#8221; hover_enabled=&#8221;0&#8243; global_colors_info=&#8221;{}&#8221; theme_builder_area=&#8221;post_content&#8221; locked=&#8221;off&#8221; sticky_enabled=&#8221;0&#8243;][\/et_pb_button][et_pb_text _builder_version=&#8221;4.27.4&#8243; _module_preset=&#8221;default&#8221; custom_margin=&#8221;||1px|||&#8221; hover_enabled=&#8221;0&#8243; global_colors_info=&#8221;{}&#8221; theme_builder_area=&#8221;post_content&#8221; sticky_enabled=&#8221;0&#8243;]<\/p>\n<h3 data-start=\"2860\" data-end=\"3939\">Preparazione a EmpCo<\/h3>\n<p data-start=\"2860\" data-end=\"3939\">Per prepararsi \u00e8 consigliabile procedere in modo strutturato: innanzitutto una mappatura completa di tutte le dichiarazioni ambientali e di sostenibilit\u00e0 \u2013 dai prodotti ai siti web, fino agli imballaggi e alle etichette. Segue poi l\u2019analisi: le affermazioni contengono superlativi? Le metafore sono ambigue o fuorvianti? Mancano le prove? Nel passaggio successivo, tutte le persone coinvolte dovrebbero essere formate \u2013 non solo internamente in marketing, PR, sostenibilit\u00e0 e product management, ma anche nelle agenzie esterne. Infine, \u00e8 necessaria una linea guida scritta per la comunicazione, con chiari do &amp; don\u2019t, termini ammessi, processi di approvazione e feedback, nonch\u00e9 un canale di reclamo per intercettare le critiche in una fase precoce. Per la redazione di questa linea guida pu\u00f2 essere utile dare anche uno sguardo alla \u201cGreen Claims Directive\u201d. Sebbene sia stata ritirata nell\u2019estate 2025, offre comunque informazioni preziose su quali affermazioni sono considerate dall\u2019UE a prova di greenwashing e su come possano essere documentate.<\/p>\n<p>[\/et_pb_text][et_pb_button button_url=&#8221;https:\/\/terra-institute.eu\/it\/comunicare-la-sostenibilita-direttiva-empowering-consumers\/#anmeldung&#8221; button_text=&#8221;Informazioni sul webinar informativo del 15 aprile 2026: ci\u00f2 che le aziende devono sapere ora&#8221; _builder_version=&#8221;4.27.4&#8243; _module_preset=&#8221;default&#8221; hover_enabled=&#8221;0&#8243; global_colors_info=&#8221;{}&#8221; theme_builder_area=&#8221;post_content&#8221; locked=&#8221;off&#8221; sticky_enabled=&#8221;0&#8243;][\/et_pb_button][et_pb_text _builder_version=&#8221;4.27.4&#8243; _module_preset=&#8221;default&#8221; custom_margin=&#8221;||1px|||&#8221; hover_enabled=&#8221;0&#8243; global_colors_info=&#8221;{}&#8221; theme_builder_area=&#8221;post_content&#8221; sticky_enabled=&#8221;0&#8243;]<\/p>\n<h3 data-start=\"3941\" data-end=\"4984\">Il futuro della comunicazione sulla sostenibilit\u00e0<\/h3>\n<p data-start=\"3941\" data-end=\"4984\">I prossimi anni porteranno con s\u00e9 diversi trend: meno simbologia \u201cverde\u201d come foglie e immagini della natura, poich\u00e9 spesso rappresentano metafore visive non ammissibili. Un cambiamento linguistico che si allontana dal termine \u201csostenibilit\u00e0\u201d per orientarsi verso concetti come responsabilit\u00e0, capacit\u00e0 di futuro e resilienza. Le imprese e i consumatori e le consumatrici svilupperanno una maggiore sensibilit\u00e0 per il greenwashing, un effetto che sar\u00e0 rafforzato da una regolamentazione pi\u00f9 efficace attraverso la direttiva EmpCo. L\u2019onest\u00e0 sui progressi, ma anche sui fallimenti, diventer\u00e0 pi\u00f9 importante. Nonostante le controtendenze politiche, il tema rester\u00e0 centrale, perch\u00e9 gli impatti del cambiamento climatico sono percepibili e lo saranno sempre pi\u00f9. Di conseguenza, si dovr\u00e0 riflettere di pi\u00f9 sulla comunicazione della sostenibilit\u00e0, anche dal punto di vista regolatorio, e ogni comunicazione richieder\u00e0 maggiori prove e pi\u00f9 trasparenza \u2013 una sfida non da poco per le imprese.<\/p>\n<h3 data-start=\"4986\" data-end=\"5637\">Leve per una comunicazione efficace<\/h3>\n<p data-start=\"4986\" data-end=\"5637\">Le professioniste e i professionisti della comunicazione possono fare molto: rendere visibile la trasparenza, mostrando come le misure siano state attuate e come i progressi siano misurabili. Meno affermare, pi\u00f9 mostrare \u2013 good practice invece di green claims. Aiuta un semplice reality check: presentare singole affermazioni a persone esterne per verificare se sono comprensibili. Marketing e PR hanno una responsabilit\u00e0, perch\u00e9 sono leve centrali nella trasformazione socio-ecologica. Anche per questo un sistema di coordinamento interno e il principio delle quattro occhi sono particolarmente importanti.<\/p>\n<p data-start=\"5639\" data-end=\"6486\">Molti errori di comunicazione nascono da una mancanza di coordinamento tra i reparti. Il marketing semplifica e perde i dettagli tecnici; i reparti specialistici forniscono dati senza contesto; le agenzie esterne amplificano i malintesi. La soluzione: incontri periodici congiunti tra tutte le aree rilevanti, traduzione invece di abbellimento, e un principio delle quattro occhi per tutti i claim ambientali. Prima di ogni pubblicazione, almeno due persone esperte verificano l\u2019affermazione in termini di correttezza, comprensibilit\u00e0 e conformit\u00e0 a EmpCo. Perch\u00e9 questo funzioni, la direzione aziendale deve mettere a disposizione le risorse necessarie. Le imprese che desiderano un livello di sicurezza ancora maggiore possono anche ricorrere a una consulenza legale, in modo che le proprie affermazioni vengano valutate da esperte ed esperti.<\/p>\n<h3 data-start=\"5639\" data-end=\"6486\">Sintesi<\/h3>\n<p data-start=\"6488\" data-end=\"7903\" data-is-last-node=\"\" data-is-only-node=\"\">In sintesi, si pu\u00f2 affermare che l\u2019autenticit\u00e0 non \u00e8 un \u201cnice-to-have\u201d, bens\u00ec la base di ogni comunicazione sulla sostenibilit\u00e0 credibile. Le aziende che pongono trasparenza e tracciabilit\u00e0 al centro creano fiducia \u2013 non attraverso grandi parole, ma tramite dati chiari, processi aperti e risposte oneste.<\/p>\n<p data-start=\"6488\" data-end=\"7903\" data-is-last-node=\"\" data-is-only-node=\"\">I rischi maggiori risiedono nell\u2019esagerazione, nella vaghezza e nella mancanza di verificabilit\u00e0. Chi evita questi no-go e formula invece affermazioni precise e comprovabili non solo si protegge dalle accuse di greenwashing, ma rafforza anche la propria reputazione.<br data-start=\"7062\" data-end=\"7065\" \/>Con la direttiva EmpCo questa esigenza diventa vincolante: dal 2026 i claim generici saranno superati e le aziende dovranno mostrare come calcolano e documentano gli impatti ambientali. Questo non \u00e8 un ostacolo, ma un\u2019opportunit\u00e0 per pi\u00f9 qualit\u00e0 e credibilit\u00e0.<br data-start=\"7325\" data-end=\"7328\" \/>Il futuro della comunicazione sar\u00e0 pi\u00f9 sobrio, basato sui fatti e pi\u00f9 onesto. Meno simbologia \u201cverde\u201d, pi\u00f9 responsabilit\u00e0 e trasparenza. Marketing e PR svolgono in questo un ruolo chiave: non sono solo moltiplicatori, ma attori attivi della trasformazione socio-ecologica.<br data-start=\"7600\" data-end=\"7603\" \/>Chi ora crea strutture \u2013 linee guida chiare, formazione, coordinamento interno e un principio delle quattro occhi \u2013 non sar\u00e0 solo \u201cEmpCo-ready\u201d, ma anche capace di futuro. Una cosa \u00e8 certa: la sostenibilit\u00e0 rester\u00e0. E le aziende che comunicano in modo aperto saranno le vincitrici di questo sviluppo.<\/p>\n<p data-start=\"6488\" data-end=\"7903\" data-is-last-node=\"\" data-is-only-node=\"\">\n<h4>TERRA ACADEMY<\/h4>\n<p>Insieme a Helene Thierig non solo abbiamo realizzato un&#8217;intervista, ma abbiamo anche creato un modulo dedicato alla comunicazione autentica sulla sostenibilit\u00e0 sulla nostra Terra Academy.<\/p>\n<p>Ti interessa? Scrivi direttamente a Helene: <a href=\"mailto:h.thierig@terra-institute.eu\">h.thierig@terra-institute.eu<\/a>.<\/p>\n<p>[\/et_pb_text][et_pb_text disabled_on=&#8221;on|on|on&#8221; _builder_version=&#8221;4.27.0&#8243; _module_preset=&#8221;default&#8221; disabled=&#8221;on&#8221; global_colors_info=&#8221;{}&#8221; theme_builder_area=&#8221;post_content&#8221;]<\/p>\n<h3>Teilnehmeranzahl begrenzt!<\/h3>\n<p>Die Pl\u00e4tze sind auf maximal 20 Teilnehmer:innen begrenzt. Dies erm\u00f6glicht uns einen besseren Austausch und auch die M\u00f6glichkeit, auf alle Fragen einzugehen.<\/p>\n<h3>Verbindlichkeit<\/h3>\n<p>F\u00fcr eine bessere Planung ist die Anmeldung verbindlich. Sollte dennoch nach Anmeldung etwas dazwischenkommen und die Teilnahme nicht m\u00f6glich sein, bitten wir um eine schnellstm\u00f6gliche Absage unter <a href=\"mailto:%20a.unger@terra-institute.eu\">a.unger@terra-institute.eu<\/a>.<\/p>\n<h3>Kosten und Transport<\/h3>\n<p>Die Kosten f\u00fcr die zwei Hoff\u00fchrungen und Verk\u00f6stigung werden vom Projekt \u00fcbernommen. Die Fahrtkosten sowie die Organisation der Anfahrt, Abfahrt und Transport zwischen den H\u00f6fen sind von den Teilnehmer:innen selbst zu \u00fcbernehmen. Bei einem JA im Formular teilen wir die Kontaktdaten der Teilnehmer:innen, um Fahrgemeinschaften zu erm\u00f6glichen.<\/p>\n<p>[\/et_pb_text][et_pb_text disabled_on=&#8221;on|on|on&#8221; module_id=&#8221;anmeldung&#8221; _builder_version=&#8221;4.24.2&#8243; _module_preset=&#8221;default&#8221; disabled=&#8221;on&#8221; global_colors_info=&#8221;{}&#8221; theme_builder_area=&#8221;post_content&#8221;]<\/p>\n<h3><\/h3>\n<h3>Webinar verpasst?<\/h3>\n<p>Dann schicken Sie uns doch gerne eine Nachricht mit Ihren Fragen an <a href=\"mailto:office@terra-institute.eu\">office@terra-institute.eu<\/a>.<\/p>\n<p>Bei gen\u00fcgend Interessent:innen werden wir das Webinar erneut veranstalten.<\/p>\n<p>[\/et_pb_text][\/et_pb_column][\/et_pb_row][et_pb_row column_structure=&#8221;1_2,1_2&#8243; _builder_version=&#8221;4.24.2&#8243; _module_preset=&#8221;default&#8221; custom_margin=&#8221;22px|auto||auto||&#8221; custom_padding=&#8221;1px||15px|||&#8221; global_colors_info=&#8221;{}&#8221; theme_builder_area=&#8221;post_content&#8221;][et_pb_column type=&#8221;1_2&#8243; _builder_version=&#8221;4.24.2&#8243; _module_preset=&#8221;default&#8221; global_colors_info=&#8221;{}&#8221; theme_builder_area=&#8221;post_content&#8221;][et_pb_button button_url=&#8221;#anmeldung&#8221; button_text=&#8221;Zur Anmeldung&#8221; disabled_on=&#8221;on|on|on&#8221; _builder_version=&#8221;4.27.0&#8243; _module_preset=&#8221;default&#8221; disabled=&#8221;on&#8221; global_colors_info=&#8221;{}&#8221; theme_builder_area=&#8221;post_content&#8221;][\/et_pb_button][et_pb_text _builder_version=&#8221;4.27.4&#8243; _module_preset=&#8221;default&#8221; custom_margin=&#8221;||-2px|||&#8221; global_colors_info=&#8221;{}&#8221; theme_builder_area=&#8221;post_content&#8221;]<\/p>\n<h3>Autrice<\/h3>\n<p>[\/et_pb_text][et_pb_image src=&#8221;https:\/\/terra-institute.eu\/wp-content\/uploads\/2023\/06\/Helene-Thierig.jpg&#8221; alt=&#8221;Profilbild Helene Thierig&#8221; title_text=&#8221;Helene Thierig&#8221; _builder_version=&#8221;4.27.4&#8243; _module_preset=&#8221;default&#8221; global_colors_info=&#8221;{}&#8221; theme_builder_area=&#8221;post_content&#8221;][\/et_pb_image][et_pb_text disabled_on=&#8221;on|on|on&#8221; _builder_version=&#8221;4.27.0&#8243; _module_preset=&#8221;default&#8221; disabled=&#8221;on&#8221; global_colors_info=&#8221;{}&#8221; theme_builder_area=&#8221;post_content&#8221;]<\/p>\n<h3>Teilnehmeranzahl begrenzt!<\/h3>\n<p>Die Pl\u00e4tze sind auf maximal 20 Teilnehmer:innen begrenzt. Dies erm\u00f6glicht uns einen besseren Austausch und auch die M\u00f6glichkeit, auf alle Fragen einzugehen.<\/p>\n<h3>Verbindlichkeit<\/h3>\n<p>F\u00fcr eine bessere Planung ist die Anmeldung verbindlich. Sollte dennoch nach Anmeldung etwas dazwischenkommen und die Teilnahme nicht m\u00f6glich sein, bitten wir um eine schnellstm\u00f6gliche Absage unter <a href=\"mailto:%20a.unger@terra-institute.eu\">a.unger@terra-institute.eu<\/a>.<\/p>\n<h3>Kosten und Transport<\/h3>\n<p>Die Kosten f\u00fcr die zwei Hoff\u00fchrungen und Verk\u00f6stigung werden vom Projekt \u00fcbernommen. Die Fahrtkosten sowie die Organisation der Anfahrt, Abfahrt und Transport zwischen den H\u00f6fen sind von den Teilnehmer:innen selbst zu \u00fcbernehmen. Bei einem JA im Formular teilen wir die Kontaktdaten der Teilnehmer:innen, um Fahrgemeinschaften zu erm\u00f6glichen.<\/p>\n<p>[\/et_pb_text][et_pb_text disabled_on=&#8221;on|on|on&#8221; module_id=&#8221;anmeldung&#8221; _builder_version=&#8221;4.24.2&#8243; _module_preset=&#8221;default&#8221; disabled=&#8221;on&#8221; global_colors_info=&#8221;{}&#8221; theme_builder_area=&#8221;post_content&#8221;]<\/p>\n<h3><\/h3>\n<h3>Webinar verpasst?<\/h3>\n<p>Dann schicken Sie uns doch gerne eine Nachricht mit Ihren Fragen an <a href=\"mailto:office@terra-institute.eu\">office@terra-institute.eu<\/a>.<\/p>\n<p>Bei gen\u00fcgend Interessent:innen werden wir das Webinar erneut veranstalten.<\/p>\n<p>[\/et_pb_text][\/et_pb_column][et_pb_column type=&#8221;1_2&#8243; _builder_version=&#8221;4.24.2&#8243; _module_preset=&#8221;default&#8221; global_colors_info=&#8221;{}&#8221; theme_builder_area=&#8221;post_content&#8221;][et_pb_text _builder_version=&#8221;4.27.4&#8243; _module_preset=&#8221;default&#8221; custom_margin=&#8221;||1px|||&#8221; hover_enabled=&#8221;0&#8243; global_colors_info=&#8221;{}&#8221; theme_builder_area=&#8221;post_content&#8221; sticky_enabled=&#8221;0&#8243;]<\/p>\n<p data-ccp-props=\"{&quot;335551550&quot;:1,&quot;335551620&quot;:1,&quot;335559683&quot;:0,&quot;335559685&quot;:0,&quot;335559731&quot;:0,&quot;335559737&quot;:0,&quot;335562764&quot;:2,&quot;335562765&quot;:1,&quot;335562766&quot;:4,&quot;335562767&quot;:0,&quot;335562768&quot;:4,&quot;335562769&quot;:0}\"><strong>Helene Thierig<br \/><\/strong><\/p>\n<p data-ccp-props=\"{&quot;335551550&quot;:1,&quot;335551620&quot;:1,&quot;335559683&quot;:0,&quot;335559685&quot;:0,&quot;335559731&quot;:0,&quot;335559737&quot;:0,&quot;335562764&quot;:2,&quot;335562765&quot;:1,&quot;335562766&quot;:4,&quot;335562767&quot;:0,&quot;335562768&quot;:4,&quot;335562769&quot;:0}\"><span data-usefontface=\"true\" data-contrast=\"none\" class=\"TextRun SCXP71788410 BCX8\" xml:lang=\"IT-IT\" lang=\"IT-IT\"><span class=\"NormalTextRun SCXP71788410 BCX8\">Helene<span>\u00a0<\/span><\/span><\/span><span data-usefontface=\"true\" data-contrast=\"none\" class=\"TextRun SpellingErrorZoomed SCXP71788410 BCX8\" xml:lang=\"IT-IT\" lang=\"IT-IT\"><span class=\"annotation-57aea658-fb9c-4316-bd34-0e3ed27124ed SCXP71788410 BCX8\">Thierig<\/span><\/span><span data-usefontface=\"true\" data-contrast=\"none\" class=\"TextRun SCXP71788410 BCX8\" xml:lang=\"IT-IT\" lang=\"IT-IT\"><span class=\"NormalTextRun SCXP71788410 BCX8\"><span>\u00a0<\/span>lavora dal 2021 presso il Terra Institute nei settori della rendicontazione,<span>\u00a0<\/span><\/span><\/span><span data-usefontface=\"true\" data-contrast=\"none\" class=\"TextRun SCXP71788410 BCX8\" xml:lang=\"IT-IT\" lang=\"IT-IT\"><span class=\"NormalTextRun SCXP71788410 BCX8\">della comunicazione e del turismo. Accompagna i processi partecipativi nei comuni<span>\u00a0<\/span><\/span><\/span><span data-usefontface=\"true\" data-contrast=\"none\" class=\"TextRun SCXP71788410 BCX8\" xml:lang=\"IT-IT\" lang=\"IT-IT\"><span class=\"annotation-c695a581-0b03-4a85-82ce-1b472020d951 ContextualSpellingAndGrammarErrorZoomed SCXP71788410 BCX8\">e<span>\u00a0<\/span><\/span><\/span><span data-usefontface=\"true\" data-contrast=\"none\" class=\"TextRun SCXP71788410 BCX8\" xml:lang=\"IT-IT\" lang=\"IT-IT\"><span class=\"annotation-c695a581-0b03-4a85-82ce-1b472020d951 ContextualSpellingAndGrammarErrorZoomed SCXP71788410 BCX8\">collabora<\/span><span class=\"NormalTextRun SCXP71788410 BCX8\"><span>\u00a0<\/span>con le aziende turistiche alla certificazione, alla redazione e alla preparazione<span>\u00a0<\/span><\/span><\/span><span data-usefontface=\"true\" data-contrast=\"none\" class=\"TextRun SCXP71788410 BCX8\" xml:lang=\"IT-IT\" lang=\"IT-IT\"><span class=\"NormalTextRun SCXP71788410 BCX8\">di rapporti sulla sostenibilit\u00e0. Grazie alla sua formazione linguistica, si occupa in modo<span>\u00a0<\/span><\/span><\/span><span data-usefontface=\"true\" data-contrast=\"none\" class=\"TextRun SCXP71788410 BCX8\" xml:lang=\"IT-IT\" lang=\"IT-IT\"><span class=\"NormalTextRun SCXP71788410 BCX8\">approfondito di tematiche relative alla comunicazione sulla sostenibilit\u00e0 e sul clima.<span>\u00a0<\/span><\/span><\/span><span data-usefontface=\"true\" data-contrast=\"none\" class=\"TextRun SCXP71788410 BCX8\" xml:lang=\"IT-IT\" lang=\"IT-IT\"><span class=\"NormalTextRun SCXP71788410 BCX8\">Helene<span>\u00a0<\/span><\/span><\/span><span data-usefontface=\"true\" data-contrast=\"none\" class=\"TextRun SpellingErrorZoomed SCXP71788410 BCX8\" xml:lang=\"IT-IT\" lang=\"IT-IT\"><span class=\"annotation-57aea658-fb9c-4316-bd34-0e3ed27124ed SCXP71788410 BCX8\">Thierig<\/span><\/span><span data-usefontface=\"true\" data-contrast=\"none\" class=\"TextRun SCXP71788410 BCX8\" xml:lang=\"IT-IT\" lang=\"IT-IT\"><span class=\"NormalTextRun SCXP71788410 BCX8\"><span>\u00a0<\/span>\u00e8 consulente<span>\u00a0<\/span><\/span><\/span><span data-usefontface=\"true\" data-contrast=\"none\" class=\"TextRun SCXP71788410 BCX8\" xml:lang=\"IT-IT\" lang=\"IT-IT\"><span class=\"NormalTextRun SCXP71788410 BCX8\">per l\u2019ecolabel austriaco<\/span><\/span><span data-usefontface=\"true\" data-contrast=\"none\" class=\"TextRun SCXP71788410 BCX8\" xml:lang=\"IT-IT\" lang=\"IT-IT\"><span class=\"NormalTextRun SCXP71788410 BCX8\">.<\/span><\/span>\u200b<\/p>\n<p data-ccp-props=\"{&quot;335551550&quot;:1,&quot;335551620&quot;:1,&quot;335559683&quot;:0,&quot;335559685&quot;:0,&quot;335559731&quot;:0,&quot;335559737&quot;:0,&quot;335562764&quot;:2,&quot;335562765&quot;:1,&quot;335562766&quot;:4,&quot;335562767&quot;:0,&quot;335562768&quot;:4,&quot;335562769&quot;:0}\"><span>\ud83d\udce9\u00a0<strong data-start=\"6854\" data-end=\"6866\">Domande?<\/strong>\u00a0<a href=\"mailto:h.thierig@terra-institute.eu\" target=\"_blank\" rel=\"noopener\">h.thierig@terra-institute.eu<\/a><\/span><\/p>\n<p>[\/et_pb_text][\/et_pb_column][\/et_pb_row][\/et_pb_section]<\/p>\n","protected":false},"excerpt":{"rendered":"<p>Autenticit\u00e0 nella comunicazione sulla sostenibilit\u00e0 L\u2019autenticit\u00e0 \u00e8 il fondamento di ogni comunicazione sulla sostenibilit\u00e0 di successo. Ma come si pu\u00f2 capire se un\u2019azienda fa davvero sul serio \u2013 o se la comunicazione \u00e8 solo facciata? Ci sono due criteri centrali: in primo luogo, l\u2019accessibilit\u00e0 delle informazioni. Le aziende credibili rendono facile trovare i contenuti rilevanti. [&hellip;]<\/p>\n","protected":false},"author":5,"featured_media":255110,"comment_status":"open","ping_status":"open","sticky":false,"template":"","format":"standard","meta":{"_et_pb_use_builder":"on","_et_pb_old_content":"","_et_gb_content_width":"","footnotes":""},"categories":[34],"tags":[50,51],"class_list":["post-255109","post","type-post","status-publish","format-standard","has-post-thumbnail","hentry","category-blog","tag-strategia-di-sostenibilita","tag-terra-academy"],"yoast_head":"<!-- This site is optimized with the Yoast SEO plugin v26.9 - https:\/\/yoast.com\/product\/yoast-seo-wordpress\/ -->\n<title>EmpCo e il futuro della comunicazione sulla sostenibilit\u00e0<\/title>\n<meta name=\"description\" content=\"EmpCo e comunicazione sulla sostenibilit\u00e0: perch\u00e9 autenticit\u00e0, trasparenza e dati verificabili conteranno sempre di pi\u00f9.\" \/>\n<meta name=\"robots\" content=\"index, follow, max-snippet:-1, max-image-preview:large, max-video-preview:-1\" \/>\n<link rel=\"canonical\" href=\"https:\/\/terra-institute.eu\/it\/empco-e-il-futuro-della-comunicazione-sulla-sostenibilita\/\" \/>\n<meta property=\"og:locale\" content=\"it_IT\" \/>\n<meta property=\"og:type\" content=\"article\" \/>\n<meta property=\"og:title\" content=\"EmpCo e il futuro della comunicazione sulla sostenibilit\u00e0\" \/>\n<meta property=\"og:description\" content=\"EmpCo e comunicazione sulla sostenibilit\u00e0: perch\u00e9 autenticit\u00e0, trasparenza e dati verificabili conteranno sempre di pi\u00f9.\" \/>\n<meta property=\"og:url\" content=\"https:\/\/terra-institute.eu\/it\/empco-e-il-futuro-della-comunicazione-sulla-sostenibilita\/\" \/>\n<meta property=\"og:site_name\" content=\"Terra Institute\" \/>\n<meta property=\"article:publisher\" content=\"https:\/\/www.facebook.com\/TerraInstitute\" \/>\n<meta property=\"article:published_time\" content=\"2025-12-10T06:00:00+00:00\" \/>\n<meta property=\"article:modified_time\" content=\"2026-03-27T11:36:51+00:00\" \/>\n<meta property=\"og:image\" content=\"https:\/\/terra-institute.eu\/it\/wp-content\/uploads\/2025\/12\/grano_comunicazione-sulla-sostenibilita.jpg\" \/>\n\t<meta property=\"og:image:width\" content=\"1280\" \/>\n\t<meta property=\"og:image:height\" content=\"853\" \/>\n\t<meta property=\"og:image:type\" content=\"image\/jpeg\" \/>\n<meta name=\"author\" content=\"STauber\" \/>\n<meta name=\"twitter:card\" content=\"summary_large_image\" \/>\n<meta name=\"twitter:creator\" content=\"@STauber\" \/>\n<meta name=\"twitter:site\" content=\"@terra_institute\" \/>\n<meta name=\"twitter:label1\" content=\"Scritto da\" \/>\n\t<meta name=\"twitter:data1\" content=\"STauber\" \/>\n\t<meta name=\"twitter:label2\" content=\"Tempo di lettura stimato\" \/>\n\t<meta name=\"twitter:data2\" content=\"7 minuti\" \/>\n<script type=\"application\/ld+json\" class=\"yoast-schema-graph\">{\"@context\":\"https:\/\/schema.org\",\"@graph\":[{\"@type\":\"Article\",\"@id\":\"https:\/\/terra-institute.eu\/it\/empco-e-il-futuro-della-comunicazione-sulla-sostenibilita\/#article\",\"isPartOf\":{\"@id\":\"https:\/\/terra-institute.eu\/it\/empco-e-il-futuro-della-comunicazione-sulla-sostenibilita\/\"},\"author\":{\"name\":\"STauber\",\"@id\":\"https:\/\/terra-institute.eu\/it\/#\/schema\/person\/94b4e9b0ba2c9136492a67cfc3e95edd\"},\"headline\":\"EmpCo e il futuro della comunicazione sulla sostenibilit\u00e0: perch\u00e9 l\u2019autenticit\u00e0 \u00e8 ora decisiva\",\"datePublished\":\"2025-12-10T06:00:00+00:00\",\"dateModified\":\"2026-03-27T11:36:51+00:00\",\"mainEntityOfPage\":{\"@id\":\"https:\/\/terra-institute.eu\/it\/empco-e-il-futuro-della-comunicazione-sulla-sostenibilita\/\"},\"wordCount\":2056,\"commentCount\":0,\"image\":{\"@id\":\"https:\/\/terra-institute.eu\/it\/empco-e-il-futuro-della-comunicazione-sulla-sostenibilita\/#primaryimage\"},\"thumbnailUrl\":\"https:\/\/terra-institute.eu\/it\/wp-content\/uploads\/2025\/12\/grano_comunicazione-sulla-sostenibilita.jpg\",\"keywords\":[\"STRATEGIA DI SOSTENIBILIT\u00e0\",\"TERRA ACADEMY\"],\"articleSection\":[\"blog\"],\"inLanguage\":\"it-IT\",\"potentialAction\":[{\"@type\":\"CommentAction\",\"name\":\"Comment\",\"target\":[\"https:\/\/terra-institute.eu\/it\/empco-e-il-futuro-della-comunicazione-sulla-sostenibilita\/#respond\"]}]},{\"@type\":\"WebPage\",\"@id\":\"https:\/\/terra-institute.eu\/it\/empco-e-il-futuro-della-comunicazione-sulla-sostenibilita\/\",\"url\":\"https:\/\/terra-institute.eu\/it\/empco-e-il-futuro-della-comunicazione-sulla-sostenibilita\/\",\"name\":\"EmpCo e il futuro della comunicazione sulla sostenibilit\u00e0\",\"isPartOf\":{\"@id\":\"https:\/\/terra-institute.eu\/it\/#website\"},\"primaryImageOfPage\":{\"@id\":\"https:\/\/terra-institute.eu\/it\/empco-e-il-futuro-della-comunicazione-sulla-sostenibilita\/#primaryimage\"},\"image\":{\"@id\":\"https:\/\/terra-institute.eu\/it\/empco-e-il-futuro-della-comunicazione-sulla-sostenibilita\/#primaryimage\"},\"thumbnailUrl\":\"https:\/\/terra-institute.eu\/it\/wp-content\/uploads\/2025\/12\/grano_comunicazione-sulla-sostenibilita.jpg\",\"datePublished\":\"2025-12-10T06:00:00+00:00\",\"dateModified\":\"2026-03-27T11:36:51+00:00\",\"author\":{\"@id\":\"https:\/\/terra-institute.eu\/it\/#\/schema\/person\/94b4e9b0ba2c9136492a67cfc3e95edd\"},\"description\":\"EmpCo e comunicazione sulla sostenibilit\u00e0: perch\u00e9 autenticit\u00e0, trasparenza e dati verificabili conteranno sempre di pi\u00f9.\",\"breadcrumb\":{\"@id\":\"https:\/\/terra-institute.eu\/it\/empco-e-il-futuro-della-comunicazione-sulla-sostenibilita\/#breadcrumb\"},\"inLanguage\":\"it-IT\",\"potentialAction\":[{\"@type\":\"ReadAction\",\"target\":[\"https:\/\/terra-institute.eu\/it\/empco-e-il-futuro-della-comunicazione-sulla-sostenibilita\/\"]}]},{\"@type\":\"ImageObject\",\"inLanguage\":\"it-IT\",\"@id\":\"https:\/\/terra-institute.eu\/it\/empco-e-il-futuro-della-comunicazione-sulla-sostenibilita\/#primaryimage\",\"url\":\"https:\/\/terra-institute.eu\/it\/wp-content\/uploads\/2025\/12\/grano_comunicazione-sulla-sostenibilita.jpg\",\"contentUrl\":\"https:\/\/terra-institute.eu\/it\/wp-content\/uploads\/2025\/12\/grano_comunicazione-sulla-sostenibilita.jpg\",\"width\":1280,\"height\":853,\"caption\":\"grano_comunicazione sulla sostenibilit\u00e0\"},{\"@type\":\"BreadcrumbList\",\"@id\":\"https:\/\/terra-institute.eu\/it\/empco-e-il-futuro-della-comunicazione-sulla-sostenibilita\/#breadcrumb\",\"itemListElement\":[{\"@type\":\"ListItem\",\"position\":1,\"name\":\"Home\",\"item\":\"https:\/\/terra-institute.eu\/it\/\"},{\"@type\":\"ListItem\",\"position\":2,\"name\":\"EmpCo e il futuro della comunicazione sulla sostenibilit\u00e0: perch\u00e9 l\u2019autenticit\u00e0 \u00e8 ora decisiva\"}]},{\"@type\":\"WebSite\",\"@id\":\"https:\/\/terra-institute.eu\/it\/#website\",\"url\":\"https:\/\/terra-institute.eu\/it\/\",\"name\":\"Terra Institute\",\"description\":\"Empowering Responsible Growth\",\"potentialAction\":[{\"@type\":\"SearchAction\",\"target\":{\"@type\":\"EntryPoint\",\"urlTemplate\":\"https:\/\/terra-institute.eu\/it\/?s={search_term_string}\"},\"query-input\":{\"@type\":\"PropertyValueSpecification\",\"valueRequired\":true,\"valueName\":\"search_term_string\"}}],\"inLanguage\":\"it-IT\"},{\"@type\":\"Person\",\"@id\":\"https:\/\/terra-institute.eu\/it\/#\/schema\/person\/94b4e9b0ba2c9136492a67cfc3e95edd\",\"name\":\"STauber\",\"image\":{\"@type\":\"ImageObject\",\"inLanguage\":\"it-IT\",\"@id\":\"https:\/\/terra-institute.eu\/it\/#\/schema\/person\/image\/\",\"url\":\"https:\/\/secure.gravatar.com\/avatar\/7b58d476a8e3ca28ed666205e6c5ff556ab94a161aa48a4b4cf289781d6b1076?s=96&d=mm&r=g\",\"contentUrl\":\"https:\/\/secure.gravatar.com\/avatar\/7b58d476a8e3ca28ed666205e6c5ff556ab94a161aa48a4b4cf289781d6b1076?s=96&d=mm&r=g\",\"caption\":\"STauber\"},\"sameAs\":[\"https:\/\/x.com\/STauber\"],\"url\":\"https:\/\/terra-institute.eu\/it\/author\/stauber\/\"}]}<\/script>\n<!-- \/ Yoast SEO plugin. -->","yoast_head_json":{"title":"EmpCo e il futuro della comunicazione sulla sostenibilit\u00e0","description":"EmpCo e comunicazione sulla sostenibilit\u00e0: perch\u00e9 autenticit\u00e0, trasparenza e dati verificabili conteranno sempre di pi\u00f9.","robots":{"index":"index","follow":"follow","max-snippet":"max-snippet:-1","max-image-preview":"max-image-preview:large","max-video-preview":"max-video-preview:-1"},"canonical":"https:\/\/terra-institute.eu\/it\/empco-e-il-futuro-della-comunicazione-sulla-sostenibilita\/","og_locale":"it_IT","og_type":"article","og_title":"EmpCo e il futuro della comunicazione sulla sostenibilit\u00e0","og_description":"EmpCo e comunicazione sulla sostenibilit\u00e0: perch\u00e9 autenticit\u00e0, trasparenza e dati verificabili conteranno sempre di pi\u00f9.","og_url":"https:\/\/terra-institute.eu\/it\/empco-e-il-futuro-della-comunicazione-sulla-sostenibilita\/","og_site_name":"Terra Institute","article_publisher":"https:\/\/www.facebook.com\/TerraInstitute","article_published_time":"2025-12-10T06:00:00+00:00","article_modified_time":"2026-03-27T11:36:51+00:00","og_image":[{"width":1280,"height":853,"url":"https:\/\/terra-institute.eu\/it\/wp-content\/uploads\/2025\/12\/grano_comunicazione-sulla-sostenibilita.jpg","type":"image\/jpeg"}],"author":"STauber","twitter_card":"summary_large_image","twitter_creator":"@STauber","twitter_site":"@terra_institute","twitter_misc":{"Scritto da":"STauber","Tempo di lettura stimato":"7 minuti"},"schema":{"@context":"https:\/\/schema.org","@graph":[{"@type":"Article","@id":"https:\/\/terra-institute.eu\/it\/empco-e-il-futuro-della-comunicazione-sulla-sostenibilita\/#article","isPartOf":{"@id":"https:\/\/terra-institute.eu\/it\/empco-e-il-futuro-della-comunicazione-sulla-sostenibilita\/"},"author":{"name":"STauber","@id":"https:\/\/terra-institute.eu\/it\/#\/schema\/person\/94b4e9b0ba2c9136492a67cfc3e95edd"},"headline":"EmpCo e il futuro della comunicazione sulla sostenibilit\u00e0: perch\u00e9 l\u2019autenticit\u00e0 \u00e8 ora decisiva","datePublished":"2025-12-10T06:00:00+00:00","dateModified":"2026-03-27T11:36:51+00:00","mainEntityOfPage":{"@id":"https:\/\/terra-institute.eu\/it\/empco-e-il-futuro-della-comunicazione-sulla-sostenibilita\/"},"wordCount":2056,"commentCount":0,"image":{"@id":"https:\/\/terra-institute.eu\/it\/empco-e-il-futuro-della-comunicazione-sulla-sostenibilita\/#primaryimage"},"thumbnailUrl":"https:\/\/terra-institute.eu\/it\/wp-content\/uploads\/2025\/12\/grano_comunicazione-sulla-sostenibilita.jpg","keywords":["STRATEGIA DI SOSTENIBILIT\u00e0","TERRA ACADEMY"],"articleSection":["blog"],"inLanguage":"it-IT","potentialAction":[{"@type":"CommentAction","name":"Comment","target":["https:\/\/terra-institute.eu\/it\/empco-e-il-futuro-della-comunicazione-sulla-sostenibilita\/#respond"]}]},{"@type":"WebPage","@id":"https:\/\/terra-institute.eu\/it\/empco-e-il-futuro-della-comunicazione-sulla-sostenibilita\/","url":"https:\/\/terra-institute.eu\/it\/empco-e-il-futuro-della-comunicazione-sulla-sostenibilita\/","name":"EmpCo e il futuro della comunicazione sulla sostenibilit\u00e0","isPartOf":{"@id":"https:\/\/terra-institute.eu\/it\/#website"},"primaryImageOfPage":{"@id":"https:\/\/terra-institute.eu\/it\/empco-e-il-futuro-della-comunicazione-sulla-sostenibilita\/#primaryimage"},"image":{"@id":"https:\/\/terra-institute.eu\/it\/empco-e-il-futuro-della-comunicazione-sulla-sostenibilita\/#primaryimage"},"thumbnailUrl":"https:\/\/terra-institute.eu\/it\/wp-content\/uploads\/2025\/12\/grano_comunicazione-sulla-sostenibilita.jpg","datePublished":"2025-12-10T06:00:00+00:00","dateModified":"2026-03-27T11:36:51+00:00","author":{"@id":"https:\/\/terra-institute.eu\/it\/#\/schema\/person\/94b4e9b0ba2c9136492a67cfc3e95edd"},"description":"EmpCo e comunicazione sulla sostenibilit\u00e0: perch\u00e9 autenticit\u00e0, trasparenza e dati verificabili conteranno sempre di pi\u00f9.","breadcrumb":{"@id":"https:\/\/terra-institute.eu\/it\/empco-e-il-futuro-della-comunicazione-sulla-sostenibilita\/#breadcrumb"},"inLanguage":"it-IT","potentialAction":[{"@type":"ReadAction","target":["https:\/\/terra-institute.eu\/it\/empco-e-il-futuro-della-comunicazione-sulla-sostenibilita\/"]}]},{"@type":"ImageObject","inLanguage":"it-IT","@id":"https:\/\/terra-institute.eu\/it\/empco-e-il-futuro-della-comunicazione-sulla-sostenibilita\/#primaryimage","url":"https:\/\/terra-institute.eu\/it\/wp-content\/uploads\/2025\/12\/grano_comunicazione-sulla-sostenibilita.jpg","contentUrl":"https:\/\/terra-institute.eu\/it\/wp-content\/uploads\/2025\/12\/grano_comunicazione-sulla-sostenibilita.jpg","width":1280,"height":853,"caption":"grano_comunicazione sulla sostenibilit\u00e0"},{"@type":"BreadcrumbList","@id":"https:\/\/terra-institute.eu\/it\/empco-e-il-futuro-della-comunicazione-sulla-sostenibilita\/#breadcrumb","itemListElement":[{"@type":"ListItem","position":1,"name":"Home","item":"https:\/\/terra-institute.eu\/it\/"},{"@type":"ListItem","position":2,"name":"EmpCo e il futuro della comunicazione sulla sostenibilit\u00e0: perch\u00e9 l\u2019autenticit\u00e0 \u00e8 ora decisiva"}]},{"@type":"WebSite","@id":"https:\/\/terra-institute.eu\/it\/#website","url":"https:\/\/terra-institute.eu\/it\/","name":"Terra Institute","description":"Empowering Responsible Growth","potentialAction":[{"@type":"SearchAction","target":{"@type":"EntryPoint","urlTemplate":"https:\/\/terra-institute.eu\/it\/?s={search_term_string}"},"query-input":{"@type":"PropertyValueSpecification","valueRequired":true,"valueName":"search_term_string"}}],"inLanguage":"it-IT"},{"@type":"Person","@id":"https:\/\/terra-institute.eu\/it\/#\/schema\/person\/94b4e9b0ba2c9136492a67cfc3e95edd","name":"STauber","image":{"@type":"ImageObject","inLanguage":"it-IT","@id":"https:\/\/terra-institute.eu\/it\/#\/schema\/person\/image\/","url":"https:\/\/secure.gravatar.com\/avatar\/7b58d476a8e3ca28ed666205e6c5ff556ab94a161aa48a4b4cf289781d6b1076?s=96&d=mm&r=g","contentUrl":"https:\/\/secure.gravatar.com\/avatar\/7b58d476a8e3ca28ed666205e6c5ff556ab94a161aa48a4b4cf289781d6b1076?s=96&d=mm&r=g","caption":"STauber"},"sameAs":["https:\/\/x.com\/STauber"],"url":"https:\/\/terra-institute.eu\/it\/author\/stauber\/"}]}},"_links":{"self":[{"href":"https:\/\/terra-institute.eu\/it\/wp-json\/wp\/v2\/posts\/255109","targetHints":{"allow":["GET"]}}],"collection":[{"href":"https:\/\/terra-institute.eu\/it\/wp-json\/wp\/v2\/posts"}],"about":[{"href":"https:\/\/terra-institute.eu\/it\/wp-json\/wp\/v2\/types\/post"}],"author":[{"embeddable":true,"href":"https:\/\/terra-institute.eu\/it\/wp-json\/wp\/v2\/users\/5"}],"replies":[{"embeddable":true,"href":"https:\/\/terra-institute.eu\/it\/wp-json\/wp\/v2\/comments?post=255109"}],"version-history":[{"count":8,"href":"https:\/\/terra-institute.eu\/it\/wp-json\/wp\/v2\/posts\/255109\/revisions"}],"predecessor-version":[{"id":255337,"href":"https:\/\/terra-institute.eu\/it\/wp-json\/wp\/v2\/posts\/255109\/revisions\/255337"}],"wp:featuredmedia":[{"embeddable":true,"href":"https:\/\/terra-institute.eu\/it\/wp-json\/wp\/v2\/media\/255110"}],"wp:attachment":[{"href":"https:\/\/terra-institute.eu\/it\/wp-json\/wp\/v2\/media?parent=255109"}],"wp:term":[{"taxonomy":"category","embeddable":true,"href":"https:\/\/terra-institute.eu\/it\/wp-json\/wp\/v2\/categories?post=255109"},{"taxonomy":"post_tag","embeddable":true,"href":"https:\/\/terra-institute.eu\/it\/wp-json\/wp\/v2\/tags?post=255109"}],"curies":[{"name":"wp","href":"https:\/\/api.w.org\/{rel}","templated":true}]}}