{"id":255082,"date":"2025-12-09T06:00:00","date_gmt":"2025-12-09T05:00:00","guid":{"rendered":"https:\/\/terra-institute.eu\/it\/?p=255082"},"modified":"2025-12-17T16:11:19","modified_gmt":"2025-12-17T15:11:19","slug":"esg-come-fattore-di-successo","status":"publish","type":"post","link":"https:\/\/terra-institute.eu\/it\/esg-come-fattore-di-successo\/","title":{"rendered":"ESG come fattore di successo per le PMI"},"content":{"rendered":"<p>[et_pb_section fb_built=&#8221;1&#8243; admin_label=&#8221;Sezione&#8221; _builder_version=&#8221;4.24.2&#8243; _module_preset=&#8221;default&#8221; custom_padding=&#8221;9px|||||&#8221; locked=&#8221;off&#8221; global_colors_info=&#8221;{}&#8221; theme_builder_area=&#8221;post_content&#8221;][et_pb_row _builder_version=&#8221;4.24.2&#8243; _module_preset=&#8221;default&#8221; custom_margin=&#8221;22px|auto||auto||&#8221; custom_padding=&#8221;1px||15px|||&#8221; global_colors_info=&#8221;{}&#8221; theme_builder_area=&#8221;post_content&#8221;][et_pb_column type=&#8221;4_4&#8243; _builder_version=&#8221;4.24.2&#8243; _module_preset=&#8221;default&#8221; global_colors_info=&#8221;{}&#8221; theme_builder_area=&#8221;post_content&#8221;][et_pb_text _builder_version=&#8221;4.27.4&#8243; _module_preset=&#8221;default&#8221; custom_margin=&#8221;||1px|||&#8221; global_colors_info=&#8221;{}&#8221; theme_builder_area=&#8221;post_content&#8221;]<\/p>\n<h2 data-start=\"0\" data-end=\"121\">Perch\u00e9 oggi la sostenibilit\u00e0 \u00e8 determinante per ordini, costi e finanziamenti<\/h2>\n<p data-start=\"123\" data-end=\"602\"><strong>La sostenibilit\u00e0 non \u00e8 da tempo pi\u00f9 un tema di immagine per il Mittelstand. Oggi decide sulla competitivit\u00e0, sulle condizioni di finanziamento, sulle gare d\u2019appalto e sulla stabilit\u00e0 della catena di fornitura. Le regole del mercato stanno cambiando: il finanziamento diventa guidato dai dati, le gare richiedono trasparenza sulle emissioni di CO\u2082, le catene di fornitura vengono rivalutate e i clienti preferiscono prodotti efficienti, durevoli e a basso impatto sulle risorse.<\/strong><\/p>\n<p data-start=\"604\" data-end=\"1169\">In questo contesto, anche l\u2019ESG si sposta sempre pi\u00f9 al centro. ESG sta per Environmental, Social e Governance \u2013 quindi ambiente, responsabilit\u00e0 sociale e buona governance aziendale. In pratica significa: quanto efficientemente un\u2019azienda utilizza energia e risorse (E), come tratta le persone nella catena di fornitura e nella propria forza lavoro (S) e quanto bene sono gestiti processi, dati e decisioni (G). Proprio queste aree determinano oggi in misura crescente come un\u2019azienda viene percepita sul mercato \u2013 e se rimane economicamente pronta per il futuro.<\/p>\n<p data-start=\"1171\" data-end=\"1587\">Naturalmente l\u2019ESG comporta un ulteriore impegno \u2013 come qualunque trasformazione strategica. Ma il non agire \u00e8 ormai diventata l\u2019opzione pi\u00f9 costosa. Chi si muove in anticipo crea le basi per vantaggi economici misurabili: costi pi\u00f9 bassi, catene di fornitura pi\u00f9 stabili, nuovi mercati e condizioni di finanziamento pi\u00f9 favorevoli. L\u2019impegno quindi si ripaga. Spesso anche pi\u00f9 velocemente di quanto ci si aspetti.<\/p>\n<p data-start=\"1589\" data-end=\"1762\">La domanda decisiva non \u00e8 pi\u00f9: \u00ab<strong>Ci serve davvero l\u2019ESG?<\/strong>\u00bb bens\u00ec: \u00ab<strong>Come possiamo utilizzare l\u2019ESG in modo mirato come fattore di successo per il nostro modello di business?<\/strong>\u00bb<\/p>\n<h3 data-start=\"1765\" data-end=\"1810\">Il cambiamento avviene \u2013 con o senza di noi<\/h3>\n<p data-start=\"1812\" data-end=\"2240\">Alcune aziende aspettano ancora di vedere se l\u2019ESG diventer\u00e0 \u201cabbastanza rilevante\u201d. Ma la trasformazione \u00e8 gi\u00e0 in corso in ogni Paese, in ogni regione, in ogni settore \u2013 indipendentemente dal fatto che si partecipi attivamente o meno. Ed \u00e8 proprio qui che risiede il rischio: chi agisce troppo tardi pu\u00f2 solo reagire e si trova in seguito a dover recuperare il doppio \u2013 investire il doppio \u2013 o viene semplicemente sorpassato.<\/p>\n<p data-start=\"2242\" data-end=\"2352\">Il fatto \u00e8: le aziende che restano indietro nella trasformazione percepiscono sempre pi\u00f9 i seguenti effetti:<\/p>\n<ol>\n<li data-start=\"2354\" data-end=\"2907\"><strong data-start=\"2354\" data-end=\"2395\">Il finanziamento diventa pi\u00f9 costoso:<\/strong><br data-start=\"2395\" data-end=\"2398\" \/>Le banche collegano sempre pi\u00f9 spesso la concessione del credito ai dati ESG. Chi non pu\u00f2 presentare dati solidi su energia, emissioni, catene di fornitura o gestione dei rischi climatici appare pi\u00f9 rischioso agli occhi delle banche. Le conseguenze possono essere condizioni di finanziamento peggiori, tassi di interesse pi\u00f9 elevati o persino richieste di credito respinte. Per le aziende che vogliono investire, modernizzare o crescere, questo pu\u00f2 diventare rapidamente uno svantaggio competitivo concreto.<\/li>\n<li data-start=\"2909\" data-end=\"3404\"><strong data-start=\"2909\" data-end=\"2945\">I grandi clienti cambiano rotta:<\/strong><br data-start=\"2945\" data-end=\"2948\" \/>A causa delle leggi sulle catene di fornitura, degli obiettivi Scope 3 e delle strategie climatiche interne, le grandi aziende si aspettano trasparenza dai loro fornitori. Chi non \u00e8 in grado di fornirla o genera emissioni significativamente superiori alla media perde opportunit\u00e0 di ordine \u2013 spesso senza che ci\u00f2 venga comunicato apertamente. In particolare le PMI molto legate a pochi grandi clienti corrono qui un rischio reale di perdita di fatturato.<\/li>\n<li data-start=\"3406\" data-end=\"3887\"><strong data-start=\"3406\" data-end=\"3468\">I costi di energia e materiali aumentano in modo duraturo:<\/strong><br data-start=\"3468\" data-end=\"3471\" \/>Prezzi dell\u2019energia, costi delle materie prime e prezzi della CO\u2082 non solo sono aumentati negli ultimi anni, ma restano anche volatili. Le aziende che non migliorano i propri processi e la propria efficienza o non costruiscono alternative pagano nel lungo periodo costi operativi significativamente pi\u00f9 elevati rispetto ai concorrenti che utilizzano efficienza energetica, recupero del calore o processi circolari.<\/li>\n<li data-start=\"3889\" data-end=\"4339\"><strong data-start=\"3889\" data-end=\"3925\">Le quote di mercato si spostano:<\/strong><br data-start=\"3925\" data-end=\"3928\" \/>Prodotti riparabili, durevoli, efficienti nell\u2019uso delle risorse o climaticamente pi\u00f9 sostenibili si affermano sempre di pi\u00f9. Le aziende che non soddisfano queste aspettative vengono rapidamente percepite come costose, obsolete o rischiose. Chi reagisce troppo tardi e continua a produrre in modo lineare perde nel medio termine vantaggi di prezzo e possibilit\u00e0 di differenziazione e rischia quote di mercato.<\/li>\n<li data-start=\"4341\" data-end=\"4823\"><strong data-start=\"4341\" data-end=\"4393\">L\u2019attrattivit\u00e0 come datore di lavoro diminuisce:<\/strong><br data-start=\"4393\" data-end=\"4396\" \/>Soprattutto i giovani talenti chiedono sempre pi\u00f9 chiarezza: per cosa si batte l\u2019azienda, quanto \u00e8 pronta per il futuro, quanto responsabilmente lavora? Datori di lavoro privi di una chiara strategia ESG appaiono rapidamente poco attraenti \u2013 e perdono talenti a favore di concorrenti pi\u00f9 moderni. Ci\u00f2 aggrava le carenze di personale esistenti, aumenta i costi di reclutamento e riduce la capacit\u00e0 di innovazione dell\u2019azienda.<\/li>\n<li data-start=\"4825\" data-end=\"5249\"><strong data-start=\"4825\" data-end=\"4876\">Aumentano i rischi di compliance e reputazione:<\/strong><br data-start=\"4876\" data-end=\"4879\" \/>Senza dati ESG solidi aumenta il rischio di errori in report, attestazioni o requisiti normativi. Le violazioni di compliance possono portare a sanzioni, prescrizioni o problemi legali \u2013 e nel peggiore dei casi a critiche pubbliche. Inoltre, le aziende che non possono comprovare le proprie affermazioni di sostenibilit\u00e0 rischiano di essere accusate di \u201cgreenwashing\u201d.<\/li>\n<\/ol>\n<p data-start=\"5251\" data-end=\"5601\">Con questo non voglio spaventarvi. Non si tratta di fare pressione, ma di rafforzare la vostra capacit\u00e0 di agire. La buona notizia \u00e8: tutti questi rischi possono essere affrontati con le stesse misure che comunque fanno progredire economicamente le aziende \u2013 processi pi\u00f9 efficienti, dati migliori, nuovi modelli di business e una chiara strategia!<\/p>\n<p><span>\u00a0<\/span><\/p>\n<h3>I sei leve ESG pi\u00f9 efficaci per le aziende di medie dimensioni<\/h3>\n<p>In oltre 15 anni di collaborazione con aziende del Mittelstand, al Terra Institute sei leve si sono rivelate particolarmente decisive:<\/p>\n<ol>\n<li><a href=\"#strategie\"><strong><span>Ancorare l\u2019ESG nella strategia aziendale<\/span><\/strong><\/a><\/li>\n<li><a href=\"#dekarbonisierung\"><strong><span>Ridurre il consumo energetico e promuovere la decarbonizzazione<\/span><\/strong><\/a><\/li>\n<li><a href=\"#ce\"><strong><span>Pensare materiali e prodotti in modo circolare<\/span><\/strong><\/a><\/li>\n<li><a href=\"#lieferketten\"><strong><span>Rendere le catene di fornitura stabili e conformi alle norme<\/span><\/strong><\/a><\/li>\n<li><a href=\"#reporting\"><strong><span>Utilizzare dati e reporting come base di gestione<\/span><\/strong><\/a><\/li>\n<li><a href=\"#bildungkultur\"><strong><span>Abilitare i collaboratori \u2013 costruire cultura e competenze<\/span><\/strong><\/a><\/li>\n<\/ol>\n<p>Di seguito vi offro una breve panoramica delle leve e delle opportunit\u00e0 che ne derivano. Per ciascuna leva seguir\u00e0 a breve un articolo di blog dettagliato con esempi pratici dei nostri esperti, che collegheremo dopo la sezione dedicata alle leve.<\/p>\n<p>[\/et_pb_text][et_pb_text disabled_on=&#8221;on|on|on&#8221; _builder_version=&#8221;4.27.0&#8243; _module_preset=&#8221;default&#8221; disabled=&#8221;on&#8221; global_colors_info=&#8221;{}&#8221; theme_builder_area=&#8221;post_content&#8221;]<\/p>\n<h3>Teilnehmeranzahl begrenzt!<\/h3>\n<p>Die Pl\u00e4tze sind auf maximal 20 Teilnehmer:innen begrenzt. Dies erm\u00f6glicht uns einen besseren Austausch und auch die M\u00f6glichkeit, auf alle Fragen einzugehen.<\/p>\n<h3>Verbindlichkeit<\/h3>\n<p>F\u00fcr eine bessere Planung ist die Anmeldung verbindlich. Sollte dennoch nach Anmeldung etwas dazwischenkommen und die Teilnahme nicht m\u00f6glich sein, bitten wir um eine schnellstm\u00f6gliche Absage unter <a href=\"mailto:%20a.unger@terra-institute.eu\">a.unger@terra-institute.eu<\/a>.<\/p>\n<h3>Kosten und Transport<\/h3>\n<p>Die Kosten f\u00fcr die zwei Hoff\u00fchrungen und Verk\u00f6stigung werden vom Projekt \u00fcbernommen. Die Fahrtkosten sowie die Organisation der Anfahrt, Abfahrt und Transport zwischen den H\u00f6fen sind von den Teilnehmer:innen selbst zu \u00fcbernehmen. Bei einem JA im Formular teilen wir die Kontaktdaten der Teilnehmer:innen, um Fahrgemeinschaften zu erm\u00f6glichen.<\/p>\n<p>[\/et_pb_text][et_pb_text disabled_on=&#8221;on|on|on&#8221; module_id=&#8221;anmeldung&#8221; _builder_version=&#8221;4.24.2&#8243; _module_preset=&#8221;default&#8221; disabled=&#8221;on&#8221; global_colors_info=&#8221;{}&#8221; theme_builder_area=&#8221;post_content&#8221;]<\/p>\n<h3><\/h3>\n<h3>Webinar verpasst?<\/h3>\n<p>Dann schicken Sie uns doch gerne eine Nachricht mit Ihren Fragen an <a href=\"mailto:office@terra-institute.eu\">office@terra-institute.eu<\/a>.<\/p>\n<p>Bei gen\u00fcgend Interessent:innen werden wir das Webinar erneut veranstalten.<\/p>\n<p>[\/et_pb_text][\/et_pb_column][\/et_pb_row][et_pb_row column_structure=&#8221;1_2,1_2&#8243; _builder_version=&#8221;4.27.4&#8243; _module_preset=&#8221;default&#8221; global_colors_info=&#8221;{}&#8221; theme_builder_area=&#8221;post_content&#8221;][et_pb_column type=&#8221;1_2&#8243; _builder_version=&#8221;4.27.4&#8243; _module_preset=&#8221;default&#8221; global_colors_info=&#8221;{}&#8221; theme_builder_area=&#8221;post_content&#8221;][et_pb_toggle title=&#8221;1. Ancorare l\u2019ESG nella strategia aziendale&#8221; module_id=&#8221;strategie&#8221; _builder_version=&#8221;4.27.4&#8243; _module_preset=&#8221;default&#8221; hover_enabled=&#8221;0&#8243; global_colors_info=&#8221;{}&#8221; theme_builder_area=&#8221;post_content&#8221; sticky_enabled=&#8221;0&#8243;]<\/p>\n<p data-start=\"6457\" data-end=\"6686\">Molte aziende hanno gi\u00e0 impianti fotovoltaici, veicoli elettrici o i primi report ESG \u2013 ma spesso manca il filo conduttore: quali misure contribuiscono davvero al modello di business? Quali priorit\u00e0 hanno senso strategicamente?<\/p>\n<p data-start=\"6688\" data-end=\"6734\">Una strategia ESG integrata rende possibile:<\/p>\n<ul data-start=\"6736\" data-end=\"6983\">\n<li data-start=\"6736\" data-end=\"6810\">\n<p data-start=\"6738\" data-end=\"6810\">orientare in modo mirato gli investimenti verso la creazione di valore<\/p>\n<\/li>\n<li data-start=\"6811\" data-end=\"6855\">\n<p data-start=\"6813\" data-end=\"6855\">rendere trasparenti rischi e opportunit\u00e0<\/p>\n<\/li>\n<li data-start=\"6856\" data-end=\"6933\">\n<p data-start=\"6858\" data-end=\"6933\">rafforzare la posizione nelle gare d\u2019appalto e nei colloqui con le banche<\/p>\n<\/li>\n<li data-start=\"6934\" data-end=\"6983\">\n<p data-start=\"6936\" data-end=\"6983\">dare orientamento a dirigenti e collaboratori<\/p>\n<\/li>\n<\/ul>\n<p data-start=\"6985\" data-end=\"7197\">A proposito: per iniziare di norma non serve un reparto dedicato. Spesso basta una persona con responsabilit\u00e0 chiara e un comitato di coordinamento interfunzionale. Le strutture crescono poi insieme al compito.<\/p>\n<p data-start=\"6985\" data-end=\"7197\"><a href=\"https:\/\/terra-institute.eu\/it\/integrare-la-sostenibilita-nella-strategia\/\" target=\"_blank\" rel=\"noopener\">Link all&#8217;articolo<\/a> (attivo dal 15 gennaio)<\/p>\n<p>[\/et_pb_toggle][et_pb_toggle title=&#8221;3. Circolarit\u00e0: ridurre i costi dei materiali, aprire nuovi mercati&#8221; module_id=&#8221;ce&#8221; _builder_version=&#8221;4.27.4&#8243; _module_preset=&#8221;default&#8221; global_colors_info=&#8221;{}&#8221; theme_builder_area=&#8221;post_content&#8221;]<\/p>\n<p data-start=\"7275\" data-end=\"7438\">Per molte aziende, l\u2019uso delle risorse \u00e8 il fattore di costo pi\u00f9 grande. La circolarit\u00e0 \/ economia circolare riduce le dipendenze e apre nuovi modelli di ricavo.<\/p>\n<p data-start=\"7440\" data-end=\"7465\">Esempi dal Mittelstand:<\/p>\n<ul data-start=\"7467\" data-end=\"7808\">\n<li data-start=\"7467\" data-end=\"7589\">\n<p data-start=\"7469\" data-end=\"7589\"><strong data-start=\"7469\" data-end=\"7483\">Commercio:<\/strong> rimettere a nuovo i resi e offrirli a prezzo ridotto (refurbish) invece di contabilizzarli come perdita<\/p>\n<\/li>\n<li data-start=\"7590\" data-end=\"7726\">\n<p data-start=\"7592\" data-end=\"7726\"><strong data-start=\"7592\" data-end=\"7620\">Costruzione di macchine:<\/strong> manutenzione ottimizzata, pezzi di ricambio circolari, modelli di servizio (noleggio invece di vendita)<\/p>\n<\/li>\n<li data-start=\"7727\" data-end=\"7808\">\n<p data-start=\"7729\" data-end=\"7808\"><strong data-start=\"7729\" data-end=\"7742\">Edilizia:<\/strong> componenti circolari permettono demolizioni mirate e riutilizzo<\/p>\n<\/li>\n<\/ul>\n<p data-start=\"7810\" data-end=\"7902\">Il risultato: margini pi\u00f9 elevati, minori rischi legati ai prezzi, prodotti pi\u00f9 attraenti.<\/p>\n<p data-start=\"7810\" data-end=\"7902\"><a href=\"https:\/\/terra-institute.eu\/it\/circolarita-nelle-pmi-meno-costi-piu-efficienza-e-nuovi-ricavi\/\" target=\"_blank\" rel=\"noopener\">Link all\u2019articolo<\/a> (attivo dal 4 febbraio).<\/p>\n<p>[\/et_pb_toggle][et_pb_toggle title=&#8221;5. Utilizzare dati ESG e reporting come base di gestione&#8221; module_id=&#8221;reporting&#8221; _builder_version=&#8221;4.27.4&#8243; _module_preset=&#8221;default&#8221; global_colors_info=&#8221;{}&#8221; theme_builder_area=&#8221;post_content&#8221;]<\/p>\n<p data-start=\"7969\" data-end=\"8167\">Molte aziende hanno gi\u00e0 misure in atto \u2013 ma non una base dati trasparente. Con pochi indicatori rilevanti \u00e8 possibile ridurre i costi, migliorare le decisioni e semplificare notevolmente i report.<\/p>\n<p data-start=\"8169\" data-end=\"8187\">Sono importanti:<\/p>\n<ul data-start=\"8189\" data-end=\"8403\">\n<li data-start=\"8189\" data-end=\"8283\">\n<p data-start=\"8191\" data-end=\"8283\">dati su energia, CO\u2082, rifiuti, consumo idrico e indicatori chiave dei principali fornitori<\/p>\n<\/li>\n<li data-start=\"8284\" data-end=\"8334\">\n<p data-start=\"8286\" data-end=\"8334\">processi di raccolta dati chiaramente definiti<\/p>\n<\/li>\n<li data-start=\"8335\" data-end=\"8403\">\n<p data-start=\"8337\" data-end=\"8403\">semplici strumenti digitali (dai contatori fino ai software ESG)<\/p>\n<\/li>\n<\/ul>\n<p data-start=\"8405\" data-end=\"8538\">Il risultato: con dati affidabili aumentano efficienza e velocit\u00e0 \u2013 e anche l\u2019attrattivit\u00e0 finanziaria rispetto a banche e clienti.<\/p>\n<p data-start=\"8405\" data-end=\"8538\"><a href=\"https:\/\/terra-institute.eu\/it\/dati-esg-e-reporting\/\" target=\"_blank\" rel=\"noopener\">Link all\u2019articolo<\/a> (attivo dal 18 febbraio).<\/p>\n<p>[\/et_pb_toggle][\/et_pb_column][et_pb_column type=&#8221;1_2&#8243; _builder_version=&#8221;4.27.4&#8243; _module_preset=&#8221;default&#8221; global_colors_info=&#8221;{}&#8221; theme_builder_area=&#8221;post_content&#8221;][et_pb_toggle title=&#8221;2. Decarbonizzazione ed efficienza energetica \u2013 effetti economici rapidi&#8221; module_id=&#8221;dekarbonisierung&#8221; _builder_version=&#8221;4.27.4&#8243; _module_preset=&#8221;default&#8221; global_colors_info=&#8221;{}&#8221; theme_builder_area=&#8221;post_content&#8221;]<\/p>\n<p data-start=\"8679\" data-end=\"8948\">L\u2019energia \u00e8 uno dei blocchi di costo pi\u00f9 rilevanti per il Mittelstand. Ogni impianto ottimizzato, ogni riduzione dei picchi di carico, ogni impianto fotovoltaico incide direttamente sul conto economico \u2013 e migliora il bilancio di CO\u2082 e le condizioni di finanziamento.<\/p>\n<p data-start=\"8950\" data-end=\"8979\">Punti di partenza efficaci:<\/p>\n<ul data-start=\"8981\" data-end=\"9317\">\n<li data-start=\"8981\" data-end=\"9040\">\n<p data-start=\"8983\" data-end=\"9040\">ottimizzazione dei processi e della regolazione tecnica<\/p>\n<\/li>\n<li data-start=\"9041\" data-end=\"9107\">\n<p data-start=\"9043\" data-end=\"9107\">sostituzione dei macchinari obsoleti con tecnologia efficiente<\/p>\n<\/li>\n<li data-start=\"9108\" data-end=\"9209\">\n<p data-start=\"9110\" data-end=\"9209\">passaggio alle energie rinnovabili (fotovoltaico, pompa di calore, utilizzo del calore di scarto)<\/p>\n<\/li>\n<li data-start=\"9210\" data-end=\"9317\">\n<p data-start=\"9212\" data-end=\"9317\">analisi della flotta aziendale e dei viaggi di lavoro per una mobilit\u00e0 elettrica economicamente sensata<\/p>\n<\/li>\n<\/ul>\n<p data-start=\"9319\" data-end=\"9404\">Il risultato: costi operativi pi\u00f9 bassi, maggiore pianificabilit\u00e0, migliori rating.<\/p>\n<p data-start=\"6985\" data-end=\"7197\"><a href=\"https:\/\/terra-institute.eu\/it\/decarbonizzazione-nelle-pmi\/\" target=\"_blank\" rel=\"noopener\">Link all&#8217;articolo<\/a> (attivo dal 29 gennaio)<\/p>\n<p>[\/et_pb_toggle][et_pb_toggle title=&#8221;4. Rendere le catene di fornitura stabili e conformi alle norme&#8221; module_id=&#8221;lieferketten&#8221; _builder_version=&#8221;4.27.4&#8243; _module_preset=&#8221;default&#8221; global_colors_info=&#8221;{}&#8221; theme_builder_area=&#8221;post_content&#8221;]<\/p>\n<p data-start=\"9478\" data-end=\"9725\">Con CSDDD, CSRD e gli obiettivi climatici interni, aumenta la domanda di informazioni ESG presso le grandi aziende. Per il Mittelstand questo significa: chi \u00e8 in grado di fornire trasparenza resta in grado di consegnare e conquista nuovi ordini.<\/p>\n<p data-start=\"9727\" data-end=\"9752\">Un ingresso pragmatico:<\/p>\n<ul data-start=\"9754\" data-end=\"9977\">\n<li data-start=\"9754\" data-end=\"9797\">\n<p data-start=\"9756\" data-end=\"9797\">identificare i fornitori pi\u00f9 importanti<\/p>\n<\/li>\n<li data-start=\"9798\" data-end=\"9840\">\n<p data-start=\"9800\" data-end=\"9840\">preparare un semplice questionario ESG<\/p>\n<\/li>\n<li data-start=\"9841\" data-end=\"9895\">\n<p data-start=\"9843\" data-end=\"9895\">effettuare una valutazione dei rischi e delle sedi<\/p>\n<\/li>\n<li data-start=\"9896\" data-end=\"9926\">\n<p data-start=\"9898\" data-end=\"9926\">comunicare standard minimi<\/p>\n<\/li>\n<li data-start=\"9927\" data-end=\"9977\">\n<p data-start=\"9929\" data-end=\"9977\">sviluppare miglioramenti in modo collaborativo<\/p>\n<\/li>\n<\/ul>\n<p data-start=\"9979\" data-end=\"10063\">Il risultato: catene di fornitura stabili diventano un vero vantaggio competitivo.<\/p>\n<p data-start=\"9979\" data-end=\"10063\"><a href=\"https:\/\/terra-institute.eu\/it\/catene-di-fornitura-esg-per-pmi-come-vantaggio-competitivo\/\" target=\"_blank\" rel=\"noopener\">Link all&#8217;articolo<\/a> (attivo dal 11 febbraio).<\/p>\n<p>[\/et_pb_toggle][et_pb_toggle title=&#8221;6. Abilitare i collaboratori: costruire cultura e competenze&#8221; module_id=&#8221;bildungkultur&#8221; _builder_version=&#8221;4.27.4&#8243; _module_preset=&#8221;default&#8221; global_colors_info=&#8221;{}&#8221; theme_builder_area=&#8221;post_content&#8221;]<\/p>\n<p data-start=\"10134\" data-end=\"10206\"><strong>Cultura: orientamento, leadership e collaborazione come fondamento<\/strong><\/p>\n<p data-start=\"10208\" data-end=\"10626\">Un orientamento ESG efficace richiede pi\u00f9 di tecnologia e processi \u2013 ha bisogno di una cultura che guidi le decisioni e coinvolga i collaboratori. Purpose, visione e missione mostrano per cosa si batte l\u2019azienda e come la sostenibilit\u00e0 rafforza la sua capacit\u00e0 di futuro. I dirigenti giocano un ruolo chiave: stabiliscono priorit\u00e0, prendono decisioni chiare e si assicurano che l\u2019ESG sia ancorato nella quotidianit\u00e0.<\/p>\n<p data-start=\"10628\" data-end=\"10662\">Elementi culturali fondamentali:<\/p>\n<ul data-start=\"10664\" data-end=\"11075\">\n<li data-start=\"10664\" data-end=\"10736\">\n<p data-start=\"10666\" data-end=\"10736\">chiaro orientamento: collegare purpose, visione e missione con l\u2019ESG<\/p>\n<\/li>\n<li data-start=\"10737\" data-end=\"10834\">\n<p data-start=\"10739\" data-end=\"10834\">definire il ruolo dei dirigenti: dare orientamento, motivare le decisioni, fungere da esempio<\/p>\n<\/li>\n<li data-start=\"10835\" data-end=\"10973\">\n<p data-start=\"10837\" data-end=\"10973\">rafforzare diversit\u00e0, parit\u00e0 di diritti e inclusione: prospettive diverse favoriscono innovazione e attrattivit\u00e0 come datore di lavoro<\/p>\n<\/li>\n<li data-start=\"10974\" data-end=\"11075\">\n<p data-start=\"10976\" data-end=\"11075\">comunicazione: trasmettere obiettivi, progressi e aspettative in modo comprensibile e trasparente<\/p>\n<\/li>\n<\/ul>\n<p data-start=\"11077\" data-end=\"11250\">Il risultato: una cultura forte crea le basi perch\u00e9 le misure producano risultati pi\u00f9 rapidamente \u2013 e perch\u00e9 la sostenibilit\u00e0 sia compresa e sostenuta come tema economico.<\/p>\n<p data-start=\"11253\" data-end=\"11334\"><strong>Abilitare i collaboratori \u2013 conoscenza, competenza e capacit\u00e0 di attuazione<\/strong><\/p>\n<p data-start=\"11336\" data-end=\"11626\">Le misure diventano efficaci solo quando i collaboratori comprendono che cosa possono ottenere. Formazione e qualificazione sono quindi tra le leve pi\u00f9 potenti della trasformazione \u2013 e proprio nel Mittelstand rappresentano spesso il punto in cui l\u2019ESG inizia davvero a \u201cmettersi in moto\u201d.<\/p>\n<p data-start=\"11628\" data-end=\"11657\">Punti di partenza efficaci:<\/p>\n<ul data-start=\"11659\" data-end=\"12030\">\n<li data-start=\"11659\" data-end=\"11853\">\n<p data-start=\"11661\" data-end=\"11853\">formazioni pratiche (online\/offline) su temi come energia, CO\u2082, circolarit\u00e0, catena di fornitura o reporting, ma anche sul ruolo dei dirigenti, dei reparti specialistici e dei team operativi<\/p>\n<\/li>\n<li data-start=\"11854\" data-end=\"11941\">\n<p data-start=\"11856\" data-end=\"11941\">workshop e programmi di idee per successi rapidi e coinvolgimento dei collaboratori<\/p>\n<\/li>\n<li data-start=\"11942\" data-end=\"12030\">\n<p data-start=\"11944\" data-end=\"12030\">progetti pilota per testare nuove soluzioni su piccola scala e accumulare esperienza<\/p>\n<\/li>\n<\/ul>\n<p data-start=\"12032\" data-end=\"12158\">Il risultato: miglioramenti pi\u00f9 rapidi, decisioni migliori nella quotidianit\u00e0 e maggiore attrattivit\u00e0 come datore di lavoro.<\/p>\n<p data-start=\"12160\" data-end=\"12390\">A proposito: la Terra Academy supporta le aziende con e-learning e formazioni live specifiche per i diversi ruoli, sviluppati appositamente per le strutture del Mittelstand \u2013 pragmatici, comprensibili e direttamente applicabili.<\/p>\n<p data-start=\"12160\" data-end=\"12390\"><a href=\"https:\/\/terra-institute.eu\/it\/integrare-l-esg-con-successo-la-cultura-aziendale-come-chiave\/\" target=\"_blank\" rel=\"noopener\">Link all&#8217;articolo<\/a> (attivo dal 24 febbraio).<\/p>\n<p>[\/et_pb_toggle][\/et_pb_column][\/et_pb_row][et_pb_row _builder_version=&#8221;4.24.2&#8243; _module_preset=&#8221;default&#8221; custom_margin=&#8221;22px|auto||auto||&#8221; custom_padding=&#8221;1px||15px|||&#8221; global_colors_info=&#8221;{}&#8221; theme_builder_area=&#8221;post_content&#8221;][et_pb_column type=&#8221;4_4&#8243; _builder_version=&#8221;4.24.2&#8243; _module_preset=&#8221;default&#8221; global_colors_info=&#8221;{}&#8221; theme_builder_area=&#8221;post_content&#8221;][et_pb_text _builder_version=&#8221;4.27.4&#8243; _module_preset=&#8221;default&#8221; custom_margin=&#8221;||1px|||&#8221; global_colors_info=&#8221;{}&#8221; theme_builder_area=&#8221;post_content&#8221;]<\/p>\n<h3 data-start=\"12393\" data-end=\"12476\">Playbook: come le aziende di medie dimensioni conquistano nuovi mercati con l\u2019ESG<\/h3>\n<p data-start=\"12478\" data-end=\"12641\">Perch\u00e9 le leve presentate in precedenza producano il massimo effetto possibile, nei progetti di trasformazione di successo si sono affermati i seguenti principi:<\/p>\n<ul data-start=\"12643\" data-end=\"13292\">\n<li data-start=\"12643\" data-end=\"12740\">\n<p data-start=\"12645\" data-end=\"12740\"><strong>costruire partnership lungo la catena del valore:<\/strong> l\u2019innovazione nasce raramente in isolamento<\/p>\n<\/li>\n<li data-start=\"12741\" data-end=\"12916\">\n<p data-start=\"12743\" data-end=\"12916\"><strong>ripensare le spese in conto capitale (Capex):<\/strong> dare priorit\u00e0 agli investimenti che rafforzano in modo misurabile l\u2019efficienza, la riduzione della CO\u2082 o i processi circolari<\/p>\n<\/li>\n<li data-start=\"12917\" data-end=\"13050\">\n<p data-start=\"12919\" data-end=\"13050\"><strong>utilizzare modelli Opex (spese operative):<\/strong> modelli di servizio e noleggio riducono il capitale immobilizzato e abbassano i rischi<\/p>\n<\/li>\n<li data-start=\"13051\" data-end=\"13193\">\n<p data-start=\"13053\" data-end=\"13193\"><strong>professionalizzare l\u2019architettura dei dati:<\/strong> dati finanziari, operativi e di sostenibilit\u00e0 devono confluire in un unico sistema di gestione<\/p>\n<\/li>\n<li data-start=\"13194\" data-end=\"13292\">\n<p data-start=\"13196\" data-end=\"13292\"><strong>dare priorit\u00e0 ai campi pilota:<\/strong> iniziare dove impatto e potenziale di scalabilit\u00e0 sono maggiori<\/p>\n<\/li>\n<\/ul>\n<h3 data-start=\"13295\" data-end=\"13364\">Conclusione: l\u2019ESG \u00e8 una leva di business \u2013 non un onere aggiuntivo<\/h3>\n<p data-start=\"13366\" data-end=\"13470\">Le aziende che utilizzano la sostenibilit\u00e0 in modo strategico beneficiano soprattutto in quattro aree:<\/p>\n<ul data-start=\"13472\" data-end=\"13735\">\n<li data-start=\"13472\" data-end=\"13539\">\n<p data-start=\"13474\" data-end=\"13539\">riduzione dei costi (energia, materiali, processi inefficienti)<\/p>\n<\/li>\n<li data-start=\"13540\" data-end=\"13621\">\n<p data-start=\"13542\" data-end=\"13621\">crescita (nuovi gruppi di clienti, gare d\u2019appalto, nuovi modelli di business)<\/p>\n<\/li>\n<li data-start=\"13622\" data-end=\"13696\">\n<p data-start=\"13624\" data-end=\"13696\">resilienza (catene di fornitura pi\u00f9 stabili, maggiore pianificabilit\u00e0)<\/p>\n<\/li>\n<li data-start=\"13697\" data-end=\"13735\">\n<p data-start=\"13699\" data-end=\"13735\">attrattivit\u00e0 come datore di lavoro<\/p>\n<\/li>\n<\/ul>\n<p data-start=\"13737\" data-end=\"13953\">Chi integra tempestivamente l\u2019ESG nella strategia, utilizza energia e materiali in modo pi\u00f9 efficiente, conosce le proprie catene di fornitura e lavora con i dati costruisce oggi il vantaggio competitivo di domani.<\/p>\n<p data-start=\"13955\" data-end=\"14175\">Il Terra Institute accompagna le aziende proprio in questo punto di intersezione \u2013 dalla strategia alla decarbonizzazione, dalla circolarit\u00e0 alle catene di fornitura e al reporting, fino alla leadership e alla cultura.<\/p>\n<p data-start=\"14177\" data-end=\"14310\">La <strong>Terra Academy<\/strong> fornisce il know-how necessario affinch\u00e9 le persone comprendano la trasformazione e possano plasmarla attivamente.<\/p>\n<p data-start=\"14312\" data-end=\"14460\">Nei prossimi contributi di questa serie approfondiremo ciascuna leva \u2013 con esempi pratici, analisi costi-benefici e opzioni concrete per iniziare.<\/p>\n<p>[\/et_pb_text][et_pb_text disabled_on=&#8221;on|on|on&#8221; _builder_version=&#8221;4.27.0&#8243; _module_preset=&#8221;default&#8221; disabled=&#8221;on&#8221; global_colors_info=&#8221;{}&#8221; theme_builder_area=&#8221;post_content&#8221;]<\/p>\n<h3>Teilnehmeranzahl begrenzt!<\/h3>\n<p>Die Pl\u00e4tze sind auf maximal 20 Teilnehmer:innen begrenzt. Dies erm\u00f6glicht uns einen besseren Austausch und auch die M\u00f6glichkeit, auf alle Fragen einzugehen.<\/p>\n<h3>Verbindlichkeit<\/h3>\n<p>F\u00fcr eine bessere Planung ist die Anmeldung verbindlich. Sollte dennoch nach Anmeldung etwas dazwischenkommen und die Teilnahme nicht m\u00f6glich sein, bitten wir um eine schnellstm\u00f6gliche Absage unter <a href=\"mailto:%20a.unger@terra-institute.eu\">a.unger@terra-institute.eu<\/a>.<\/p>\n<h3>Kosten und Transport<\/h3>\n<p>Die Kosten f\u00fcr die zwei Hoff\u00fchrungen und Verk\u00f6stigung werden vom Projekt \u00fcbernommen. Die Fahrtkosten sowie die Organisation der Anfahrt, Abfahrt und Transport zwischen den H\u00f6fen sind von den Teilnehmer:innen selbst zu \u00fcbernehmen. Bei einem JA im Formular teilen wir die Kontaktdaten der Teilnehmer:innen, um Fahrgemeinschaften zu erm\u00f6glichen.<\/p>\n<p>[\/et_pb_text][et_pb_text disabled_on=&#8221;on|on|on&#8221; module_id=&#8221;anmeldung&#8221; _builder_version=&#8221;4.24.2&#8243; _module_preset=&#8221;default&#8221; disabled=&#8221;on&#8221; global_colors_info=&#8221;{}&#8221; theme_builder_area=&#8221;post_content&#8221;]<\/p>\n<h3><\/h3>\n<h3>Webinar verpasst?<\/h3>\n<p>Dann schicken Sie uns doch gerne eine Nachricht mit Ihren Fragen an <a href=\"mailto:office@terra-institute.eu\">office@terra-institute.eu<\/a>.<\/p>\n<p>Bei gen\u00fcgend Interessent:innen werden wir das Webinar erneut veranstalten.<\/p>\n<p>[\/et_pb_text][\/et_pb_column][\/et_pb_row][et_pb_row column_structure=&#8221;1_2,1_2&#8243; _builder_version=&#8221;4.24.2&#8243; _module_preset=&#8221;default&#8221; custom_margin=&#8221;22px|auto||auto||&#8221; custom_padding=&#8221;1px||15px|||&#8221; global_colors_info=&#8221;{}&#8221; theme_builder_area=&#8221;post_content&#8221;][et_pb_column type=&#8221;1_2&#8243; _builder_version=&#8221;4.24.2&#8243; _module_preset=&#8221;default&#8221; global_colors_info=&#8221;{}&#8221; theme_builder_area=&#8221;post_content&#8221;][et_pb_button button_url=&#8221;#anmeldung&#8221; button_text=&#8221;Zur Anmeldung&#8221; disabled_on=&#8221;on|on|on&#8221; _builder_version=&#8221;4.27.0&#8243; _module_preset=&#8221;default&#8221; disabled=&#8221;on&#8221; global_colors_info=&#8221;{}&#8221; theme_builder_area=&#8221;post_content&#8221;][\/et_pb_button][et_pb_text _builder_version=&#8221;4.27.4&#8243; _module_preset=&#8221;default&#8221; custom_margin=&#8221;||-2px|||&#8221; global_colors_info=&#8221;{}&#8221; theme_builder_area=&#8221;post_content&#8221;]<\/p>\n<h3>Autore<\/h3>\n<p>[\/et_pb_text][et_pb_image src=&#8221;https:\/\/terra-institute.eu\/wp-content\/uploads\/2024\/06\/Kim-Y.-Muehl.jpg&#8221; alt=&#8221;Profilfoto Kim Y. Muehl&#8221; title_text=&#8221;Kim Y. Muehl&#8221; _builder_version=&#8221;4.27.4&#8243; _module_preset=&#8221;default&#8221; global_colors_info=&#8221;{}&#8221; theme_builder_area=&#8221;post_content&#8221;][\/et_pb_image][et_pb_text disabled_on=&#8221;on|on|on&#8221; _builder_version=&#8221;4.27.0&#8243; _module_preset=&#8221;default&#8221; disabled=&#8221;on&#8221; global_colors_info=&#8221;{}&#8221; theme_builder_area=&#8221;post_content&#8221;]<\/p>\n<h3>Teilnehmeranzahl begrenzt!<\/h3>\n<p>Die Pl\u00e4tze sind auf maximal 20 Teilnehmer:innen begrenzt. Dies erm\u00f6glicht uns einen besseren Austausch und auch die M\u00f6glichkeit, auf alle Fragen einzugehen.<\/p>\n<h3>Verbindlichkeit<\/h3>\n<p>F\u00fcr eine bessere Planung ist die Anmeldung verbindlich. Sollte dennoch nach Anmeldung etwas dazwischenkommen und die Teilnahme nicht m\u00f6glich sein, bitten wir um eine schnellstm\u00f6gliche Absage unter <a href=\"mailto:%20a.unger@terra-institute.eu\">a.unger@terra-institute.eu<\/a>.<\/p>\n<h3>Kosten und Transport<\/h3>\n<p>Die Kosten f\u00fcr die zwei Hoff\u00fchrungen und Verk\u00f6stigung werden vom Projekt \u00fcbernommen. Die Fahrtkosten sowie die Organisation der Anfahrt, Abfahrt und Transport zwischen den H\u00f6fen sind von den Teilnehmer:innen selbst zu \u00fcbernehmen. Bei einem JA im Formular teilen wir die Kontaktdaten der Teilnehmer:innen, um Fahrgemeinschaften zu erm\u00f6glichen.<\/p>\n<p>[\/et_pb_text][et_pb_text disabled_on=&#8221;on|on|on&#8221; module_id=&#8221;anmeldung&#8221; _builder_version=&#8221;4.24.2&#8243; _module_preset=&#8221;default&#8221; disabled=&#8221;on&#8221; global_colors_info=&#8221;{}&#8221; theme_builder_area=&#8221;post_content&#8221;]<\/p>\n<h3><\/h3>\n<h3>Webinar verpasst?<\/h3>\n<p>Dann schicken Sie uns doch gerne eine Nachricht mit Ihren Fragen an <a href=\"mailto:office@terra-institute.eu\">office@terra-institute.eu<\/a>.<\/p>\n<p>Bei gen\u00fcgend Interessent:innen werden wir das Webinar erneut veranstalten.<\/p>\n<p>[\/et_pb_text][\/et_pb_column][et_pb_column type=&#8221;1_2&#8243; _builder_version=&#8221;4.24.2&#8243; _module_preset=&#8221;default&#8221; global_colors_info=&#8221;{}&#8221; theme_builder_area=&#8221;post_content&#8221;][et_pb_text _builder_version=&#8221;4.27.4&#8243; _module_preset=&#8221;default&#8221; custom_margin=&#8221;||1px|||&#8221; global_colors_info=&#8221;{}&#8221; theme_builder_area=&#8221;post_content&#8221;]<\/p>\n<p data-ccp-props=\"{&quot;335551550&quot;:1,&quot;335551620&quot;:1,&quot;335559683&quot;:0,&quot;335559685&quot;:0,&quot;335559731&quot;:0,&quot;335559737&quot;:0,&quot;335562764&quot;:2,&quot;335562765&quot;:1,&quot;335562766&quot;:4,&quot;335562767&quot;:0,&quot;335562768&quot;:4,&quot;335562769&quot;:0}\"><strong>Kim Y. M\u00fchl<br \/><\/strong><\/p>\n<p data-start=\"14523\" data-end=\"14949\">Kim ha una grande passione per la trasmissione del sapere. Come autore, docente, keynote speaker e formatore si occupa da anni, tra l\u2019altro, di bionica, digitalizzazione, finanza, sostenibilit\u00e0, purpose e strategia. Inoltre, l\u2019ex Head of Research &amp; Business Development Europe di un fornitore globale di tecnologie finanziarie porta con s\u00e9 un\u2019ampia esperienza nel lavoro di processo e di progetto nonch\u00e9 nella guida di team.<\/p>\n<p data-start=\"14951\" data-end=\"15128\">Oggi, come Senior Learning Consultant della Terra Academy, accompagna le aziende e le persone al loro interno nel percorso verso un\u2019economia e un mondo del lavoro sostenibili.<\/p>\n<p data-start=\"15130\" data-end=\"15238\">Domande? Volentieri via e-mail (<a href=\"mailto:k.muehl@terra-institute.eu\" target=\"_blank\" rel=\"noopener\">k.muehl@terra-institute.eu<\/a>)<\/p>\n<p>[\/et_pb_text][\/et_pb_column][\/et_pb_row][\/et_pb_section]<\/p>\n","protected":false},"excerpt":{"rendered":"<p>Perch\u00e9 oggi la sostenibilit\u00e0 \u00e8 determinante per ordini, costi e finanziamenti La sostenibilit\u00e0 non \u00e8 da tempo pi\u00f9 un tema di immagine per il Mittelstand. Oggi decide sulla competitivit\u00e0, sulle condizioni di finanziamento, sulle gare d\u2019appalto e sulla stabilit\u00e0 della catena di fornitura. Le regole del mercato stanno cambiando: il finanziamento diventa guidato dai dati, [&hellip;]<\/p>\n","protected":false},"author":5,"featured_media":255096,"comment_status":"open","ping_status":"open","sticky":false,"template":"","format":"standard","meta":{"_et_pb_use_builder":"on","_et_pb_old_content":"","_et_gb_content_width":"","footnotes":""},"categories":[34],"tags":[48,44,47,49,46,50,51],"class_list":["post-255082","post","type-post","status-publish","format-standard","has-post-thumbnail","hentry","category-blog","tag-catena-di-fornitura","tag-economia-circolare","tag-leadership-e-cultura","tag-reportistica-di-sostenibilita","tag-strategia-climatica","tag-strategia-di-sostenibilita","tag-terra-academy"],"yoast_head":"<!-- This site is optimized with the Yoast SEO plugin v26.9 - https:\/\/yoast.com\/product\/yoast-seo-wordpress\/ -->\n<title>ESG come fattore di successo per le PMI - Terra Institute<\/title>\n<meta name=\"description\" content=\"ESG come fattore di successo per le PMI: Scopri perch\u00e9 oggi la sostenibilit\u00e0 determina commesse, costi e finanziamenti!\" \/>\n<meta name=\"robots\" content=\"index, follow, max-snippet:-1, max-image-preview:large, max-video-preview:-1\" \/>\n<link rel=\"canonical\" href=\"https:\/\/terra-institute.eu\/it\/esg-come-fattore-di-successo\/\" \/>\n<meta property=\"og:locale\" content=\"it_IT\" \/>\n<meta property=\"og:type\" content=\"article\" \/>\n<meta property=\"og:title\" content=\"ESG come fattore di successo per le PMI - Terra Institute\" \/>\n<meta property=\"og:description\" content=\"ESG come fattore di successo per le PMI: Scopri perch\u00e9 oggi la sostenibilit\u00e0 determina commesse, costi e finanziamenti!\" \/>\n<meta property=\"og:url\" content=\"https:\/\/terra-institute.eu\/it\/esg-come-fattore-di-successo\/\" \/>\n<meta property=\"og:site_name\" content=\"Terra Institute\" \/>\n<meta property=\"article:publisher\" content=\"https:\/\/www.facebook.com\/TerraInstitute\" \/>\n<meta property=\"article:published_time\" content=\"2025-12-09T05:00:00+00:00\" \/>\n<meta property=\"article:modified_time\" content=\"2025-12-17T15:11:19+00:00\" \/>\n<meta property=\"og:image\" content=\"https:\/\/terra-institute.eu\/it\/wp-content\/uploads\/2025\/11\/ESG-als-Erfolgsfaktor-im-Mittelstand-1-1024x683.png\" \/>\n\t<meta property=\"og:image:width\" content=\"1024\" \/>\n\t<meta property=\"og:image:height\" content=\"683\" \/>\n\t<meta property=\"og:image:type\" content=\"image\/png\" \/>\n<meta name=\"author\" content=\"STauber\" \/>\n<meta name=\"twitter:card\" content=\"summary_large_image\" \/>\n<meta name=\"twitter:creator\" content=\"@STauber\" \/>\n<meta name=\"twitter:site\" content=\"@terra_institute\" \/>\n<meta name=\"twitter:label1\" content=\"Scritto da\" \/>\n\t<meta name=\"twitter:data1\" content=\"STauber\" \/>\n\t<meta name=\"twitter:label2\" content=\"Tempo di lettura stimato\" \/>\n\t<meta name=\"twitter:data2\" content=\"12 minuti\" \/>\n<script type=\"application\/ld+json\" class=\"yoast-schema-graph\">{\"@context\":\"https:\/\/schema.org\",\"@graph\":[{\"@type\":\"Article\",\"@id\":\"https:\/\/terra-institute.eu\/it\/esg-come-fattore-di-successo\/#article\",\"isPartOf\":{\"@id\":\"https:\/\/terra-institute.eu\/it\/esg-come-fattore-di-successo\/\"},\"author\":{\"name\":\"STauber\",\"@id\":\"https:\/\/terra-institute.eu\/it\/#\/schema\/person\/94b4e9b0ba2c9136492a67cfc3e95edd\"},\"headline\":\"ESG come fattore di successo per le PMI\",\"datePublished\":\"2025-12-09T05:00:00+00:00\",\"dateModified\":\"2025-12-17T15:11:19+00:00\",\"mainEntityOfPage\":{\"@id\":\"https:\/\/terra-institute.eu\/it\/esg-come-fattore-di-successo\/\"},\"wordCount\":3327,\"commentCount\":0,\"image\":{\"@id\":\"https:\/\/terra-institute.eu\/it\/esg-come-fattore-di-successo\/#primaryimage\"},\"thumbnailUrl\":\"https:\/\/terra-institute.eu\/it\/wp-content\/uploads\/2025\/11\/ESG-als-Erfolgsfaktor-im-Mittelstand-1.png\",\"keywords\":[\"CATENA DI FORNITURA\",\"ECONOMIA CIRCOLARE\",\"LEADERSHIP E CULTURA\",\"REPORTISTICA DI SOSTENIBILIT\u00e0\",\"STRATEGIA CLIMATICA\",\"STRATEGIA DI SOSTENIBILIT\u00e0\",\"TERRA ACADEMY\"],\"articleSection\":[\"blog\"],\"inLanguage\":\"it-IT\",\"potentialAction\":[{\"@type\":\"CommentAction\",\"name\":\"Comment\",\"target\":[\"https:\/\/terra-institute.eu\/it\/esg-come-fattore-di-successo\/#respond\"]}]},{\"@type\":\"WebPage\",\"@id\":\"https:\/\/terra-institute.eu\/it\/esg-come-fattore-di-successo\/\",\"url\":\"https:\/\/terra-institute.eu\/it\/esg-come-fattore-di-successo\/\",\"name\":\"ESG come fattore di successo per le PMI - Terra Institute\",\"isPartOf\":{\"@id\":\"https:\/\/terra-institute.eu\/it\/#website\"},\"primaryImageOfPage\":{\"@id\":\"https:\/\/terra-institute.eu\/it\/esg-come-fattore-di-successo\/#primaryimage\"},\"image\":{\"@id\":\"https:\/\/terra-institute.eu\/it\/esg-come-fattore-di-successo\/#primaryimage\"},\"thumbnailUrl\":\"https:\/\/terra-institute.eu\/it\/wp-content\/uploads\/2025\/11\/ESG-als-Erfolgsfaktor-im-Mittelstand-1.png\",\"datePublished\":\"2025-12-09T05:00:00+00:00\",\"dateModified\":\"2025-12-17T15:11:19+00:00\",\"author\":{\"@id\":\"https:\/\/terra-institute.eu\/it\/#\/schema\/person\/94b4e9b0ba2c9136492a67cfc3e95edd\"},\"description\":\"ESG come fattore di successo per le PMI: Scopri perch\u00e9 oggi la sostenibilit\u00e0 determina commesse, costi e finanziamenti!\",\"breadcrumb\":{\"@id\":\"https:\/\/terra-institute.eu\/it\/esg-come-fattore-di-successo\/#breadcrumb\"},\"inLanguage\":\"it-IT\",\"potentialAction\":[{\"@type\":\"ReadAction\",\"target\":[\"https:\/\/terra-institute.eu\/it\/esg-come-fattore-di-successo\/\"]}]},{\"@type\":\"ImageObject\",\"inLanguage\":\"it-IT\",\"@id\":\"https:\/\/terra-institute.eu\/it\/esg-come-fattore-di-successo\/#primaryimage\",\"url\":\"https:\/\/terra-institute.eu\/it\/wp-content\/uploads\/2025\/11\/ESG-als-Erfolgsfaktor-im-Mittelstand-1.png\",\"contentUrl\":\"https:\/\/terra-institute.eu\/it\/wp-content\/uploads\/2025\/11\/ESG-als-Erfolgsfaktor-im-Mittelstand-1.png\",\"width\":1728,\"height\":1152,\"caption\":\"ESG come fattore di successo per le PMI\"},{\"@type\":\"BreadcrumbList\",\"@id\":\"https:\/\/terra-institute.eu\/it\/esg-come-fattore-di-successo\/#breadcrumb\",\"itemListElement\":[{\"@type\":\"ListItem\",\"position\":1,\"name\":\"Home\",\"item\":\"https:\/\/terra-institute.eu\/it\/\"},{\"@type\":\"ListItem\",\"position\":2,\"name\":\"ESG come fattore di successo per le PMI\"}]},{\"@type\":\"WebSite\",\"@id\":\"https:\/\/terra-institute.eu\/it\/#website\",\"url\":\"https:\/\/terra-institute.eu\/it\/\",\"name\":\"Terra Institute\",\"description\":\"Empowering Responsible Growth\",\"potentialAction\":[{\"@type\":\"SearchAction\",\"target\":{\"@type\":\"EntryPoint\",\"urlTemplate\":\"https:\/\/terra-institute.eu\/it\/?s={search_term_string}\"},\"query-input\":{\"@type\":\"PropertyValueSpecification\",\"valueRequired\":true,\"valueName\":\"search_term_string\"}}],\"inLanguage\":\"it-IT\"},{\"@type\":\"Person\",\"@id\":\"https:\/\/terra-institute.eu\/it\/#\/schema\/person\/94b4e9b0ba2c9136492a67cfc3e95edd\",\"name\":\"STauber\",\"image\":{\"@type\":\"ImageObject\",\"inLanguage\":\"it-IT\",\"@id\":\"https:\/\/terra-institute.eu\/it\/#\/schema\/person\/image\/\",\"url\":\"https:\/\/secure.gravatar.com\/avatar\/7b58d476a8e3ca28ed666205e6c5ff556ab94a161aa48a4b4cf289781d6b1076?s=96&d=mm&r=g\",\"contentUrl\":\"https:\/\/secure.gravatar.com\/avatar\/7b58d476a8e3ca28ed666205e6c5ff556ab94a161aa48a4b4cf289781d6b1076?s=96&d=mm&r=g\",\"caption\":\"STauber\"},\"sameAs\":[\"https:\/\/x.com\/STauber\"],\"url\":\"https:\/\/terra-institute.eu\/it\/author\/stauber\/\"}]}<\/script>\n<!-- \/ Yoast SEO plugin. -->","yoast_head_json":{"title":"ESG come fattore di successo per le PMI - Terra Institute","description":"ESG come fattore di successo per le PMI: Scopri perch\u00e9 oggi la sostenibilit\u00e0 determina commesse, costi e finanziamenti!","robots":{"index":"index","follow":"follow","max-snippet":"max-snippet:-1","max-image-preview":"max-image-preview:large","max-video-preview":"max-video-preview:-1"},"canonical":"https:\/\/terra-institute.eu\/it\/esg-come-fattore-di-successo\/","og_locale":"it_IT","og_type":"article","og_title":"ESG come fattore di successo per le PMI - Terra Institute","og_description":"ESG come fattore di successo per le PMI: Scopri perch\u00e9 oggi la sostenibilit\u00e0 determina commesse, costi e finanziamenti!","og_url":"https:\/\/terra-institute.eu\/it\/esg-come-fattore-di-successo\/","og_site_name":"Terra Institute","article_publisher":"https:\/\/www.facebook.com\/TerraInstitute","article_published_time":"2025-12-09T05:00:00+00:00","article_modified_time":"2025-12-17T15:11:19+00:00","og_image":[{"width":1024,"height":683,"url":"https:\/\/terra-institute.eu\/it\/wp-content\/uploads\/2025\/11\/ESG-als-Erfolgsfaktor-im-Mittelstand-1-1024x683.png","type":"image\/png"}],"author":"STauber","twitter_card":"summary_large_image","twitter_creator":"@STauber","twitter_site":"@terra_institute","twitter_misc":{"Scritto da":"STauber","Tempo di lettura stimato":"12 minuti"},"schema":{"@context":"https:\/\/schema.org","@graph":[{"@type":"Article","@id":"https:\/\/terra-institute.eu\/it\/esg-come-fattore-di-successo\/#article","isPartOf":{"@id":"https:\/\/terra-institute.eu\/it\/esg-come-fattore-di-successo\/"},"author":{"name":"STauber","@id":"https:\/\/terra-institute.eu\/it\/#\/schema\/person\/94b4e9b0ba2c9136492a67cfc3e95edd"},"headline":"ESG come fattore di successo per le PMI","datePublished":"2025-12-09T05:00:00+00:00","dateModified":"2025-12-17T15:11:19+00:00","mainEntityOfPage":{"@id":"https:\/\/terra-institute.eu\/it\/esg-come-fattore-di-successo\/"},"wordCount":3327,"commentCount":0,"image":{"@id":"https:\/\/terra-institute.eu\/it\/esg-come-fattore-di-successo\/#primaryimage"},"thumbnailUrl":"https:\/\/terra-institute.eu\/it\/wp-content\/uploads\/2025\/11\/ESG-als-Erfolgsfaktor-im-Mittelstand-1.png","keywords":["CATENA DI FORNITURA","ECONOMIA CIRCOLARE","LEADERSHIP E CULTURA","REPORTISTICA DI SOSTENIBILIT\u00e0","STRATEGIA CLIMATICA","STRATEGIA DI SOSTENIBILIT\u00e0","TERRA ACADEMY"],"articleSection":["blog"],"inLanguage":"it-IT","potentialAction":[{"@type":"CommentAction","name":"Comment","target":["https:\/\/terra-institute.eu\/it\/esg-come-fattore-di-successo\/#respond"]}]},{"@type":"WebPage","@id":"https:\/\/terra-institute.eu\/it\/esg-come-fattore-di-successo\/","url":"https:\/\/terra-institute.eu\/it\/esg-come-fattore-di-successo\/","name":"ESG come fattore di successo per le PMI - Terra Institute","isPartOf":{"@id":"https:\/\/terra-institute.eu\/it\/#website"},"primaryImageOfPage":{"@id":"https:\/\/terra-institute.eu\/it\/esg-come-fattore-di-successo\/#primaryimage"},"image":{"@id":"https:\/\/terra-institute.eu\/it\/esg-come-fattore-di-successo\/#primaryimage"},"thumbnailUrl":"https:\/\/terra-institute.eu\/it\/wp-content\/uploads\/2025\/11\/ESG-als-Erfolgsfaktor-im-Mittelstand-1.png","datePublished":"2025-12-09T05:00:00+00:00","dateModified":"2025-12-17T15:11:19+00:00","author":{"@id":"https:\/\/terra-institute.eu\/it\/#\/schema\/person\/94b4e9b0ba2c9136492a67cfc3e95edd"},"description":"ESG come fattore di successo per le PMI: Scopri perch\u00e9 oggi la sostenibilit\u00e0 determina commesse, costi e finanziamenti!","breadcrumb":{"@id":"https:\/\/terra-institute.eu\/it\/esg-come-fattore-di-successo\/#breadcrumb"},"inLanguage":"it-IT","potentialAction":[{"@type":"ReadAction","target":["https:\/\/terra-institute.eu\/it\/esg-come-fattore-di-successo\/"]}]},{"@type":"ImageObject","inLanguage":"it-IT","@id":"https:\/\/terra-institute.eu\/it\/esg-come-fattore-di-successo\/#primaryimage","url":"https:\/\/terra-institute.eu\/it\/wp-content\/uploads\/2025\/11\/ESG-als-Erfolgsfaktor-im-Mittelstand-1.png","contentUrl":"https:\/\/terra-institute.eu\/it\/wp-content\/uploads\/2025\/11\/ESG-als-Erfolgsfaktor-im-Mittelstand-1.png","width":1728,"height":1152,"caption":"ESG come fattore di successo per le PMI"},{"@type":"BreadcrumbList","@id":"https:\/\/terra-institute.eu\/it\/esg-come-fattore-di-successo\/#breadcrumb","itemListElement":[{"@type":"ListItem","position":1,"name":"Home","item":"https:\/\/terra-institute.eu\/it\/"},{"@type":"ListItem","position":2,"name":"ESG come fattore di successo per le PMI"}]},{"@type":"WebSite","@id":"https:\/\/terra-institute.eu\/it\/#website","url":"https:\/\/terra-institute.eu\/it\/","name":"Terra Institute","description":"Empowering Responsible Growth","potentialAction":[{"@type":"SearchAction","target":{"@type":"EntryPoint","urlTemplate":"https:\/\/terra-institute.eu\/it\/?s={search_term_string}"},"query-input":{"@type":"PropertyValueSpecification","valueRequired":true,"valueName":"search_term_string"}}],"inLanguage":"it-IT"},{"@type":"Person","@id":"https:\/\/terra-institute.eu\/it\/#\/schema\/person\/94b4e9b0ba2c9136492a67cfc3e95edd","name":"STauber","image":{"@type":"ImageObject","inLanguage":"it-IT","@id":"https:\/\/terra-institute.eu\/it\/#\/schema\/person\/image\/","url":"https:\/\/secure.gravatar.com\/avatar\/7b58d476a8e3ca28ed666205e6c5ff556ab94a161aa48a4b4cf289781d6b1076?s=96&d=mm&r=g","contentUrl":"https:\/\/secure.gravatar.com\/avatar\/7b58d476a8e3ca28ed666205e6c5ff556ab94a161aa48a4b4cf289781d6b1076?s=96&d=mm&r=g","caption":"STauber"},"sameAs":["https:\/\/x.com\/STauber"],"url":"https:\/\/terra-institute.eu\/it\/author\/stauber\/"}]}},"_links":{"self":[{"href":"https:\/\/terra-institute.eu\/it\/wp-json\/wp\/v2\/posts\/255082","targetHints":{"allow":["GET"]}}],"collection":[{"href":"https:\/\/terra-institute.eu\/it\/wp-json\/wp\/v2\/posts"}],"about":[{"href":"https:\/\/terra-institute.eu\/it\/wp-json\/wp\/v2\/types\/post"}],"author":[{"embeddable":true,"href":"https:\/\/terra-institute.eu\/it\/wp-json\/wp\/v2\/users\/5"}],"replies":[{"embeddable":true,"href":"https:\/\/terra-institute.eu\/it\/wp-json\/wp\/v2\/comments?post=255082"}],"version-history":[{"count":19,"href":"https:\/\/terra-institute.eu\/it\/wp-json\/wp\/v2\/posts\/255082\/revisions"}],"predecessor-version":[{"id":255229,"href":"https:\/\/terra-institute.eu\/it\/wp-json\/wp\/v2\/posts\/255082\/revisions\/255229"}],"wp:featuredmedia":[{"embeddable":true,"href":"https:\/\/terra-institute.eu\/it\/wp-json\/wp\/v2\/media\/255096"}],"wp:attachment":[{"href":"https:\/\/terra-institute.eu\/it\/wp-json\/wp\/v2\/media?parent=255082"}],"wp:term":[{"taxonomy":"category","embeddable":true,"href":"https:\/\/terra-institute.eu\/it\/wp-json\/wp\/v2\/categories?post=255082"},{"taxonomy":"post_tag","embeddable":true,"href":"https:\/\/terra-institute.eu\/it\/wp-json\/wp\/v2\/tags?post=255082"}],"curies":[{"name":"wp","href":"https:\/\/api.w.org\/{rel}","templated":true}]}}