{"id":255061,"date":"2025-11-26T17:13:44","date_gmt":"2025-11-26T16:13:44","guid":{"rendered":"https:\/\/terra-institute.eu\/it\/?p=255061"},"modified":"2025-11-26T17:20:17","modified_gmt":"2025-11-26T16:20:17","slug":"cop30-a-belem","status":"publish","type":"post","link":"https:\/\/terra-institute.eu\/it\/cop30-a-belem\/","title":{"rendered":"COP30 A BEL\u00c9M: TRA AMAZZONIA, GEOPOLITICA E BUSINESS SOSTENIBILE"},"content":{"rendered":"<p>[et_pb_section fb_built=&#8221;1&#8243; _builder_version=&#8221;4.24.2&#8243; _module_preset=&#8221;default&#8221; custom_padding=&#8221;9px|||||&#8221; global_colors_info=&#8221;{}&#8221; theme_builder_area=&#8221;et_body_layout&#8221;][et_pb_row column_structure=&#8221;1_2,1_2&#8243; _builder_version=&#8221;4.24.2&#8243; _module_preset=&#8221;default&#8221; custom_margin=&#8221;22px|auto||auto||&#8221; custom_padding=&#8221;1px||18px|||&#8221; global_colors_info=&#8221;{}&#8221; theme_builder_area=&#8221;et_body_layout&#8221;][et_pb_column type=&#8221;1_2&#8243; _builder_version=&#8221;4.24.2&#8243; _module_preset=&#8221;default&#8221; global_colors_info=&#8221;{}&#8221; theme_builder_area=&#8221;et_body_layout&#8221;][et_pb_button button_url=&#8221;#anmeldung&#8221; button_text=&#8221;Zur Anmeldung&#8221; disabled_on=&#8221;on|on|on&#8221; _builder_version=&#8221;4.27.0&#8243; _module_preset=&#8221;default&#8221; disabled=&#8221;on&#8221; global_colors_info=&#8221;{}&#8221; theme_builder_area=&#8221;et_body_layout&#8221;][\/et_pb_button][et_pb_text disabled_on=&#8221;off|off|off&#8221; _builder_version=&#8221;4.27.4&#8243; _module_preset=&#8221;default&#8221; background_color=&#8221;#f9f9f9&#8243; custom_margin=&#8221;20px|||20px|false|false&#8221; custom_padding=&#8221;20px|||20px|false|false&#8221; hover_enabled=&#8221;0&#8243; box_shadow_style=&#8221;preset3&#8243; global_colors_info=&#8221;{}&#8221; theme_builder_area=&#8221;et_body_layout&#8221; sticky_enabled=&#8221;0&#8243;]<\/p>\n<h4><strong>Contenuti<\/strong><\/h4>\n<ol>\n<li><a href=\"#keyfacts\" title=\"Key Facts zur Gesundheit \u00d6sterreich GmbH\"><\/a><a href=\"#beschl\u00fcsse\">Cosa ha deciso davvero la COP30<\/a><\/li>\n<li><a href=\"#belem\">Perch\u00e9 Bel\u00e9m era il posto giusto<\/a><\/li>\n<li><a href=\"#wirtschaft\">Dove sta andando il business<\/a>\n<ol>\n<li>Strategie aziendali<\/li>\n<li>Accountability e Governance<\/li>\n<li>Il punto di vista della finanza<\/li>\n<li>Politiche pubbliche e nuova leadership delle economie emergenti<\/li>\n<\/ol>\n<\/li>\n<li><a href=\"#fazit\">Conclusione: Una direzione globale chiara<\/a><\/li>\n<\/ol>\n<p>[\/et_pb_text][et_pb_text disabled_on=&#8221;on|on|on&#8221; _builder_version=&#8221;4.27.0&#8243; _module_preset=&#8221;default&#8221; disabled=&#8221;on&#8221; global_colors_info=&#8221;{}&#8221; theme_builder_area=&#8221;et_body_layout&#8221;]<\/p>\n<h3>Teilnehmeranzahl begrenzt!<\/h3>\n<p>Die Pl\u00e4tze sind auf maximal 20 Teilnehmer:innen begrenzt. Dies erm\u00f6glicht uns einen besseren Austausch und auch die M\u00f6glichkeit, auf alle Fragen einzugehen.<\/p>\n<h3>Verbindlichkeit<\/h3>\n<p>F\u00fcr eine bessere Planung ist die Anmeldung verbindlich. Sollte dennoch nach Anmeldung etwas dazwischenkommen und die Teilnahme nicht m\u00f6glich sein, bitten wir um eine schnellstm\u00f6gliche Absage unter <a href=\"mailto:%20a.unger@terra-institute.eu\">a.unger@terra-institute.eu<\/a>.<\/p>\n<h3>Kosten und Transport<\/h3>\n<p>Die Kosten f\u00fcr die zwei Hoff\u00fchrungen und Verk\u00f6stigung werden vom Projekt \u00fcbernommen. Die Fahrtkosten sowie die Organisation der Anfahrt, Abfahrt und Transport zwischen den H\u00f6fen sind von den Teilnehmer:innen selbst zu \u00fcbernehmen. Bei einem JA im Formular teilen wir die Kontaktdaten der Teilnehmer:innen, um Fahrgemeinschaften zu erm\u00f6glichen.<\/p>\n<p>[\/et_pb_text][et_pb_text disabled_on=&#8221;on|on|on&#8221; module_id=&#8221;anmeldung&#8221; _builder_version=&#8221;4.24.2&#8243; _module_preset=&#8221;default&#8221; disabled=&#8221;on&#8221; global_colors_info=&#8221;{}&#8221; theme_builder_area=&#8221;et_body_layout&#8221;]<\/p>\n<h3><\/h3>\n<h3>Webinar verpasst?<\/h3>\n<p>Dann schicken Sie uns doch gerne eine Nachricht mit Ihren Fragen an <a href=\"mailto:office@terra-institute.eu\">office@terra-institute.eu<\/a>.<\/p>\n<p>Bei gen\u00fcgend Interessent:innen werden wir das Webinar erneut veranstalten.<\/p>\n<p>[\/et_pb_text][\/et_pb_column][et_pb_column type=&#8221;1_2&#8243; _builder_version=&#8221;4.24.2&#8243; _module_preset=&#8221;default&#8221; global_colors_info=&#8221;{}&#8221; theme_builder_area=&#8221;et_body_layout&#8221;][et_pb_text _builder_version=&#8221;4.27.4&#8243; _module_preset=&#8221;default&#8221; custom_margin=&#8221;||1px|||&#8221; hover_enabled=&#8221;0&#8243; global_colors_info=&#8221;{}&#8221; theme_builder_area=&#8221;et_body_layout&#8221; sticky_enabled=&#8221;0&#8243;]<\/p>\n<p><b><span data-contrast=\"auto\">&#8220;Quando si pensa a un vertice sul clima, difficilmente viene in mente Bel\u00e9m do Par\u00e1, citt\u00e0 portuale ai margini dell\u2019Amazzonia, fatta di traffico caotico, disuguaglianze evidenti e umidit\u00e0 tropicale. Eppure, \u00e8 proprio l\u00ec che, come Observer insieme ad un\u2019associazione di Trento, ho partecipato alla COP30.&#8221;<\/span><\/b> &#8211; Annika Zamboni<\/p>\n<p>[\/et_pb_text][\/et_pb_column][\/et_pb_row][et_pb_row _builder_version=&#8221;4.24.2&#8243; _module_preset=&#8221;default&#8221; custom_margin=&#8221;-6px|auto||auto||&#8221; custom_padding=&#8221;10px||15px|||&#8221; global_colors_info=&#8221;{}&#8221; theme_builder_area=&#8221;et_body_layout&#8221;][et_pb_column type=&#8221;4_4&#8243; _builder_version=&#8221;4.24.2&#8243; _module_preset=&#8221;default&#8221; global_colors_info=&#8221;{}&#8221; theme_builder_area=&#8221;et_body_layout&#8221;][et_pb_button button_url=&#8221;#anmeldung&#8221; button_text=&#8221;Zur Anmeldung&#8221; disabled_on=&#8221;on|on|on&#8221; _builder_version=&#8221;4.27.0&#8243; _module_preset=&#8221;default&#8221; disabled=&#8221;on&#8221; global_colors_info=&#8221;{}&#8221; theme_builder_area=&#8221;et_body_layout&#8221;][\/et_pb_button][et_pb_text disabled_on=&#8221;on|on|on&#8221; _builder_version=&#8221;4.27.0&#8243; _module_preset=&#8221;default&#8221; disabled=&#8221;on&#8221; global_colors_info=&#8221;{}&#8221; theme_builder_area=&#8221;et_body_layout&#8221;]<\/p>\n<h3>Teilnehmeranzahl begrenzt!<\/h3>\n<p>Die Pl\u00e4tze sind auf maximal 20 Teilnehmer:innen begrenzt. Dies erm\u00f6glicht uns einen besseren Austausch und auch die M\u00f6glichkeit, auf alle Fragen einzugehen.<\/p>\n<h3>Verbindlichkeit<\/h3>\n<p>F\u00fcr eine bessere Planung ist die Anmeldung verbindlich. Sollte dennoch nach Anmeldung etwas dazwischenkommen und die Teilnahme nicht m\u00f6glich sein, bitten wir um eine schnellstm\u00f6gliche Absage unter <a href=\"mailto:%20a.unger@terra-institute.eu\">a.unger@terra-institute.eu<\/a>.<\/p>\n<h3>Kosten und Transport<\/h3>\n<p>Die Kosten f\u00fcr die zwei Hoff\u00fchrungen und Verk\u00f6stigung werden vom Projekt \u00fcbernommen. Die Fahrtkosten sowie die Organisation der Anfahrt, Abfahrt und Transport zwischen den H\u00f6fen sind von den Teilnehmer:innen selbst zu \u00fcbernehmen. Bei einem JA im Formular teilen wir die Kontaktdaten der Teilnehmer:innen, um Fahrgemeinschaften zu erm\u00f6glichen.<\/p>\n<p>[\/et_pb_text][et_pb_text disabled_on=&#8221;on|on|on&#8221; module_id=&#8221;anmeldung&#8221; _builder_version=&#8221;4.24.2&#8243; _module_preset=&#8221;default&#8221; disabled=&#8221;on&#8221; global_colors_info=&#8221;{}&#8221; theme_builder_area=&#8221;et_body_layout&#8221;]<\/p>\n<h3><\/h3>\n<h3>Webinar verpasst?<\/h3>\n<p>Dann schicken Sie uns doch gerne eine Nachricht mit Ihren Fragen an <a href=\"mailto:office@terra-institute.eu\">office@terra-institute.eu<\/a>.<\/p>\n<p>Bei gen\u00fcgend Interessent:innen werden wir das Webinar erneut veranstalten.<\/p>\n<p>[\/et_pb_text][et_pb_text _builder_version=&#8221;4.27.4&#8243; _module_preset=&#8221;default&#8221; custom_margin=&#8221;||1px|||&#8221; hover_enabled=&#8221;0&#8243; global_colors_info=&#8221;{}&#8221; theme_builder_area=&#8221;et_body_layout&#8221; sticky_enabled=&#8221;0&#8243;]<\/p>\n<p>Bel\u00e9m \u00e8 una citt\u00e0 di contrasti, resi ancora pi\u00f9 visibili durante l\u2019evento: grandi padiglioni climatizzati accanto a quartieri fragili, un mega-evento internazionale dentro una cornice di infrastrutture precarie, discussioni sulla \u201ctransizione giusta\u201d in un Paese che dipende ancora in parte dai combustibili fossili. Ma forse \u00e8 proprio questo il senso di aver organizzato la COP in Amazzonia: qui il mondo lo si vede davvero, con tutte le sue fratture: Nord\/Sud globale, centri finanziari e comunit\u00e0 indigene, multinazionali e movimenti sociali costretti per due settimane nello stesso spazio.<\/p>\n<p>[\/et_pb_text][\/et_pb_column][\/et_pb_row][et_pb_row module_id=&#8221;beschl\u00fcsse&#8221; _builder_version=&#8221;4.27.4&#8243; _module_preset=&#8221;default&#8221; custom_padding=&#8221;||1px|||&#8221; global_colors_info=&#8221;{}&#8221; theme_builder_area=&#8221;et_body_layout&#8221;][et_pb_column type=&#8221;4_4&#8243; _builder_version=&#8221;4.27.4&#8243; _module_preset=&#8221;default&#8221; global_colors_info=&#8221;{}&#8221; theme_builder_area=&#8221;et_body_layout&#8221;][et_pb_text _builder_version=&#8221;4.27.4&#8243; _module_preset=&#8221;default&#8221; custom_margin=&#8221;||1px|||&#8221; hover_enabled=&#8221;0&#8243; global_colors_info=&#8221;{}&#8221; theme_builder_area=&#8221;et_body_layout&#8221; sticky_enabled=&#8221;0&#8243;]<\/p>\n<h2>Oltre i titoli negativi: cosa ha deciso davvero la COP30<\/h2>\n<p>[\/et_pb_text][\/et_pb_column][\/et_pb_row][et_pb_row column_structure=&#8221;1_2,1_2&#8243; _builder_version=&#8221;4.27.4&#8243; _module_preset=&#8221;default&#8221; custom_padding=&#8221;||1px|||&#8221; global_colors_info=&#8221;{}&#8221; theme_builder_area=&#8221;et_body_layout&#8221;][et_pb_column type=&#8221;1_2&#8243; _builder_version=&#8221;4.27.4&#8243; _module_preset=&#8221;default&#8221; global_colors_info=&#8221;{}&#8221; theme_builder_area=&#8221;et_body_layout&#8221;][et_pb_text _builder_version=&#8221;4.27.4&#8243; _module_preset=&#8221;default&#8221; custom_margin=&#8221;||1px|||&#8221; hover_enabled=&#8221;0&#8243; global_colors_info=&#8221;{}&#8221; theme_builder_area=&#8221;et_body_layout&#8221; sticky_enabled=&#8221;0&#8243;]<\/p>\n<p>In questi giorni, successivi alla chiusura della COP30, gran parte della stampa ha insistito su una lettura quasi esclusivamente negativa sugli esiti della conferenza: \u201cnessun accordo sulle fossili\u201d, \u201cfallimento sull\u2019uscita dal carbone\u201d, \u201cAmazzonia tradita\u201d. \u00c8 una narrazione che ha basi reali, ma che a mio avviso restituisce solo una parte di ci\u00f2 che \u00e8 stato deciso nei padiglioni negoziali.<\/p>\n<p>La <em>Mutir\u00e3o Decision<\/em>, il testo politico finale approvato a Bel\u00e9m, non menziona esplicitamente i combustibili fossili e non accoglie pienamente l\u2019appello del Presidente Lula e di oltre 80 Paesi per una roadmap globale su fossili e deforestazione. La delusione, da questo punto di vista, \u00e8 comprensibile.<\/p>\n<p>Allo stesso tempo, il pacchetto negoziale contiene elementi di avanzamento importanti, soprattutto su cooperazione internazionale e finanza climatica. In questo quadro si inserisce il cosiddetto <em>Bel\u00e9m Package<\/em>, l\u2019insieme di decisioni tecniche e finanziarie che d\u00e0 sostanza alla <em>Mutir\u00e3o Decision<\/em> e ne rappresenta il lato pi\u00f9 operativo.<\/p>\n<p>[\/et_pb_text][\/et_pb_column][et_pb_column type=&#8221;1_2&#8243; _builder_version=&#8221;4.27.4&#8243; _module_preset=&#8221;default&#8221; global_colors_info=&#8221;{}&#8221; theme_builder_area=&#8221;et_body_layout&#8221;][et_pb_image src=&#8221;https:\/\/terra-institute.eu\/it\/wp-content\/uploads\/2025\/11\/cop30-scaled-1.jpg&#8221; alt=&#8221;cop30&#8243; title_text=&#8221;cop30&#8243; _builder_version=&#8221;4.27.4&#8243; _module_preset=&#8221;default&#8221; global_colors_info=&#8221;{}&#8221; theme_builder_area=&#8221;et_body_layout&#8221;][\/et_pb_image][et_pb_button button_url=&#8221;#belem&#8221; button_text=&#8221;Passa a %22perch\u00e9 Bel\u00e9m?%22&#8243; _builder_version=&#8221;4.27.4&#8243; _module_preset=&#8221;default&#8221; hover_enabled=&#8221;0&#8243; global_colors_info=&#8221;{}&#8221; theme_builder_area=&#8221;et_body_layout&#8221; sticky_enabled=&#8221;0&#8243;][\/et_pb_button][\/et_pb_column][\/et_pb_row][et_pb_row _builder_version=&#8221;4.27.4&#8243; _module_preset=&#8221;default&#8221; global_colors_info=&#8221;{}&#8221; theme_builder_area=&#8221;et_body_layout&#8221;][et_pb_column type=&#8221;4_4&#8243; _builder_version=&#8221;4.27.4&#8243; _module_preset=&#8221;default&#8221; global_colors_info=&#8221;{}&#8221; theme_builder_area=&#8221;et_body_layout&#8221;][et_pb_text _builder_version=&#8221;4.27.4&#8243; _module_preset=&#8221;default&#8221; custom_margin=&#8221;||1px|||&#8221; hover_enabled=&#8221;0&#8243; global_colors_info=&#8221;{}&#8221; theme_builder_area=&#8221;et_body_layout&#8221; sticky_enabled=&#8221;0&#8243;]<\/p>\n<p>Tra i punti chiave:<\/p>\n<ul>\n<li>l\u2019impegno a triplicare i finanziamenti per l\u2019adattamento entro il 2035, con un richiamo esplicito ai Paesi sviluppati ad aumentare il sostegno ai Paesi pi\u00f9 vulnerabili;<\/li>\n<li>la conclusione della Baku Adaptation Roadmap, che definisce un percorso di lavoro fino al 2028 in vista del prossimo Global Stocktake, con tappe e responsabilit\u00e0 pi\u00f9 chiare;<\/li>\n<li>la definizione di 59 indicatori volontari per misurare i progressi sull\u2019Obiettivo Globale sull\u2019Adattamento (GGA), con un focus su sistemi idrici, agricoli, sanitari, infrastrutture ed ecosistemi, ma anche finanza, tecnologia e capacity building.<\/li>\n<\/ul>\n<p>Le Parti hanno inoltre approvato un meccanismo di <em>just transition <\/em>che mette esplicitamente al centro persone ed equit\u00e0: la transizione non pu\u00f2 limitarsi a sostituire tecnologie, ma deve accompagnare lavoratori, comunit\u00e0 locali, donne e popolazioni indigene, rafforzando cooperazione, assistenza tecnica e condivisione di conoscenze. A questo si affianca il rafforzamento del <em>Gender Action Plan<\/em>, che riconosce il ruolo delle donne \u2013 in particolare indigene, afrodiscendenti e rurali \u2013 come protagoniste delle politiche climatiche, non solo come gruppi vulnerabili.<\/p>\n<p>Infine, la <em>Mutir\u00e3o Decision<\/em> lancia due nuovi strumenti volontari per la fase che ora si apre, quella dell\u2019implementazione:<\/p>\n<ul>\n<li>il <em>Global Implementation Accelerator<\/em>, per supportare i Paesi nell\u2019attuazione concreta dei loro NDC e dei piani nazionali di adattamento;<\/li>\n<li>la <em>Bel\u00e9m Mission to 1.5<\/em>, una piattaforma orientata all\u2019azione che punta a tenere viva la traiettoria di 1,5\u00b0C attraverso pi\u00f9 ambizione, cooperazione e investimenti.<\/li>\n<\/ul>\n<p>Sono decisioni imperfette, non all\u2019altezza dell\u2019emergenza climatica, ma indicano che il multilateralismo, pur con tutti i suoi limiti, \u00e8 ancora vivo. E che una parte significativa del mondo continua a muoversi anche quando gli Stati Uniti sono meno centrali nei negoziati.<\/p>\n<h4>Colombia, <em>Fossil Fuel Treaty<\/em> e la Dichiarazione di Bel\u00e9m: i segnali che vengono \u201cdal basso\u201d<\/h4>\n<p>Se ci si limita al testo ufficiale della COP30, i combustibili fossili risultano i grandi assenti. Eppure, fuori dalla <em>Mutir\u00e3o Decision<\/em>, a Bel\u00e9m sono accaduti passaggi rilevanti proprio su questo fronte.<\/p>\n<p>La COP30 \u00e8 stata, a molti effetti, la COP della maturit\u00e0 per il <em>Fossil Fuel Non-Proliferation Treaty<\/em>, l\u2019iniziativa che chiede un trattato globale per fermare l\u2019espansione delle fossili, gestirne l\u2019eliminazione ordinata e garantire una transizione giusta. Protagonista assoluta di questo avanzamento \u00e8 stata la Colombia.<\/p>\n<p>[\/et_pb_text][\/et_pb_column][\/et_pb_row][et_pb_row column_structure=&#8221;1_3,1_3,1_3&#8243; _builder_version=&#8221;4.27.4&#8243; _module_preset=&#8221;default&#8221; global_colors_info=&#8221;{}&#8221; theme_builder_area=&#8221;et_body_layout&#8221;][et_pb_column type=&#8221;1_3&#8243; _builder_version=&#8221;4.27.4&#8243; _module_preset=&#8221;default&#8221; global_colors_info=&#8221;{}&#8221; theme_builder_area=&#8221;et_body_layout&#8221;][et_pb_button button_url=&#8221;#belem&#8221; button_text=&#8221;Passa a %22perch\u00e9 Bel\u00e9m?%22&#8243; _builder_version=&#8221;4.27.4&#8243; _module_preset=&#8221;default&#8221; hover_enabled=&#8221;0&#8243; global_colors_info=&#8221;{}&#8221; theme_builder_area=&#8221;et_body_layout&#8221; sticky_enabled=&#8221;0&#8243;][\/et_pb_button][\/et_pb_column][et_pb_column type=&#8221;1_3&#8243; _builder_version=&#8221;4.27.4&#8243; _module_preset=&#8221;default&#8221; global_colors_info=&#8221;{}&#8221; theme_builder_area=&#8221;et_body_layout&#8221;][et_pb_button button_url=&#8221;#wirtschaft&#8221; button_text=&#8221;Passa a %22dove sta andando il business%22&#8243; _builder_version=&#8221;4.27.4&#8243; _module_preset=&#8221;default&#8221; hover_enabled=&#8221;0&#8243; global_colors_info=&#8221;{}&#8221; theme_builder_area=&#8221;et_body_layout&#8221; sticky_enabled=&#8221;0&#8243;][\/et_pb_button][\/et_pb_column][et_pb_column type=&#8221;1_3&#8243; _builder_version=&#8221;4.27.4&#8243; _module_preset=&#8221;default&#8221; global_colors_info=&#8221;{}&#8221; theme_builder_area=&#8221;et_body_layout&#8221;][et_pb_button button_url=&#8221;#fazit&#8221; button_text=&#8221;Passa a %22Conclusione%22&#8243; _builder_version=&#8221;4.27.4&#8243; _module_preset=&#8221;default&#8221; hover_enabled=&#8221;0&#8243; global_colors_info=&#8221;{}&#8221; theme_builder_area=&#8221;et_body_layout&#8221; sticky_enabled=&#8221;0&#8243;][\/et_pb_button][\/et_pb_column][\/et_pb_row][et_pb_row _builder_version=&#8221;4.27.4&#8243; _module_preset=&#8221;default&#8221; global_colors_info=&#8221;{}&#8221; theme_builder_area=&#8221;et_body_layout&#8221;][et_pb_column type=&#8221;4_4&#8243; _builder_version=&#8221;4.27.4&#8243; _module_preset=&#8221;default&#8221; global_colors_info=&#8221;{}&#8221; theme_builder_area=&#8221;et_body_layout&#8221;][et_pb_text _builder_version=&#8221;4.27.4&#8243; _module_preset=&#8221;default&#8221; custom_margin=&#8221;||1px|||&#8221; hover_enabled=&#8221;0&#8243; global_colors_info=&#8221;{}&#8221; theme_builder_area=&#8221;et_body_layout&#8221; sticky_enabled=&#8221;0&#8243;]<\/p>\n<p>Il 21 novembre, nei padiglioni della COP, i governi di Colombia e Paesi Bassi hanno annunciato la prima Conferenza internazionale per l\u2019eliminazione progressiva dei combustibili fossili. La ministra dell\u2019Ambiente colombiana Irene V\u00e9lez Torres e la vicepresidente e ministra per la Politica climatica dei Paesi Bassi, Sophie Hermans, hanno comunicato che questo appuntamento storico si terr\u00e0 il 28-29 aprile 2026 a Santa Marta, in Colombia. La scelta del luogo non \u00e8 casuale: Santa Marta \u00e8 un porto chiave per l\u2019export di carbone in un Paese che \u00e8 il quinto esportatore mondiale. \u00c8 un messaggio potente: il dibattito su come chiudere l\u2019era delle fossili parte da un territorio che da esse dipende ancora in modo significativo.<\/p>\n<p>Parallelamente \u00e8 stata lanciata la Dichiarazione di Bel\u00e9m sulla giusta transizione dai combustibili fossili, sostenuta da 24 Paesi, tra cui nove europei, come Spagna, Paesi Bassi, Austria, Belgio, Finlandia e Lussemburgo. L\u2019Italia, al momento, non figura tra i firmatari. Nei testi e negli interventi dei promotori ritorna con forza l\u2019idea di una \u201cresponsabilit\u00e0 morale\u201d nel dare voce alla richiesta di giustizia climatica e di eliminazione delle fossili: una transizione necessaria non solo per il clima, ma anche per la tenuta delle economie e la sicurezza collettiva.<\/p>\n<p>In altre parole, mentre il negoziato ufficiale si ferma un passo prima di nominare esplicitamente i combustibili fossili, una coalizione crescente di Paesi, guidata dal Sud globale, si organizza per costruire il \u201cdopo\u201d. La conferenza di Santa Marta, nel 2026, si affiancher\u00e0 infatti ai processi ONU esistenti e approfondir\u00e0 le condizioni giuridiche, economiche e sociali di un <em>phase-out<\/em> ordinato: dagli impatti sul commercio all\u2019eliminazione dei sussidi, dalla stabilit\u00e0 macroeconomica alla sicurezza energetica, fino alla riconversione del lavoro ed alla diffusione delle rinnovabili.<\/p>\n<p>[\/et_pb_text][et_pb_text module_id=&#8221;belem&#8221; _builder_version=&#8221;4.27.4&#8243; _module_preset=&#8221;default&#8221; custom_margin=&#8221;||1px|||&#8221; hover_enabled=&#8221;0&#8243; global_colors_info=&#8221;{}&#8221; theme_builder_area=&#8221;et_body_layout&#8221; sticky_enabled=&#8221;0&#8243;]<\/p>\n<h3><\/h3>\n<h2><strong><\/strong><\/h2>\n<h3>Perch\u00e9 Bel\u00e9m (e l\u2019Amazzonia) erano il posto giusto<\/h3>\n<p>Vivere la COP30 da Bel\u00e9m significa vedere, nello stesso corridoio, delegati governativi, leader indigeni, rappresentanti delle grandi imprese, giovani attivisti e organizzazioni della societ\u00e0 civile.<\/p>\n<p>La citt\u00e0, con i suoi contrasti, ha reso tangibili tre aspetti. Il primo: il clima non \u00e8 un tema \u201ctecnico\u201d ma profondamente sociale e politico: si parla di commercio internazionale, lavoro, politiche industriali, sicurezza alimentare. Se vogliamo contribuire a scrivere le regole del futuro, dobbiamo essere presenti a questi tavoli, non limitarci a commentarli da lontano.<\/p>\n<p>Il secondo \u00e8 che le voci storicamente marginalizzate sono sempre pi\u00f9 centrali, soprattutto quelle dei popoli indigeni amazzonici, che a questa COP hanno portato con forza il messaggio: senza tutela dei territori, non c\u2019\u00e8 n\u00e9 foresta n\u00e9 stabilit\u00e0 climatica.<\/p>\n<p>Il terzo aspetto riguarda il resto del mondo, che sta avanzando sul tema del clima anche senza la leadership degli Stati Uniti: questo \u00e8 emerso con chiarezza soprattutto sul fronte della finanza climatica e delle nuove alleanze tra Paesi del Sud globale ed Europa. Un segnale geopolitico che ridisegna equilibri e opportunit\u00e0.<\/p>\n<p>[\/et_pb_text][et_pb_text module_id=&#8221;wirtschaft&#8221; _builder_version=&#8221;4.27.4&#8243; _module_preset=&#8221;default&#8221; custom_margin=&#8221;||1px|||&#8221; hover_enabled=&#8221;0&#8243; global_colors_info=&#8221;{}&#8221; theme_builder_area=&#8221;et_body_layout&#8221; sticky_enabled=&#8221;0&#8243;]<\/p>\n<h3><\/h3>\n<h3><\/h3>\n<h3>Dove sta andando il business (e perch\u00e9 c\u2019\u00e8 motivo di ottimismo)<\/h3>\n<p>Durante i miei giorni alla COP30 ho seguito diversi eventi dedicati al ruolo delle imprese nella transizione climatica. \u00c8 emerso con chiarezza che questi attori guidano i mercati ed hanno un potere enorme nel determinare come, e quanto velocemente, si realizzer\u00e0 la transizione verde.<\/p>\n<p>Come affermato da Rana Ghoneim, Director of the Energy and Climate Action Division di UNIDO: <em>\u201cIf green represents the choice of the global market, then green is the future.\u201d <\/em>In altre parole: se il verde rappresenta ormai la scelta del mercato globale, il verde non \u00e8 pi\u00f9 un\u2019opzione, ma la condizione per avere futuro.<\/p>\n<p>Arrivando dall\u2019Europa, dove gli obblighi legati alla CSRD vengono in parte alleggeriti dall\u2019Omnibus Package e molte aziende percepiscono un indebolimento della \u201cbussola ESG\u201d, COP30 mi ha dato un motivo di rinnovato ottimismo: mi ha confermato che il mondo ha gi\u00e0 imboccato la strada della sostenibilit\u00e0. Le imprese stanno innovando e, per restare competitive, la sostenibilit\u00e0 non \u00e8 pi\u00f9 opzionale: \u00e8 essenziale.<\/p>\n<p>[\/et_pb_text][et_pb_button button_url=&#8221;#fazit&#8221; button_text=&#8221;Passa a %22conclusione%22&#8243; _builder_version=&#8221;4.27.4&#8243; _module_preset=&#8221;default&#8221; hover_enabled=&#8221;0&#8243; global_colors_info=&#8221;{}&#8221; theme_builder_area=&#8221;et_body_layout&#8221; sticky_enabled=&#8221;0&#8243;][\/et_pb_button][et_pb_text _builder_version=&#8221;4.27.4&#8243; _module_preset=&#8221;default&#8221; custom_margin=&#8221;||1px|||&#8221; hover_enabled=&#8221;0&#8243; global_colors_info=&#8221;{}&#8221; theme_builder_area=&#8221;et_body_layout&#8221; sticky_enabled=&#8221;0&#8243;]<\/p>\n<h3><\/h3>\n<h3><\/h3>\n<h4>Strategie aziendali: innovazione, creazione di valore, efficienza<\/h4>\n<p>Questa consapevolezza \u00e8 stata rafforzata dall\u2019intervento di Alex Carreteiro, Director di PepsiCo Alimentos Brazil, che ha sottolineato come crescita, quota di mercato, persone e sostenibilit\u00e0 vadano ormai di pari passo. Ha raccontato progetti di agricoltura rigenerativa e utilizzo del biometano, che generano win\u2013win molto concreti: riduzione dei costi operativi, rigenerazione ambientale e valore aggiunto lungo l\u2019intera catena del valore.<\/p>\n<p>In un altro panel, una rappresentante di Schneider Electric ha spiegato come l\u2019azienda abbia costruito la propria strategia di supply chain utilizzando tutti gli SDGs come cornice. Questo approccio ha permesso di migliorare le performance su tutte le dimensioni ESG, generando al tempo stesso profitto ed efficienza operativa.<\/p>\n<h4>Accountability e governance come fondamenta della credibilit\u00e0<\/h4>\n<p>Un tema ricorrente \u00e8 stato quello dell\u2019<em>accountability<\/em>. In questo contesto, sempre pi\u00f9 spesso il reporting viene visto come la spina dorsale della credibilit\u00e0 aziendale.<\/p>\n<p>Il rapporto presentato alla COP della PRI Net Zero Taskforce, <em>Policy Matters: From Pledges to Delivery a Decade after Paris<\/em>, sottolinea come i meccanismi di accountability siano il \u201ctessuto connettivo\u201d tra ambizione e implementazione. Dal lavoro della Taskforce emerge che:<\/p>\n<ul>\n<li>cresce il movimento verso sistemi di disclosure climatica obbligatori e standardizzati,<\/li>\n<li>si registra un forte avanzamento sui requisiti di calcolo delle emissioni,<\/li>\n<li>restano invece pi\u00f9 lente le regole sulla trasparenza nella valutazione dei rischi e sull\u2019integrit\u00e0 dei piani di transizione.<\/li>\n<\/ul>\n<p>Allo stesso modo, la governance sta diventando il ponte tra impegni e azione: aumenta l\u2019attenzione verso la responsabilit\u00e0 del top management, il ruolo dei Consigli di amministrazione ed i sistemi di remunerazione collegati agli obiettivi climatici. La <em>climate litigation<\/em> emerge come catalizzatore di azione politica e regolatoria, e spinge le aziende a prepararsi a rischi normativi e legali sempre pi\u00f9 concreti.<\/p>\n<p>[\/et_pb_text][et_pb_button button_url=&#8221;#fazit&#8221; button_text=&#8221;Passa a %22conclusione%22&#8243; _builder_version=&#8221;4.27.4&#8243; _module_preset=&#8221;default&#8221; hover_enabled=&#8221;0&#8243; global_colors_info=&#8221;{}&#8221; theme_builder_area=&#8221;et_body_layout&#8221; sticky_enabled=&#8221;0&#8243;][\/et_pb_button][\/et_pb_column][\/et_pb_row][et_pb_row _builder_version=&#8221;4.27.4&#8243; _module_preset=&#8221;default&#8221; global_colors_info=&#8221;{}&#8221; theme_builder_area=&#8221;et_body_layout&#8221;][et_pb_column type=&#8221;4_4&#8243; _builder_version=&#8221;4.27.4&#8243; _module_preset=&#8221;default&#8221; global_colors_info=&#8221;{}&#8221; theme_builder_area=&#8221;et_body_layout&#8221;][et_pb_text _builder_version=&#8221;4.27.4&#8243; _module_preset=&#8221;default&#8221; custom_margin=&#8221;||1px|||&#8221; hover_enabled=&#8221;0&#8243; global_colors_info=&#8221;{}&#8221; theme_builder_area=&#8221;et_body_layout&#8221; sticky_enabled=&#8221;0&#8243;]<\/p>\n<h4>Il punto di vista della finanza: disclosure come porta d\u2019accesso al capitale<\/h4>\n<p>Helena Vi\u00f1es Fiestas, Commissaria alla CNMV spagnola e Chair della<em> EU Platform on Sustainable Finance<\/em>, ha insistito sull\u2019importanza di una rendicontazione chiara. Ha ricordato che gli investimenti ESG rappresentano ormai una quota maggioritaria del mercato finanziario europeo e che la disclosure \u00e8 la porta d\u2019accesso al capitale.<\/p>\n<p>Ha evidenziato tre aspetti cruciali:<\/p>\n<ul>\n<li>Dare priorit\u00e0 alla doppia materialit\u00e0, con particolare attenzione alla materialit\u00e0 finanziaria, soprattutto rispetto ai rischi di <em>stranded assets<\/em>.<\/li>\n<li>Distinguere le informazioni realmente utili per la transizione dai dati ridondanti: l\u2019ideale sarebbe integrare sempre di pi\u00f9 il report di sostenibilit\u00e0 con il bilancio finanziario.<\/li>\n<li>Tenere conto delle dinamiche di mercato, riconoscendo che la sostenibilit\u00e0 \u00e8 ormai incorporata nel modo in cui gli asset vengono valutati e ammortizzati, e quindi nella valutazione complessiva di un\u2019azienda.<\/li>\n<\/ul>\n<h4><\/h4>\n<h4>Politiche pubbliche e nuova leadership delle economie emergenti<\/h4>\n<p>In un contesto di ambizione crescente da parte del settore privato, i decisori pubblici stanno cercando di tenere il passo definendo misure di gestione delle emissioni e sistemi comuni di misurazione. Come evidenziato nella presentazione del report del World Economic Forum <em>Making the Green Transition Work for the People and the Economy<\/em>, le ambizioni del settore privato devono allinearsi alle opportunit\u00e0 create dal settore pubblico.<\/p>\n<p>Rana Ghoneim ha evidenziato come siano sempre pi\u00f9 le economie emergenti a guidare la transizione, pi\u00f9 di Europa e Stati Uniti. Ne \u00e8 un esempio il Brasile, con la sua presidenza della COP e la <em>Bel\u00e9m Declaration on Sustainable Public Procurement<\/em>: un piano ambizioso per usare gli appalti pubblici come leva per allineare mercati e filiere ad alto impatto con l\u2019Agenda 2030.<\/p>\n<p>[\/et_pb_text][et_pb_text module_id=&#8221;fazit&#8221; _builder_version=&#8221;4.27.4&#8243; _module_preset=&#8221;default&#8221; custom_margin=&#8221;||1px|||&#8221; hover_enabled=&#8221;0&#8243; global_colors_info=&#8221;{}&#8221; theme_builder_area=&#8221;et_body_layout&#8221; sticky_enabled=&#8221;0&#8243;]<\/p>\n<h3><\/h3>\n<h3><\/h3>\n<h3>Una direzione globale chiara, nonostante le incertezze europee<\/h3>\n<p>COP30 ha confermato che, nonostante le esitazioni regolatorie in Europa e negli Stati Uniti, la traiettoria globale \u00e8 ormai tracciata: imprese, governi e istituzioni internazionali si stanno muovendo verso un modello economico in cui sostenibilit\u00e0, competitivit\u00e0 e innovazione sono inseparabili.<\/p>\n<p>Le aziende stanno accelerando, i policymaker stanno definendo i quadri abilitanti e i dati mostrano sempre pi\u00f9 chiaramente che l\u2019allineamento con la transizione \u00e8 un driver di valore economico. Allo stesso tempo, le economie emergenti stanno assumendo ruoli di leadership, dimostrando che la sostenibilit\u00e0 pu\u00f2 essere una leva di sviluppo, non un vincolo.<\/p>\n<p>Per le imprese europee questo significa che la domanda non \u00e8 pi\u00f9 <em>se<\/em> investire nella transizione, ma come e quanto velocemente farlo: in termini di governance, competenze, innovazione di prodotto, relazioni di filiera e accesso al capitale.<\/p>\n<p>Alla fine della conferenza, dopo il suo intervento, ho chiesto direttamente a Helena Vi\u00f1es Fiestas che cosa si aspettasse dal futuro della sostenibilit\u00e0. La sua risposta \u00e8 stata, forse, il messaggio pi\u00f9 prezioso che porto a casa da Bel\u00e9m:<\/p>\n<p>[\/et_pb_text][et_pb_testimonial _builder_version=&#8221;4.27.4&#8243; _module_preset=&#8221;default&#8221; global_colors_info=&#8221;{}&#8221; theme_builder_area=&#8221;et_body_layout&#8221;]<\/p>\n<p>\u201cHold on. The coming years will be challenging. But sustainability will return with even greater strength.\u201d<\/p>\n<p>[\/et_pb_testimonial][et_pb_text _builder_version=&#8221;4.27.4&#8243; _module_preset=&#8221;default&#8221; custom_margin=&#8221;||1px|||&#8221; hover_enabled=&#8221;0&#8243; global_colors_info=&#8221;{}&#8221; theme_builder_area=&#8221;et_body_layout&#8221; sticky_enabled=&#8221;0&#8243;]<\/p>\n<p>Non era uno slogan rivolto alla platea, ma una riflessione personale, condivisa a margine del panel. Un invito alla pazienza strategica: i prossimi anni saranno complessi, ma chi sceglie oggi di allinearsi alla transizione non sta facendo solo una scelta etica. Sta scegliendo di essere ancora competitivo e rilevante nel mercato globale di domani.<\/p>\n<p>[\/et_pb_text][et_pb_text _builder_version=&#8221;4.27.4&#8243; _module_preset=&#8221;default&#8221; custom_margin=&#8221;||1px|||&#8221; hover_enabled=&#8221;0&#8243; global_colors_info=&#8221;{}&#8221; theme_builder_area=&#8221;et_body_layout&#8221; sticky_enabled=&#8221;0&#8243;]<\/p>\n<h3><\/h3>\n<p>&nbsp;<\/p>\n<p><strong>Fonti<\/strong><\/p>\n<p><span><a href=\"https:\/\/unfccc.int\/sites\/default\/files\/resource\/cma2025_L24_adv.pdf\">Mutirao Decision<\/a><br \/><\/span><span><a href=\"https:\/\/dwtyzx6upklss.cloudfront.net\/Uploads\/u\/r\/l\/2025_tnzp_cop30_report_605206.pdf\">https:\/\/dwtyzx6upklss.cloudfront.net\/Uploads\/u\/r\/l\/2025_tnzp_cop30_report_605206.pdf<\/a><br \/><\/span><span><a href=\"https:\/\/www.weforum.org\/publications\/making-the-green-transition-work-for-people-and-the-economy\/\">https:\/\/www.weforum.org\/publications\/making-the-green-transition-work-for-people-and-the-economy\/<\/a><\/span> <span><a href=\"https:\/\/netzeroclimate.org\/new-plan-aims-to-make-public-procurement-a-force-for-climate-action\/\">https:\/\/netzeroclimate.org\/new-plan-aims-to-make-public-procurement-a-force-for-climate-action\/<\/a><\/span><\/p>\n<p>[\/et_pb_text][\/et_pb_column][\/et_pb_row][et_pb_row column_structure=&#8221;1_2,1_2&#8243; _builder_version=&#8221;4.24.2&#8243; _module_preset=&#8221;default&#8221; custom_margin=&#8221;22px|auto||auto||&#8221; custom_padding=&#8221;1px||15px|||&#8221; global_colors_info=&#8221;{}&#8221; theme_builder_area=&#8221;et_body_layout&#8221;][et_pb_column type=&#8221;1_2&#8243; _builder_version=&#8221;4.24.2&#8243; _module_preset=&#8221;default&#8221; global_colors_info=&#8221;{}&#8221; theme_builder_area=&#8221;et_body_layout&#8221;][et_pb_button button_url=&#8221;#anmeldung&#8221; button_text=&#8221;Zur Anmeldung&#8221; disabled_on=&#8221;on|on|on&#8221; _builder_version=&#8221;4.27.0&#8243; _module_preset=&#8221;default&#8221; disabled=&#8221;on&#8221; global_colors_info=&#8221;{}&#8221; theme_builder_area=&#8221;et_body_layout&#8221;][\/et_pb_button][et_pb_text _builder_version=&#8221;4.27.4&#8243; _module_preset=&#8221;default&#8221; custom_margin=&#8221;||-2px|||&#8221; hover_enabled=&#8221;0&#8243; global_colors_info=&#8221;{}&#8221; theme_builder_area=&#8221;et_body_layout&#8221; sticky_enabled=&#8221;0&#8243;]<\/p>\n<h3>Autrice<\/h3>\n<p>[\/et_pb_text][et_pb_image src=&#8221;https:\/\/terra-institute.eu\/it\/wp-content\/uploads\/2025\/11\/Annika-Zamboni-scaled-1.jpg&#8221; alt=&#8221;Annika Zamboni&#8221; title_text=&#8221;Annika Zamboni&#8221; _builder_version=&#8221;4.27.4&#8243; _module_preset=&#8221;default&#8221; global_colors_info=&#8221;{}&#8221; theme_builder_area=&#8221;et_body_layout&#8221;][\/et_pb_image][et_pb_text disabled_on=&#8221;on|on|on&#8221; _builder_version=&#8221;4.27.0&#8243; _module_preset=&#8221;default&#8221; disabled=&#8221;on&#8221; global_colors_info=&#8221;{}&#8221; theme_builder_area=&#8221;et_body_layout&#8221;]<\/p>\n<h3>Teilnehmeranzahl begrenzt!<\/h3>\n<p>Die Pl\u00e4tze sind auf maximal 20 Teilnehmer:innen begrenzt. Dies erm\u00f6glicht uns einen besseren Austausch und auch die M\u00f6glichkeit, auf alle Fragen einzugehen.<\/p>\n<h3>Verbindlichkeit<\/h3>\n<p>F\u00fcr eine bessere Planung ist die Anmeldung verbindlich. Sollte dennoch nach Anmeldung etwas dazwischenkommen und die Teilnahme nicht m\u00f6glich sein, bitten wir um eine schnellstm\u00f6gliche Absage unter <a href=\"mailto:%20a.unger@terra-institute.eu\">a.unger@terra-institute.eu<\/a>.<\/p>\n<h3>Kosten und Transport<\/h3>\n<p>Die Kosten f\u00fcr die zwei Hoff\u00fchrungen und Verk\u00f6stigung werden vom Projekt \u00fcbernommen. Die Fahrtkosten sowie die Organisation der Anfahrt, Abfahrt und Transport zwischen den H\u00f6fen sind von den Teilnehmer:innen selbst zu \u00fcbernehmen. Bei einem JA im Formular teilen wir die Kontaktdaten der Teilnehmer:innen, um Fahrgemeinschaften zu erm\u00f6glichen.<\/p>\n<p>[\/et_pb_text][et_pb_text disabled_on=&#8221;on|on|on&#8221; module_id=&#8221;anmeldung&#8221; _builder_version=&#8221;4.24.2&#8243; _module_preset=&#8221;default&#8221; disabled=&#8221;on&#8221; global_colors_info=&#8221;{}&#8221; theme_builder_area=&#8221;et_body_layout&#8221;]<\/p>\n<h3><\/h3>\n<h3>Webinar verpasst?<\/h3>\n<p>Dann schicken Sie uns doch gerne eine Nachricht mit Ihren Fragen an <a href=\"mailto:office@terra-institute.eu\">office@terra-institute.eu<\/a>.<\/p>\n<p>Bei gen\u00fcgend Interessent:innen werden wir das Webinar erneut veranstalten.<\/p>\n<p>[\/et_pb_text][\/et_pb_column][et_pb_column type=&#8221;1_2&#8243; _builder_version=&#8221;4.24.2&#8243; _module_preset=&#8221;default&#8221; global_colors_info=&#8221;{}&#8221; theme_builder_area=&#8221;et_body_layout&#8221;][et_pb_text _builder_version=&#8221;4.27.4&#8243; _module_preset=&#8221;default&#8221; custom_margin=&#8221;||1px|||&#8221; hover_enabled=&#8221;0&#8243; global_colors_info=&#8221;{}&#8221; theme_builder_area=&#8221;et_body_layout&#8221; sticky_enabled=&#8221;0&#8243;]<\/p>\n<p data-ccp-props=\"{&quot;335551550&quot;:1,&quot;335551620&quot;:1,&quot;335559683&quot;:0,&quot;335559685&quot;:0,&quot;335559731&quot;:0,&quot;335559737&quot;:0,&quot;335562764&quot;:2,&quot;335562765&quot;:1,&quot;335562766&quot;:4,&quot;335562767&quot;:0,&quot;335562768&quot;:4,&quot;335562769&quot;:0}\"><strong>Annika Zamboni<br \/><\/strong><span data-usefontface=\"false\" data-contrast=\"none\" class=\"TextRun SCXP31494277 BCX8\" xml:lang=\"IT-IT\" lang=\"IT-IT\"><span class=\"NormalTextRun SCXP31494277 BCX8\">Con un background economico e plurilingue, Annika ha conseguito la laurea in Economia e <\/span><\/span><span data-usefontface=\"false\" data-contrast=\"none\" class=\"TextRun SCXP31494277 BCX8\" xml:lang=\"IT-IT\" lang=\"IT-IT\"><span class=\"NormalTextRun SCXP31494277 BCX8\">Management, completando poi un doppio master in Management e Sostenibilit\u00e0 presso le <\/span><\/span><span data-usefontface=\"false\" data-contrast=\"none\" class=\"TextRun SCXP31494277 BCX8\" xml:lang=\"IT-IT\" lang=\"IT-IT\"><span class=\"NormalTextRun SCXP31494277 BCX8\">Universit\u00e0 di Trento e Brema. Dopo esperienze nel settore bancario e nella consulenza fiscale <\/span><\/span><span data-usefontface=\"false\" data-contrast=\"none\" class=\"TextRun SCXP31494277 BCX8\" xml:lang=\"IT-IT\" lang=\"IT-IT\"><span class=\"NormalTextRun SCXP31494277 BCX8\">e di sostenibilit\u00e0, oggi presso Terra Annika supporta le aziende, comprese le PMI, nello <\/span><\/span><span data-usefontface=\"false\" data-contrast=\"none\" class=\"TextRun SCXP31494277 BCX8\" xml:lang=\"IT-IT\" lang=\"IT-IT\"><span class=\"NormalTextRun SCXP31494277 BCX8\">sviluppo di strategie aziendali e nel reporting. Si occupa anche della Tassonomia UE.<\/span><\/span><br \/><span><\/span><\/p>\n<p data-ccp-props=\"{&quot;335551550&quot;:1,&quot;335551620&quot;:1,&quot;335559683&quot;:0,&quot;335559685&quot;:0,&quot;335559731&quot;:0,&quot;335559737&quot;:0,&quot;335562764&quot;:2,&quot;335562765&quot;:1,&quot;335562766&quot;:4,&quot;335562767&quot;:0,&quot;335562768&quot;:4,&quot;335562769&quot;:0}\"><span>Domande? <a href=\"mailto:a.zamboni@terra-institute.eu\" target=\"_blank\" rel=\"noopener\">a.zamboni@terra-institute.eu <\/a>o <a href=\"https:\/\/calendly.com\/a-zamboni-terra-institute\/30min\">prenotare un breve appuntamento.<\/a><\/span><\/p>\n<p data-ccp-props=\"{&quot;335551550&quot;:1,&quot;335551620&quot;:1,&quot;335559683&quot;:0,&quot;335559685&quot;:0,&quot;335559731&quot;:0,&quot;335559737&quot;:0,&quot;335562764&quot;:2,&quot;335562765&quot;:1,&quot;335562766&quot;:4,&quot;335562767&quot;:0,&quot;335562768&quot;:4,&quot;335562769&quot;:0}\"><span>\u200b<\/span><\/p>\n<p>[\/et_pb_text][\/et_pb_column][\/et_pb_row][\/et_pb_section]<\/p>\n","protected":false},"excerpt":{"rendered":"<p>Contenuti Cosa ha deciso davvero la COP30 Perch\u00e9 Bel\u00e9m era il posto giusto Dove sta andando il business Strategie aziendali Accountability e Governance Il punto di vista della finanza Politiche pubbliche e nuova leadership delle economie emergenti Conclusione: Una direzione globale chiara Teilnehmeranzahl begrenzt! Die Pl\u00e4tze sind auf maximal 20 Teilnehmer:innen begrenzt. Dies erm\u00f6glicht uns [&hellip;]<\/p>\n","protected":false},"author":5,"featured_media":255063,"comment_status":"open","ping_status":"open","sticky":false,"template":"","format":"standard","meta":{"_et_pb_use_builder":"on","_et_pb_old_content":"","_et_gb_content_width":"","footnotes":""},"categories":[34],"tags":[44,46,50],"class_list":["post-255061","post","type-post","status-publish","format-standard","has-post-thumbnail","hentry","category-blog","tag-economia-circolare","tag-strategia-climatica","tag-strategia-di-sostenibilita"],"yoast_head":"<!-- This site is optimized with the Yoast SEO plugin v26.9 - https:\/\/yoast.com\/product\/yoast-seo-wordpress\/ -->\n<title>COP30 Bel\u00e9m: resoconto della nostra consulente Annika Zamboni<\/title>\n<meta name=\"description\" content=\"Uno sguardo alla COP30 di Bel\u00e9m: Bel\u00e9m Package, strategie aziendali, finanza climatica e insight di Annika Zamboni presente sul posto.\" \/>\n<meta name=\"robots\" content=\"index, follow, max-snippet:-1, max-image-preview:large, max-video-preview:-1\" \/>\n<link rel=\"canonical\" href=\"https:\/\/terra-institute.eu\/it\/cop30-a-belem\/\" \/>\n<meta property=\"og:locale\" content=\"it_IT\" \/>\n<meta property=\"og:type\" content=\"article\" \/>\n<meta property=\"og:title\" content=\"COP30 Bel\u00e9m: resoconto della nostra consulente Annika Zamboni\" \/>\n<meta property=\"og:description\" content=\"Uno sguardo alla COP30 di Bel\u00e9m: Bel\u00e9m Package, strategie aziendali, finanza climatica e insight di Annika Zamboni presente sul posto.\" \/>\n<meta property=\"og:url\" content=\"https:\/\/terra-institute.eu\/it\/cop30-a-belem\/\" \/>\n<meta property=\"og:site_name\" content=\"Terra Institute\" \/>\n<meta property=\"article:publisher\" content=\"https:\/\/www.facebook.com\/TerraInstitute\" \/>\n<meta property=\"article:published_time\" content=\"2025-11-26T16:13:44+00:00\" \/>\n<meta property=\"article:modified_time\" content=\"2025-11-26T16:20:17+00:00\" \/>\n<meta property=\"og:image\" content=\"https:\/\/terra-institute.eu\/it\/wp-content\/uploads\/2025\/11\/cop30_annika-zamboni-scaled.jpg\" \/>\n\t<meta property=\"og:image:width\" content=\"2560\" \/>\n\t<meta property=\"og:image:height\" content=\"1706\" \/>\n\t<meta property=\"og:image:type\" content=\"image\/jpeg\" \/>\n<meta name=\"author\" content=\"STauber\" \/>\n<meta name=\"twitter:card\" content=\"summary_large_image\" \/>\n<meta name=\"twitter:creator\" content=\"@STauber\" \/>\n<meta name=\"twitter:site\" content=\"@terra_institute\" \/>\n<meta name=\"twitter:label1\" content=\"Scritto da\" \/>\n\t<meta name=\"twitter:data1\" content=\"STauber\" \/>\n\t<meta name=\"twitter:label2\" content=\"Tempo di lettura stimato\" \/>\n\t<meta name=\"twitter:data2\" content=\"1 minuto\" \/>\n<script type=\"application\/ld+json\" class=\"yoast-schema-graph\">{\"@context\":\"https:\/\/schema.org\",\"@graph\":[{\"@type\":\"Article\",\"@id\":\"https:\/\/terra-institute.eu\/it\/cop30-a-belem\/#article\",\"isPartOf\":{\"@id\":\"https:\/\/terra-institute.eu\/it\/cop30-a-belem\/\"},\"author\":{\"name\":\"STauber\",\"@id\":\"https:\/\/terra-institute.eu\/it\/#\/schema\/person\/94b4e9b0ba2c9136492a67cfc3e95edd\"},\"headline\":\"COP30 A BEL\u00c9M: TRA AMAZZONIA, GEOPOLITICA E BUSINESS SOSTENIBILE\",\"datePublished\":\"2025-11-26T16:13:44+00:00\",\"dateModified\":\"2025-11-26T16:20:17+00:00\",\"mainEntityOfPage\":{\"@id\":\"https:\/\/terra-institute.eu\/it\/cop30-a-belem\/\"},\"wordCount\":4288,\"commentCount\":0,\"image\":{\"@id\":\"https:\/\/terra-institute.eu\/it\/cop30-a-belem\/#primaryimage\"},\"thumbnailUrl\":\"https:\/\/terra-institute.eu\/it\/wp-content\/uploads\/2025\/11\/cop30_annika-zamboni-scaled.jpg\",\"keywords\":[\"ECONOMIA CIRCOLARE\",\"STRATEGIA CLIMATICA\",\"STRATEGIA DI SOSTENIBILIT\u00e0\"],\"articleSection\":[\"blog\"],\"inLanguage\":\"it-IT\",\"potentialAction\":[{\"@type\":\"CommentAction\",\"name\":\"Comment\",\"target\":[\"https:\/\/terra-institute.eu\/it\/cop30-a-belem\/#respond\"]}]},{\"@type\":\"WebPage\",\"@id\":\"https:\/\/terra-institute.eu\/it\/cop30-a-belem\/\",\"url\":\"https:\/\/terra-institute.eu\/it\/cop30-a-belem\/\",\"name\":\"COP30 Bel\u00e9m: resoconto della nostra consulente Annika Zamboni\",\"isPartOf\":{\"@id\":\"https:\/\/terra-institute.eu\/it\/#website\"},\"primaryImageOfPage\":{\"@id\":\"https:\/\/terra-institute.eu\/it\/cop30-a-belem\/#primaryimage\"},\"image\":{\"@id\":\"https:\/\/terra-institute.eu\/it\/cop30-a-belem\/#primaryimage\"},\"thumbnailUrl\":\"https:\/\/terra-institute.eu\/it\/wp-content\/uploads\/2025\/11\/cop30_annika-zamboni-scaled.jpg\",\"datePublished\":\"2025-11-26T16:13:44+00:00\",\"dateModified\":\"2025-11-26T16:20:17+00:00\",\"author\":{\"@id\":\"https:\/\/terra-institute.eu\/it\/#\/schema\/person\/94b4e9b0ba2c9136492a67cfc3e95edd\"},\"description\":\"Uno sguardo alla COP30 di Bel\u00e9m: Bel\u00e9m Package, strategie aziendali, finanza climatica e insight di Annika Zamboni presente sul posto.\",\"breadcrumb\":{\"@id\":\"https:\/\/terra-institute.eu\/it\/cop30-a-belem\/#breadcrumb\"},\"inLanguage\":\"it-IT\",\"potentialAction\":[{\"@type\":\"ReadAction\",\"target\":[\"https:\/\/terra-institute.eu\/it\/cop30-a-belem\/\"]}]},{\"@type\":\"ImageObject\",\"inLanguage\":\"it-IT\",\"@id\":\"https:\/\/terra-institute.eu\/it\/cop30-a-belem\/#primaryimage\",\"url\":\"https:\/\/terra-institute.eu\/it\/wp-content\/uploads\/2025\/11\/cop30_annika-zamboni-scaled.jpg\",\"contentUrl\":\"https:\/\/terra-institute.eu\/it\/wp-content\/uploads\/2025\/11\/cop30_annika-zamboni-scaled.jpg\",\"width\":2560,\"height\":1706,\"caption\":\"COP30 Annika Zamboni\"},{\"@type\":\"BreadcrumbList\",\"@id\":\"https:\/\/terra-institute.eu\/it\/cop30-a-belem\/#breadcrumb\",\"itemListElement\":[{\"@type\":\"ListItem\",\"position\":1,\"name\":\"Home\",\"item\":\"https:\/\/terra-institute.eu\/it\/\"},{\"@type\":\"ListItem\",\"position\":2,\"name\":\"COP30 A BEL\u00c9M: TRA AMAZZONIA, GEOPOLITICA E BUSINESS SOSTENIBILE\"}]},{\"@type\":\"WebSite\",\"@id\":\"https:\/\/terra-institute.eu\/it\/#website\",\"url\":\"https:\/\/terra-institute.eu\/it\/\",\"name\":\"Terra Institute\",\"description\":\"Empowering Responsible Growth\",\"potentialAction\":[{\"@type\":\"SearchAction\",\"target\":{\"@type\":\"EntryPoint\",\"urlTemplate\":\"https:\/\/terra-institute.eu\/it\/?s={search_term_string}\"},\"query-input\":{\"@type\":\"PropertyValueSpecification\",\"valueRequired\":true,\"valueName\":\"search_term_string\"}}],\"inLanguage\":\"it-IT\"},{\"@type\":\"Person\",\"@id\":\"https:\/\/terra-institute.eu\/it\/#\/schema\/person\/94b4e9b0ba2c9136492a67cfc3e95edd\",\"name\":\"STauber\",\"image\":{\"@type\":\"ImageObject\",\"inLanguage\":\"it-IT\",\"@id\":\"https:\/\/terra-institute.eu\/it\/#\/schema\/person\/image\/\",\"url\":\"https:\/\/secure.gravatar.com\/avatar\/7b58d476a8e3ca28ed666205e6c5ff556ab94a161aa48a4b4cf289781d6b1076?s=96&d=mm&r=g\",\"contentUrl\":\"https:\/\/secure.gravatar.com\/avatar\/7b58d476a8e3ca28ed666205e6c5ff556ab94a161aa48a4b4cf289781d6b1076?s=96&d=mm&r=g\",\"caption\":\"STauber\"},\"sameAs\":[\"https:\/\/x.com\/STauber\"],\"url\":\"https:\/\/terra-institute.eu\/it\/author\/stauber\/\"}]}<\/script>\n<!-- \/ Yoast SEO plugin. -->","yoast_head_json":{"title":"COP30 Bel\u00e9m: resoconto della nostra consulente Annika Zamboni","description":"Uno sguardo alla COP30 di Bel\u00e9m: Bel\u00e9m Package, strategie aziendali, finanza climatica e insight di Annika Zamboni presente sul posto.","robots":{"index":"index","follow":"follow","max-snippet":"max-snippet:-1","max-image-preview":"max-image-preview:large","max-video-preview":"max-video-preview:-1"},"canonical":"https:\/\/terra-institute.eu\/it\/cop30-a-belem\/","og_locale":"it_IT","og_type":"article","og_title":"COP30 Bel\u00e9m: resoconto della nostra consulente Annika Zamboni","og_description":"Uno sguardo alla COP30 di Bel\u00e9m: Bel\u00e9m Package, strategie aziendali, finanza climatica e insight di Annika Zamboni presente sul posto.","og_url":"https:\/\/terra-institute.eu\/it\/cop30-a-belem\/","og_site_name":"Terra Institute","article_publisher":"https:\/\/www.facebook.com\/TerraInstitute","article_published_time":"2025-11-26T16:13:44+00:00","article_modified_time":"2025-11-26T16:20:17+00:00","og_image":[{"width":2560,"height":1706,"url":"https:\/\/terra-institute.eu\/it\/wp-content\/uploads\/2025\/11\/cop30_annika-zamboni-scaled.jpg","type":"image\/jpeg"}],"author":"STauber","twitter_card":"summary_large_image","twitter_creator":"@STauber","twitter_site":"@terra_institute","twitter_misc":{"Scritto da":"STauber","Tempo di lettura stimato":"1 minuto"},"schema":{"@context":"https:\/\/schema.org","@graph":[{"@type":"Article","@id":"https:\/\/terra-institute.eu\/it\/cop30-a-belem\/#article","isPartOf":{"@id":"https:\/\/terra-institute.eu\/it\/cop30-a-belem\/"},"author":{"name":"STauber","@id":"https:\/\/terra-institute.eu\/it\/#\/schema\/person\/94b4e9b0ba2c9136492a67cfc3e95edd"},"headline":"COP30 A BEL\u00c9M: TRA AMAZZONIA, GEOPOLITICA E BUSINESS SOSTENIBILE","datePublished":"2025-11-26T16:13:44+00:00","dateModified":"2025-11-26T16:20:17+00:00","mainEntityOfPage":{"@id":"https:\/\/terra-institute.eu\/it\/cop30-a-belem\/"},"wordCount":4288,"commentCount":0,"image":{"@id":"https:\/\/terra-institute.eu\/it\/cop30-a-belem\/#primaryimage"},"thumbnailUrl":"https:\/\/terra-institute.eu\/it\/wp-content\/uploads\/2025\/11\/cop30_annika-zamboni-scaled.jpg","keywords":["ECONOMIA CIRCOLARE","STRATEGIA CLIMATICA","STRATEGIA DI SOSTENIBILIT\u00e0"],"articleSection":["blog"],"inLanguage":"it-IT","potentialAction":[{"@type":"CommentAction","name":"Comment","target":["https:\/\/terra-institute.eu\/it\/cop30-a-belem\/#respond"]}]},{"@type":"WebPage","@id":"https:\/\/terra-institute.eu\/it\/cop30-a-belem\/","url":"https:\/\/terra-institute.eu\/it\/cop30-a-belem\/","name":"COP30 Bel\u00e9m: resoconto della nostra consulente Annika Zamboni","isPartOf":{"@id":"https:\/\/terra-institute.eu\/it\/#website"},"primaryImageOfPage":{"@id":"https:\/\/terra-institute.eu\/it\/cop30-a-belem\/#primaryimage"},"image":{"@id":"https:\/\/terra-institute.eu\/it\/cop30-a-belem\/#primaryimage"},"thumbnailUrl":"https:\/\/terra-institute.eu\/it\/wp-content\/uploads\/2025\/11\/cop30_annika-zamboni-scaled.jpg","datePublished":"2025-11-26T16:13:44+00:00","dateModified":"2025-11-26T16:20:17+00:00","author":{"@id":"https:\/\/terra-institute.eu\/it\/#\/schema\/person\/94b4e9b0ba2c9136492a67cfc3e95edd"},"description":"Uno sguardo alla COP30 di Bel\u00e9m: Bel\u00e9m Package, strategie aziendali, finanza climatica e insight di Annika Zamboni presente sul posto.","breadcrumb":{"@id":"https:\/\/terra-institute.eu\/it\/cop30-a-belem\/#breadcrumb"},"inLanguage":"it-IT","potentialAction":[{"@type":"ReadAction","target":["https:\/\/terra-institute.eu\/it\/cop30-a-belem\/"]}]},{"@type":"ImageObject","inLanguage":"it-IT","@id":"https:\/\/terra-institute.eu\/it\/cop30-a-belem\/#primaryimage","url":"https:\/\/terra-institute.eu\/it\/wp-content\/uploads\/2025\/11\/cop30_annika-zamboni-scaled.jpg","contentUrl":"https:\/\/terra-institute.eu\/it\/wp-content\/uploads\/2025\/11\/cop30_annika-zamboni-scaled.jpg","width":2560,"height":1706,"caption":"COP30 Annika Zamboni"},{"@type":"BreadcrumbList","@id":"https:\/\/terra-institute.eu\/it\/cop30-a-belem\/#breadcrumb","itemListElement":[{"@type":"ListItem","position":1,"name":"Home","item":"https:\/\/terra-institute.eu\/it\/"},{"@type":"ListItem","position":2,"name":"COP30 A BEL\u00c9M: TRA AMAZZONIA, GEOPOLITICA E BUSINESS SOSTENIBILE"}]},{"@type":"WebSite","@id":"https:\/\/terra-institute.eu\/it\/#website","url":"https:\/\/terra-institute.eu\/it\/","name":"Terra Institute","description":"Empowering Responsible Growth","potentialAction":[{"@type":"SearchAction","target":{"@type":"EntryPoint","urlTemplate":"https:\/\/terra-institute.eu\/it\/?s={search_term_string}"},"query-input":{"@type":"PropertyValueSpecification","valueRequired":true,"valueName":"search_term_string"}}],"inLanguage":"it-IT"},{"@type":"Person","@id":"https:\/\/terra-institute.eu\/it\/#\/schema\/person\/94b4e9b0ba2c9136492a67cfc3e95edd","name":"STauber","image":{"@type":"ImageObject","inLanguage":"it-IT","@id":"https:\/\/terra-institute.eu\/it\/#\/schema\/person\/image\/","url":"https:\/\/secure.gravatar.com\/avatar\/7b58d476a8e3ca28ed666205e6c5ff556ab94a161aa48a4b4cf289781d6b1076?s=96&d=mm&r=g","contentUrl":"https:\/\/secure.gravatar.com\/avatar\/7b58d476a8e3ca28ed666205e6c5ff556ab94a161aa48a4b4cf289781d6b1076?s=96&d=mm&r=g","caption":"STauber"},"sameAs":["https:\/\/x.com\/STauber"],"url":"https:\/\/terra-institute.eu\/it\/author\/stauber\/"}]}},"_links":{"self":[{"href":"https:\/\/terra-institute.eu\/it\/wp-json\/wp\/v2\/posts\/255061","targetHints":{"allow":["GET"]}}],"collection":[{"href":"https:\/\/terra-institute.eu\/it\/wp-json\/wp\/v2\/posts"}],"about":[{"href":"https:\/\/terra-institute.eu\/it\/wp-json\/wp\/v2\/types\/post"}],"author":[{"embeddable":true,"href":"https:\/\/terra-institute.eu\/it\/wp-json\/wp\/v2\/users\/5"}],"replies":[{"embeddable":true,"href":"https:\/\/terra-institute.eu\/it\/wp-json\/wp\/v2\/comments?post=255061"}],"version-history":[{"count":6,"href":"https:\/\/terra-institute.eu\/it\/wp-json\/wp\/v2\/posts\/255061\/revisions"}],"predecessor-version":[{"id":255072,"href":"https:\/\/terra-institute.eu\/it\/wp-json\/wp\/v2\/posts\/255061\/revisions\/255072"}],"wp:featuredmedia":[{"embeddable":true,"href":"https:\/\/terra-institute.eu\/it\/wp-json\/wp\/v2\/media\/255063"}],"wp:attachment":[{"href":"https:\/\/terra-institute.eu\/it\/wp-json\/wp\/v2\/media?parent=255061"}],"wp:term":[{"taxonomy":"category","embeddable":true,"href":"https:\/\/terra-institute.eu\/it\/wp-json\/wp\/v2\/categories?post=255061"},{"taxonomy":"post_tag","embeddable":true,"href":"https:\/\/terra-institute.eu\/it\/wp-json\/wp\/v2\/tags?post=255061"}],"curies":[{"name":"wp","href":"https:\/\/api.w.org\/{rel}","templated":true}]}}