{"id":254690,"date":"2025-10-06T13:42:04","date_gmt":"2025-10-06T11:42:04","guid":{"rendered":"https:\/\/terra-institute.eu\/it\/?p=254690"},"modified":"2025-10-06T13:42:19","modified_gmt":"2025-10-06T11:42:19","slug":"nuove-prospettive-per-la-leadership-moderna","status":"publish","type":"post","link":"https:\/\/terra-institute.eu\/it\/nuove-prospettive-per-la-leadership-moderna\/","title":{"rendered":"Nuove prospettive per la leadership moderna"},"content":{"rendered":"\n[et_pb_section fb_built=&#8221;1&#8243; _builder_version=&#8221;4.27.4&#8243; _module_preset=&#8221;default&#8221; custom_margin=&#8221;0px||||false|false&#8221; custom_padding=&#8221;0px||||false|false&#8221; global_colors_info=&#8221;{}&#8221; theme_builder_area=&#8221;et_body_layout&#8221;][et_pb_row _builder_version=&#8221;4.27.4&#8243; _module_preset=&#8221;default&#8221; custom_padding=&#8221;||4px|||&#8221; border_color_bottom=&#8221;#cecece&#8221; global_colors_info=&#8221;{}&#8221; theme_builder_area=&#8221;et_body_layout&#8221;][et_pb_column type=&#8221;4_4&#8243; _builder_version=&#8221;4.22.1&#8243; _module_preset=&#8221;default&#8221; global_colors_info=&#8221;{}&#8221; theme_builder_area=&#8221;et_body_layout&#8221;][et_pb_text ol_item_indent=&#8221;-1051px&#8221; _builder_version=&#8221;4.27.4&#8243; _module_preset=&#8221;default&#8221; text_font_size=&#8221;19px&#8221; hover_enabled=&#8221;0&#8243; global_colors_info=&#8221;{}&#8221; theme_builder_area=&#8221;et_body_layout&#8221; sticky_enabled=&#8221;0&#8243;]<h2>Social &amp; Emotional Learning e gli Inner Development Goals<\/h2>\n<p data-start=\"5822\" data-end=\"6184\">Intelligenza emotiva, resilienza e autogestione sono competenze chiave per il futuro nel mondo del lavoro moderno. Il training &#8220;Social &amp; Emotional Learning&#8221; del Terra Institute insegna in modo pratico come rafforzare e applicare competenze personali e sociali nella vita lavorativa quotidiana, generando valore per leader, dipendenti e l\u2019intera organizzazione.<\/p>\n<p data-start=\"6186\" data-end=\"6503\">In un contesto lavorativo sempre pi\u00f9 dinamico e complesso, le competenze sociali ed emotive stanno acquisendo grande rilevanza. Oltre alla competenza tecnica, abilit\u00e0 come autogestione, empatia e resilienza sono fondamentali per una collaborazione efficace, una leadership sostenibile e la gestione del cambiamento.<\/p>\n<p data-start=\"6505\" data-end=\"6702\">Il Terra Institute da anni si occupa di questi temi futuri, offrendo format formativi in cui le competenze non sono solo trasmesse teoricamente, ma soprattutto vissute, sperimentate e riflettute.<\/p>\n<p data-start=\"6704\" data-end=\"7153\">Gli Inner Development Goals (IDGs) offrono un quadro per lo sviluppo personale, sociale e collettivo. Supportano le persone nello sviluppare le competenze interiori necessarie per contribuire attivamente a un futuro sostenibile\u2014come autoconsapevolezza, pensiero critico, empatia, comunicazione, coraggio e orientamento agli obiettivi. Gli IDGs offrono indicazioni concrete per maturit\u00e0 personale, azione basata sui valori e leadership sostenibile.<\/p>\n<p data-start=\"7155\" data-end=\"7644\">Per sviluppare queste competenze, il Terra Institute utilizza l\u2019approccio Social and Emotional Learning (SEL). SEL descrive processi di apprendimento in cui le persone imparano a relazionarsi con se stesse e con gli altri in modo consapevole, empatico e responsabile. Rafforza competenze chiave come consapevolezza di s\u00e9, autoregolazione, capacit\u00e0 relazionale, presa di decisione e compassione, fondamentali per il benessere individuale e la collaborazione efficace nelle organizzazioni.<\/p>\n<p data-start=\"7646\" data-end=\"7957\">Gli IDGs mirano a colmare il divario tra capacit\u00e0 di apprendimento organizzativo e requisiti degli Obiettivi di Sviluppo Sostenibile (SDGs). Forniscono un quadro per sviluppare le competenze interiori necessarie a guidare la trasformazione sostenibile nelle organizzazioni e sostenere l\u2019attuazione degli SDGs.<\/p>\n<p data-start=\"7959\" data-end=\"8625\">Un esempio recente: dal 1 al 5 settembre 2025, l\u2019ufficio Terra di Innsbruck \u00e8 diventato uno spazio di apprendimento dinamico per queste competenze future. Sotto la guida di Julia Wlasak, Hanna Thaller e Arno Van Droogenbroeck, il team del Terra Institute Austria ha organizzato un corso di cinque giorni per leader e professionisti del Labor Market Service di Katowice (Polonia) sulle metodologie innovative del SEL. Basato sugli IDGs, il corso ha combinato apprendimento esperienziale, riflessione e scambio. I temi trattati includevano intelligenza emotiva, mindfulness e gestione delle relazioni\u2014integrati in un approccio olistico che ispira, motiva e connette.<\/p>\n<p data-start=\"8627\" data-end=\"9362\">Le attivit\u00e0 comprendevano passeggiate consapevoli in citt\u00e0, sessioni intensive di riflessione, scambi con organizzazioni partner ed esperienze nella natura. I partecipanti hanno esplorato gli IDGs, praticato tecniche di autoregolazione, riflettuto sul comportamento di leadership e sviluppato idee concrete da trasferire nel proprio contesto lavorativo. Temi come intelligenza emotiva, gestione sostenibile delle relazioni, didattica partecipativa e leadership responsabile non sono stati solo spiegati, ma vissuti direttamente. Incontri con iniziative sociali e momenti di ispirazione nella natura hanno completato il programma, mostrando che le competenze future emergono dove le persone si aprono, sperimentano e imparano insieme.<\/p>\n<p data-start=\"9364\" data-end=\"9511\">Il feedback dei partecipanti ha evidenziato un impatto duraturo\u2014tramite metodi interattivi, esercizi in natura o riflessioni condivise nel parco.<\/p>\n<p data-start=\"9513\" data-end=\"9710\"><em data-start=\"9513\" data-end=\"9693\">&#8220;Stando in montagna, ti rendi conto: sei solo un essere umano\u2014piccolo, transitorio e parte di qualcosa di molto pi\u00f9 grande. Queste cime ci saranno ancora tra cento anni. Noi no.&#8221;<\/em> \u2013 Partecipante<\/p>[\/et_pb_text][et_pb_text ol_item_indent=&#8221;-1051px&#8221; _builder_version=&#8221;4.27.4&#8243; _module_preset=&#8221;default&#8221; text_font_size=&#8221;19px&#8221; hover_enabled=&#8221;0&#8243; global_colors_info=&#8221;{}&#8221; theme_builder_area=&#8221;et_body_layout&#8221; sticky_enabled=&#8221;0&#8243;]<h3>Il futuro richiede forza interiore<\/h3>\n<p data-start=\"2082\" data-end=\"2447\">Il nostro mondo cambia rapidamente. Che si tratti della crisi climatica, delle tensioni sociali o della costante connettivit\u00e0 e sovraccarico di informazioni, le sfide sono complesse e cariche di emozioni. \u00c8 quindi ancora pi\u00f9 importante dotare chi lavora nell\u2019istruzione e nella leadership di competenze che favoriscano connessione, resilienza e capacit\u00e0 di agire.<\/p>\n<p data-start=\"2449\" data-end=\"2533\">La forza interiore non \u00e8 una \u201csoft skill\u201d, ma una competenza chiave per il futuro.<\/p>\n<p data-start=\"2535\" data-end=\"2708\">Una frase \u00e8 stata ripetuta molto spesso: <em data-start=\"2576\" data-end=\"2647\">\u00abNon porto solo metodi con me, ma soprattutto un nuovo atteggiamento\u00bb<\/em>\u2014ed \u00e8 proprio questo che riassume l\u2019obiettivo del training.<\/p>[\/et_pb_text][et_pb_testimonial author=&#8221;\u0141ukasz Malinowski&#8221; _builder_version=&#8221;4.27.4&#8243; _module_preset=&#8221;default&#8221; theme_builder_area=&#8221;et_body_layout&#8221; job_title=&#8221;Project Manager&#8221; company_name=&#8221;Regional Labour Office, Katowice (Polonia)&#8221; hover_enabled=&#8221;0&#8243; sticky_enabled=&#8221;0&#8243;]<p>Tutti i partecipanti sono ancora molto colpiti. Le montagne del Tirolo sono fantastiche, l\u2019intero corso \u00e8 stato valutato positivamente da tutti e io personalmente l\u2019ho apprezzato molto\u2014anche se sono pi\u00f9 un tipo tecnico.<\/p>[\/et_pb_testimonial][et_pb_text ol_item_indent=&#8221;-1051px&#8221; _builder_version=&#8221;4.27.4&#8243; _module_preset=&#8221;default&#8221; text_font_size=&#8221;19px&#8221; hover_enabled=&#8221;0&#8243; global_colors_info=&#8221;{}&#8221; theme_builder_area=&#8221;et_body_layout&#8221; sticky_enabled=&#8221;0&#8243;]<p data-start=\"3016\" data-end=\"3402\">Il Terra Institute fa parte della rete globale RCE (Regional Centres of Expertise) per l\u2019Educazione allo Sviluppo Sostenibile, iniziata dall\u2019Universit\u00e0 delle Nazioni Unite. In quanto RCE riconosciuto, ci impegniamo ad attivamente contribuire allo sviluppo sostenibile attraverso format educativi innovativi, networking e processi di apprendimento trasformativo, nella regione e oltre.<\/p>\n<h3 data-start=\"3404\" data-end=\"3746\">Curioso?<\/h3>\n<p data-start=\"3404\" data-end=\"3746\">Proprio nei tempi di cambiamento, leadership, intelligenza emotiva e chiarezza interiore sono fondamentali. Il training di Social and Emotional Learning (SEL) del Terra Institute supporta i leader ad agire con maggiore consapevolezza, costruire relazioni efficaci e guidare i processi di cambiamento con empatia e resilienza.<\/p>\n<p data-start=\"3748\" data-end=\"3915\"><em data-start=\"3748\" data-end=\"3913\">&#8220;Le organizzazioni diventano pronte per il futuro quando le persone rafforzano le proprie capacit\u00e0 interiori e sviluppano responsabilit\u00e0 e volont\u00e0 di cambiamento.&#8221;<\/em><\/p>\n<p data-start=\"3917\" data-end=\"4101\">\ud83d\udc49 Se vuoi rafforzare le competenze del futuro nella tua organizzazione con i nostri format, contattaci! Offriamo il training come workshop modulari su misura o come format in-house.<\/p>[\/et_pb_text][\/et_pb_column][\/et_pb_row][et_pb_row column_structure=&#8221;2_5,3_5&#8243; _builder_version=&#8221;4.27.4&#8243; _module_preset=&#8221;default&#8221; custom_margin=&#8221;|auto|-32px|auto||&#8221; custom_padding=&#8221;||0px|||&#8221; global_colors_info=&#8221;{}&#8221; theme_builder_area=&#8221;et_body_layout&#8221;][et_pb_column type=&#8221;2_5&#8243; _builder_version=&#8221;4.27.4&#8243; _module_preset=&#8221;default&#8221; global_colors_info=&#8221;{}&#8221; theme_builder_area=&#8221;et_body_layout&#8221;][et_pb_text ol_item_indent=&#8221;-1051px&#8221; _builder_version=&#8221;4.27.4&#8243; _module_preset=&#8221;default&#8221; text_font_size=&#8221;19px&#8221; custom_padding=&#8221;||3px|||&#8221; global_colors_info=&#8221;{}&#8221; theme_builder_area=&#8221;et_body_layout&#8221;]<h3>Autrice<\/h3>[\/et_pb_text][\/et_pb_column][et_pb_column type=&#8221;3_5&#8243; _builder_version=&#8221;4.27.4&#8243; _module_preset=&#8221;default&#8221; global_colors_info=&#8221;{}&#8221; theme_builder_area=&#8221;et_body_layout&#8221;][\/et_pb_column][\/et_pb_row][et_pb_row column_structure=&#8221;2_5,3_5&#8243; _builder_version=&#8221;4.27.4&#8243; _module_preset=&#8221;default&#8221; custom_margin=&#8221;||||false|false&#8221; custom_padding=&#8221;||||false|false&#8221; global_colors_info=&#8221;{}&#8221; theme_builder_area=&#8221;et_body_layout&#8221;][et_pb_column type=&#8221;2_5&#8243; _builder_version=&#8221;4.27.4&#8243; _module_preset=&#8221;default&#8221; global_colors_info=&#8221;{}&#8221; theme_builder_area=&#8221;et_body_layout&#8221;][et_pb_image src=&#8221;https:\/\/terra-institute.eu\/it\/wp-content\/uploads\/2025\/05\/Julia-Wlasak.jpg&#8221; alt=&#8221;Elena Rangoni Gargano&#8221; title_text=&#8221;Julia-Wlasak&#8221; _builder_version=&#8221;4.27.4&#8243; _module_preset=&#8221;default&#8221; hover_enabled=&#8221;0&#8243; global_colors_info=&#8221;{}&#8221; theme_builder_area=&#8221;et_body_layout&#8221; sticky_enabled=&#8221;0&#8243;][\/et_pb_image][\/et_pb_column][et_pb_column type=&#8221;3_5&#8243; _builder_version=&#8221;4.27.4&#8243; _module_preset=&#8221;default&#8221; global_colors_info=&#8221;{}&#8221; theme_builder_area=&#8221;et_body_layout&#8221;][et_pb_text ol_item_indent=&#8221;-1051px&#8221; _builder_version=&#8221;4.27.4&#8243; _module_preset=&#8221;default&#8221; text_font_size=&#8221;19px&#8221; header_3_text_color=&#8221;#000000&#8243; header_3_font_size=&#8221;26px&#8221; hover_enabled=&#8221;0&#8243; global_colors_info=&#8221;{}&#8221; theme_builder_area=&#8221;et_body_layout&#8221; sticky_enabled=&#8221;0&#8243;]<h3 data-ccp-props=\"{&quot;335551550&quot;:1,&quot;335551620&quot;:1,&quot;335559683&quot;:0,&quot;335559685&quot;:0,&quot;335559731&quot;:0,&quot;335559737&quot;:0,&quot;335562764&quot;:2,&quot;335562765&quot;:1,&quot;335562766&quot;:4,&quot;335562767&quot;:0,&quot;335562768&quot;:4,&quot;335562769&quot;:0}\"><span data-usefontface=\"true\" data-contrast=\"none\">Julia Wlasak<\/span><\/h3>\n<p data-start=\"543\" data-end=\"623\">Master in Global Studies &amp; MBA in Sustainability Management<\/p>\n<p data-start=\"625\" data-end=\"869\">Julia vanta una lunga esperienza nella sostenibilit\u00e0 presso universit\u00e0 (con particolare focus sull\u2019Educazione allo Sviluppo Sostenibile) e aziende (strategie di sostenibilit\u00e0, clima ed educazione). \u00c8 docente presso l\u2019Universit\u00e0 di Salisburgo.<\/p>\n<p data-start=\"871\" data-end=\"965\">Domande? Scrivi a <a data-start=\"889\" data-end=\"916\" class=\"decorated-link cursor-pointer\" rel=\"noopener\">j.wlasak@terra-institute.eu<\/a><\/p>[\/et_pb_text][\/et_pb_column][\/et_pb_row][\/et_pb_section]\n","protected":false},"excerpt":{"rendered":"<p>Social &amp; Emotional Learning e gli Inner Development Goals Intelligenza emotiva, resilienza e autogestione sono competenze chiave per il futuro nel mondo del lavoro moderno. Il training &#8220;Social &amp; Emotional Learning&#8221; del Terra Institute insegna in modo pratico come rafforzare e applicare competenze personali e sociali nella vita lavorativa quotidiana, generando valore per leader, dipendenti [&hellip;]<\/p>\n","protected":false},"author":5,"featured_media":254699,"comment_status":"open","ping_status":"open","sticky":false,"template":"","format":"standard","meta":{"_et_pb_use_builder":"on","_et_pb_old_content":"","_et_gb_content_width":"","footnotes":""},"categories":[34],"tags":[47],"class_list":["post-254690","post","type-post","status-publish","format-standard","has-post-thumbnail","hentry","category-blog","tag-leadership-e-cultura"],"yoast_head":"<!-- This site is optimized with the Yoast SEO plugin v26.9 - https:\/\/yoast.com\/product\/yoast-seo-wordpress\/ -->\n<title>Nuove prospettive per la leadership moderna - Terra Institute<\/title>\n<meta name=\"description\" content=\"Rivoluziona la leadership: Social &amp; Emotional Learning potenzia intelligenza emotiva, resilienza e autogestione nelle organizzazioni sostenibili.\" \/>\n<meta name=\"robots\" content=\"index, follow, max-snippet:-1, max-image-preview:large, max-video-preview:-1\" \/>\n<link rel=\"canonical\" href=\"https:\/\/terra-institute.eu\/it\/nuove-prospettive-per-la-leadership-moderna\/\" \/>\n<meta property=\"og:locale\" content=\"it_IT\" \/>\n<meta property=\"og:type\" content=\"article\" \/>\n<meta property=\"og:title\" content=\"Nuove prospettive per la leadership moderna - Terra Institute\" \/>\n<meta property=\"og:description\" content=\"Rivoluziona la leadership: Social &amp; Emotional Learning potenzia intelligenza emotiva, resilienza e autogestione nelle organizzazioni sostenibili.\" \/>\n<meta property=\"og:url\" content=\"https:\/\/terra-institute.eu\/it\/nuove-prospettive-per-la-leadership-moderna\/\" \/>\n<meta property=\"og:site_name\" content=\"Terra Institute\" \/>\n<meta property=\"article:publisher\" content=\"https:\/\/www.facebook.com\/TerraInstitute\" \/>\n<meta property=\"article:published_time\" content=\"2025-10-06T11:42:04+00:00\" \/>\n<meta property=\"article:modified_time\" content=\"2025-10-06T11:42:19+00:00\" \/>\n<meta property=\"og:image\" content=\"https:\/\/terra-institute.eu\/it\/wp-content\/uploads\/2025\/10\/Nuove-prospettive-per-la-leadership-moderna_wald-perspektive-von-oben_george-c.jpg\" \/>\n\t<meta property=\"og:image:width\" content=\"2500\" \/>\n\t<meta property=\"og:image:height\" content=\"1667\" \/>\n\t<meta property=\"og:image:type\" content=\"image\/jpeg\" \/>\n<meta name=\"author\" content=\"STauber\" \/>\n<meta name=\"twitter:card\" content=\"summary_large_image\" \/>\n<meta name=\"twitter:creator\" content=\"@STauber\" \/>\n<meta name=\"twitter:site\" content=\"@terra_institute\" \/>\n<meta name=\"twitter:label1\" content=\"Scritto da\" \/>\n\t<meta name=\"twitter:data1\" content=\"STauber\" \/>\n\t<meta name=\"twitter:label2\" content=\"Tempo di lettura stimato\" \/>\n\t<meta name=\"twitter:data2\" content=\"6 minuti\" \/>\n<script type=\"application\/ld+json\" class=\"yoast-schema-graph\">{\"@context\":\"https:\/\/schema.org\",\"@graph\":[{\"@type\":\"Article\",\"@id\":\"https:\/\/terra-institute.eu\/it\/nuove-prospettive-per-la-leadership-moderna\/#article\",\"isPartOf\":{\"@id\":\"https:\/\/terra-institute.eu\/it\/nuove-prospettive-per-la-leadership-moderna\/\"},\"author\":{\"name\":\"STauber\",\"@id\":\"https:\/\/terra-institute.eu\/it\/#\/schema\/person\/94b4e9b0ba2c9136492a67cfc3e95edd\"},\"headline\":\"Nuove prospettive per la leadership moderna\",\"datePublished\":\"2025-10-06T11:42:04+00:00\",\"dateModified\":\"2025-10-06T11:42:19+00:00\",\"mainEntityOfPage\":{\"@id\":\"https:\/\/terra-institute.eu\/it\/nuove-prospettive-per-la-leadership-moderna\/\"},\"wordCount\":1341,\"commentCount\":0,\"image\":{\"@id\":\"https:\/\/terra-institute.eu\/it\/nuove-prospettive-per-la-leadership-moderna\/#primaryimage\"},\"thumbnailUrl\":\"https:\/\/terra-institute.eu\/it\/wp-content\/uploads\/2025\/10\/Nuove-prospettive-per-la-leadership-moderna_wald-perspektive-von-oben_george-c.jpg\",\"keywords\":[\"LEADERSHIP E CULTURA\"],\"articleSection\":[\"blog\"],\"inLanguage\":\"it-IT\",\"potentialAction\":[{\"@type\":\"CommentAction\",\"name\":\"Comment\",\"target\":[\"https:\/\/terra-institute.eu\/it\/nuove-prospettive-per-la-leadership-moderna\/#respond\"]}]},{\"@type\":\"WebPage\",\"@id\":\"https:\/\/terra-institute.eu\/it\/nuove-prospettive-per-la-leadership-moderna\/\",\"url\":\"https:\/\/terra-institute.eu\/it\/nuove-prospettive-per-la-leadership-moderna\/\",\"name\":\"Nuove prospettive per la leadership moderna - Terra Institute\",\"isPartOf\":{\"@id\":\"https:\/\/terra-institute.eu\/it\/#website\"},\"primaryImageOfPage\":{\"@id\":\"https:\/\/terra-institute.eu\/it\/nuove-prospettive-per-la-leadership-moderna\/#primaryimage\"},\"image\":{\"@id\":\"https:\/\/terra-institute.eu\/it\/nuove-prospettive-per-la-leadership-moderna\/#primaryimage\"},\"thumbnailUrl\":\"https:\/\/terra-institute.eu\/it\/wp-content\/uploads\/2025\/10\/Nuove-prospettive-per-la-leadership-moderna_wald-perspektive-von-oben_george-c.jpg\",\"datePublished\":\"2025-10-06T11:42:04+00:00\",\"dateModified\":\"2025-10-06T11:42:19+00:00\",\"author\":{\"@id\":\"https:\/\/terra-institute.eu\/it\/#\/schema\/person\/94b4e9b0ba2c9136492a67cfc3e95edd\"},\"description\":\"Rivoluziona la leadership: Social & Emotional Learning potenzia intelligenza emotiva, resilienza e autogestione nelle organizzazioni sostenibili.\",\"breadcrumb\":{\"@id\":\"https:\/\/terra-institute.eu\/it\/nuove-prospettive-per-la-leadership-moderna\/#breadcrumb\"},\"inLanguage\":\"it-IT\",\"potentialAction\":[{\"@type\":\"ReadAction\",\"target\":[\"https:\/\/terra-institute.eu\/it\/nuove-prospettive-per-la-leadership-moderna\/\"]}]},{\"@type\":\"ImageObject\",\"inLanguage\":\"it-IT\",\"@id\":\"https:\/\/terra-institute.eu\/it\/nuove-prospettive-per-la-leadership-moderna\/#primaryimage\",\"url\":\"https:\/\/terra-institute.eu\/it\/wp-content\/uploads\/2025\/10\/Nuove-prospettive-per-la-leadership-moderna_wald-perspektive-von-oben_george-c.jpg\",\"contentUrl\":\"https:\/\/terra-institute.eu\/it\/wp-content\/uploads\/2025\/10\/Nuove-prospettive-per-la-leadership-moderna_wald-perspektive-von-oben_george-c.jpg\",\"width\":2500,\"height\":1667},{\"@type\":\"BreadcrumbList\",\"@id\":\"https:\/\/terra-institute.eu\/it\/nuove-prospettive-per-la-leadership-moderna\/#breadcrumb\",\"itemListElement\":[{\"@type\":\"ListItem\",\"position\":1,\"name\":\"Home\",\"item\":\"https:\/\/terra-institute.eu\/it\/\"},{\"@type\":\"ListItem\",\"position\":2,\"name\":\"Nuove prospettive per la leadership moderna\"}]},{\"@type\":\"WebSite\",\"@id\":\"https:\/\/terra-institute.eu\/it\/#website\",\"url\":\"https:\/\/terra-institute.eu\/it\/\",\"name\":\"Terra Institute\",\"description\":\"Empowering Responsible Growth\",\"potentialAction\":[{\"@type\":\"SearchAction\",\"target\":{\"@type\":\"EntryPoint\",\"urlTemplate\":\"https:\/\/terra-institute.eu\/it\/?s={search_term_string}\"},\"query-input\":{\"@type\":\"PropertyValueSpecification\",\"valueRequired\":true,\"valueName\":\"search_term_string\"}}],\"inLanguage\":\"it-IT\"},{\"@type\":\"Person\",\"@id\":\"https:\/\/terra-institute.eu\/it\/#\/schema\/person\/94b4e9b0ba2c9136492a67cfc3e95edd\",\"name\":\"STauber\",\"image\":{\"@type\":\"ImageObject\",\"inLanguage\":\"it-IT\",\"@id\":\"https:\/\/terra-institute.eu\/it\/#\/schema\/person\/image\/\",\"url\":\"https:\/\/secure.gravatar.com\/avatar\/7b58d476a8e3ca28ed666205e6c5ff556ab94a161aa48a4b4cf289781d6b1076?s=96&d=mm&r=g\",\"contentUrl\":\"https:\/\/secure.gravatar.com\/avatar\/7b58d476a8e3ca28ed666205e6c5ff556ab94a161aa48a4b4cf289781d6b1076?s=96&d=mm&r=g\",\"caption\":\"STauber\"},\"sameAs\":[\"https:\/\/x.com\/STauber\"],\"url\":\"https:\/\/terra-institute.eu\/it\/author\/stauber\/\"}]}<\/script>\n<!-- \/ Yoast SEO plugin. -->","yoast_head_json":{"title":"Nuove prospettive per la leadership moderna - Terra Institute","description":"Rivoluziona la leadership: Social & Emotional Learning potenzia intelligenza emotiva, resilienza e autogestione nelle organizzazioni sostenibili.","robots":{"index":"index","follow":"follow","max-snippet":"max-snippet:-1","max-image-preview":"max-image-preview:large","max-video-preview":"max-video-preview:-1"},"canonical":"https:\/\/terra-institute.eu\/it\/nuove-prospettive-per-la-leadership-moderna\/","og_locale":"it_IT","og_type":"article","og_title":"Nuove prospettive per la leadership moderna - Terra Institute","og_description":"Rivoluziona la leadership: Social & Emotional Learning potenzia intelligenza emotiva, resilienza e autogestione nelle organizzazioni sostenibili.","og_url":"https:\/\/terra-institute.eu\/it\/nuove-prospettive-per-la-leadership-moderna\/","og_site_name":"Terra Institute","article_publisher":"https:\/\/www.facebook.com\/TerraInstitute","article_published_time":"2025-10-06T11:42:04+00:00","article_modified_time":"2025-10-06T11:42:19+00:00","og_image":[{"width":2500,"height":1667,"url":"https:\/\/terra-institute.eu\/it\/wp-content\/uploads\/2025\/10\/Nuove-prospettive-per-la-leadership-moderna_wald-perspektive-von-oben_george-c.jpg","type":"image\/jpeg"}],"author":"STauber","twitter_card":"summary_large_image","twitter_creator":"@STauber","twitter_site":"@terra_institute","twitter_misc":{"Scritto da":"STauber","Tempo di lettura stimato":"6 minuti"},"schema":{"@context":"https:\/\/schema.org","@graph":[{"@type":"Article","@id":"https:\/\/terra-institute.eu\/it\/nuove-prospettive-per-la-leadership-moderna\/#article","isPartOf":{"@id":"https:\/\/terra-institute.eu\/it\/nuove-prospettive-per-la-leadership-moderna\/"},"author":{"name":"STauber","@id":"https:\/\/terra-institute.eu\/it\/#\/schema\/person\/94b4e9b0ba2c9136492a67cfc3e95edd"},"headline":"Nuove prospettive per la leadership moderna","datePublished":"2025-10-06T11:42:04+00:00","dateModified":"2025-10-06T11:42:19+00:00","mainEntityOfPage":{"@id":"https:\/\/terra-institute.eu\/it\/nuove-prospettive-per-la-leadership-moderna\/"},"wordCount":1341,"commentCount":0,"image":{"@id":"https:\/\/terra-institute.eu\/it\/nuove-prospettive-per-la-leadership-moderna\/#primaryimage"},"thumbnailUrl":"https:\/\/terra-institute.eu\/it\/wp-content\/uploads\/2025\/10\/Nuove-prospettive-per-la-leadership-moderna_wald-perspektive-von-oben_george-c.jpg","keywords":["LEADERSHIP E CULTURA"],"articleSection":["blog"],"inLanguage":"it-IT","potentialAction":[{"@type":"CommentAction","name":"Comment","target":["https:\/\/terra-institute.eu\/it\/nuove-prospettive-per-la-leadership-moderna\/#respond"]}]},{"@type":"WebPage","@id":"https:\/\/terra-institute.eu\/it\/nuove-prospettive-per-la-leadership-moderna\/","url":"https:\/\/terra-institute.eu\/it\/nuove-prospettive-per-la-leadership-moderna\/","name":"Nuove prospettive per la leadership moderna - Terra Institute","isPartOf":{"@id":"https:\/\/terra-institute.eu\/it\/#website"},"primaryImageOfPage":{"@id":"https:\/\/terra-institute.eu\/it\/nuove-prospettive-per-la-leadership-moderna\/#primaryimage"},"image":{"@id":"https:\/\/terra-institute.eu\/it\/nuove-prospettive-per-la-leadership-moderna\/#primaryimage"},"thumbnailUrl":"https:\/\/terra-institute.eu\/it\/wp-content\/uploads\/2025\/10\/Nuove-prospettive-per-la-leadership-moderna_wald-perspektive-von-oben_george-c.jpg","datePublished":"2025-10-06T11:42:04+00:00","dateModified":"2025-10-06T11:42:19+00:00","author":{"@id":"https:\/\/terra-institute.eu\/it\/#\/schema\/person\/94b4e9b0ba2c9136492a67cfc3e95edd"},"description":"Rivoluziona la leadership: Social & Emotional Learning potenzia intelligenza emotiva, resilienza e autogestione nelle organizzazioni sostenibili.","breadcrumb":{"@id":"https:\/\/terra-institute.eu\/it\/nuove-prospettive-per-la-leadership-moderna\/#breadcrumb"},"inLanguage":"it-IT","potentialAction":[{"@type":"ReadAction","target":["https:\/\/terra-institute.eu\/it\/nuove-prospettive-per-la-leadership-moderna\/"]}]},{"@type":"ImageObject","inLanguage":"it-IT","@id":"https:\/\/terra-institute.eu\/it\/nuove-prospettive-per-la-leadership-moderna\/#primaryimage","url":"https:\/\/terra-institute.eu\/it\/wp-content\/uploads\/2025\/10\/Nuove-prospettive-per-la-leadership-moderna_wald-perspektive-von-oben_george-c.jpg","contentUrl":"https:\/\/terra-institute.eu\/it\/wp-content\/uploads\/2025\/10\/Nuove-prospettive-per-la-leadership-moderna_wald-perspektive-von-oben_george-c.jpg","width":2500,"height":1667},{"@type":"BreadcrumbList","@id":"https:\/\/terra-institute.eu\/it\/nuove-prospettive-per-la-leadership-moderna\/#breadcrumb","itemListElement":[{"@type":"ListItem","position":1,"name":"Home","item":"https:\/\/terra-institute.eu\/it\/"},{"@type":"ListItem","position":2,"name":"Nuove prospettive per la leadership moderna"}]},{"@type":"WebSite","@id":"https:\/\/terra-institute.eu\/it\/#website","url":"https:\/\/terra-institute.eu\/it\/","name":"Terra Institute","description":"Empowering Responsible Growth","potentialAction":[{"@type":"SearchAction","target":{"@type":"EntryPoint","urlTemplate":"https:\/\/terra-institute.eu\/it\/?s={search_term_string}"},"query-input":{"@type":"PropertyValueSpecification","valueRequired":true,"valueName":"search_term_string"}}],"inLanguage":"it-IT"},{"@type":"Person","@id":"https:\/\/terra-institute.eu\/it\/#\/schema\/person\/94b4e9b0ba2c9136492a67cfc3e95edd","name":"STauber","image":{"@type":"ImageObject","inLanguage":"it-IT","@id":"https:\/\/terra-institute.eu\/it\/#\/schema\/person\/image\/","url":"https:\/\/secure.gravatar.com\/avatar\/7b58d476a8e3ca28ed666205e6c5ff556ab94a161aa48a4b4cf289781d6b1076?s=96&d=mm&r=g","contentUrl":"https:\/\/secure.gravatar.com\/avatar\/7b58d476a8e3ca28ed666205e6c5ff556ab94a161aa48a4b4cf289781d6b1076?s=96&d=mm&r=g","caption":"STauber"},"sameAs":["https:\/\/x.com\/STauber"],"url":"https:\/\/terra-institute.eu\/it\/author\/stauber\/"}]}},"_links":{"self":[{"href":"https:\/\/terra-institute.eu\/it\/wp-json\/wp\/v2\/posts\/254690","targetHints":{"allow":["GET"]}}],"collection":[{"href":"https:\/\/terra-institute.eu\/it\/wp-json\/wp\/v2\/posts"}],"about":[{"href":"https:\/\/terra-institute.eu\/it\/wp-json\/wp\/v2\/types\/post"}],"author":[{"embeddable":true,"href":"https:\/\/terra-institute.eu\/it\/wp-json\/wp\/v2\/users\/5"}],"replies":[{"embeddable":true,"href":"https:\/\/terra-institute.eu\/it\/wp-json\/wp\/v2\/comments?post=254690"}],"version-history":[{"count":6,"href":"https:\/\/terra-institute.eu\/it\/wp-json\/wp\/v2\/posts\/254690\/revisions"}],"predecessor-version":[{"id":254700,"href":"https:\/\/terra-institute.eu\/it\/wp-json\/wp\/v2\/posts\/254690\/revisions\/254700"}],"wp:featuredmedia":[{"embeddable":true,"href":"https:\/\/terra-institute.eu\/it\/wp-json\/wp\/v2\/media\/254699"}],"wp:attachment":[{"href":"https:\/\/terra-institute.eu\/it\/wp-json\/wp\/v2\/media?parent=254690"}],"wp:term":[{"taxonomy":"category","embeddable":true,"href":"https:\/\/terra-institute.eu\/it\/wp-json\/wp\/v2\/categories?post=254690"},{"taxonomy":"post_tag","embeddable":true,"href":"https:\/\/terra-institute.eu\/it\/wp-json\/wp\/v2\/tags?post=254690"}],"curies":[{"name":"wp","href":"https:\/\/api.w.org\/{rel}","templated":true}]}}