{"id":254659,"date":"2025-09-04T15:33:55","date_gmt":"2025-09-04T13:33:55","guid":{"rendered":"https:\/\/terra-institute.eu\/it\/?p=254659"},"modified":"2025-09-04T15:35:38","modified_gmt":"2025-09-04T13:35:38","slug":"responsiblebytes-la-tua-bussola-nella-trasformazione-digitale","status":"publish","type":"post","link":"https:\/\/terra-institute.eu\/it\/responsiblebytes-la-tua-bussola-nella-trasformazione-digitale\/","title":{"rendered":"ResponsibleBytes: la tua bussola nella trasformazione digitale"},"content":{"rendered":"\n[et_pb_section fb_built=&#8221;1&#8243; _builder_version=&#8221;4.27.4&#8243; _module_preset=&#8221;default&#8221; custom_margin=&#8221;0px||||false|false&#8221; custom_padding=&#8221;0px||||false|false&#8221; global_colors_info=&#8221;{}&#8221; theme_builder_area=&#8221;post_content&#8221;][et_pb_row _builder_version=&#8221;4.27.4&#8243; _module_preset=&#8221;default&#8221; custom_padding=&#8221;||4px|||&#8221; border_color_bottom=&#8221;#cecece&#8221; global_colors_info=&#8221;{}&#8221; theme_builder_area=&#8221;post_content&#8221;][et_pb_column type=&#8221;4_4&#8243; _builder_version=&#8221;4.22.1&#8243; _module_preset=&#8221;default&#8221; global_colors_info=&#8221;{}&#8221; theme_builder_area=&#8221;post_content&#8221;][et_pb_text ol_item_indent=&#8221;-1051px&#8221; _builder_version=&#8221;4.27.4&#8243; _module_preset=&#8221;default&#8221; text_font_size=&#8221;19px&#8221; hover_enabled=&#8221;0&#8243; global_colors_info=&#8221;{}&#8221; theme_builder_area=&#8221;post_content&#8221; sticky_enabled=&#8221;0&#8243;]<h3>Il Futuro \u00e8 DIGITALE, ma deve anche essere RESPONSABILE del suo impatto.<\/h3>\n<p>Scopri il nostro strumento di assesment ResponsibleBytes<\/p>\n<p>&nbsp;<\/p>\n<h3>Il Digitale Cresce, ma a quale prezzo?<\/h3>\n<p>La transizione energetica \u00e8 ormai un\u2019urgenza globale. Eppure, c\u2019\u00e8 un attore silenzioso ma sempre pi\u00f9 ingombrante che rischia di rallentarla: il digitale. Oggi, il 4% delle emissioni globali di gas serra \u00e8 legato alla tecnologia digitale \u2014 e cresce del +6% ogni anno.<\/p>\n<p>Server, data center, reti e dispositivi connessi stanno alimentando un\u2019impronta energetica sempre pi\u00f9 pesante. L&#8217;esplosione dell&#8217;uso dei video, il continuo ricambio dei dispositivi e le infrastrutture sovradimensionate aggravano il problema.<\/p>\n<p><strong>Il risultato?<\/strong> Una corsa all\u2019innovazione che rischia di diventare un problema per la transizione verde.<\/p>\n<p>&nbsp;<\/p>\n<h3>Serve misurare per comprendere<\/h3>\n<p>In un contesto in cui la sobriet\u00e0 digitale \u00e8 una necessit\u00e0, \u00e8 fondamentale reinventare i nostri modelli di utilizzo. Ma come fare? Il primo passo \u00e8 misurare l\u2019impatto. Solo cos\u00ec possiamo trasformare il digitale da rischio a risorsa. Ed \u00e8 qui che entra in gioco ResponsibleBytes.<\/p>[\/et_pb_text][et_pb_image src=&#8221;https:\/\/terra-institute.eu\/it\/wp-content\/uploads\/2025\/09\/ResponsibleBytes-Terra.jpg&#8221; _builder_version=&#8221;4.27.4&#8243; _module_preset=&#8221;default&#8221; theme_builder_area=&#8221;post_content&#8221; alt=&#8221;ResponsibleBytes Terra&#8221; title_text=&#8221;ResponsibleBytes Terra&#8221; hover_enabled=&#8221;0&#8243; sticky_enabled=&#8221;0&#8243;][\/et_pb_image][et_pb_text ol_item_indent=&#8221;-1051px&#8221; _builder_version=&#8221;4.27.4&#8243; _module_preset=&#8221;default&#8221; text_font_size=&#8221;19px&#8221; hover_enabled=&#8221;0&#8243; global_colors_info=&#8221;{}&#8221; theme_builder_area=&#8221;post_content&#8221; sticky_enabled=&#8221;0&#8243;]<h2>ResponsibleBytes: il tuo compasso nella Transizione Digitale<\/h2>\n<p>ResponsibleBytes \u00e8 molto pi\u00f9 di uno strumento: \u00e8 il tuo alleato strategico per costruire un&#8217;IT responsabile. Basato sul framework ESG, il sistema analizza in modo semplice e concreto il livello di maturit\u00e0 digitale della tua organizzazione, combinando dati qualitativi e quantitativi. Cosa include il pacchetto ResponsibleBytes:<\/p>\n<ul>\n<li>Assessment digitale responsabile con score e insight mirati<\/li>\n<li>Terra Academy sulla responsabilit\u00e0 del digitale + report personalizzato<\/li>\n<li>Analisi CO2 del traffico dati<\/li>\n<li>Attestato di responsabilit\u00e0 digitale con label digitale da comunicare sui siti aziendali<\/li>\n<\/ul>\n<p>Tutto in un unico strumento.<\/p>\n<p>La sostenibilit\u00e0 digitale non \u00e8 pi\u00f9 un&#8217;opzione, \u00e8 una responsabilit\u00e0.<\/p>\n<p>Contattaci oggi e inizia la tua transizione di digitale responsabile, un byte alla volta: Elena Rangoni Gargano <a href=\"mailto:e.rangoni.gargano@terra-institute.eu\">e.rangoni.gargano@terra-institute.eu<\/a> .<\/p>[\/et_pb_text][\/et_pb_column][\/et_pb_row][et_pb_row column_structure=&#8221;2_5,3_5&#8243; _builder_version=&#8221;4.27.4&#8243; _module_preset=&#8221;default&#8221; custom_margin=&#8221;|auto|-32px|auto||&#8221; custom_padding=&#8221;||0px|||&#8221; global_colors_info=&#8221;{}&#8221; theme_builder_area=&#8221;post_content&#8221;][et_pb_column type=&#8221;2_5&#8243; _builder_version=&#8221;4.27.4&#8243; _module_preset=&#8221;default&#8221; global_colors_info=&#8221;{}&#8221; theme_builder_area=&#8221;post_content&#8221;][et_pb_text ol_item_indent=&#8221;-1051px&#8221; _builder_version=&#8221;4.27.4&#8243; _module_preset=&#8221;default&#8221; text_font_size=&#8221;19px&#8221; custom_padding=&#8221;||3px|||&#8221; global_colors_info=&#8221;{}&#8221; theme_builder_area=&#8221;post_content&#8221;]<h3>Autrice<\/h3>[\/et_pb_text][\/et_pb_column][et_pb_column type=&#8221;3_5&#8243; _builder_version=&#8221;4.27.4&#8243; _module_preset=&#8221;default&#8221; global_colors_info=&#8221;{}&#8221; theme_builder_area=&#8221;post_content&#8221;][\/et_pb_column][\/et_pb_row][et_pb_row column_structure=&#8221;2_5,3_5&#8243; _builder_version=&#8221;4.27.4&#8243; _module_preset=&#8221;default&#8221; custom_margin=&#8221;||||false|false&#8221; custom_padding=&#8221;||||false|false&#8221; global_colors_info=&#8221;{}&#8221; theme_builder_area=&#8221;post_content&#8221;][et_pb_column type=&#8221;2_5&#8243; _builder_version=&#8221;4.27.4&#8243; _module_preset=&#8221;default&#8221; global_colors_info=&#8221;{}&#8221; theme_builder_area=&#8221;post_content&#8221;][et_pb_image src=&#8221;https:\/\/terra-institute.eu\/it\/wp-content\/uploads\/2023\/06\/Elena-Rangoni-Gargano.jpg&#8221; title_text=&#8221;Elena Rangoni Gargano&#8221; _builder_version=&#8221;4.27.4&#8243; _module_preset=&#8221;default&#8221; hover_enabled=&#8221;0&#8243; global_colors_info=&#8221;{}&#8221; theme_builder_area=&#8221;post_content&#8221; alt=&#8221;Elena Rangoni Gargano&#8221; sticky_enabled=&#8221;0&#8243;][\/et_pb_image][\/et_pb_column][et_pb_column type=&#8221;3_5&#8243; _builder_version=&#8221;4.27.4&#8243; _module_preset=&#8221;default&#8221; global_colors_info=&#8221;{}&#8221; theme_builder_area=&#8221;post_content&#8221;][et_pb_text ol_item_indent=&#8221;-1051px&#8221; _builder_version=&#8221;4.27.4&#8243; _module_preset=&#8221;default&#8221; text_font_size=&#8221;19px&#8221; hover_enabled=&#8221;0&#8243; global_colors_info=&#8221;{}&#8221; theme_builder_area=&#8221;post_content&#8221; header_3_font_size=&#8221;26px&#8221; header_3_text_color=&#8221;#000000&#8243; sticky_enabled=&#8221;0&#8243;]<h3 data-ccp-props=\"{&quot;335551550&quot;:1,&quot;335551620&quot;:1,&quot;335559683&quot;:0,&quot;335559685&quot;:0,&quot;335559731&quot;:0,&quot;335559737&quot;:0,&quot;335562764&quot;:2,&quot;335562765&quot;:1,&quot;335562766&quot;:4,&quot;335562767&quot;:0,&quot;335562768&quot;:4,&quot;335562769&quot;:0}\"><span data-usefontface=\"true\" data-contrast=\"none\">Elena Rangoni Gargano<\/span><\/h3>\n<p data-ccp-props=\"{&quot;335551550&quot;:1,&quot;335551620&quot;:1,&quot;335559683&quot;:0,&quot;335559685&quot;:0,&quot;335559731&quot;:0,&quot;335559737&quot;:0,&quot;335562764&quot;:2,&quot;335562765&quot;:1,&quot;335562766&quot;:4,&quot;335562767&quot;:0,&quot;335562768&quot;:4,&quot;335562769&quot;:0}\"><span data-usefontface=\"true\" data-contrast=\"none\">Con un Master in Economia e Management dei beni culturali e naturali, Elena ha sviluppato una solida esperienza\u00a0<\/span><span data-usefontface=\"true\" data-contrast=\"none\">nel campo della sostenibilit\u00e0. Ha collaborato allo sviluppo di piani di gestione per siti UNESCO, ha lavorato come\u00a0<\/span><span data-usefontface=\"true\" data-contrast=\"none\">ricercatrice presso istituti internazionali, per poi dedicarsi alla consulenza di sostenibilit\u00e0\u00a0dove supporta aziende\u00a0<\/span><span data-usefontface=\"true\" data-contrast=\"none\">e territori nella transizione verso modelli pi\u00f9 responsabili.<\/span><span>\u200b<\/span><\/p>\n<p data-ccp-props=\"{&quot;335551550&quot;:1,&quot;335551620&quot;:1,&quot;335559683&quot;:0,&quot;335559685&quot;:0,&quot;335559731&quot;:0,&quot;335559737&quot;:0,&quot;335562764&quot;:2,&quot;335562765&quot;:1,&quot;335562766&quot;:4,&quot;335562767&quot;:0,&quot;335562768&quot;:4,&quot;335562769&quot;:0}\"><span data-usefontface=\"true\" data-contrast=\"none\">Specializzata in reportistica CSRD, economia circolare, inclusivit\u00e0 ed equit\u00e0 di genere, Elena combina visione\u00a0<\/span><span data-usefontface=\"true\" data-contrast=\"none\">strategica e competenze tecniche per promuovere soluzioni che creano valore per la societ\u00e0 e per l\u2019ambiente<\/span><span data-usefontface=\"false\" data-contrast=\"none\">.<\/span><\/p>[\/et_pb_text][\/et_pb_column][\/et_pb_row][\/et_pb_section]\n","protected":false},"excerpt":{"rendered":"<p>Il Futuro \u00e8 DIGITALE, ma deve anche essere RESPONSABILE del suo impatto. Scopri il nostro strumento di assesment ResponsibleBytes &nbsp; Il Digitale Cresce, ma a quale prezzo? La transizione energetica \u00e8 ormai un\u2019urgenza globale. Eppure, c\u2019\u00e8 un attore silenzioso ma sempre pi\u00f9 ingombrante che rischia di rallentarla: il digitale. Oggi, il 4% delle emissioni globali [&hellip;]<\/p>\n","protected":false},"author":5,"featured_media":254667,"comment_status":"open","ping_status":"open","sticky":false,"template":"","format":"standard","meta":{"_et_pb_use_builder":"on","_et_pb_old_content":"","_et_gb_content_width":"","footnotes":""},"categories":[34],"tags":[50],"class_list":["post-254659","post","type-post","status-publish","format-standard","has-post-thumbnail","hentry","category-blog","tag-strategia-di-sostenibilita"],"yoast_head":"<!-- This site is optimized with the Yoast SEO plugin v26.9 - https:\/\/yoast.com\/product\/yoast-seo-wordpress\/ -->\n<title>ResponsibleBytes: la tua bussola nella trasformazione digitale<\/title>\n<meta name=\"description\" content=\"Scopri ResponsibleBytes: lo strumento per misurare e ridurre l\u2019impatto del digitale. Valuta la tua maturit\u00e0 ESG e avvia la transizione sostenibile.\" \/>\n<meta name=\"robots\" content=\"index, follow, max-snippet:-1, max-image-preview:large, max-video-preview:-1\" \/>\n<link rel=\"canonical\" href=\"https:\/\/terra-institute.eu\/it\/responsiblebytes-la-tua-bussola-nella-trasformazione-digitale\/\" \/>\n<meta property=\"og:locale\" content=\"it_IT\" \/>\n<meta property=\"og:type\" content=\"article\" \/>\n<meta property=\"og:title\" content=\"ResponsibleBytes: la tua bussola nella trasformazione digitale\" \/>\n<meta property=\"og:description\" content=\"Scopri ResponsibleBytes: lo strumento per misurare e ridurre l\u2019impatto del digitale. Valuta la tua maturit\u00e0 ESG e avvia la transizione sostenibile.\" \/>\n<meta property=\"og:url\" content=\"https:\/\/terra-institute.eu\/it\/responsiblebytes-la-tua-bussola-nella-trasformazione-digitale\/\" \/>\n<meta property=\"og:site_name\" content=\"Terra Institute\" \/>\n<meta property=\"article:publisher\" content=\"https:\/\/www.facebook.com\/TerraInstitute\" \/>\n<meta property=\"article:published_time\" content=\"2025-09-04T13:33:55+00:00\" \/>\n<meta property=\"article:modified_time\" content=\"2025-09-04T13:35:38+00:00\" \/>\n<meta property=\"og:image\" content=\"https:\/\/terra-institute.eu\/it\/wp-content\/uploads\/2025\/09\/responsiblebytes-data-sostenibilita.jpg\" \/>\n\t<meta property=\"og:image:width\" content=\"1180\" \/>\n\t<meta property=\"og:image:height\" content=\"720\" \/>\n\t<meta property=\"og:image:type\" content=\"image\/jpeg\" \/>\n<meta name=\"author\" content=\"STauber\" \/>\n<meta name=\"twitter:card\" content=\"summary_large_image\" \/>\n<meta name=\"twitter:creator\" content=\"@STauber\" \/>\n<meta name=\"twitter:site\" content=\"@terra_institute\" \/>\n<meta name=\"twitter:label1\" content=\"Scritto da\" \/>\n\t<meta name=\"twitter:data1\" content=\"STauber\" \/>\n\t<meta name=\"twitter:label2\" content=\"Tempo di lettura stimato\" \/>\n\t<meta name=\"twitter:data2\" content=\"3 minuti\" \/>\n<script type=\"application\/ld+json\" class=\"yoast-schema-graph\">{\"@context\":\"https:\/\/schema.org\",\"@graph\":[{\"@type\":\"Article\",\"@id\":\"https:\/\/terra-institute.eu\/it\/responsiblebytes-la-tua-bussola-nella-trasformazione-digitale\/#article\",\"isPartOf\":{\"@id\":\"https:\/\/terra-institute.eu\/it\/responsiblebytes-la-tua-bussola-nella-trasformazione-digitale\/\"},\"author\":{\"name\":\"STauber\",\"@id\":\"https:\/\/terra-institute.eu\/it\/#\/schema\/person\/94b4e9b0ba2c9136492a67cfc3e95edd\"},\"headline\":\"ResponsibleBytes: la tua bussola nella trasformazione digitale\",\"datePublished\":\"2025-09-04T13:33:55+00:00\",\"dateModified\":\"2025-09-04T13:35:38+00:00\",\"mainEntityOfPage\":{\"@id\":\"https:\/\/terra-institute.eu\/it\/responsiblebytes-la-tua-bussola-nella-trasformazione-digitale\/\"},\"wordCount\":810,\"commentCount\":0,\"image\":{\"@id\":\"https:\/\/terra-institute.eu\/it\/responsiblebytes-la-tua-bussola-nella-trasformazione-digitale\/#primaryimage\"},\"thumbnailUrl\":\"https:\/\/terra-institute.eu\/it\/wp-content\/uploads\/2025\/09\/responsiblebytes-data-sostenibilita.jpg\",\"keywords\":[\"STRATEGIA DI SOSTENIBILIT\u00e0\"],\"articleSection\":[\"blog\"],\"inLanguage\":\"it-IT\",\"potentialAction\":[{\"@type\":\"CommentAction\",\"name\":\"Comment\",\"target\":[\"https:\/\/terra-institute.eu\/it\/responsiblebytes-la-tua-bussola-nella-trasformazione-digitale\/#respond\"]}]},{\"@type\":\"WebPage\",\"@id\":\"https:\/\/terra-institute.eu\/it\/responsiblebytes-la-tua-bussola-nella-trasformazione-digitale\/\",\"url\":\"https:\/\/terra-institute.eu\/it\/responsiblebytes-la-tua-bussola-nella-trasformazione-digitale\/\",\"name\":\"ResponsibleBytes: la tua bussola nella trasformazione digitale\",\"isPartOf\":{\"@id\":\"https:\/\/terra-institute.eu\/it\/#website\"},\"primaryImageOfPage\":{\"@id\":\"https:\/\/terra-institute.eu\/it\/responsiblebytes-la-tua-bussola-nella-trasformazione-digitale\/#primaryimage\"},\"image\":{\"@id\":\"https:\/\/terra-institute.eu\/it\/responsiblebytes-la-tua-bussola-nella-trasformazione-digitale\/#primaryimage\"},\"thumbnailUrl\":\"https:\/\/terra-institute.eu\/it\/wp-content\/uploads\/2025\/09\/responsiblebytes-data-sostenibilita.jpg\",\"datePublished\":\"2025-09-04T13:33:55+00:00\",\"dateModified\":\"2025-09-04T13:35:38+00:00\",\"author\":{\"@id\":\"https:\/\/terra-institute.eu\/it\/#\/schema\/person\/94b4e9b0ba2c9136492a67cfc3e95edd\"},\"description\":\"Scopri ResponsibleBytes: lo strumento per misurare e ridurre l\u2019impatto del digitale. Valuta la tua maturit\u00e0 ESG e avvia la transizione sostenibile.\",\"breadcrumb\":{\"@id\":\"https:\/\/terra-institute.eu\/it\/responsiblebytes-la-tua-bussola-nella-trasformazione-digitale\/#breadcrumb\"},\"inLanguage\":\"it-IT\",\"potentialAction\":[{\"@type\":\"ReadAction\",\"target\":[\"https:\/\/terra-institute.eu\/it\/responsiblebytes-la-tua-bussola-nella-trasformazione-digitale\/\"]}]},{\"@type\":\"ImageObject\",\"inLanguage\":\"it-IT\",\"@id\":\"https:\/\/terra-institute.eu\/it\/responsiblebytes-la-tua-bussola-nella-trasformazione-digitale\/#primaryimage\",\"url\":\"https:\/\/terra-institute.eu\/it\/wp-content\/uploads\/2025\/09\/responsiblebytes-data-sostenibilita.jpg\",\"contentUrl\":\"https:\/\/terra-institute.eu\/it\/wp-content\/uploads\/2025\/09\/responsiblebytes-data-sostenibilita.jpg\",\"width\":1180,\"height\":720,\"caption\":\"responsiblebytes, data, mondo, sostenibilit\u00e0\"},{\"@type\":\"BreadcrumbList\",\"@id\":\"https:\/\/terra-institute.eu\/it\/responsiblebytes-la-tua-bussola-nella-trasformazione-digitale\/#breadcrumb\",\"itemListElement\":[{\"@type\":\"ListItem\",\"position\":1,\"name\":\"Home\",\"item\":\"https:\/\/terra-institute.eu\/it\/\"},{\"@type\":\"ListItem\",\"position\":2,\"name\":\"ResponsibleBytes: la tua bussola nella trasformazione digitale\"}]},{\"@type\":\"WebSite\",\"@id\":\"https:\/\/terra-institute.eu\/it\/#website\",\"url\":\"https:\/\/terra-institute.eu\/it\/\",\"name\":\"Terra Institute\",\"description\":\"Empowering Responsible Growth\",\"potentialAction\":[{\"@type\":\"SearchAction\",\"target\":{\"@type\":\"EntryPoint\",\"urlTemplate\":\"https:\/\/terra-institute.eu\/it\/?s={search_term_string}\"},\"query-input\":{\"@type\":\"PropertyValueSpecification\",\"valueRequired\":true,\"valueName\":\"search_term_string\"}}],\"inLanguage\":\"it-IT\"},{\"@type\":\"Person\",\"@id\":\"https:\/\/terra-institute.eu\/it\/#\/schema\/person\/94b4e9b0ba2c9136492a67cfc3e95edd\",\"name\":\"STauber\",\"image\":{\"@type\":\"ImageObject\",\"inLanguage\":\"it-IT\",\"@id\":\"https:\/\/terra-institute.eu\/it\/#\/schema\/person\/image\/\",\"url\":\"https:\/\/secure.gravatar.com\/avatar\/7b58d476a8e3ca28ed666205e6c5ff556ab94a161aa48a4b4cf289781d6b1076?s=96&d=mm&r=g\",\"contentUrl\":\"https:\/\/secure.gravatar.com\/avatar\/7b58d476a8e3ca28ed666205e6c5ff556ab94a161aa48a4b4cf289781d6b1076?s=96&d=mm&r=g\",\"caption\":\"STauber\"},\"sameAs\":[\"https:\/\/x.com\/STauber\"],\"url\":\"https:\/\/terra-institute.eu\/it\/author\/stauber\/\"}]}<\/script>\n<!-- \/ Yoast SEO plugin. -->","yoast_head_json":{"title":"ResponsibleBytes: la tua bussola nella trasformazione digitale","description":"Scopri ResponsibleBytes: lo strumento per misurare e ridurre l\u2019impatto del digitale. Valuta la tua maturit\u00e0 ESG e avvia la transizione sostenibile.","robots":{"index":"index","follow":"follow","max-snippet":"max-snippet:-1","max-image-preview":"max-image-preview:large","max-video-preview":"max-video-preview:-1"},"canonical":"https:\/\/terra-institute.eu\/it\/responsiblebytes-la-tua-bussola-nella-trasformazione-digitale\/","og_locale":"it_IT","og_type":"article","og_title":"ResponsibleBytes: la tua bussola nella trasformazione digitale","og_description":"Scopri ResponsibleBytes: lo strumento per misurare e ridurre l\u2019impatto del digitale. Valuta la tua maturit\u00e0 ESG e avvia la transizione sostenibile.","og_url":"https:\/\/terra-institute.eu\/it\/responsiblebytes-la-tua-bussola-nella-trasformazione-digitale\/","og_site_name":"Terra Institute","article_publisher":"https:\/\/www.facebook.com\/TerraInstitute","article_published_time":"2025-09-04T13:33:55+00:00","article_modified_time":"2025-09-04T13:35:38+00:00","og_image":[{"width":1180,"height":720,"url":"https:\/\/terra-institute.eu\/it\/wp-content\/uploads\/2025\/09\/responsiblebytes-data-sostenibilita.jpg","type":"image\/jpeg"}],"author":"STauber","twitter_card":"summary_large_image","twitter_creator":"@STauber","twitter_site":"@terra_institute","twitter_misc":{"Scritto da":"STauber","Tempo di lettura stimato":"3 minuti"},"schema":{"@context":"https:\/\/schema.org","@graph":[{"@type":"Article","@id":"https:\/\/terra-institute.eu\/it\/responsiblebytes-la-tua-bussola-nella-trasformazione-digitale\/#article","isPartOf":{"@id":"https:\/\/terra-institute.eu\/it\/responsiblebytes-la-tua-bussola-nella-trasformazione-digitale\/"},"author":{"name":"STauber","@id":"https:\/\/terra-institute.eu\/it\/#\/schema\/person\/94b4e9b0ba2c9136492a67cfc3e95edd"},"headline":"ResponsibleBytes: la tua bussola nella trasformazione digitale","datePublished":"2025-09-04T13:33:55+00:00","dateModified":"2025-09-04T13:35:38+00:00","mainEntityOfPage":{"@id":"https:\/\/terra-institute.eu\/it\/responsiblebytes-la-tua-bussola-nella-trasformazione-digitale\/"},"wordCount":810,"commentCount":0,"image":{"@id":"https:\/\/terra-institute.eu\/it\/responsiblebytes-la-tua-bussola-nella-trasformazione-digitale\/#primaryimage"},"thumbnailUrl":"https:\/\/terra-institute.eu\/it\/wp-content\/uploads\/2025\/09\/responsiblebytes-data-sostenibilita.jpg","keywords":["STRATEGIA DI SOSTENIBILIT\u00e0"],"articleSection":["blog"],"inLanguage":"it-IT","potentialAction":[{"@type":"CommentAction","name":"Comment","target":["https:\/\/terra-institute.eu\/it\/responsiblebytes-la-tua-bussola-nella-trasformazione-digitale\/#respond"]}]},{"@type":"WebPage","@id":"https:\/\/terra-institute.eu\/it\/responsiblebytes-la-tua-bussola-nella-trasformazione-digitale\/","url":"https:\/\/terra-institute.eu\/it\/responsiblebytes-la-tua-bussola-nella-trasformazione-digitale\/","name":"ResponsibleBytes: la tua bussola nella trasformazione digitale","isPartOf":{"@id":"https:\/\/terra-institute.eu\/it\/#website"},"primaryImageOfPage":{"@id":"https:\/\/terra-institute.eu\/it\/responsiblebytes-la-tua-bussola-nella-trasformazione-digitale\/#primaryimage"},"image":{"@id":"https:\/\/terra-institute.eu\/it\/responsiblebytes-la-tua-bussola-nella-trasformazione-digitale\/#primaryimage"},"thumbnailUrl":"https:\/\/terra-institute.eu\/it\/wp-content\/uploads\/2025\/09\/responsiblebytes-data-sostenibilita.jpg","datePublished":"2025-09-04T13:33:55+00:00","dateModified":"2025-09-04T13:35:38+00:00","author":{"@id":"https:\/\/terra-institute.eu\/it\/#\/schema\/person\/94b4e9b0ba2c9136492a67cfc3e95edd"},"description":"Scopri ResponsibleBytes: lo strumento per misurare e ridurre l\u2019impatto del digitale. Valuta la tua maturit\u00e0 ESG e avvia la transizione sostenibile.","breadcrumb":{"@id":"https:\/\/terra-institute.eu\/it\/responsiblebytes-la-tua-bussola-nella-trasformazione-digitale\/#breadcrumb"},"inLanguage":"it-IT","potentialAction":[{"@type":"ReadAction","target":["https:\/\/terra-institute.eu\/it\/responsiblebytes-la-tua-bussola-nella-trasformazione-digitale\/"]}]},{"@type":"ImageObject","inLanguage":"it-IT","@id":"https:\/\/terra-institute.eu\/it\/responsiblebytes-la-tua-bussola-nella-trasformazione-digitale\/#primaryimage","url":"https:\/\/terra-institute.eu\/it\/wp-content\/uploads\/2025\/09\/responsiblebytes-data-sostenibilita.jpg","contentUrl":"https:\/\/terra-institute.eu\/it\/wp-content\/uploads\/2025\/09\/responsiblebytes-data-sostenibilita.jpg","width":1180,"height":720,"caption":"responsiblebytes, data, mondo, sostenibilit\u00e0"},{"@type":"BreadcrumbList","@id":"https:\/\/terra-institute.eu\/it\/responsiblebytes-la-tua-bussola-nella-trasformazione-digitale\/#breadcrumb","itemListElement":[{"@type":"ListItem","position":1,"name":"Home","item":"https:\/\/terra-institute.eu\/it\/"},{"@type":"ListItem","position":2,"name":"ResponsibleBytes: la tua bussola nella trasformazione digitale"}]},{"@type":"WebSite","@id":"https:\/\/terra-institute.eu\/it\/#website","url":"https:\/\/terra-institute.eu\/it\/","name":"Terra Institute","description":"Empowering Responsible Growth","potentialAction":[{"@type":"SearchAction","target":{"@type":"EntryPoint","urlTemplate":"https:\/\/terra-institute.eu\/it\/?s={search_term_string}"},"query-input":{"@type":"PropertyValueSpecification","valueRequired":true,"valueName":"search_term_string"}}],"inLanguage":"it-IT"},{"@type":"Person","@id":"https:\/\/terra-institute.eu\/it\/#\/schema\/person\/94b4e9b0ba2c9136492a67cfc3e95edd","name":"STauber","image":{"@type":"ImageObject","inLanguage":"it-IT","@id":"https:\/\/terra-institute.eu\/it\/#\/schema\/person\/image\/","url":"https:\/\/secure.gravatar.com\/avatar\/7b58d476a8e3ca28ed666205e6c5ff556ab94a161aa48a4b4cf289781d6b1076?s=96&d=mm&r=g","contentUrl":"https:\/\/secure.gravatar.com\/avatar\/7b58d476a8e3ca28ed666205e6c5ff556ab94a161aa48a4b4cf289781d6b1076?s=96&d=mm&r=g","caption":"STauber"},"sameAs":["https:\/\/x.com\/STauber"],"url":"https:\/\/terra-institute.eu\/it\/author\/stauber\/"}]}},"_links":{"self":[{"href":"https:\/\/terra-institute.eu\/it\/wp-json\/wp\/v2\/posts\/254659","targetHints":{"allow":["GET"]}}],"collection":[{"href":"https:\/\/terra-institute.eu\/it\/wp-json\/wp\/v2\/posts"}],"about":[{"href":"https:\/\/terra-institute.eu\/it\/wp-json\/wp\/v2\/types\/post"}],"author":[{"embeddable":true,"href":"https:\/\/terra-institute.eu\/it\/wp-json\/wp\/v2\/users\/5"}],"replies":[{"embeddable":true,"href":"https:\/\/terra-institute.eu\/it\/wp-json\/wp\/v2\/comments?post=254659"}],"version-history":[{"count":5,"href":"https:\/\/terra-institute.eu\/it\/wp-json\/wp\/v2\/posts\/254659\/revisions"}],"predecessor-version":[{"id":254668,"href":"https:\/\/terra-institute.eu\/it\/wp-json\/wp\/v2\/posts\/254659\/revisions\/254668"}],"wp:featuredmedia":[{"embeddable":true,"href":"https:\/\/terra-institute.eu\/it\/wp-json\/wp\/v2\/media\/254667"}],"wp:attachment":[{"href":"https:\/\/terra-institute.eu\/it\/wp-json\/wp\/v2\/media?parent=254659"}],"wp:term":[{"taxonomy":"category","embeddable":true,"href":"https:\/\/terra-institute.eu\/it\/wp-json\/wp\/v2\/categories?post=254659"},{"taxonomy":"post_tag","embeddable":true,"href":"https:\/\/terra-institute.eu\/it\/wp-json\/wp\/v2\/tags?post=254659"}],"curies":[{"name":"wp","href":"https:\/\/api.w.org\/{rel}","templated":true}]}}