{"id":254587,"date":"2024-03-19T15:21:00","date_gmt":"2024-03-19T14:21:00","guid":{"rendered":"https:\/\/terra-institute.eu\/it\/?p=254587"},"modified":"2025-08-11T16:22:54","modified_gmt":"2025-08-11T14:22:54","slug":"stabilisci-obiettivi-smart-nella-tua-strategia-di-sostenibilita","status":"publish","type":"post","link":"https:\/\/terra-institute.eu\/it\/stabilisci-obiettivi-smart-nella-tua-strategia-di-sostenibilita\/","title":{"rendered":"Stabilisci obiettivi SMART nella tua strategia di sostenibilit\u00e0"},"content":{"rendered":"\n[et_pb_section fb_built=&#8221;1&#8243; _builder_version=&#8221;4.27.4&#8243; _module_preset=&#8221;default&#8221; global_colors_info=&#8221;{}&#8221; theme_builder_area=&#8221;post_content&#8221;][\/et_pb_section][et_pb_section fb_built=&#8221;1&#8243; _builder_version=&#8221;4.24.2&#8243; _module_preset=&#8221;default&#8221; custom_margin=&#8221;-104px||||false|false&#8221; locked=&#8221;off&#8221; global_colors_info=&#8221;{}&#8221; theme_builder_area=&#8221;post_content&#8221;][et_pb_row _builder_version=&#8221;4.27.4&#8243; _module_preset=&#8221;default&#8221; hover_enabled=&#8221;0&#8243; border_color_bottom=&#8221;#cecece&#8221; global_colors_info=&#8221;{}&#8221; theme_builder_area=&#8221;post_content&#8221; sticky_enabled=&#8221;0&#8243; border_width_bottom=&#8221;1px&#8221;][et_pb_column type=&#8221;4_4&#8243; _builder_version=&#8221;4.22.1&#8243; _module_preset=&#8221;default&#8221; global_colors_info=&#8221;{}&#8221; theme_builder_area=&#8221;post_content&#8221;][et_pb_text _builder_version=&#8221;4.27.4&#8243; _module_preset=&#8221;default&#8221; text_font=&#8221;Akrobat-SemiBold|||on|||||&#8221; text_text_color=&#8221;#7d7168&#8243; text_font_size=&#8221;21px&#8221; hover_enabled=&#8221;0&#8243; global_colors_info=&#8221;{}&#8221; theme_builder_area=&#8221;post_content&#8221; sticky_enabled=&#8221;0&#8243;]<p style=\"font-weight: 400;\">Se volete trasformare la vostra azienda, avete bisogno di un piano d\u2019azione concreto e preciso per far partire le cose. Per raggiungere i vostri obiettivi, dovreste pensare in modo SMART: fissate obiettivi SMART nella vostra strategia di sostenibilit\u00e0!<\/p>[\/et_pb_text][et_pb_text _builder_version=&#8221;4.27.4&#8243; _module_preset=&#8221;default&#8221; custom_margin=&#8221;60px||||false|false&#8221; hover_enabled=&#8221;0&#8243; global_colors_info=&#8221;{}&#8221; theme_builder_area=&#8221;post_content&#8221; sticky_enabled=&#8221;0&#8243;]<h3>PERCH\u00c9 ABBIAMO BISOGNO DI UN PIANO D&#8217;AZIONE PER LA SOSTENIBILIT\u00c0?<\/h3>[\/et_pb_text][et_pb_text ol_item_indent=&#8221;-1051px&#8221; _builder_version=&#8221;4.27.4&#8243; _module_preset=&#8221;default&#8221; text_font_size=&#8221;19px&#8221; hover_enabled=&#8221;0&#8243; global_colors_info=&#8221;{}&#8221; theme_builder_area=&#8221;post_content&#8221; sticky_enabled=&#8221;0&#8243;]<div>\n<p class=\"my-0 py-2 [&amp;_strong:has(+br)]:inline-block [&amp;_strong:has(+br)]:pb-2\">Per raggiungere efficacemente ed efficientemente gli obiettivi nel campo della sostenibilit\u00e0, ogni organizzazione, indipendentemente dal settore e dalle dimensioni, ha bisogno di un piano. Un <strong>piano d\u2019azione per la sostenibilit\u00e0<\/strong> \u00e8 un documento strategico che illustra come si intende conseguire nel tempo gli obiettivi di sostenibilit\u00e0. Questo piano d\u2019azione funge da mappa per integrare i principi ambientali, sociali e di governance (ESG) all\u2019interno di un\u2019organizzazione. Vengono pianificate e attuate azioni concrete e iniziative che contribuiscono alla sostenibilit\u00e0. Ci\u00f2 \u00e8 particolarmente importante se si stabiliscono obiettivi ambiziosi, come ad esempio il raggiungimento della neutralit\u00e0 carbonica netta. Stabilisci obiettivi SMART nella tua <a rel=\"nofollow noopener\" class=\"break-word hover:text-super hover:decoration-super underline decoration-from-font underline-offset-1 transition-all duration-300\" target=\"_blank\" href=\"https:\/\/terra-institute.eu\/it\/strategia-di-sostenibilita-consigli-per-la-vostra-azienda\/\">strategia di sostenibilit\u00e0<\/a>!<\/p>\n<\/div>\n<div><\/div>[\/et_pb_text][et_pb_text _builder_version=&#8221;4.27.4&#8243; _module_preset=&#8221;default&#8221; custom_margin=&#8221;60px||||false|false&#8221; hover_enabled=&#8221;0&#8243; global_colors_info=&#8221;{}&#8221; theme_builder_area=&#8221;post_content&#8221; sticky_enabled=&#8221;0&#8243;]<h3>COME INIZIAMO?<\/h3>[\/et_pb_text][et_pb_text module_id=&#8221;massnahmen-unternehmen&#8221; _builder_version=&#8221;4.27.4&#8243; _module_preset=&#8221;default&#8221; text_font_size=&#8221;19px&#8221; hover_enabled=&#8221;0&#8243; global_colors_info=&#8221;{}&#8221; theme_builder_area=&#8221;post_content&#8221; sticky_enabled=&#8221;0&#8243;]<p class=\"my-0 py-2 [&amp;_strong:has(+br)]:inline-block [&amp;_strong:has(+br)]:pb-2\"><strong>1. INIZIATE DALLA VOSTRA VISIONE<\/strong><br \/>Quali sono gli obiettivi di sostenibilit\u00e0 a lungo termine dell\u2019organizzazione? Quali sono i vostri valori?<\/p>\n<p class=\"my-0 py-2 [&amp;_strong:has(+br)]:inline-block [&amp;_strong:has(+br)]:pb-2\"><strong>2. VALUTAZIONE DEI RISCHI<\/strong><br \/>Un approccio alla sostenibilit\u00e0 dovrebbe considerare i potenziali rischi rilevanti per l\u2019azienda e i rischi che l\u2019azienda stessa comporta. Nella valutazione dei rischi, considerate sia la prospettiva <em>Inside-Out<\/em> sia quella <em>Outside-In<\/em>. Valutate tutti i potenziali rischi e includete gli aspetti pertinenti nel vostro piano d\u2019azione (ad es. emissioni di carbonio, giustizia sociale, governance aziendale, sensibilizzazione dei dipendenti, \u2026).<\/p>\n<p class=\"my-0 py-2 [&amp;_strong:has(+br)]:inline-block [&amp;_strong:has(+br)]:pb-2\"><strong>3. PERFORMANCE<\/strong><br \/>Dopo aver aggiunto i rischi rilevanti, analizzate gli aspetti della vostra performance in cui siete al di sotto della media o peggiori rispetto al precedente periodo di benchmarking. \u00c8 chiaro che potete gestire solo ci\u00f2 che potete misurare. Un processo ben strutturato e coerente di misurazione dei dati \u00e8 essenziale per un\u2019azienda in trasformazione. Se non state ancora raccogliendo, misurando e analizzando i vostri consumi e le emissioni di gas serra, dovreste utilizzare un software di calcolo del carbonio o aderire a un programma di certificazione come EarthCheck per misurare le vostre performance mensili\/annuali e individuare le aree da migliorare.<\/p>\n<p class=\"my-0 py-2 [&amp;_strong:has(+br)]:inline-block [&amp;_strong:has(+br)]:pb-2\">I principianti inizieranno prima di tutto con la misurazione delle emissioni di <em>Scope<\/em> 1 e 2. Dove avete la leva maggiore?<br \/>Siate molto precisi e suddividete le emissioni il pi\u00f9 possibile. In questo modo potrete monitorare e misurare molto meglio il processo e il successo, e sar\u00e0 anche molto pi\u00f9 motivante per il team.<br \/>Le cosiddette \u201cQuick Wins\u201d aiutano a mantenere alta la motivazione!<\/p>\n<p class=\"my-0 py-2 [&amp;_strong:has(+br)]:inline-block [&amp;_strong:has(+br)]:pb-2\"><strong>4. DEFINIZIONE DEGLI OBIETTIVI<\/strong><br \/>Cosa volete ottenere, entro quando, perch\u00e9 e come? Qui entrano in gioco gli obiettivi SMART!<\/p>\n<p class=\"my-0 py-2 [&amp;_strong:has(+br)]:inline-block [&amp;_strong:has(+br)]:pb-2\">I piani d\u2019azione sono documenti spesso richiesti nei processi di certificazione o nei quadri di sviluppo per la sostenibilit\u00e0. Tuttavia, i piani d\u2019azione sono solo documenti e il successo della loro attuazione dipende da noi.<br \/>Qual \u00e8 dunque il segreto per trasformare un piano in uno strumento utile e non in una fonte inutile di burocrazia?<br \/>Il segreto sta nella pianificazione di obiettivi SMART, che ci aiutano a concretizzare le nostre intenzioni e a mostrarci la strada per la loro realizzazione.<br \/>Questo significa: fissare obiettivi SMART nella vostra strategia di sostenibilit\u00e0! Ma cosa significa SMART?<\/p>\n<p class=\"my-0 py-2 [&amp;_strong:has(+br)]:inline-block [&amp;_strong:has(+br)]:pb-2\">\n<ul>\n<li class=\"my-0 py-2 [&amp;_strong:has(+br)]:inline-block [&amp;_strong:has(+br)]:pb-2\"><strong>S<\/strong>mart<br \/>Per fissare un obiettivo, bisogna prima analizzare la situazione attuale, i suoi punti di forza e di debolezza.<br \/>Poich\u00e9 non si pu\u00f2 gestire ci\u00f2 che non si pu\u00f2 misurare, \u00e8 utile stabilire indicatori che quantifichino la performance attuale di sostenibilit\u00e0 e raccogliere dati per questi indicatori.<br \/>Se possibile, sarebbe sempre meglio avere a disposizione serie temporali di dati per valutare le tendenze.<br \/>Conoscendo le tendenze, possiamo valutare se esse favoriscono o meno il nostro obiettivo e decidere di conseguenza se intervenire per contrastarle o seguirle e trarne vantaggio.<br \/>Questa prima fase di analisi dello <em>status quo<\/em> ci consente di definire un obiettivo specifico e quindi di raggiungere la prima lettera dei nostri obiettivi SMART.<\/li>\n<li class=\"my-0 py-2 [&amp;_strong:has(+br)]:inline-block [&amp;_strong:has(+br)]:pb-2\">s<strong>M<\/strong>art<br \/>Conoscendo le specificit\u00e0 della situazione attuale e della serie temporale, \u00e8 possibile fissare un obiettivo quantitativo e quindi misurabile.<br \/>\u00c8 importante fissarsi un obiettivo misurabile, perch\u00e9 cos\u00ec possiamo verificare se e quanto ci stiamo avvicinando al target.<br \/>Inoltre, lavorare con obiettivi misurabili consente di verificare in modo inequivocabile se l\u2019obiettivo \u00e8 stato raggiunto ed \u00e8 quindi anche il miglior metodo per comunicare i risultati senza <em>greenwashing<\/em>.<\/li>\n<li class=\"my-0 py-2 [&amp;_strong:has(+br)]:inline-block [&amp;_strong:has(+br)]:pb-2\">sm<strong>A<\/strong>rt<br \/>Se l\u2019obiettivo fa parte di una strategia pi\u00f9 ampia che si sviluppa su pi\u00f9 mesi o anni, \u00e8 necessario suddividerlo in pi\u00f9 obiettivi intermedi e monitorarne il raggiungimento passo dopo passo.<\/li>\n<li class=\"my-0 py-2 [&amp;_strong:has(+br)]:inline-block [&amp;_strong:has(+br)]:pb-2\">sma<strong>R<\/strong>t<br \/>Un obiettivo \u00e8 valido se mira a migliorare la situazione attuale, ma un obiettivo troppo ambizioso rischia di essere irraggiungibile e quindi inutile.<br \/>Per essere realistico, un obiettivo deve tener conto delle risorse disponibili, ossia: tempo, risorse economiche, umane e tecnologiche.<br \/>Questo punto \u00e8 strettamente legato all\u2019analisi della specificit\u00e0 della situazione e dell\u2019obiettivo stesso.<br \/>\u00c8 meglio porsi un obiettivo pi\u00f9 piccolo, ma effettivamente raggiungibile, piuttosto che un obiettivo che non sar\u00e0 mai realizzato.<\/li>\n<li class=\"my-0 py-2 [&amp;_strong:has(+br)]:inline-block [&amp;_strong:has(+br)]:pb-2\">smar<strong>T<\/strong><br \/>Per rendere un obiettivo operativo, bisogna fissare una data entro cui raggiungerlo e un arco temporale per l\u2019attuazione delle singole azioni.<\/li>\n<\/ul>\n<p class=\"my-0 py-2 [&amp;_strong:has(+br)]:inline-block [&amp;_strong:has(+br)]:pb-2\"><strong>5. RESPONSABILIT\u00c0<\/strong><br \/>Dopo aver fissato obiettivi SMART, qualcuno deve assumersi la responsabilit\u00e0.<br \/>Trovate il membro del team pi\u00f9 entusiasta e appassionato e conferitegli potere decisionale. La persona responsabile diventer\u00e0 un \u201cleader verde\u201d, si sentir\u00e0 onorata e si impegner\u00e0 per il raggiungimento dell\u2019obiettivo.<\/p>\n<p class=\"my-0 py-2 [&amp;_strong:has(+br)]:inline-block [&amp;_strong:has(+br)]:pb-2\"><strong>6. MISURARE<\/strong><br \/>Stabilite obiettivi intermedi e monitorate il grado di raggiungimento nel corso del tempo, ad esempio ogni mese. Se aspettate la data di scadenza, potrebbe essere troppo tardi per correggere la rotta.<\/p>\n<p class=\"my-0 py-2 [&amp;_strong:has(+br)]:inline-block [&amp;_strong:has(+br)]:pb-2\"><strong>7. DOCUMENTARE<\/strong><br \/>Documentate le vostre attivit\u00e0 e azioni e raccogliete prove.<br \/>Un solido processo di documentazione non \u00e8 richiesto solo per motivi legali o di verifica, ma aiuta anche i futuri membri del team a comprendere e seguire il processo.<br \/>Ci\u00f2 consente processi continui di miglioramento e apprendimento, poich\u00e9 si impara non solo dai successi, ma anche (e soprattutto) dagli insuccessi.<\/p>\n<p class=\"my-0 py-2 [&amp;_strong:has(+br)]:inline-block [&amp;_strong:has(+br)]:pb-2\"><strong>8. WALK THE TALK \u2013 COMUNICAZIONE<\/strong><br \/>Una volta raggiunto un obiettivo di sostenibilit\u00e0 (e se potete dimostrarlo), parlatene! Diffondete la notizia ai vostri stakeholder interni ed esterni.<br \/>Raccontate i vostri successi, le iniziative in corso e sostenete altre aziende nel raggiungimento dei loro obiettivi di sostenibilit\u00e0. Diventate esperti e moltiplicatori di sostenibilit\u00e0 e <em>#walkthetalk<\/em>.<\/p>[\/et_pb_text][\/et_pb_column][\/et_pb_row][et_pb_row _builder_version=&#8221;4.27.4&#8243; _module_preset=&#8221;default&#8221; hover_enabled=&#8221;0&#8243; border_color_bottom=&#8221;#cecece&#8221; global_colors_info=&#8221;{}&#8221; column_structure=&#8221;2_5,3_5&#8243; theme_builder_area=&#8221;post_content&#8221; sticky_enabled=&#8221;0&#8243;][et_pb_column type=&#8221;2_5&#8243; _builder_version=&#8221;4.22.1&#8243; _module_preset=&#8221;default&#8221; global_colors_info=&#8221;{}&#8221; theme_builder_area=&#8221;post_content&#8221;][et_pb_image src=&#8221;https:\/\/terra-institute.eu\/it\/wp-content\/uploads\/2023\/06\/Sarah-Kurze.jpg&#8221; _builder_version=&#8221;4.27.4&#8243; _module_preset=&#8221;default&#8221; theme_builder_area=&#8221;post_content&#8221; title_text=&#8221;Sarah Kurze&#8221; hover_enabled=&#8221;0&#8243; sticky_enabled=&#8221;0&#8243;][\/et_pb_image][\/et_pb_column][et_pb_column type=&#8221;3_5&#8243; _builder_version=&#8221;4.22.1&#8243; _module_preset=&#8221;default&#8221; global_colors_info=&#8221;{}&#8221; theme_builder_area=&#8221;post_content&#8221;][et_pb_text ol_item_indent=&#8221;-1051px&#8221; _builder_version=&#8221;4.27.4&#8243; _module_preset=&#8221;default&#8221; text_font_size=&#8221;19px&#8221; hover_enabled=&#8221;0&#8243; global_colors_info=&#8221;{}&#8221; theme_builder_area=&#8221;post_content&#8221; sticky_enabled=&#8221;0&#8243;]<div>\n<p data-ccp-props=\"{&quot;335551550&quot;:1,&quot;335551620&quot;:1,&quot;335559683&quot;:0,&quot;335559685&quot;:0,&quot;335559731&quot;:0,&quot;335559737&quot;:0,&quot;335562764&quot;:2,&quot;335562765&quot;:1,&quot;335562766&quot;:4,&quot;335562767&quot;:0,&quot;335562768&quot;:4,&quot;335562769&quot;:0}\"><span data-usefontface=\"true\" data-contrast=\"none\"><strong>Sarah Kurze<\/strong> ha <\/span><span data-usefontface=\"true\" data-contrast=\"none\">studiato<\/span><span data-usefontface=\"true\" data-contrast=\"none\"> International <\/span><span data-usefontface=\"true\" data-contrast=\"none\">Tourism<\/span><span data-usefontface=\"true\" data-contrast=\"none\"> Management (BA) e Health Management in <\/span><span data-usefontface=\"true\" data-contrast=\"none\">Tourism<\/span><span data-usefontface=\"true\" data-contrast=\"none\"> (MA) e ha <\/span><span data-usefontface=\"true\" data-contrast=\"none\">iniziato<\/span><span data-usefontface=\"true\" data-contrast=\"none\"> la sua <\/span><span data-usefontface=\"true\" data-contrast=\"none\">carriera<\/span> <span data-usefontface=\"true\" data-contrast=\"none\">dopo<\/span> <span data-usefontface=\"true\" data-contrast=\"none\">diversi<\/span> <span data-usefontface=\"true\" data-contrast=\"none\">soggiorni<\/span> <span data-usefontface=\"true\" data-contrast=\"none\">all&#8217;estero<\/span><span data-usefontface=\"true\" data-contrast=\"none\"> in Australia e <\/span><span data-usefontface=\"true\" data-contrast=\"none\">Asia in <\/span><span data-usefontface=\"true\" data-contrast=\"none\">un<\/span> <span data-usefontface=\"true\" data-contrast=\"none\">hotel<\/span> <span data-usefontface=\"true\" data-contrast=\"none\">termale<\/span><span data-usefontface=\"true\" data-contrast=\"none\"> in \u00d6tztal. <\/span><span data-usefontface=\"true\" data-contrast=\"none\">Dopo<\/span><span data-usefontface=\"true\" data-contrast=\"none\"> il <\/span><span data-usefontface=\"true\" data-contrast=\"none\">programma<\/span><span data-usefontface=\"true\" data-contrast=\"none\"> di <\/span><span data-usefontface=\"true\" data-contrast=\"none\">formazione<\/span><span data-usefontface=\"true\" data-contrast=\"none\">, Sarah ha <\/span><span data-usefontface=\"true\" data-contrast=\"none\">assunto<\/span> <span data-usefontface=\"true\" data-contrast=\"none\">la <\/span><span data-usefontface=\"true\" data-contrast=\"none\">direzione<\/span><span data-usefontface=\"true\" data-contrast=\"none\"> delle <\/span><span data-usefontface=\"true\" data-contrast=\"none\">terme<\/span><span data-usefontface=\"true\" data-contrast=\"none\">. Nel 2021 si \u00e8 <\/span><span data-usefontface=\"true\" data-contrast=\"none\">trasferita<\/span><span data-usefontface=\"true\" data-contrast=\"none\"> a <\/span><span data-usefontface=\"true\" data-contrast=\"none\">Bressanone<\/span><span data-usefontface=\"true\" data-contrast=\"none\"> e ha <\/span><span data-usefontface=\"true\" data-contrast=\"none\">trovato<\/span> <span data-usefontface=\"true\" data-contrast=\"none\">una<\/span> <span data-usefontface=\"true\" data-contrast=\"none\">nuova<\/span><span data-usefontface=\"true\" data-contrast=\"none\"> e <\/span><span data-usefontface=\"true\" data-contrast=\"none\">appagante<\/span> <span data-usefontface=\"true\" data-contrast=\"none\">sfida<\/span> <span data-usefontface=\"true\" data-contrast=\"none\">come<\/span><span data-usefontface=\"true\" data-contrast=\"none\"> Relationship Manager <\/span><span data-usefontface=\"true\" data-contrast=\"none\">presso<\/span> <span data-usefontface=\"true\" data-contrast=\"none\">EarthCheck<\/span><span data-usefontface=\"true\" data-contrast=\"none\">. Al Terra Institute e <\/span><span data-usefontface=\"true\" data-contrast=\"none\">EarthCheck<\/span><span data-usefontface=\"true\" data-contrast=\"none\">, Sarah <\/span><span data-usefontface=\"true\" data-contrast=\"none\">pu\u00f2<\/span> <span data-usefontface=\"true\" data-contrast=\"none\">combinare<\/span><span data-usefontface=\"true\" data-contrast=\"none\"> la sua <\/span><span data-usefontface=\"true\" data-contrast=\"none\">passione<\/span><span data-usefontface=\"true\" data-contrast=\"none\"> per la <\/span><span data-usefontface=\"true\" data-contrast=\"none\">sostenibilit\u00e0<\/span> <span data-usefontface=\"true\" data-contrast=\"none\">con<\/span><span data-usefontface=\"true\" data-contrast=\"none\"> la sua <\/span><span data-usefontface=\"true\" data-contrast=\"none\">professione<\/span><span data-usefontface=\"true\" data-contrast=\"none\"> e <\/span><span data-usefontface=\"true\" data-contrast=\"none\">contribuire<\/span><span data-usefontface=\"true\" data-contrast=\"none\"> in modo <\/span><span data-usefontface=\"true\" data-contrast=\"none\">significativo<\/span><span data-usefontface=\"true\" data-contrast=\"none\"> a <\/span><span data-usefontface=\"true\" data-contrast=\"none\">plasmare<\/span><span data-usefontface=\"true\" data-contrast=\"none\"> il <\/span><span data-usefontface=\"true\" data-contrast=\"none\">futuro<\/span><span data-usefontface=\"true\" data-contrast=\"none\"> del <\/span><span data-usefontface=\"true\" data-contrast=\"none\">turismo<\/span><span data-usefontface=\"true\" data-contrast=\"none\">. Sarah \u00e8 <\/span><span data-usefontface=\"true\" data-contrast=\"none\">principalmente<\/span> <span data-usefontface=\"true\" data-contrast=\"none\">responsabile<\/span><span data-usefontface=\"true\" data-contrast=\"none\"> di tutti i <\/span><span data-usefontface=\"true\" data-contrast=\"none\">membri<\/span> <span data-usefontface=\"true\" data-contrast=\"none\">EarthCheck<\/span><span data-usefontface=\"true\" data-contrast=\"none\"> in Europa, <\/span><span data-usefontface=\"true\" data-contrast=\"none\">nei<\/span> <span data-usefontface=\"true\" data-contrast=\"none\">Caraibi<\/span><span data-usefontface=\"true\" data-contrast=\"none\"> e di <\/span><span data-usefontface=\"true\" data-contrast=\"none\">tutti <\/span><span data-usefontface=\"true\" data-contrast=\"none\">gli<\/span> <span data-usefontface=\"true\" data-contrast=\"none\">hotel<\/span><span data-usefontface=\"true\" data-contrast=\"none\"> Kempinski. Sarah \u00e8 <\/span><span data-usefontface=\"true\" data-contrast=\"none\">una<\/span> <span data-usefontface=\"true\" data-contrast=\"none\">certificata<\/span><span data-usefontface=\"true\" data-contrast=\"none\"> mental e <\/span><span data-usefontface=\"true\" data-contrast=\"none\">fitness<\/span> <span data-usefontface=\"true\" data-contrast=\"none\">trainer<\/span><span data-usefontface=\"true\" data-contrast=\"none\">.<\/span><\/p>\n<\/div>\n<div><\/div>[\/et_pb_text][\/et_pb_column][\/et_pb_row][\/et_pb_section]\n","protected":false},"excerpt":{"rendered":"<p>Se volete trasformare la vostra azienda, avete bisogno di un piano d\u2019azione concreto e preciso per far partire le cose. Per raggiungere i vostri obiettivi, dovreste pensare in modo SMART: fissate obiettivi SMART nella vostra strategia di sostenibilit\u00e0!PERCH\u00c9 ABBIAMO BISOGNO DI UN PIANO D&#8217;AZIONE PER LA SOSTENIBILIT\u00c0? Per raggiungere efficacemente ed efficientemente gli obiettivi nel [&hellip;]<\/p>\n","protected":false},"author":1,"featured_media":254609,"comment_status":"open","ping_status":"open","sticky":false,"template":"","format":"standard","meta":{"_et_pb_use_builder":"on","_et_pb_old_content":"","_et_gb_content_width":"","footnotes":""},"categories":[34],"tags":[50,52],"class_list":["post-254587","post","type-post","status-publish","format-standard","has-post-thumbnail","hentry","category-blog","tag-strategia-di-sostenibilita","tag-turismo"],"yoast_head":"<!-- This site is optimized with the Yoast SEO plugin v26.9 - https:\/\/yoast.com\/product\/yoast-seo-wordpress\/ -->\n<title>Stabilisci obiettivi SMART nella tua strategia di sostenibilit\u00e0 - Terra Institute<\/title>\n<meta name=\"description\" content=\"Definisci obiettivi SMART nella tua strategia di sostenibilit\u00e0: un piano d&#039;azione concreto per una trasformazione aziendale di successo.\" \/>\n<meta name=\"robots\" content=\"index, follow, max-snippet:-1, max-image-preview:large, max-video-preview:-1\" \/>\n<link rel=\"canonical\" href=\"https:\/\/terra-institute.eu\/it\/stabilisci-obiettivi-smart-nella-tua-strategia-di-sostenibilita\/\" \/>\n<meta property=\"og:locale\" content=\"it_IT\" \/>\n<meta property=\"og:type\" content=\"article\" \/>\n<meta property=\"og:title\" content=\"Stabilisci obiettivi SMART nella tua strategia di sostenibilit\u00e0 - Terra Institute\" \/>\n<meta property=\"og:description\" content=\"Definisci obiettivi SMART nella tua strategia di sostenibilit\u00e0: un piano d&#039;azione concreto per una trasformazione aziendale di successo.\" \/>\n<meta property=\"og:url\" content=\"https:\/\/terra-institute.eu\/it\/stabilisci-obiettivi-smart-nella-tua-strategia-di-sostenibilita\/\" \/>\n<meta property=\"og:site_name\" content=\"Terra Institute\" \/>\n<meta property=\"article:publisher\" content=\"https:\/\/www.facebook.com\/TerraInstitute\" \/>\n<meta property=\"article:published_time\" content=\"2024-03-19T14:21:00+00:00\" \/>\n<meta property=\"article:modified_time\" content=\"2025-08-11T14:22:54+00:00\" \/>\n<meta property=\"og:image\" content=\"https:\/\/terra-institute.eu\/it\/wp-content\/uploads\/2024\/03\/acqua-in-movimento-simon-caspersen.jpg\" \/>\n\t<meta property=\"og:image:width\" content=\"768\" \/>\n\t<meta property=\"og:image:height\" content=\"512\" \/>\n\t<meta property=\"og:image:type\" content=\"image\/jpeg\" \/>\n<meta name=\"author\" content=\"francescoromito\" \/>\n<meta name=\"twitter:card\" content=\"summary_large_image\" \/>\n<meta name=\"twitter:creator\" content=\"@terra_institute\" \/>\n<meta name=\"twitter:site\" content=\"@terra_institute\" \/>\n<meta name=\"twitter:label1\" content=\"Scritto da\" \/>\n\t<meta name=\"twitter:data1\" content=\"francescoromito\" \/>\n\t<meta name=\"twitter:label2\" content=\"Tempo di lettura stimato\" \/>\n\t<meta name=\"twitter:data2\" content=\"7 minuti\" \/>\n<script type=\"application\/ld+json\" class=\"yoast-schema-graph\">{\"@context\":\"https:\/\/schema.org\",\"@graph\":[{\"@type\":\"Article\",\"@id\":\"https:\/\/terra-institute.eu\/it\/stabilisci-obiettivi-smart-nella-tua-strategia-di-sostenibilita\/#article\",\"isPartOf\":{\"@id\":\"https:\/\/terra-institute.eu\/it\/stabilisci-obiettivi-smart-nella-tua-strategia-di-sostenibilita\/\"},\"author\":{\"name\":\"francescoromito\",\"@id\":\"https:\/\/terra-institute.eu\/it\/#\/schema\/person\/0825c78d1038a1533e63d1a36ec49278\"},\"headline\":\"Stabilisci obiettivi SMART nella tua strategia di sostenibilit\u00e0\",\"datePublished\":\"2024-03-19T14:21:00+00:00\",\"dateModified\":\"2025-08-11T14:22:54+00:00\",\"mainEntityOfPage\":{\"@id\":\"https:\/\/terra-institute.eu\/it\/stabilisci-obiettivi-smart-nella-tua-strategia-di-sostenibilita\/\"},\"wordCount\":1519,\"commentCount\":0,\"image\":{\"@id\":\"https:\/\/terra-institute.eu\/it\/stabilisci-obiettivi-smart-nella-tua-strategia-di-sostenibilita\/#primaryimage\"},\"thumbnailUrl\":\"https:\/\/terra-institute.eu\/it\/wp-content\/uploads\/2024\/03\/acqua-in-movimento-simon-caspersen.jpg\",\"keywords\":[\"STRATEGIA DI SOSTENIBILIT\u00e0\",\"TURISMO\"],\"articleSection\":[\"blog\"],\"inLanguage\":\"it-IT\",\"potentialAction\":[{\"@type\":\"CommentAction\",\"name\":\"Comment\",\"target\":[\"https:\/\/terra-institute.eu\/it\/stabilisci-obiettivi-smart-nella-tua-strategia-di-sostenibilita\/#respond\"]}]},{\"@type\":\"WebPage\",\"@id\":\"https:\/\/terra-institute.eu\/it\/stabilisci-obiettivi-smart-nella-tua-strategia-di-sostenibilita\/\",\"url\":\"https:\/\/terra-institute.eu\/it\/stabilisci-obiettivi-smart-nella-tua-strategia-di-sostenibilita\/\",\"name\":\"Stabilisci obiettivi SMART nella tua strategia di sostenibilit\u00e0 - Terra Institute\",\"isPartOf\":{\"@id\":\"https:\/\/terra-institute.eu\/it\/#website\"},\"primaryImageOfPage\":{\"@id\":\"https:\/\/terra-institute.eu\/it\/stabilisci-obiettivi-smart-nella-tua-strategia-di-sostenibilita\/#primaryimage\"},\"image\":{\"@id\":\"https:\/\/terra-institute.eu\/it\/stabilisci-obiettivi-smart-nella-tua-strategia-di-sostenibilita\/#primaryimage\"},\"thumbnailUrl\":\"https:\/\/terra-institute.eu\/it\/wp-content\/uploads\/2024\/03\/acqua-in-movimento-simon-caspersen.jpg\",\"datePublished\":\"2024-03-19T14:21:00+00:00\",\"dateModified\":\"2025-08-11T14:22:54+00:00\",\"author\":{\"@id\":\"https:\/\/terra-institute.eu\/it\/#\/schema\/person\/0825c78d1038a1533e63d1a36ec49278\"},\"description\":\"Definisci obiettivi SMART nella tua strategia di sostenibilit\u00e0: un piano d'azione concreto per una trasformazione aziendale di successo.\",\"breadcrumb\":{\"@id\":\"https:\/\/terra-institute.eu\/it\/stabilisci-obiettivi-smart-nella-tua-strategia-di-sostenibilita\/#breadcrumb\"},\"inLanguage\":\"it-IT\",\"potentialAction\":[{\"@type\":\"ReadAction\",\"target\":[\"https:\/\/terra-institute.eu\/it\/stabilisci-obiettivi-smart-nella-tua-strategia-di-sostenibilita\/\"]}]},{\"@type\":\"ImageObject\",\"inLanguage\":\"it-IT\",\"@id\":\"https:\/\/terra-institute.eu\/it\/stabilisci-obiettivi-smart-nella-tua-strategia-di-sostenibilita\/#primaryimage\",\"url\":\"https:\/\/terra-institute.eu\/it\/wp-content\/uploads\/2024\/03\/acqua-in-movimento-simon-caspersen.jpg\",\"contentUrl\":\"https:\/\/terra-institute.eu\/it\/wp-content\/uploads\/2024\/03\/acqua-in-movimento-simon-caspersen.jpg\",\"width\":768,\"height\":512,\"caption\":\"aqua\"},{\"@type\":\"BreadcrumbList\",\"@id\":\"https:\/\/terra-institute.eu\/it\/stabilisci-obiettivi-smart-nella-tua-strategia-di-sostenibilita\/#breadcrumb\",\"itemListElement\":[{\"@type\":\"ListItem\",\"position\":1,\"name\":\"Home\",\"item\":\"https:\/\/terra-institute.eu\/it\/\"},{\"@type\":\"ListItem\",\"position\":2,\"name\":\"Stabilisci obiettivi SMART nella tua strategia di sostenibilit\u00e0\"}]},{\"@type\":\"WebSite\",\"@id\":\"https:\/\/terra-institute.eu\/it\/#website\",\"url\":\"https:\/\/terra-institute.eu\/it\/\",\"name\":\"Terra Institute\",\"description\":\"Empowering Responsible Growth\",\"potentialAction\":[{\"@type\":\"SearchAction\",\"target\":{\"@type\":\"EntryPoint\",\"urlTemplate\":\"https:\/\/terra-institute.eu\/it\/?s={search_term_string}\"},\"query-input\":{\"@type\":\"PropertyValueSpecification\",\"valueRequired\":true,\"valueName\":\"search_term_string\"}}],\"inLanguage\":\"it-IT\"},{\"@type\":\"Person\",\"@id\":\"https:\/\/terra-institute.eu\/it\/#\/schema\/person\/0825c78d1038a1533e63d1a36ec49278\",\"name\":\"francescoromito\",\"image\":{\"@type\":\"ImageObject\",\"inLanguage\":\"it-IT\",\"@id\":\"https:\/\/terra-institute.eu\/it\/#\/schema\/person\/image\/\",\"url\":\"https:\/\/secure.gravatar.com\/avatar\/af139ce2e39890ae48f5692c8a08dde6e376be32739bb05ea5a3ce601c598fa9?s=96&d=mm&r=g\",\"contentUrl\":\"https:\/\/secure.gravatar.com\/avatar\/af139ce2e39890ae48f5692c8a08dde6e376be32739bb05ea5a3ce601c598fa9?s=96&d=mm&r=g\",\"caption\":\"francescoromito\"},\"sameAs\":[\"https:\/\/terra-institute.eu\/it\"],\"url\":\"https:\/\/terra-institute.eu\/it\/author\/francescoromito\/\"}]}<\/script>\n<!-- \/ Yoast SEO plugin. -->","yoast_head_json":{"title":"Stabilisci obiettivi SMART nella tua strategia di sostenibilit\u00e0 - Terra Institute","description":"Definisci obiettivi SMART nella tua strategia di sostenibilit\u00e0: un piano d'azione concreto per una trasformazione aziendale di successo.","robots":{"index":"index","follow":"follow","max-snippet":"max-snippet:-1","max-image-preview":"max-image-preview:large","max-video-preview":"max-video-preview:-1"},"canonical":"https:\/\/terra-institute.eu\/it\/stabilisci-obiettivi-smart-nella-tua-strategia-di-sostenibilita\/","og_locale":"it_IT","og_type":"article","og_title":"Stabilisci obiettivi SMART nella tua strategia di sostenibilit\u00e0 - Terra Institute","og_description":"Definisci obiettivi SMART nella tua strategia di sostenibilit\u00e0: un piano d'azione concreto per una trasformazione aziendale di successo.","og_url":"https:\/\/terra-institute.eu\/it\/stabilisci-obiettivi-smart-nella-tua-strategia-di-sostenibilita\/","og_site_name":"Terra Institute","article_publisher":"https:\/\/www.facebook.com\/TerraInstitute","article_published_time":"2024-03-19T14:21:00+00:00","article_modified_time":"2025-08-11T14:22:54+00:00","og_image":[{"width":768,"height":512,"url":"https:\/\/terra-institute.eu\/it\/wp-content\/uploads\/2024\/03\/acqua-in-movimento-simon-caspersen.jpg","type":"image\/jpeg"}],"author":"francescoromito","twitter_card":"summary_large_image","twitter_creator":"@terra_institute","twitter_site":"@terra_institute","twitter_misc":{"Scritto da":"francescoromito","Tempo di lettura stimato":"7 minuti"},"schema":{"@context":"https:\/\/schema.org","@graph":[{"@type":"Article","@id":"https:\/\/terra-institute.eu\/it\/stabilisci-obiettivi-smart-nella-tua-strategia-di-sostenibilita\/#article","isPartOf":{"@id":"https:\/\/terra-institute.eu\/it\/stabilisci-obiettivi-smart-nella-tua-strategia-di-sostenibilita\/"},"author":{"name":"francescoromito","@id":"https:\/\/terra-institute.eu\/it\/#\/schema\/person\/0825c78d1038a1533e63d1a36ec49278"},"headline":"Stabilisci obiettivi SMART nella tua strategia di sostenibilit\u00e0","datePublished":"2024-03-19T14:21:00+00:00","dateModified":"2025-08-11T14:22:54+00:00","mainEntityOfPage":{"@id":"https:\/\/terra-institute.eu\/it\/stabilisci-obiettivi-smart-nella-tua-strategia-di-sostenibilita\/"},"wordCount":1519,"commentCount":0,"image":{"@id":"https:\/\/terra-institute.eu\/it\/stabilisci-obiettivi-smart-nella-tua-strategia-di-sostenibilita\/#primaryimage"},"thumbnailUrl":"https:\/\/terra-institute.eu\/it\/wp-content\/uploads\/2024\/03\/acqua-in-movimento-simon-caspersen.jpg","keywords":["STRATEGIA DI SOSTENIBILIT\u00e0","TURISMO"],"articleSection":["blog"],"inLanguage":"it-IT","potentialAction":[{"@type":"CommentAction","name":"Comment","target":["https:\/\/terra-institute.eu\/it\/stabilisci-obiettivi-smart-nella-tua-strategia-di-sostenibilita\/#respond"]}]},{"@type":"WebPage","@id":"https:\/\/terra-institute.eu\/it\/stabilisci-obiettivi-smart-nella-tua-strategia-di-sostenibilita\/","url":"https:\/\/terra-institute.eu\/it\/stabilisci-obiettivi-smart-nella-tua-strategia-di-sostenibilita\/","name":"Stabilisci obiettivi SMART nella tua strategia di sostenibilit\u00e0 - Terra Institute","isPartOf":{"@id":"https:\/\/terra-institute.eu\/it\/#website"},"primaryImageOfPage":{"@id":"https:\/\/terra-institute.eu\/it\/stabilisci-obiettivi-smart-nella-tua-strategia-di-sostenibilita\/#primaryimage"},"image":{"@id":"https:\/\/terra-institute.eu\/it\/stabilisci-obiettivi-smart-nella-tua-strategia-di-sostenibilita\/#primaryimage"},"thumbnailUrl":"https:\/\/terra-institute.eu\/it\/wp-content\/uploads\/2024\/03\/acqua-in-movimento-simon-caspersen.jpg","datePublished":"2024-03-19T14:21:00+00:00","dateModified":"2025-08-11T14:22:54+00:00","author":{"@id":"https:\/\/terra-institute.eu\/it\/#\/schema\/person\/0825c78d1038a1533e63d1a36ec49278"},"description":"Definisci obiettivi SMART nella tua strategia di sostenibilit\u00e0: un piano d'azione concreto per una trasformazione aziendale di successo.","breadcrumb":{"@id":"https:\/\/terra-institute.eu\/it\/stabilisci-obiettivi-smart-nella-tua-strategia-di-sostenibilita\/#breadcrumb"},"inLanguage":"it-IT","potentialAction":[{"@type":"ReadAction","target":["https:\/\/terra-institute.eu\/it\/stabilisci-obiettivi-smart-nella-tua-strategia-di-sostenibilita\/"]}]},{"@type":"ImageObject","inLanguage":"it-IT","@id":"https:\/\/terra-institute.eu\/it\/stabilisci-obiettivi-smart-nella-tua-strategia-di-sostenibilita\/#primaryimage","url":"https:\/\/terra-institute.eu\/it\/wp-content\/uploads\/2024\/03\/acqua-in-movimento-simon-caspersen.jpg","contentUrl":"https:\/\/terra-institute.eu\/it\/wp-content\/uploads\/2024\/03\/acqua-in-movimento-simon-caspersen.jpg","width":768,"height":512,"caption":"aqua"},{"@type":"BreadcrumbList","@id":"https:\/\/terra-institute.eu\/it\/stabilisci-obiettivi-smart-nella-tua-strategia-di-sostenibilita\/#breadcrumb","itemListElement":[{"@type":"ListItem","position":1,"name":"Home","item":"https:\/\/terra-institute.eu\/it\/"},{"@type":"ListItem","position":2,"name":"Stabilisci obiettivi SMART nella tua strategia di sostenibilit\u00e0"}]},{"@type":"WebSite","@id":"https:\/\/terra-institute.eu\/it\/#website","url":"https:\/\/terra-institute.eu\/it\/","name":"Terra Institute","description":"Empowering Responsible Growth","potentialAction":[{"@type":"SearchAction","target":{"@type":"EntryPoint","urlTemplate":"https:\/\/terra-institute.eu\/it\/?s={search_term_string}"},"query-input":{"@type":"PropertyValueSpecification","valueRequired":true,"valueName":"search_term_string"}}],"inLanguage":"it-IT"},{"@type":"Person","@id":"https:\/\/terra-institute.eu\/it\/#\/schema\/person\/0825c78d1038a1533e63d1a36ec49278","name":"francescoromito","image":{"@type":"ImageObject","inLanguage":"it-IT","@id":"https:\/\/terra-institute.eu\/it\/#\/schema\/person\/image\/","url":"https:\/\/secure.gravatar.com\/avatar\/af139ce2e39890ae48f5692c8a08dde6e376be32739bb05ea5a3ce601c598fa9?s=96&d=mm&r=g","contentUrl":"https:\/\/secure.gravatar.com\/avatar\/af139ce2e39890ae48f5692c8a08dde6e376be32739bb05ea5a3ce601c598fa9?s=96&d=mm&r=g","caption":"francescoromito"},"sameAs":["https:\/\/terra-institute.eu\/it"],"url":"https:\/\/terra-institute.eu\/it\/author\/francescoromito\/"}]}},"_links":{"self":[{"href":"https:\/\/terra-institute.eu\/it\/wp-json\/wp\/v2\/posts\/254587","targetHints":{"allow":["GET"]}}],"collection":[{"href":"https:\/\/terra-institute.eu\/it\/wp-json\/wp\/v2\/posts"}],"about":[{"href":"https:\/\/terra-institute.eu\/it\/wp-json\/wp\/v2\/types\/post"}],"author":[{"embeddable":true,"href":"https:\/\/terra-institute.eu\/it\/wp-json\/wp\/v2\/users\/1"}],"replies":[{"embeddable":true,"href":"https:\/\/terra-institute.eu\/it\/wp-json\/wp\/v2\/comments?post=254587"}],"version-history":[{"count":4,"href":"https:\/\/terra-institute.eu\/it\/wp-json\/wp\/v2\/posts\/254587\/revisions"}],"predecessor-version":[{"id":254595,"href":"https:\/\/terra-institute.eu\/it\/wp-json\/wp\/v2\/posts\/254587\/revisions\/254595"}],"wp:featuredmedia":[{"embeddable":true,"href":"https:\/\/terra-institute.eu\/it\/wp-json\/wp\/v2\/media\/254609"}],"wp:attachment":[{"href":"https:\/\/terra-institute.eu\/it\/wp-json\/wp\/v2\/media?parent=254587"}],"wp:term":[{"taxonomy":"category","embeddable":true,"href":"https:\/\/terra-institute.eu\/it\/wp-json\/wp\/v2\/categories?post=254587"},{"taxonomy":"post_tag","embeddable":true,"href":"https:\/\/terra-institute.eu\/it\/wp-json\/wp\/v2\/tags?post=254587"}],"curies":[{"name":"wp","href":"https:\/\/api.w.org\/{rel}","templated":true}]}}