{"id":254569,"date":"2024-04-24T14:58:00","date_gmt":"2024-04-24T12:58:00","guid":{"rendered":"https:\/\/terra-institute.eu\/it\/?p=254569"},"modified":"2025-08-11T14:59:32","modified_gmt":"2025-08-11T12:59:32","slug":"patagonia-e-il-futuro-delle-montagne","status":"publish","type":"post","link":"https:\/\/terra-institute.eu\/it\/patagonia-e-il-futuro-delle-montagne\/","title":{"rendered":"Patagonia e il futuro delle montagne"},"content":{"rendered":"\n[et_pb_section fb_built=&#8221;1&#8243; module_id=&#8221;temi&#8221; _builder_version=&#8221;4.16&#8243; _module_preset=&#8221;default&#8221; background_color=&#8221;#FFFFFF&#8221; module_alignment=&#8221;center&#8221; min_height=&#8221;622.7px&#8221; custom_margin=&#8221;|||-19px|false|false&#8221; custom_padding=&#8221;24px||44px||false|false&#8221; locked=&#8221;off&#8221; global_colors_info=&#8221;{}&#8221; theme_builder_area=&#8221;post_content&#8221;][et_pb_row column_structure=&#8221;2_5,3_5&#8243; module_id=&#8221;g\u00f6g-intro&#8221; _builder_version=&#8221;4.24.2&#8243; _module_preset=&#8221;default&#8221; module_alignment=&#8221;center&#8221; custom_margin=&#8221;9px|auto||auto||&#8221; custom_padding=&#8221;23px||1px|||&#8221; border_color_top=&#8221;rgba(125,113,104,0.25)&#8221; global_colors_info=&#8221;{}&#8221; theme_builder_area=&#8221;post_content&#8221;][et_pb_column type=&#8221;2_5&#8243; _builder_version=&#8221;4.16&#8243; _module_preset=&#8221;default&#8221; global_colors_info=&#8221;{}&#8221; theme_builder_area=&#8221;post_content&#8221;][et_pb_text _builder_version=&#8221;4.27.4&#8243; _module_preset=&#8221;default&#8221; text_font=&#8221;SourceSans-Pro-Regular||||||||&#8221; header_2_text_color=&#8221;#3d3d3d&#8221; header_2_font_size=&#8221;32px&#8221; header_2_line_height=&#8221;1.1em&#8221; custom_margin=&#8221;||-4px|||&#8221; custom_padding=&#8221;||0px||false|false&#8221; animation_style=&#8221;fade&#8221; animation_duration=&#8221;1300ms&#8221; hover_enabled=&#8221;0&#8243; border_color_left=&#8221;#7d7168&#8243; locked=&#8221;off&#8221; global_colors_info=&#8221;{}&#8221; theme_builder_area=&#8221;post_content&#8221; sticky_enabled=&#8221;0&#8243;]<h2 style=\"font-weight: 400;\">IL PERCORSO VERSO IL BILANCIO DI SOSTENIBILIT\u00c0<\/h2>[\/et_pb_text][et_pb_text disabled_on=&#8221;off|off|off&#8221; _builder_version=&#8221;4.27.4&#8243; _module_preset=&#8221;default&#8221; background_color=&#8221;#f9f9f9&#8243; custom_margin=&#8221;20px|||20px|false|false&#8221; custom_padding=&#8221;20px|||20px|false|false&#8221; hover_enabled=&#8221;0&#8243; box_shadow_style=&#8221;preset3&#8243; global_colors_info=&#8221;{}&#8221; theme_builder_area=&#8221;post_content&#8221; sticky_enabled=&#8221;0&#8243;]<h4><strong>Contenuti<\/strong><\/h4>\n<ol>\n<li><a href=\"#key\">Key facts in Patagonia<\/a><a href=\"#key\"><\/a><\/li>\n<li><a href=\"#herausforderungen\">Sfide<\/a><\/li>\n<li><a href=\"#was\">Giorni di progetto<\/a><\/li>\n<li><a href=\"#tage\">Sviluppo sostenibile, crescita interiore<\/a><\/li>\n<li><a href=\"#Damiano\">Damiano Bertolotti sul progetto<\/a><\/li>\n<li><a href=\"#projektleiter\">Project Manager Mauro Vaia<\/a><\/li>\n<li><a href=\"#kontakt\">Contatti<\/a><a href=\"#g\u00f6g-intro\" title=\"Key Facts zur Gesundheit \u00d6sterreich GmbH\"><span class=\"_fadeIn_m1hgl_8\"><\/span><\/a><a href=\"#kontakt\" title=\"Kontakt\"><\/a><\/li>\n<\/ol>[\/et_pb_text][\/et_pb_column][et_pb_column type=&#8221;3_5&#8243; _builder_version=&#8221;4.16&#8243; _module_preset=&#8221;default&#8221; global_colors_info=&#8221;{}&#8221; theme_builder_area=&#8221;post_content&#8221;][et_pb_text _builder_version=&#8221;4.27.4&#8243; _module_preset=&#8221;default&#8221; header_3_text_color=&#8221;#428ca6&#8243; hover_enabled=&#8221;0&#8243; global_colors_info=&#8221;{}&#8221; theme_builder_area=&#8221;post_content&#8221; sticky_enabled=&#8221;0&#8243;]<p class=\"my-0 py-2 [&amp;_strong:has(+br)]:inline-block [&amp;_strong:has(+br)]:pb-2\">Il progetto per il futuro delle montagne ha promosso collaborazione e fiducia, stabilito un piano d\u2019azione comune e chiare responsabilit\u00e0. Patagonia e <strong>Il futuro delle montagne<\/strong> hanno reso possibile una riflessione collettiva e lo sviluppo di una visione per la protezione delle montagne. Sotto la guida del Terra Institute Italia, sono stati coinvolti rappresentanti della Patagonia e associazioni di settore per sviluppare una visione comune.<\/p>\n<p class=\"my-0 py-2 [&amp;_strong:has(+br)]:inline-block [&amp;_strong:has(+br)]:pb-2\">Patagonia, un\u2019azienda statunitense fondata nel 1973 da Yvon Chouinard, \u00e8 considerata una delle aziende di abbigliamento outdoor con un forte focus sulla sostenibilit\u00e0 ecologica e la responsabilit\u00e0 sociale.<br \/>Oltre alla qualit\u00e0 dei suoi prodotti, Patagonia si distingue per le sue iniziative nel campo dell\u2019attivismo ambientale, sostenendo progetti ambientali e impegnandosi attivamente per la salvaguardia dell\u2019ambiente naturale.<\/p>[\/et_pb_text][\/et_pb_column][\/et_pb_row][et_pb_row _builder_version=&#8221;4.27.4&#8243; _module_preset=&#8221;default&#8221; global_colors_info=&#8221;{}&#8221; theme_builder_area=&#8221;post_content&#8221;][et_pb_column type=&#8221;4_4&#8243; _builder_version=&#8221;4.27.4&#8243; _module_preset=&#8221;default&#8221; global_colors_info=&#8221;{}&#8221; theme_builder_area=&#8221;post_content&#8221;][et_pb_text _builder_version=&#8221;4.27.4&#8243; _module_preset=&#8221;default&#8221; hover_enabled=&#8221;0&#8243; global_colors_info=&#8221;{}&#8221; theme_builder_area=&#8221;post_content&#8221; sticky_enabled=&#8221;0&#8243;]<p class=\"my-0\"><span>Il progetto fa parte delle attivit\u00e0 speciali di Patagonia per la tutela dell\u2019ambiente naturale, in particolare per il futuro delle montagne italiane.<\/span><br \/><span>L\u2019iniziativa mira a creare un punto d\u2019incontro per diverse realt\u00e0 dedicate alla conservazione delle montagne, al fine di facilitare la collaborazione e la creazione di modelli di gestione condivisi.<\/span><br \/><span>L\u2019obiettivo \u00e8 consolidare l\u2019unione di questi enti in un collettivo capace di agire insieme per obiettivi comuni, senza intaccare quanto gi\u00e0 realizzato dai singoli enti, ma costruendo su tali sforzi esistenti per dar vita a un\u2019iniziativa pi\u00f9 ampia e collaborativa.<\/span><\/p>[\/et_pb_text][\/et_pb_column][\/et_pb_row][et_pb_row module_id=&#8221;key&#8221; _builder_version=&#8221;4.27.4&#8243; _module_preset=&#8221;default&#8221; custom_padding=&#8221;||0px|||&#8221; global_colors_info=&#8221;{}&#8221; theme_builder_area=&#8221;post_content&#8221;][et_pb_column type=&#8221;4_4&#8243; _builder_version=&#8221;4.22.1&#8243; _module_preset=&#8221;default&#8221; global_colors_info=&#8221;{}&#8221; theme_builder_area=&#8221;post_content&#8221;][et_pb_text _builder_version=&#8221;4.27.4&#8243; _module_preset=&#8221;default&#8221; width=&#8221;85.6%&#8221; hover_enabled=&#8221;0&#8243; global_colors_info=&#8221;{}&#8221; theme_builder_area=&#8221;post_content&#8221; sticky_enabled=&#8221;0&#8243;]<h3><span class=\"_fadeIn_m1hgl_8\">Key <\/span><span class=\"_fadeIn_m1hgl_8\">facts in Patagonia<\/span><\/h3>[\/et_pb_text][\/et_pb_column][\/et_pb_row][et_pb_row column_structure=&#8221;1_5,1_5,1_5,1_5,1_5&#8243; disabled_on=&#8221;off|off|off&#8221; _builder_version=&#8221;4.22.1&#8243; _module_preset=&#8221;default&#8221; custom_padding=&#8221;0px|||||&#8221; global_colors_info=&#8221;{}&#8221; theme_builder_area=&#8221;post_content&#8221;][et_pb_column type=&#8221;1_5&#8243; _builder_version=&#8221;4.22.1&#8243; _module_preset=&#8221;default&#8221; global_colors_info=&#8221;{}&#8221; theme_builder_area=&#8221;post_content&#8221;][et_pb_image src=&#8221;https:\/\/terra-institute.eu\/it\/wp-content\/uploads\/2025\/04\/kind-of-project-e1706788177352.png&#8221; title_text=&#8221;kind of project&#8221; _builder_version=&#8221;4.22.1&#8243; _module_preset=&#8221;default&#8221; global_colors_info=&#8221;{}&#8221; theme_builder_area=&#8221;post_content&#8221;][\/et_pb_image][et_pb_text _builder_version=&#8221;4.27.4&#8243; _module_preset=&#8221;default&#8221; header_3_text_color=&#8221;#428ca6&#8243; hover_enabled=&#8221;0&#8243; global_colors_info=&#8221;{}&#8221; theme_builder_area=&#8221;post_content&#8221; sticky_enabled=&#8221;0&#8243;]<p style=\"font-weight: 400;\"><strong>Progetto speciale:<\/strong> Quale futuro per le nostre montagne?<\/p>[\/et_pb_text][\/et_pb_column][et_pb_column type=&#8221;1_5&#8243; _builder_version=&#8221;4.22.1&#8243; _module_preset=&#8221;default&#8221; global_colors_info=&#8221;{}&#8221; theme_builder_area=&#8221;post_content&#8221;][et_pb_image src=&#8221;https:\/\/terra-institute.eu\/it\/wp-content\/uploads\/2025\/01\/terra-client-since-e1706779538830.png&#8221; title_text=&#8221;terra client since&#8221; _builder_version=&#8221;4.22.1&#8243; _module_preset=&#8221;default&#8221; global_colors_info=&#8221;{}&#8221; theme_builder_area=&#8221;post_content&#8221;][\/et_pb_image][et_pb_text _builder_version=&#8221;4.27.4&#8243; _module_preset=&#8221;default&#8221; header_3_text_color=&#8221;#428ca6&#8243; hover_enabled=&#8221;0&#8243; global_colors_info=&#8221;{}&#8221; theme_builder_area=&#8221;post_content&#8221; sticky_enabled=&#8221;0&#8243;]<p style=\"font-weight: 400;\"><strong>Cliente Terra<\/strong> nel 2023<\/p>[\/et_pb_text][\/et_pb_column][et_pb_column type=&#8221;1_5&#8243; _builder_version=&#8221;4.22.1&#8243; _module_preset=&#8221;default&#8221; global_colors_info=&#8221;{}&#8221; theme_builder_area=&#8221;post_content&#8221;][et_pb_image src=&#8221;https:\/\/terra-institute.eu\/it\/wp-content\/uploads\/2025\/01\/headquarters-e1706715111396.png&#8221; title_text=&#8221;headquarters&#8221; _builder_version=&#8221;4.22.1&#8243; _module_preset=&#8221;default&#8221; global_colors_info=&#8221;{}&#8221; theme_builder_area=&#8221;post_content&#8221;][\/et_pb_image][et_pb_text _builder_version=&#8221;4.27.4&#8243; _module_preset=&#8221;default&#8221; header_3_text_color=&#8221;#428ca6&#8243; hover_enabled=&#8221;0&#8243; global_colors_info=&#8221;{}&#8221; theme_builder_area=&#8221;post_content&#8221; sticky_enabled=&#8221;0&#8243;]<p style=\"font-weight: 400;\"><strong>Sede<\/strong> centrale a Ventura, California, USA<\/p>[\/et_pb_text][\/et_pb_column][et_pb_column type=&#8221;1_5&#8243; _builder_version=&#8221;4.22.1&#8243; _module_preset=&#8221;default&#8221; global_colors_info=&#8221;{}&#8221; theme_builder_area=&#8221;post_content&#8221;][et_pb_image src=&#8221;https:\/\/terra-institute.eu\/it\/wp-content\/uploads\/2025\/01\/number-of-employees-e1706714553773.png&#8221; title_text=&#8221;number of employees&#8221; _builder_version=&#8221;4.22.1&#8243; _module_preset=&#8221;default&#8221; global_colors_info=&#8221;{}&#8221; theme_builder_area=&#8221;post_content&#8221;][\/et_pb_image][et_pb_text _builder_version=&#8221;4.27.4&#8243; _module_preset=&#8221;default&#8221; header_3_text_color=&#8221;#428ca6&#8243; hover_enabled=&#8221;0&#8243; global_colors_info=&#8221;{}&#8221; theme_builder_area=&#8221;post_content&#8221; sticky_enabled=&#8221;0&#8243;]<p style=\"font-weight: 400;\"><strong>Numero di dipendenti<\/strong>: 300<\/p>\n<p><span><br \/><\/span><span data-ccp-props=\"{&quot;201341983&quot;:0,&quot;335551550&quot;:6,&quot;335551620&quot;:6,&quot;335559739&quot;:0,&quot;335559740&quot;:276}\"><\/span><\/p>[\/et_pb_text][\/et_pb_column][et_pb_column type=&#8221;1_5&#8243; _builder_version=&#8221;4.22.1&#8243; _module_preset=&#8221;default&#8221; global_colors_info=&#8221;{}&#8221; theme_builder_area=&#8221;post_content&#8221;][et_pb_image src=&#8221;https:\/\/terra-institute.eu\/it\/wp-content\/uploads\/2025\/04\/link-to-website-e1706788575343.png&#8221; title_text=&#8221;link to website&#8221; _builder_version=&#8221;4.22.1&#8243; _module_preset=&#8221;default&#8221; global_colors_info=&#8221;{}&#8221; theme_builder_area=&#8221;post_content&#8221;][\/et_pb_image][et_pb_text _builder_version=&#8221;4.27.4&#8243; _module_preset=&#8221;default&#8221; header_3_text_color=&#8221;#428ca6&#8243; hover_enabled=&#8221;0&#8243; global_colors_info=&#8221;{}&#8221; theme_builder_area=&#8221;post_content&#8221; sticky_enabled=&#8221;0&#8243;]<p data-start=\"2310\" data-end=\"2374\"><strong data-start=\"2310\" data-end=\"2322\"><span class=\"_fadeIn_m1hgl_8\">Sito <\/span><span class=\"_fadeIn_m1hgl_8\">web<\/span><\/strong><span class=\"_fadeIn_m1hgl_8\">: <a href=\"https:\/\/eu.patagonia.com\/\" target=\"_blank\" rel=\"noopener\">eu.patagonia.com<\/a><\/span><\/p>\n<div><\/div>[\/et_pb_text][\/et_pb_column][\/et_pb_row][\/et_pb_section][et_pb_section fb_built=&#8221;1&#8243; module_id=&#8221;herausforderungen&#8221; _builder_version=&#8221;4.27.4&#8243; _module_preset=&#8221;default&#8221; background_color=&#8221;#79a9b6&#8243; global_colors_info=&#8221;{}&#8221; theme_builder_area=&#8221;post_content&#8221;][et_pb_row column_structure=&#8221;2_3,1_3&#8243; module_id=&#8221;vorteile-beratung&#8221; _builder_version=&#8221;4.17.4&#8243; _module_preset=&#8221;default&#8221; custom_padding=&#8221;||0px|||&#8221; global_colors_info=&#8221;{}&#8221; theme_builder_area=&#8221;post_content&#8221;][et_pb_column type=&#8221;2_3&#8243; _builder_version=&#8221;4.17.4&#8243; _module_preset=&#8221;default&#8221; global_colors_info=&#8221;{}&#8221; theme_builder_area=&#8221;post_content&#8221;][et_pb_text module_id=&#8221;beratung&#8221; _builder_version=&#8221;4.27.4&#8243; _module_preset=&#8221;default&#8221; text_text_color=&#8221;#FFFFFF&#8221; header_2_text_color=&#8221;#FFFFFF&#8221; header_2_font_size=&#8221;32px&#8221; header_3_font_size=&#8221;26px&#8221; width=&#8221;116.1%&#8221; custom_padding=&#8221;||||false|false&#8221; hover_enabled=&#8221;0&#8243; global_colors_info=&#8221;{}&#8221; theme_builder_area=&#8221;post_content&#8221; sticky_enabled=&#8221;0&#8243;]<h3 style=\"font-weight: 400;\"><span style=\"color: #ffffff;\">SFIDE DURANTE IL PROGETTO<\/span><\/h3>[\/et_pb_text][\/et_pb_column][et_pb_column type=&#8221;1_3&#8243; _builder_version=&#8221;4.17.4&#8243; _module_preset=&#8221;default&#8221; global_colors_info=&#8221;{}&#8221; theme_builder_area=&#8221;post_content&#8221;][\/et_pb_column][\/et_pb_row][et_pb_row _builder_version=&#8221;4.17.4&#8243; _module_preset=&#8221;default&#8221; custom_padding=&#8221;||3px|||&#8221; global_colors_info=&#8221;{}&#8221; column_structure=&#8221;1_2,1_2&#8243; theme_builder_area=&#8221;post_content&#8221;][et_pb_column type=&#8221;1_2&#8243; _builder_version=&#8221;4.17.4&#8243; _module_preset=&#8221;default&#8221; global_colors_info=&#8221;{}&#8221; theme_builder_area=&#8221;post_content&#8221;][et_pb_image src=&#8221;https:\/\/terra-institute.eu\/it\/wp-content\/uploads\/2025\/08\/montagne-patagonia-projekt-odiseo-castrejon.jpg&#8221; alt=&#8221;Montagna con lago sullo sfondo&#8221; title_text=&#8221;montagne-patagonia-projekt&#8221; _builder_version=&#8221;4.27.4&#8243; _module_preset=&#8221;default&#8221; hover_enabled=&#8221;0&#8243; global_colors_info=&#8221;{}&#8221; theme_builder_area=&#8221;post_content&#8221; sticky_enabled=&#8221;0&#8243;][\/et_pb_image][\/et_pb_column][et_pb_column type=&#8221;1_2&#8243; _builder_version=&#8221;4.17.4&#8243; _module_preset=&#8221;default&#8221; global_colors_info=&#8221;{}&#8221; theme_builder_area=&#8221;post_content&#8221;][et_pb_text _builder_version=&#8221;4.27.4&#8243; _module_preset=&#8221;default&#8221; text_text_color=&#8221;#FFFFFF&#8221; header_text_color=&#8221;#FFFFFF&#8221; header_2_text_color=&#8221;#FFFFFF&#8221; header_3_text_color=&#8221;#FFFFFF&#8221; hover_enabled=&#8221;0&#8243; global_colors_info=&#8221;{}&#8221; theme_builder_area=&#8221;post_content&#8221; sticky_enabled=&#8221;0&#8243;]<p class=\"my-0 py-2 [&amp;_strong:has(+br)]:inline-block [&amp;_strong:has(+br)]:pb-2\">Alcune delle sfide del progetto erano legate all\u2019integrazione delle diverse visioni e priorit\u00e0 dei vari stakeholder.<br \/>L\u2019elevato numero di organizzazioni impegnate nella tutela delle montagne richiede un coordinamento che risponda alle esigenze e alle aspettative di ciascun partecipante.<br \/>Il progetto consente certamente di costruire fiducia e collaborazione tra organizzazioni che, pur rimanendo indipendenti, sono disposte a lavorare insieme in nome di una visione comune.<\/p>\n<p class=\"my-0 py-2 [&amp;_strong:has(+br)]:inline-block [&amp;_strong:has(+br)]:pb-2\">La difficolt\u00e0 di coordinare diverse organizzazioni richiede un piano d\u2019azione condiviso e chiarezza sulle responsabilit\u00e0 dei singoli membri.<br \/>Il progetto ha posto le basi per un dialogo comune e un linguaggio condiviso, che richiedono un impegno a lungo termine \u2013 una sfida che pu\u00f2 certamente derivare dalle priorit\u00e0 e dalle risorse delle organizzazioni, le quali possono variare nel tempo.<\/p>[\/et_pb_text][et_pb_button button_url=&#8221;#kontakt&#8221; button_text=&#8221;Contatta Terra ora&#8221; _builder_version=&#8221;4.27.4&#8243; _module_preset=&#8221;default&#8221; custom_button=&#8221;on&#8221; button_text_size=&#8221;16px&#8221; button_text_color=&#8221;#FFFFFF&#8221; button_bg_color=&#8221;#428ca6&#8243; background_layout=&#8221;dark&#8221; global_colors_info=&#8221;{}&#8221; button_text_color__hover_enabled=&#8221;off|desktop&#8221; theme_builder_area=&#8221;post_content&#8221;][\/et_pb_button][\/et_pb_column][\/et_pb_row][\/et_pb_section][et_pb_section fb_built=&#8221;1&#8243; module_id=&#8221;was&#8221; _builder_version=&#8221;4.27.4&#8243; _module_preset=&#8221;default&#8221; custom_padding=&#8221;3px||18px|||&#8221; hover_enabled=&#8221;0&#8243; global_colors_info=&#8221;{}&#8221; theme_builder_area=&#8221;post_content&#8221; sticky_enabled=&#8221;0&#8243;][et_pb_row module_id=&#8221;leadership&#8221; _builder_version=&#8221;4.17.4&#8243; _module_preset=&#8221;default&#8221; global_colors_info=&#8221;{}&#8221; theme_builder_area=&#8221;post_content&#8221;][et_pb_column type=&#8221;4_4&#8243; _builder_version=&#8221;4.17.4&#8243; _module_preset=&#8221;default&#8221; global_colors_info=&#8221;{}&#8221; theme_builder_area=&#8221;post_content&#8221;][et_pb_text module_id=&#8221;terra&#8221; _builder_version=&#8221;4.27.4&#8243; _module_preset=&#8221;default&#8221; header_2_font_size=&#8221;32px&#8221; hover_enabled=&#8221;0&#8243; global_colors_info=&#8221;{}&#8221; theme_builder_area=&#8221;post_content&#8221; sticky_enabled=&#8221;0&#8243;]<h3 style=\"font-weight: 400;\">DUE GIORNI DI PROGETTO: LA PATAGONIA E IL FUTURO DELLE MONTAGNE<\/h3>[\/et_pb_text][et_pb_text _builder_version=&#8221;4.27.4&#8243; _module_preset=&#8221;default&#8221; hover_enabled=&#8221;0&#8243; global_colors_info=&#8221;{}&#8221; theme_builder_area=&#8221;post_content&#8221; sticky_enabled=&#8221;0&#8243;]<p class=\"my-0 py-2 [&amp;_strong:has(+br)]:inline-block [&amp;_strong:has(+br)]:pb-2\">Il primo giorno sono state esaminate le percezioni collettive riguardo alle montagne, riconoscendo sia ci\u00f2 che gi\u00e0 funziona sia ci\u00f2 che deve essere migliorato.<br \/>L\u2019obiettivo era discutere i principali problemi e i temi pi\u00f9 importanti da affrontare, senza concentrarsi sugli aspetti negativi, ma cercando piuttosto di sviluppare una visione comune per progredire insieme.<\/p>\n<p class=\"my-0 py-2 [&amp;_strong:has(+br)]:inline-block [&amp;_strong:has(+br)]:pb-2\">Il secondo giorno si \u00e8 ampliata la comprensione delle montagne come \u201cbene che va oltre l\u2019individuo\u201d e si \u00e8 richiesto un impegno comune per la loro tutela e conservazione.<br \/>\u00c8 stata delineata una visione condivisa per le montagne, che va oltre l\u2019idea di una gestione individuale e porta allo sviluppo di un modello di governance collettivo, e sono state discusse azioni prioritarie per sviluppare un futuro sostenibile per le montagne.<\/p>\n<p class=\"my-0 py-2 [&amp;_strong:has(+br)]:inline-block [&amp;_strong:has(+br)]:pb-2\">In entrambe le giornate sono stati promossi una visione comune e la collaborazione, con l\u2019accento sulla necessit\u00e0 di un impegno collettivo per proteggere le nostre preziose risorse naturali.<\/p>[\/et_pb_text][\/et_pb_column][\/et_pb_row][\/et_pb_section][et_pb_section fb_built=&#8221;1&#8243; module_id=&#8221;tage&#8221; _builder_version=&#8221;4.27.4&#8243; _module_preset=&#8221;default&#8221; background_color=&#8221;#79a9b6&#8243; custom_padding=&#8221;3px||18px|||&#8221; hover_enabled=&#8221;0&#8243; global_colors_info=&#8221;{}&#8221; theme_builder_area=&#8221;post_content&#8221; sticky_enabled=&#8221;0&#8243;][et_pb_row module_id=&#8221;leadership&#8221; _builder_version=&#8221;4.17.4&#8243; _module_preset=&#8221;default&#8221; global_colors_info=&#8221;{}&#8221; theme_builder_area=&#8221;post_content&#8221;][et_pb_column type=&#8221;4_4&#8243; _builder_version=&#8221;4.17.4&#8243; _module_preset=&#8221;default&#8221; global_colors_info=&#8221;{}&#8221; theme_builder_area=&#8221;post_content&#8221;][et_pb_text module_id=&#8221;terra&#8221; _builder_version=&#8221;4.27.4&#8243; _module_preset=&#8221;default&#8221; header_2_text_color=&#8221;#FFFFFF&#8221; header_2_font_size=&#8221;32px&#8221; width=&#8221;100%&#8221; hover_enabled=&#8221;0&#8243; global_colors_info=&#8221;{}&#8221; theme_builder_area=&#8221;post_content&#8221; sticky_enabled=&#8221;0&#8243;]<h3><span style=\"color: #ffffff;\">SVILUPPO SOSTENIBILE E CRESCITA INTERIORE<\/span><\/h3>\n<p><span style=\"color: #ffffff;\">Il progetto, guidato da Terra Institute Italia, ha coinvolto rappresentanti della Patagonia come facilitatori di processo, utilizzando i valori degli Obiettivi di Sviluppo Interiore (IDGS) e collaborando con associazioni che hanno contribuito con le loro idee e competenze.<\/span><\/p>[\/et_pb_text][\/et_pb_column][\/et_pb_row][et_pb_row column_structure=&#8221;3_5,2_5&#8243; _builder_version=&#8221;4.17.4&#8243; _module_preset=&#8221;default&#8221; global_colors_info=&#8221;{}&#8221; theme_builder_area=&#8221;post_content&#8221;][et_pb_column type=&#8221;3_5&#8243; _builder_version=&#8221;4.17.4&#8243; _module_preset=&#8221;default&#8221; global_colors_info=&#8221;{}&#8221; theme_builder_area=&#8221;post_content&#8221;][et_pb_image src=&#8221;https:\/\/terra-institute.eu\/it\/wp-content\/uploads\/2025\/08\/Patagonia-Projekt.jpeg&#8221; alt=&#8221;gruppo di persone&#8221; title_text=&#8221;Patagonia-Projekt&#8221; _builder_version=&#8221;4.27.4&#8243; _module_preset=&#8221;default&#8221; hover_enabled=&#8221;0&#8243; global_colors_info=&#8221;{}&#8221; theme_builder_area=&#8221;post_content&#8221; sticky_enabled=&#8221;0&#8243;][\/et_pb_image][\/et_pb_column][et_pb_column type=&#8221;2_5&#8243; _builder_version=&#8221;4.17.4&#8243; _module_preset=&#8221;default&#8221; global_colors_info=&#8221;{}&#8221; theme_builder_area=&#8221;post_content&#8221;][et_pb_button button_url=&#8221;#kontakt&#8221; button_text=&#8221;Contattaci ora&#8221; _builder_version=&#8221;4.27.4&#8243; _module_preset=&#8221;default&#8221; custom_button=&#8221;on&#8221; button_text_size=&#8221;16px&#8221; button_text_color=&#8221;#FFFFFF&#8221; button_bg_color=&#8221;#428ca6&#8243; background_layout=&#8221;dark&#8221; global_colors_info=&#8221;{}&#8221; button_text_color__hover_enabled=&#8221;off|desktop&#8221; theme_builder_area=&#8221;post_content&#8221;][\/et_pb_button][\/et_pb_column][\/et_pb_row][\/et_pb_section][et_pb_section fb_built=&#8221;1&#8243; module_id=&#8221;Damiano&#8221; _builder_version=&#8221;4.27.4&#8243; _module_preset=&#8221;default&#8221; custom_padding=&#8221;3px||18px|||&#8221; hover_enabled=&#8221;0&#8243; global_colors_info=&#8221;{}&#8221; theme_builder_area=&#8221;post_content&#8221; sticky_enabled=&#8221;0&#8243;][et_pb_row module_id=&#8221;leadership&#8221; _builder_version=&#8221;4.17.4&#8243; _module_preset=&#8221;default&#8221; global_colors_info=&#8221;{}&#8221; theme_builder_area=&#8221;post_content&#8221;][et_pb_column type=&#8221;4_4&#8243; _builder_version=&#8221;4.17.4&#8243; _module_preset=&#8221;default&#8221; global_colors_info=&#8221;{}&#8221; theme_builder_area=&#8221;post_content&#8221;][et_pb_text module_id=&#8221;terra&#8221; _builder_version=&#8221;4.27.4&#8243; _module_preset=&#8221;default&#8221; header_2_font_size=&#8221;32px&#8221; header_3_font_size=&#8221;32px&#8221; header_4_font_size=&#8221;22px&#8221; width=&#8221;100%&#8221; hover_enabled=&#8221;0&#8243; global_colors_info=&#8221;{}&#8221; theme_builder_area=&#8221;post_content&#8221; sticky_enabled=&#8221;0&#8243;]<h3 style=\"font-weight: 400;\">DAMIANO BERTOLOTTI, COMMUNITY MARKETING &amp; IMPACT MANAGER EUROPA MERIDIONALE, SUL PROGETTO<\/h3>[\/et_pb_text][\/et_pb_column][\/et_pb_row][et_pb_row column_structure=&#8221;3_4,1_4&#8243; _builder_version=&#8221;4.22.1&#8243; _module_preset=&#8221;default&#8221; global_colors_info=&#8221;{}&#8221; theme_builder_area=&#8221;post_content&#8221;][et_pb_column type=&#8221;3_4&#8243; _builder_version=&#8221;4.22.1&#8243; _module_preset=&#8221;default&#8221; global_colors_info=&#8221;{}&#8221; theme_builder_area=&#8221;post_content&#8221;][et_pb_testimonial author=&#8221;Damiano Bertolotti&#8221; job_title=&#8221;Community Marketing &#038; Impact Manager Europa meridionale, Patagonia&#8221; portrait_width=&#8221;140px&#8221; portrait_height=&#8221;140px&#8221; _builder_version=&#8221;4.27.4&#8243; _module_preset=&#8221;default&#8221; hover_enabled=&#8221;0&#8243; border_radii_portrait=&#8221;on|140px|140px|140px|140px&#8221; global_colors_info=&#8221;{}&#8221; theme_builder_area=&#8221;post_content&#8221; sticky_enabled=&#8221;0&#8243;]<p class=\"my-0 py-2 [&amp;_strong:has(+br)]:inline-block [&amp;_strong:has(+br)]:pb-2\"><span>\u201e<\/span>Quello che amo di pi\u00f9 del mio lavoro \u00e8 il networking.<br \/>Collegare le persone, le loro storie, le loro idee.<br \/>Unire i puntini e costruire ponti.<br \/>Lo scorso febbraio, alla Centrale Fies, insieme al Terra Institute, abbiamo fatto proprio questo.<br \/>Abbiamo organizzato il workshop \u2013 <em>Quale futuro per le nostre montagne?<\/em> \u2013 per creare un punto di incontro per le associazioni non profit italiane che hanno a cuore le montagne e si impegnano per la loro tutela.<br \/>Sono stati due giorni che (spero) possano gettare le basi per il co-design e l\u2019identificazione di modelli di governance condivisi, in grado di rafforzare il movimento e delineare una visione e un cammino comuni.&#8221;<\/p>[\/et_pb_testimonial][\/et_pb_column][et_pb_column type=&#8221;1_4&#8243; _builder_version=&#8221;4.22.1&#8243; _module_preset=&#8221;default&#8221; global_colors_info=&#8221;{}&#8221; theme_builder_area=&#8221;post_content&#8221;][et_pb_image src=&#8221;https:\/\/terra-institute.eu\/it\/wp-content\/uploads\/2025\/08\/Patagonia_Logo.png&#8221; alt=&#8221;Merano 2000_Logo&#8221; title_text=&#8221;Patagonia_Logo&#8221; _builder_version=&#8221;4.27.4&#8243; _module_preset=&#8221;default&#8221; hover_enabled=&#8221;0&#8243; global_colors_info=&#8221;{}&#8221; theme_builder_area=&#8221;post_content&#8221; sticky_enabled=&#8221;0&#8243;][\/et_pb_image][\/et_pb_column][\/et_pb_row][\/et_pb_section][et_pb_section fb_built=&#8221;1&#8243; module_id=&#8221;projektleiter&#8221; _builder_version=&#8221;4.27.4&#8243; _module_preset=&#8221;default&#8221; background_color=&#8221;#79a9b6&#8243; custom_padding=&#8221;3px||18px|||&#8221; hover_enabled=&#8221;0&#8243; global_colors_info=&#8221;{}&#8221; theme_builder_area=&#8221;post_content&#8221; sticky_enabled=&#8221;0&#8243;][et_pb_row column_structure=&#8221;3_5,2_5&#8243; module_id=&#8221;leadership&#8221; _builder_version=&#8221;4.17.4&#8243; _module_preset=&#8221;default&#8221; global_colors_info=&#8221;{}&#8221; theme_builder_area=&#8221;post_content&#8221;][et_pb_column type=&#8221;3_5&#8243; _builder_version=&#8221;4.17.4&#8243; _module_preset=&#8221;default&#8221; global_colors_info=&#8221;{}&#8221; theme_builder_area=&#8221;post_content&#8221;][et_pb_text module_id=&#8221;terra&#8221; _builder_version=&#8221;4.27.4&#8243; _module_preset=&#8221;default&#8221; header_2_text_color=&#8221;#FFFFFF&#8221; header_2_font_size=&#8221;32px&#8221; width=&#8221;100%&#8221; hover_enabled=&#8221;0&#8243; global_colors_info=&#8221;{}&#8221; theme_builder_area=&#8221;post_content&#8221; sticky_enabled=&#8221;0&#8243;]<h3><span style=\"color: #ffffff;\">CONSULENTE E PROJECT MANAGER DI TERRA INSTITUTE MAURO VAIA<\/span><\/h3>[\/et_pb_text][\/et_pb_column][et_pb_column type=&#8221;2_5&#8243; _builder_version=&#8221;4.17.4&#8243; _module_preset=&#8221;default&#8221; global_colors_info=&#8221;{}&#8221; theme_builder_area=&#8221;post_content&#8221;][\/et_pb_column][\/et_pb_row][et_pb_row column_structure=&#8221;2_5,3_5&#8243; _builder_version=&#8221;4.17.4&#8243; _module_preset=&#8221;default&#8221; global_colors_info=&#8221;{}&#8221; theme_builder_area=&#8221;post_content&#8221;][et_pb_column type=&#8221;2_5&#8243; _builder_version=&#8221;4.17.4&#8243; _module_preset=&#8221;default&#8221; global_colors_info=&#8221;{}&#8221; theme_builder_area=&#8221;post_content&#8221;][et_pb_image src=&#8221;https:\/\/terra-institute.eu\/it\/wp-content\/uploads\/2023\/06\/Mauro-Vaia.jpg&#8221; alt=&#8221;Profilbild Alexander Schweitzer&#8221; title_text=&#8221;Mauro Vaia&#8221; _builder_version=&#8221;4.27.4&#8243; _module_preset=&#8221;default&#8221; hover_enabled=&#8221;0&#8243; global_colors_info=&#8221;{}&#8221; theme_builder_area=&#8221;post_content&#8221; sticky_enabled=&#8221;0&#8243;][\/et_pb_image][et_pb_button button_url=&#8221;#kontakt&#8221; button_text=&#8221;Contattaci ora&#8221; _builder_version=&#8221;4.27.4&#8243; _module_preset=&#8221;default&#8221; custom_button=&#8221;on&#8221; button_text_size=&#8221;16px&#8221; button_text_color=&#8221;#FFFFFF&#8221; button_bg_color=&#8221;#428ca6&#8243; background_layout=&#8221;dark&#8221; global_colors_info=&#8221;{}&#8221; button_text_color__hover_enabled=&#8221;off|desktop&#8221; theme_builder_area=&#8221;post_content&#8221;][\/et_pb_button][\/et_pb_column][et_pb_column type=&#8221;3_5&#8243; _builder_version=&#8221;4.17.4&#8243; _module_preset=&#8221;default&#8221; global_colors_info=&#8221;{}&#8221; theme_builder_area=&#8221;post_content&#8221;][et_pb_text _builder_version=&#8221;4.27.4&#8243; _module_preset=&#8221;default&#8221; text_text_color=&#8221;#FFFFFF&#8221; width=&#8221;85.6%&#8221; hover_enabled=&#8221;0&#8243; global_colors_info=&#8221;{}&#8221; theme_builder_area=&#8221;post_content&#8221; sticky_enabled=&#8221;0&#8243;]<p data-ccp-props=\"{&quot;335551550&quot;:1,&quot;335551620&quot;:1,&quot;335559683&quot;:0,&quot;335559685&quot;:0,&quot;335559731&quot;:0,&quot;335559737&quot;:0,&quot;335562764&quot;:2,&quot;335562765&quot;:1,&quot;335562766&quot;:4,&quot;335562767&quot;:0,&quot;335562768&quot;:4,&quot;335562769&quot;:0}\"><strong>MAURO VAIA\u200b <\/strong><span data-usefontface=\"true\" data-contrast=\"none\">For <\/span><span data-usefontface=\"true\" data-contrast=\"none\">many<\/span> <span data-usefontface=\"true\" data-contrast=\"none\">years<\/span><span data-usefontface=\"true\" data-contrast=\"none\">, Mauro <\/span><span data-usefontface=\"true\" data-contrast=\"none\">has<\/span> <span data-usefontface=\"true\" data-contrast=\"none\">been<\/span> <span data-usefontface=\"true\" data-contrast=\"none\">supporting<\/span><span data-usefontface=\"true\" data-contrast=\"none\"> the <\/span><span data-usefontface=\"true\" data-contrast=\"none\">development<\/span><span data-usefontface=\"true\" data-contrast=\"none\"> of companies and business networks, meeting <\/span><span data-usefontface=\"true\" data-contrast=\"none\">people and <\/span><span data-usefontface=\"true\" data-contrast=\"none\">organizations<\/span> <span data-usefontface=\"true\" data-contrast=\"none\">daily<\/span> <span data-usefontface=\"true\" data-contrast=\"none\">who<\/span> <span data-usefontface=\"true\" data-contrast=\"none\">seek<\/span> <span data-usefontface=\"true\" data-contrast=\"none\">profound<\/span> <span data-usefontface=\"true\" data-contrast=\"none\">renewal<\/span><span data-usefontface=\"true\" data-contrast=\"none\"> and a <\/span><span data-usefontface=\"true\" data-contrast=\"none\">compass<\/span><span data-usefontface=\"true\" data-contrast=\"none\"> and agenda to do so <\/span><span data-usefontface=\"true\" data-contrast=\"none\">consciously<\/span><span data-usefontface=\"true\" data-contrast=\"none\">. <\/span><span data-usefontface=\"true\" data-contrast=\"none\">Through<\/span> <span data-usefontface=\"true\" data-contrast=\"none\">his<\/span><span data-usefontface=\"true\" data-contrast=\"none\"> personal and <\/span><span data-usefontface=\"true\" data-contrast=\"none\">professional<\/span> <span data-usefontface=\"true\" data-contrast=\"none\">experiences<\/span><span data-usefontface=\"true\" data-contrast=\"none\">, he <\/span><span data-usefontface=\"true\" data-contrast=\"none\">has<\/span> <span data-usefontface=\"true\" data-contrast=\"none\">understood<\/span> <span data-usefontface=\"true\" data-contrast=\"none\">that<\/span><span data-usefontface=\"true\" data-contrast=\"none\"> genuine <\/span><span data-usefontface=\"true\" data-contrast=\"none\">renewal<\/span> <span data-usefontface=\"true\" data-contrast=\"none\">requires<\/span><span data-usefontface=\"true\" data-contrast=\"none\"> a new <\/span><span data-usefontface=\"true\" data-contrast=\"none\">epistemological<\/span><span data-usefontface=\"true\" data-contrast=\"none\"> and <\/span><span data-usefontface=\"true\" data-contrast=\"none\">reflective<\/span> <span data-usefontface=\"true\" data-contrast=\"none\">orientation<\/span> <span data-usefontface=\"true\" data-contrast=\"none\">that<\/span> <span data-usefontface=\"true\" data-contrast=\"none\">enables<\/span><span data-usefontface=\"true\" data-contrast=\"none\"> new <\/span><span data-usefontface=\"true\" data-contrast=\"none\">awareness<\/span><span data-usefontface=\"true\" data-contrast=\"none\">, <\/span><span data-usefontface=\"true\" data-contrast=\"none\">empowers<\/span><span data-usefontface=\"true\" data-contrast=\"none\">, and <\/span><span data-usefontface=\"true\" data-contrast=\"none\">motivates<\/span><span data-usefontface=\"true\" data-contrast=\"none\"> people. He <\/span><span data-usefontface=\"true\" data-contrast=\"none\">is<\/span> <span data-usefontface=\"true\" data-contrast=\"none\">the <\/span><span data-usefontface=\"true\" data-contrast=\"none\">managing<\/span><span data-usefontface=\"true\" data-contrast=\"none\"> partner of Terra Institute Italia and <\/span><span data-usefontface=\"true\" data-contrast=\"none\">focuses<\/span> <span data-usefontface=\"true\" data-contrast=\"none\">professionally<\/span><span data-usefontface=\"true\" data-contrast=\"none\"> on the <\/span><span data-usefontface=\"true\" data-contrast=\"none\">organizational<\/span><span data-usefontface=\"true\" data-contrast=\"none\">, personal, and <\/span><span data-usefontface=\"true\" data-contrast=\"none\">strategic<\/span> <span data-usefontface=\"true\" data-contrast=\"none\">development<\/span><span data-usefontface=\"true\" data-contrast=\"none\"> of companies, with <\/span><span data-usefontface=\"true\" data-contrast=\"none\">particular<\/span> <span data-usefontface=\"true\" data-contrast=\"none\">attention<\/span><span data-usefontface=\"true\" data-contrast=\"none\"> to social <\/span><span data-usefontface=\"true\" data-contrast=\"none\">sustainability<\/span><span data-usefontface=\"true\" data-contrast=\"none\">. Mauro <\/span><span data-usefontface=\"true\" data-contrast=\"none\">is<\/span> <span data-usefontface=\"true\" data-contrast=\"none\">also<\/span><span data-usefontface=\"true\" data-contrast=\"none\"> an <\/span><span data-usefontface=\"true\" data-contrast=\"none\">author<\/span><span data-usefontface=\"true\" data-contrast=\"none\"> of <\/span><span data-usefontface=\"true\" data-contrast=\"none\">essays<\/span><span data-usefontface=\"true\" data-contrast=\"none\"> and books. His <\/span><span data-usefontface=\"true\" data-contrast=\"none\">latest<\/span><span data-usefontface=\"true\" data-contrast=\"none\"> work, &#8220;Il Valore <\/span><span data-usefontface=\"true\" data-contrast=\"none\">beyond<\/span> <span data-usefontface=\"true\" data-contrast=\"none\">God<\/span><span data-usefontface=\"true\" data-contrast=\"none\">,&#8221; <\/span><span data-usefontface=\"true\" data-contrast=\"none\">reflects<\/span><span data-usefontface=\"true\" data-contrast=\"none\"> on a moral <\/span><span data-usefontface=\"true\" data-contrast=\"none\">space<\/span><span data-usefontface=\"true\" data-contrast=\"none\"> for the challenges of the 21st <\/span><span data-usefontface=\"true\" data-contrast=\"none\">century<\/span><span data-usefontface=\"true\" data-contrast=\"none\"> and <\/span><span data-usefontface=\"true\" data-contrast=\"none\">was<\/span> <span data-usefontface=\"true\" data-contrast=\"none\">published<\/span><span data-usefontface=\"true\" data-contrast=\"none\"> in the <\/span><span data-usefontface=\"true\" data-contrast=\"none\">summer<\/span><span data-usefontface=\"true\" data-contrast=\"none\"> of 2020 by Armando Editore.<\/span><\/p>[\/et_pb_text][\/et_pb_column][\/et_pb_row][\/et_pb_section][et_pb_section fb_built=&#8221;1&#8243; _builder_version=&#8221;4.16&#8243; _module_preset=&#8221;default&#8221; custom_padding=&#8221;20px||28px|||&#8221; locked=&#8221;off&#8221; global_colors_info=&#8221;{}&#8221; theme_builder_area=&#8221;post_content&#8221;][et_pb_row _builder_version=&#8221;4.16&#8243; _module_preset=&#8221;default&#8221; global_colors_info=&#8221;{}&#8221; theme_builder_area=&#8221;post_content&#8221;][et_pb_column type=&#8221;4_4&#8243; _builder_version=&#8221;4.16&#8243; _module_preset=&#8221;default&#8221; global_colors_info=&#8221;{}&#8221; theme_builder_area=&#8221;post_content&#8221;][et_pb_text _builder_version=&#8221;4.27.4&#8243; _module_preset=&#8221;default&#8221; header_font_size=&#8221;42px&#8221; header_line_height=&#8221;1.1em&#8221; header_2_font_size=&#8221;42px&#8221; animation_style=&#8221;fade&#8221; hover_enabled=&#8221;0&#8243; global_colors_info=&#8221;{}&#8221; theme_builder_area=&#8221;post_content&#8221; sticky_enabled=&#8221;0&#8243;]<h3>Le aziende<br \/><span style=\"color: #79a9b6;\">che ci hanno scelto<\/span><\/h3>[\/et_pb_text][\/et_pb_column][\/et_pb_row][et_pb_row use_custom_gutter=&#8221;on&#8221; gutter_width=&#8221;1&#8243; make_equal=&#8221;on&#8221; _builder_version=&#8221;4.16&#8243; _module_preset=&#8221;default&#8221; custom_margin=&#8221;|auto|30px|auto||&#8221; custom_padding=&#8221;0px||0px|||&#8221; border_color_all=&#8221;rgba(125,113,104,0.25)&#8221; border_width_top=&#8221;1px&#8221; border_color_top=&#8221;#e2e2e2&#8243; border_width_bottom=&#8221;1px&#8221; border_color_bottom=&#8221;#e2e2e2&#8243; global_colors_info=&#8221;{}&#8221; theme_builder_area=&#8221;post_content&#8221;][et_pb_column type=&#8221;4_4&#8243; _builder_version=&#8221;4.16&#8243; _module_preset=&#8221;default&#8221; global_colors_info=&#8221;{}&#8221; theme_builder_area=&#8221;post_content&#8221;][wdcl_logo_carousel autoplay_speed=&#8221;1100ms&#8221; slide_count=&#8221;4&#8243; logo_height=&#8221;109px&#8221; logo_width=&#8221;112px&#8221; _builder_version=&#8221;4.22.1&#8243; _module_preset=&#8221;default&#8221; global_colors_info=&#8221;{}&#8221; theme_builder_area=&#8221;post_content&#8221;][wdcl_logo_carousel_child logo=&#8221;https:\/\/terra-institute.eu\/wp-content\/uploads\/2021\/05\/a.loacker-web-768&#215;302-1.jpg&#8221; _builder_version=&#8221;4.22.1&#8243; _module_preset=&#8221;default&#8221; global_colors_info=&#8221;{}&#8221; theme_builder_area=&#8221;post_content&#8221;][\/wdcl_logo_carousel_child][wdcl_logo_carousel_child logo=&#8221;https:\/\/terra-institute.eu\/wp-content\/uploads\/2021\/05\/apparatebau.png&#8221; _builder_version=&#8221;4.22.1&#8243; _module_preset=&#8221;default&#8221; global_colors_info=&#8221;{}&#8221; theme_builder_area=&#8221;post_content&#8221;][\/wdcl_logo_carousel_child][wdcl_logo_carousel_child logo=&#8221;https:\/\/terra-institute.eu\/wp-content\/uploads\/2021\/05\/apus.png&#8221; _builder_version=&#8221;4.22.1&#8243; _module_preset=&#8221;default&#8221; global_colors_info=&#8221;{}&#8221; theme_builder_area=&#8221;post_content&#8221;][\/wdcl_logo_carousel_child][wdcl_logo_carousel_child logo=&#8221;https:\/\/terra-institute.eu\/wp-content\/uploads\/2021\/05\/bautechnik-1.png&#8221; _builder_version=&#8221;4.22.1&#8243; _module_preset=&#8221;default&#8221; global_colors_info=&#8221;{}&#8221; theme_builder_area=&#8221;post_content&#8221;][\/wdcl_logo_carousel_child][wdcl_logo_carousel_child logo=&#8221;https:\/\/terra-institute.eu\/wp-content\/uploads\/2021\/05\/biosuedtirol.jpg&#8221; _builder_version=&#8221;4.22.1&#8243; _module_preset=&#8221;default&#8221; global_colors_info=&#8221;{}&#8221; theme_builder_area=&#8221;post_content&#8221;][\/wdcl_logo_carousel_child][wdcl_logo_carousel_child logo=&#8221;https:\/\/terra-institute.eu\/wp-content\/uploads\/2021\/05\/ecor-300&#215;141-1.jpg&#8221; _builder_version=&#8221;4.22.1&#8243; _module_preset=&#8221;default&#8221; global_colors_info=&#8221;{}&#8221; theme_builder_area=&#8221;post_content&#8221;][\/wdcl_logo_carousel_child][wdcl_logo_carousel_child logo=&#8221;https:\/\/terra-institute.eu\/wp-content\/uploads\/2021\/05\/ehrmann.png&#8221; _builder_version=&#8221;4.22.1&#8243; _module_preset=&#8221;default&#8221; global_colors_info=&#8221;{}&#8221; theme_builder_area=&#8221;post_content&#8221;][\/wdcl_logo_carousel_child][wdcl_logo_carousel_child logo=&#8221;https:\/\/terra-institute.eu\/wp-content\/uploads\/2021\/05\/fondital-768&#215;269-1.jpg&#8221; _builder_version=&#8221;4.22.1&#8243; _module_preset=&#8221;default&#8221; global_colors_info=&#8221;{}&#8221; theme_builder_area=&#8221;post_content&#8221;][\/wdcl_logo_carousel_child][wdcl_logo_carousel_child logo=&#8221;https:\/\/terra-institute.eu\/wp-content\/uploads\/2021\/05\/hochland.jpg&#8221; _builder_version=&#8221;4.22.1&#8243; _module_preset=&#8221;default&#8221; global_colors_info=&#8221;{}&#8221; theme_builder_area=&#8221;post_content&#8221;][\/wdcl_logo_carousel_child][wdcl_logo_carousel_child logo=&#8221;https:\/\/terra-institute.eu\/wp-content\/uploads\/2021\/05\/holziusITA.png&#8221; _builder_version=&#8221;4.22.1&#8243; _module_preset=&#8221;default&#8221; global_colors_info=&#8221;{}&#8221; theme_builder_area=&#8221;post_content&#8221;][\/wdcl_logo_carousel_child][wdcl_logo_carousel_child logo=&#8221;https:\/\/terra-institute.eu\/wp-content\/uploads\/2023\/04\/improove.jpg&#8221; _builder_version=&#8221;4.22.1&#8243; _module_preset=&#8221;default&#8221; global_colors_info=&#8221;{}&#8221; theme_builder_area=&#8221;post_content&#8221;][\/wdcl_logo_carousel_child][wdcl_logo_carousel_child logo=&#8221;https:\/\/terra-institute.eu\/wp-content\/uploads\/2021\/05\/blum.png&#8221; _builder_version=&#8221;4.22.1&#8243; _module_preset=&#8221;default&#8221; global_colors_info=&#8221;{}&#8221; theme_builder_area=&#8221;post_content&#8221;][\/wdcl_logo_carousel_child][wdcl_logo_carousel_child logo=&#8221;https:\/\/terra-institute.eu\/wp-content\/uploads\/2021\/05\/Lilly-Logo.svg_-768&#215;428-1.png&#8221; _builder_version=&#8221;4.22.1&#8243; _module_preset=&#8221;default&#8221; global_colors_info=&#8221;{}&#8221; theme_builder_area=&#8221;post_content&#8221;][\/wdcl_logo_carousel_child][wdcl_logo_carousel_child logo=&#8221;https:\/\/terra-institute.eu\/wp-content\/uploads\/2021\/05\/OLI-1.png&#8221; _builder_version=&#8221;4.22.1&#8243; _module_preset=&#8221;default&#8221; global_colors_info=&#8221;{}&#8221; theme_builder_area=&#8221;post_content&#8221;][\/wdcl_logo_carousel_child][wdcl_logo_carousel_child logo=&#8221;https:\/\/terra-institute.eu\/wp-content\/uploads\/2021\/05\/RAFFMETAL.jpg&#8221; _builder_version=&#8221;4.22.1&#8243; _module_preset=&#8221;default&#8221; global_colors_info=&#8221;{}&#8221; theme_builder_area=&#8221;post_content&#8221;][\/wdcl_logo_carousel_child][wdcl_logo_carousel_child logo=&#8221;https:\/\/terra-institute.eu\/wp-content\/uploads\/2021\/05\/rubner-haus.jpg&#8221; _builder_version=&#8221;4.22.1&#8243; _module_preset=&#8221;default&#8221; global_colors_info=&#8221;{}&#8221; theme_builder_area=&#8221;post_content&#8221;][\/wdcl_logo_carousel_child][wdcl_logo_carousel_child logo=&#8221;https:\/\/terra-institute.eu\/wp-content\/uploads\/2021\/05\/TEAM7.jpg&#8221; _builder_version=&#8221;4.22.1&#8243; _module_preset=&#8221;default&#8221; global_colors_info=&#8221;{}&#8221; theme_builder_area=&#8221;post_content&#8221;][\/wdcl_logo_carousel_child][wdcl_logo_carousel_child logo=&#8221;https:\/\/terra-institute.eu\/wp-content\/uploads\/2021\/05\/techno-alpin.png&#8221; _builder_version=&#8221;4.22.1&#8243; _module_preset=&#8221;default&#8221; global_colors_info=&#8221;{}&#8221; theme_builder_area=&#8221;post_content&#8221;][\/wdcl_logo_carousel_child][wdcl_logo_carousel_child logo=&#8221;https:\/\/terra-institute.eu\/wp-content\/uploads\/2021\/05\/therme-meran.png&#8221; _builder_version=&#8221;4.22.1&#8243; _module_preset=&#8221;default&#8221; global_colors_info=&#8221;{}&#8221; theme_builder_area=&#8221;post_content&#8221;][\/wdcl_logo_carousel_child][wdcl_logo_carousel_child logo=&#8221;https:\/\/terra-institute.eu\/wp-content\/uploads\/2021\/05\/transgourmet.jpg&#8221; _builder_version=&#8221;4.22.1&#8243; _module_preset=&#8221;default&#8221; global_colors_info=&#8221;{}&#8221; theme_builder_area=&#8221;post_content&#8221;][\/wdcl_logo_carousel_child][wdcl_logo_carousel_child logo=&#8221;https:\/\/terra-institute.eu\/wp-content\/uploads\/2023\/10\/beurer.png&#8221; logo_alt=&#8221;Beurer Logo&#8221; _builder_version=&#8221;4.22.1&#8243; _module_preset=&#8221;default&#8221; global_colors_info=&#8221;{}&#8221; theme_builder_area=&#8221;post_content&#8221;][\/wdcl_logo_carousel_child][wdcl_logo_carousel_child logo=&#8221;https:\/\/terra-institute.eu\/wp-content\/uploads\/2023\/10\/dr.-schaer.png&#8221; logo_alt=&#8221;Dr. Sch\u00e4r Logo&#8221; _builder_version=&#8221;4.22.1&#8243; _module_preset=&#8221;default&#8221; global_colors_info=&#8221;{}&#8221; theme_builder_area=&#8221;post_content&#8221;][\/wdcl_logo_carousel_child][wdcl_logo_carousel_child logo=&#8221;https:\/\/terra-institute.eu\/wp-content\/uploads\/2023\/10\/dolomiti-superski.jpg&#8221; logo_alt=&#8221;Dolomiti Superski Logo&#8221; _builder_version=&#8221;4.22.1&#8243; _module_preset=&#8221;default&#8221; global_colors_info=&#8221;{}&#8221; theme_builder_area=&#8221;post_content&#8221;][\/wdcl_logo_carousel_child][wdcl_logo_carousel_child logo=&#8221;https:\/\/terra-institute.eu\/wp-content\/uploads\/2023\/10\/severin.jpg&#8221; logo_alt=&#8221;Severin Logo&#8221; _builder_version=&#8221;4.22.1&#8243; _module_preset=&#8221;default&#8221; global_colors_info=&#8221;{}&#8221; theme_builder_area=&#8221;post_content&#8221;][\/wdcl_logo_carousel_child][wdcl_logo_carousel_child logo=&#8221;https:\/\/terra-institute.eu\/wp-content\/uploads\/2023\/10\/swiss-post.jpg&#8221; logo_alt=&#8221;Swiss Post Logo&#8221; _builder_version=&#8221;4.22.1&#8243; _module_preset=&#8221;default&#8221; global_colors_info=&#8221;{}&#8221; theme_builder_area=&#8221;post_content&#8221;][\/wdcl_logo_carousel_child][wdcl_logo_carousel_child logo=&#8221;https:\/\/terra-institute.eu\/wp-content\/uploads\/2023\/10\/stiegl.jpg&#8221; logo_alt=&#8221;Stiegl Logo&#8221; _builder_version=&#8221;4.22.1&#8243; _module_preset=&#8221;default&#8221; global_colors_info=&#8221;{}&#8221; theme_builder_area=&#8221;post_content&#8221;][\/wdcl_logo_carousel_child][wdcl_logo_carousel_child logo=&#8221;https:\/\/terra-institute.eu\/wp-content\/uploads\/2023\/10\/felbermayr.png&#8221; logo_alt=&#8221;Felbermayr Logo&#8221; _builder_version=&#8221;4.22.1&#8243; _module_preset=&#8221;default&#8221; global_colors_info=&#8221;{}&#8221; theme_builder_area=&#8221;post_content&#8221;][\/wdcl_logo_carousel_child][wdcl_logo_carousel_child logo=&#8221;https:\/\/terra-institute.eu\/wp-content\/uploads\/2023\/10\/zato.jpg&#8221; logo_alt=&#8221;Zato Logo&#8221; _builder_version=&#8221;4.22.1&#8243; _module_preset=&#8221;default&#8221; global_colors_info=&#8221;{}&#8221; theme_builder_area=&#8221;post_content&#8221;][\/wdcl_logo_carousel_child][wdcl_logo_carousel_child logo=&#8221;https:\/\/terra-institute.eu\/wp-content\/uploads\/2023\/10\/mepol-logo.png&#8221; logo_alt=&#8221;Mepol Logo&#8221; _builder_version=&#8221;4.22.1&#8243; _module_preset=&#8221;default&#8221; global_colors_info=&#8221;{}&#8221; theme_builder_area=&#8221;post_content&#8221;][\/wdcl_logo_carousel_child][wdcl_logo_carousel_child logo=&#8221;https:\/\/terra-institute.eu\/wp-content\/uploads\/2023\/10\/Obi.png&#8221; logo_alt=&#8221;Obi Logo&#8221; _builder_version=&#8221;4.22.1&#8243; _module_preset=&#8221;default&#8221; global_colors_info=&#8221;{}&#8221; theme_builder_area=&#8221;post_content&#8221;][\/wdcl_logo_carousel_child][wdcl_logo_carousel_child logo=&#8221;https:\/\/terra-institute.eu\/wp-content\/uploads\/2023\/10\/Patagonia.png&#8221; logo_alt=&#8221;Patagonia Logo&#8221; _builder_version=&#8221;4.22.1&#8243; _module_preset=&#8221;default&#8221; global_colors_info=&#8221;{}&#8221; theme_builder_area=&#8221;post_content&#8221;][\/wdcl_logo_carousel_child][wdcl_logo_carousel_child logo=&#8221;https:\/\/terra-institute.eu\/wp-content\/uploads\/2023\/10\/mazars.png&#8221; logo_alt=&#8221;Mazars Logo&#8221; _builder_version=&#8221;4.22.1&#8243; _module_preset=&#8221;default&#8221; global_colors_info=&#8221;{}&#8221; theme_builder_area=&#8221;post_content&#8221;][\/wdcl_logo_carousel_child][wdcl_logo_carousel_child logo=&#8221;https:\/\/terra-institute.eu\/wp-content\/uploads\/2023\/10\/Hamburger-Sparkasse-haspa.png&#8221; logo_alt=&#8221;Haspa Logo&#8221; _builder_version=&#8221;4.22.1&#8243; _module_preset=&#8221;default&#8221; global_colors_info=&#8221;{}&#8221; theme_builder_area=&#8221;post_content&#8221;][\/wdcl_logo_carousel_child][wdcl_logo_carousel_child logo=&#8221;https:\/\/terra-institute.eu\/wp-content\/uploads\/2023\/10\/oberbank.png&#8221; logo_alt=&#8221;Oberbank Logo&#8221; _builder_version=&#8221;4.22.1&#8243; _module_preset=&#8221;default&#8221; global_colors_info=&#8221;{}&#8221; theme_builder_area=&#8221;post_content&#8221;][\/wdcl_logo_carousel_child][\/wdcl_logo_carousel][\/et_pb_column][\/et_pb_row][\/et_pb_section][et_pb_section fb_built=&#8221;1&#8243; module_id=&#8221;kontakt&#8221; _builder_version=&#8221;4.22.1&#8243; _module_preset=&#8221;default&#8221; global_colors_info=&#8221;{}&#8221; theme_builder_area=&#8221;post_content&#8221;][et_pb_row _builder_version=&#8221;4.17.4&#8243; _module_preset=&#8221;default&#8221; global_colors_info=&#8221;{}&#8221; theme_builder_area=&#8221;post_content&#8221;][et_pb_column type=&#8221;4_4&#8243; _builder_version=&#8221;4.17.4&#8243; _module_preset=&#8221;default&#8221; global_colors_info=&#8221;{}&#8221; theme_builder_area=&#8221;post_content&#8221;][et_pb_text module_id=&#8221;kontakt&#8221; _builder_version=&#8221;4.27.4&#8243; _module_preset=&#8221;default&#8221; header_2_font_size=&#8221;32px&#8221; hover_enabled=&#8221;0&#8243; global_colors_info=&#8221;{}&#8221; theme_builder_area=&#8221;post_content&#8221; sticky_enabled=&#8221;0&#8243;]<h3>Contatti<\/h3>\n<p data-start=\"7152\" data-end=\"7267\">Hai domande o desideri il nostro supporto nello sviluppo del processo di sostenibilit\u00e0 della tua azienda?<\/p>\n<p data-start=\"7269\" data-end=\"7343\"><span class=\"_fadeIn_m1hgl_8\">Prenota <\/span><span class=\"_fadeIn_m1hgl_8\">ora <\/span><span class=\"_fadeIn_m1hgl_8\">un <\/span><strong data-start=\"7284\" data-end=\"7315\"><span class=\"_fadeIn_m1hgl_8\">colloquio <\/span><span class=\"_fadeIn_m1hgl_8\">iniziale <\/span><span class=\"_fadeIn_m1hgl_8\">gratuito<\/span><\/strong><span class=\"_fadeIn_m1hgl_8\"> <\/span><span class=\"_fadeIn_m1hgl_8\">con <\/span><span class=\"_fadeIn_m1hgl_8\">uno <\/span><span class=\"_fadeIn_m1hgl_8\">dei <\/span><span class=\"_fadeIn_m1hgl_8\">nostri <\/span><span class=\"_fadeIn_m1hgl_8\">esperti.<\/span><\/p>\n<p style=\"font-weight: 400;\"><em><span><span class=\"_fadeIn_m1hgl_8\">Ti <\/span><span class=\"_fadeIn_m1hgl_8\">invitiamo <\/span><span class=\"_fadeIn_m1hgl_8\">a <\/span><span class=\"_fadeIn_m1hgl_8\">consultare <\/span><span class=\"_fadeIn_m1hgl_8\">la <\/span><span class=\"_fadeIn_m1hgl_8\">nostra<\/span> <a href=\"https:\/\/terra-institute.eu\/it\/informativa-sulla-privacy\/\" target=\"_blank\" rel=\"noopener\">informativa sulla privacy <\/a>e i <\/span><a href=\"https:\/\/terra-institute.eu\/it\/condizioni-generali-di-contratto-terra-institute-srl\/\" target=\"_blank\" rel=\"noopener\"><u>termini e condizioni<\/u><\/a>.<\/em><em>\u00a0<\/em><\/p>\n<p style=\"font-weight: 400;\"><strong data-start=\"7437\" data-end=\"7448\"><span class=\"_fadeIn_m1hgl_8\">Grazie!<\/span><\/strong><span class=\"_fadeIn_m1hgl_8\"> <\/span><span class=\"_fadeIn_m1hgl_8\">Non <\/span><span class=\"_fadeIn_m1hgl_8\">vediamo <\/span><span class=\"_fadeIn_m1hgl_8\">l\u2019ora <\/span><span class=\"_fadeIn_m1hgl_8\">di <\/span><span class=\"_fadeIn_m1hgl_8\">ricevere <\/span><span class=\"_fadeIn_m1hgl_8\">il <\/span><span class=\"_fadeIn_m1hgl_8\">tuo <\/span><span class=\"_fadeIn_m1hgl_8\">messaggio!<\/span><\/p>\n<p style=\"font-weight: 400;\"><em><\/em><\/p>\n<p><a href=\"mailto:office@terra-institute.eu\">office@terra-institute.eu<\/a><br \/><span>Tel. +39 0472 970 484<\/span><\/p>\n<p><span><\/span><\/p>[\/et_pb_text][et_pb_text _builder_version=&#8221;4.27.4&#8243; _module_preset=&#8221;default&#8221; header_2_font_size=&#8221;32px&#8221; header_3_font_size=&#8221;32px&#8221; global_colors_info=&#8221;{}&#8221; theme_builder_area=&#8221;post_content&#8221;]<h3>Modulo di contatto<\/h3>[\/et_pb_text][et_pb_contact_form email=&#8221;office@terra-institute.eu&#8221; _builder_version=&#8221;4.27.4&#8243; _module_preset=&#8221;default&#8221; _unique_id=&#8221;fe533e85-8f9f-480c-abbe-bd2750da1a82&#8243; global_colors_info=&#8221;{}&#8221; theme_builder_area=&#8221;post_content&#8221;][et_pb_contact_field field_id=&#8221;Name&#8221; field_title=&#8221;Nome&#8221; _builder_version=&#8221;4.27.4&#8243; global_colors_info=&#8221;{}&#8221; button_text_size__hover_enabled=&#8221;off&#8221; button_one_text_size__hover_enabled=&#8221;off&#8221; button_two_text_size__hover_enabled=&#8221;off&#8221; button_text_color__hover_enabled=&#8221;off&#8221; button_one_text_color__hover_enabled=&#8221;off&#8221; button_two_text_color__hover_enabled=&#8221;off&#8221; button_border_width__hover_enabled=&#8221;off&#8221; button_one_border_width__hover_enabled=&#8221;off&#8221; button_two_border_width__hover_enabled=&#8221;off&#8221; button_border_color__hover_enabled=&#8221;off&#8221; button_one_border_color__hover_enabled=&#8221;off&#8221; button_two_border_color__hover_enabled=&#8221;off&#8221; button_border_radius__hover_enabled=&#8221;off&#8221; button_one_border_radius__hover_enabled=&#8221;off&#8221; button_two_border_radius__hover_enabled=&#8221;off&#8221; button_letter_spacing__hover_enabled=&#8221;off&#8221; button_one_letter_spacing__hover_enabled=&#8221;off&#8221; button_two_letter_spacing__hover_enabled=&#8221;off&#8221; button_bg_color__hover_enabled=&#8221;off&#8221; button_one_bg_color__hover_enabled=&#8221;off&#8221; button_two_bg_color__hover_enabled=&#8221;off&#8221; theme_builder_area=&#8221;post_content&#8221;][\/et_pb_contact_field][et_pb_contact_field field_id=&#8221;Email&#8221; field_title=&#8221;Indirizzo e-mail&#8221; field_type=&#8221;email&#8221; _builder_version=&#8221;4.27.4&#8243; global_colors_info=&#8221;{}&#8221; button_text_size__hover_enabled=&#8221;off&#8221; button_one_text_size__hover_enabled=&#8221;off&#8221; button_two_text_size__hover_enabled=&#8221;off&#8221; button_text_color__hover_enabled=&#8221;off&#8221; button_one_text_color__hover_enabled=&#8221;off&#8221; button_two_text_color__hover_enabled=&#8221;off&#8221; button_border_width__hover_enabled=&#8221;off&#8221; button_one_border_width__hover_enabled=&#8221;off&#8221; button_two_border_width__hover_enabled=&#8221;off&#8221; button_border_color__hover_enabled=&#8221;off&#8221; button_one_border_color__hover_enabled=&#8221;off&#8221; button_two_border_color__hover_enabled=&#8221;off&#8221; button_border_radius__hover_enabled=&#8221;off&#8221; button_one_border_radius__hover_enabled=&#8221;off&#8221; button_two_border_radius__hover_enabled=&#8221;off&#8221; button_letter_spacing__hover_enabled=&#8221;off&#8221; button_one_letter_spacing__hover_enabled=&#8221;off&#8221; button_two_letter_spacing__hover_enabled=&#8221;off&#8221; button_bg_color__hover_enabled=&#8221;off&#8221; button_one_bg_color__hover_enabled=&#8221;off&#8221; button_two_bg_color__hover_enabled=&#8221;off&#8221; theme_builder_area=&#8221;post_content&#8221;][\/et_pb_contact_field][et_pb_contact_field field_id=&#8221;Message&#8221; field_title=&#8221;Messaggio&#8221; field_type=&#8221;text&#8221; fullwidth_field=&#8221;on&#8221; _builder_version=&#8221;4.27.4&#8243; global_colors_info=&#8221;{}&#8221; button_text_size__hover_enabled=&#8221;off&#8221; button_one_text_size__hover_enabled=&#8221;off&#8221; button_two_text_size__hover_enabled=&#8221;off&#8221; button_text_color__hover_enabled=&#8221;off&#8221; button_one_text_color__hover_enabled=&#8221;off&#8221; button_two_text_color__hover_enabled=&#8221;off&#8221; button_border_width__hover_enabled=&#8221;off&#8221; button_one_border_width__hover_enabled=&#8221;off&#8221; button_two_border_width__hover_enabled=&#8221;off&#8221; button_border_color__hover_enabled=&#8221;off&#8221; button_one_border_color__hover_enabled=&#8221;off&#8221; button_two_border_color__hover_enabled=&#8221;off&#8221; button_border_radius__hover_enabled=&#8221;off&#8221; button_one_border_radius__hover_enabled=&#8221;off&#8221; button_two_border_radius__hover_enabled=&#8221;off&#8221; button_letter_spacing__hover_enabled=&#8221;off&#8221; button_one_letter_spacing__hover_enabled=&#8221;off&#8221; button_two_letter_spacing__hover_enabled=&#8221;off&#8221; button_bg_color__hover_enabled=&#8221;off&#8221; button_one_bg_color__hover_enabled=&#8221;off&#8221; button_two_bg_color__hover_enabled=&#8221;off&#8221; theme_builder_area=&#8221;post_content&#8221;][\/et_pb_contact_field][\/et_pb_contact_form][\/et_pb_column][\/et_pb_row][\/et_pb_section]\n","protected":false},"excerpt":{"rendered":"<p>IL PERCORSO VERSO IL BILANCIO DI SOSTENIBILIT\u00c0Contenuti Key facts in Patagonia Sfide Giorni di progetto Sviluppo sostenibile, crescita interiore Damiano Bertolotti sul progetto Project Manager Mauro Vaia Contatti Il progetto per il futuro delle montagne ha promosso collaborazione e fiducia, stabilito un piano d\u2019azione comune e chiare responsabilit\u00e0. Patagonia e Il futuro delle montagne hanno [&hellip;]<\/p>\n","protected":false},"author":1,"featured_media":254585,"comment_status":"open","ping_status":"open","sticky":false,"template":"","format":"standard","meta":{"_et_pb_use_builder":"on","_et_pb_old_content":"","_et_gb_content_width":"","footnotes":""},"categories":[34,42],"tags":[47],"class_list":["post-254569","post","type-post","status-publish","format-standard","has-post-thumbnail","hentry","category-blog","category-good-cases","tag-leadership-e-cultura"],"yoast_head":"<!-- This site is optimized with the Yoast SEO plugin v26.9 - https:\/\/yoast.com\/product\/yoast-seo-wordpress\/ -->\n<title>Patagonia e il futuro delle montagne<\/title>\n<meta name=\"description\" content=\"L&#039;iniziativa &quot;Patagonia e il futuro delle montagne&quot; promuove la cooperazione per la tutela e lo sviluppo sostenibile delle regioni montane.\" \/>\n<meta name=\"robots\" content=\"index, follow, max-snippet:-1, max-image-preview:large, max-video-preview:-1\" \/>\n<link rel=\"canonical\" href=\"https:\/\/terra-institute.eu\/it\/patagonia-e-il-futuro-delle-montagne\/\" \/>\n<meta property=\"og:locale\" content=\"it_IT\" \/>\n<meta property=\"og:type\" content=\"article\" \/>\n<meta property=\"og:title\" content=\"Patagonia e il futuro delle montagne\" \/>\n<meta property=\"og:description\" content=\"L&#039;iniziativa &quot;Patagonia e il futuro delle montagne&quot; promuove la cooperazione per la tutela e lo sviluppo sostenibile delle regioni montane.\" \/>\n<meta property=\"og:url\" content=\"https:\/\/terra-institute.eu\/it\/patagonia-e-il-futuro-delle-montagne\/\" \/>\n<meta property=\"og:site_name\" content=\"Terra Institute\" \/>\n<meta property=\"article:publisher\" content=\"https:\/\/www.facebook.com\/TerraInstitute\" \/>\n<meta property=\"article:published_time\" content=\"2024-04-24T12:58:00+00:00\" \/>\n<meta property=\"article:modified_time\" content=\"2025-08-11T12:59:32+00:00\" \/>\n<meta property=\"og:image\" content=\"https:\/\/terra-institute.eu\/it\/wp-content\/uploads\/2025\/08\/Montagne-Patagonia-jeremy-bishop.jpg\" \/>\n\t<meta property=\"og:image:width\" content=\"2560\" \/>\n\t<meta property=\"og:image:height\" content=\"1706\" \/>\n\t<meta property=\"og:image:type\" content=\"image\/jpeg\" \/>\n<meta name=\"author\" content=\"francescoromito\" \/>\n<meta name=\"twitter:card\" content=\"summary_large_image\" \/>\n<meta name=\"twitter:creator\" content=\"@terra_institute\" \/>\n<meta name=\"twitter:site\" content=\"@terra_institute\" \/>\n<meta name=\"twitter:label1\" content=\"Scritto da\" \/>\n\t<meta name=\"twitter:data1\" content=\"francescoromito\" \/>\n\t<meta name=\"twitter:label2\" content=\"Tempo di lettura stimato\" \/>\n\t<meta name=\"twitter:data2\" content=\"14 minuti\" \/>\n<script type=\"application\/ld+json\" class=\"yoast-schema-graph\">{\"@context\":\"https:\/\/schema.org\",\"@graph\":[{\"@type\":\"Article\",\"@id\":\"https:\/\/terra-institute.eu\/it\/patagonia-e-il-futuro-delle-montagne\/#article\",\"isPartOf\":{\"@id\":\"https:\/\/terra-institute.eu\/it\/patagonia-e-il-futuro-delle-montagne\/\"},\"author\":{\"name\":\"francescoromito\",\"@id\":\"https:\/\/terra-institute.eu\/it\/#\/schema\/person\/0825c78d1038a1533e63d1a36ec49278\"},\"headline\":\"Patagonia e il futuro delle montagne\",\"datePublished\":\"2024-04-24T12:58:00+00:00\",\"dateModified\":\"2025-08-11T12:59:32+00:00\",\"mainEntityOfPage\":{\"@id\":\"https:\/\/terra-institute.eu\/it\/patagonia-e-il-futuro-delle-montagne\/\"},\"wordCount\":4998,\"commentCount\":0,\"image\":{\"@id\":\"https:\/\/terra-institute.eu\/it\/patagonia-e-il-futuro-delle-montagne\/#primaryimage\"},\"thumbnailUrl\":\"https:\/\/terra-institute.eu\/it\/wp-content\/uploads\/2025\/08\/Montagne-Patagonia-jeremy-bishop.jpg\",\"keywords\":[\"LEADERSHIP E CULTURA\"],\"articleSection\":[\"blog\",\"good cases\"],\"inLanguage\":\"it-IT\",\"potentialAction\":[{\"@type\":\"CommentAction\",\"name\":\"Comment\",\"target\":[\"https:\/\/terra-institute.eu\/it\/patagonia-e-il-futuro-delle-montagne\/#respond\"]}]},{\"@type\":\"WebPage\",\"@id\":\"https:\/\/terra-institute.eu\/it\/patagonia-e-il-futuro-delle-montagne\/\",\"url\":\"https:\/\/terra-institute.eu\/it\/patagonia-e-il-futuro-delle-montagne\/\",\"name\":\"Patagonia e il futuro delle montagne\",\"isPartOf\":{\"@id\":\"https:\/\/terra-institute.eu\/it\/#website\"},\"primaryImageOfPage\":{\"@id\":\"https:\/\/terra-institute.eu\/it\/patagonia-e-il-futuro-delle-montagne\/#primaryimage\"},\"image\":{\"@id\":\"https:\/\/terra-institute.eu\/it\/patagonia-e-il-futuro-delle-montagne\/#primaryimage\"},\"thumbnailUrl\":\"https:\/\/terra-institute.eu\/it\/wp-content\/uploads\/2025\/08\/Montagne-Patagonia-jeremy-bishop.jpg\",\"datePublished\":\"2024-04-24T12:58:00+00:00\",\"dateModified\":\"2025-08-11T12:59:32+00:00\",\"author\":{\"@id\":\"https:\/\/terra-institute.eu\/it\/#\/schema\/person\/0825c78d1038a1533e63d1a36ec49278\"},\"description\":\"L'iniziativa \\\"Patagonia e il futuro delle montagne\\\" promuove la cooperazione per la tutela e lo sviluppo sostenibile delle regioni montane.\",\"breadcrumb\":{\"@id\":\"https:\/\/terra-institute.eu\/it\/patagonia-e-il-futuro-delle-montagne\/#breadcrumb\"},\"inLanguage\":\"it-IT\",\"potentialAction\":[{\"@type\":\"ReadAction\",\"target\":[\"https:\/\/terra-institute.eu\/it\/patagonia-e-il-futuro-delle-montagne\/\"]}]},{\"@type\":\"ImageObject\",\"inLanguage\":\"it-IT\",\"@id\":\"https:\/\/terra-institute.eu\/it\/patagonia-e-il-futuro-delle-montagne\/#primaryimage\",\"url\":\"https:\/\/terra-institute.eu\/it\/wp-content\/uploads\/2025\/08\/Montagne-Patagonia-jeremy-bishop.jpg\",\"contentUrl\":\"https:\/\/terra-institute.eu\/it\/wp-content\/uploads\/2025\/08\/Montagne-Patagonia-jeremy-bishop.jpg\",\"width\":2560,\"height\":1706,\"caption\":\"Montagne\"},{\"@type\":\"BreadcrumbList\",\"@id\":\"https:\/\/terra-institute.eu\/it\/patagonia-e-il-futuro-delle-montagne\/#breadcrumb\",\"itemListElement\":[{\"@type\":\"ListItem\",\"position\":1,\"name\":\"Home\",\"item\":\"https:\/\/terra-institute.eu\/it\/\"},{\"@type\":\"ListItem\",\"position\":2,\"name\":\"Patagonia e il futuro delle montagne\"}]},{\"@type\":\"WebSite\",\"@id\":\"https:\/\/terra-institute.eu\/it\/#website\",\"url\":\"https:\/\/terra-institute.eu\/it\/\",\"name\":\"Terra Institute\",\"description\":\"Empowering Responsible Growth\",\"potentialAction\":[{\"@type\":\"SearchAction\",\"target\":{\"@type\":\"EntryPoint\",\"urlTemplate\":\"https:\/\/terra-institute.eu\/it\/?s={search_term_string}\"},\"query-input\":{\"@type\":\"PropertyValueSpecification\",\"valueRequired\":true,\"valueName\":\"search_term_string\"}}],\"inLanguage\":\"it-IT\"},{\"@type\":\"Person\",\"@id\":\"https:\/\/terra-institute.eu\/it\/#\/schema\/person\/0825c78d1038a1533e63d1a36ec49278\",\"name\":\"francescoromito\",\"image\":{\"@type\":\"ImageObject\",\"inLanguage\":\"it-IT\",\"@id\":\"https:\/\/terra-institute.eu\/it\/#\/schema\/person\/image\/\",\"url\":\"https:\/\/secure.gravatar.com\/avatar\/af139ce2e39890ae48f5692c8a08dde6e376be32739bb05ea5a3ce601c598fa9?s=96&d=mm&r=g\",\"contentUrl\":\"https:\/\/secure.gravatar.com\/avatar\/af139ce2e39890ae48f5692c8a08dde6e376be32739bb05ea5a3ce601c598fa9?s=96&d=mm&r=g\",\"caption\":\"francescoromito\"},\"sameAs\":[\"https:\/\/terra-institute.eu\/it\"],\"url\":\"https:\/\/terra-institute.eu\/it\/author\/francescoromito\/\"}]}<\/script>\n<!-- \/ Yoast SEO plugin. -->","yoast_head_json":{"title":"Patagonia e il futuro delle montagne","description":"L'iniziativa \"Patagonia e il futuro delle montagne\" promuove la cooperazione per la tutela e lo sviluppo sostenibile delle regioni montane.","robots":{"index":"index","follow":"follow","max-snippet":"max-snippet:-1","max-image-preview":"max-image-preview:large","max-video-preview":"max-video-preview:-1"},"canonical":"https:\/\/terra-institute.eu\/it\/patagonia-e-il-futuro-delle-montagne\/","og_locale":"it_IT","og_type":"article","og_title":"Patagonia e il futuro delle montagne","og_description":"L'iniziativa \"Patagonia e il futuro delle montagne\" promuove la cooperazione per la tutela e lo sviluppo sostenibile delle regioni montane.","og_url":"https:\/\/terra-institute.eu\/it\/patagonia-e-il-futuro-delle-montagne\/","og_site_name":"Terra Institute","article_publisher":"https:\/\/www.facebook.com\/TerraInstitute","article_published_time":"2024-04-24T12:58:00+00:00","article_modified_time":"2025-08-11T12:59:32+00:00","og_image":[{"width":2560,"height":1706,"url":"https:\/\/terra-institute.eu\/it\/wp-content\/uploads\/2025\/08\/Montagne-Patagonia-jeremy-bishop.jpg","type":"image\/jpeg"}],"author":"francescoromito","twitter_card":"summary_large_image","twitter_creator":"@terra_institute","twitter_site":"@terra_institute","twitter_misc":{"Scritto da":"francescoromito","Tempo di lettura stimato":"14 minuti"},"schema":{"@context":"https:\/\/schema.org","@graph":[{"@type":"Article","@id":"https:\/\/terra-institute.eu\/it\/patagonia-e-il-futuro-delle-montagne\/#article","isPartOf":{"@id":"https:\/\/terra-institute.eu\/it\/patagonia-e-il-futuro-delle-montagne\/"},"author":{"name":"francescoromito","@id":"https:\/\/terra-institute.eu\/it\/#\/schema\/person\/0825c78d1038a1533e63d1a36ec49278"},"headline":"Patagonia e il futuro delle montagne","datePublished":"2024-04-24T12:58:00+00:00","dateModified":"2025-08-11T12:59:32+00:00","mainEntityOfPage":{"@id":"https:\/\/terra-institute.eu\/it\/patagonia-e-il-futuro-delle-montagne\/"},"wordCount":4998,"commentCount":0,"image":{"@id":"https:\/\/terra-institute.eu\/it\/patagonia-e-il-futuro-delle-montagne\/#primaryimage"},"thumbnailUrl":"https:\/\/terra-institute.eu\/it\/wp-content\/uploads\/2025\/08\/Montagne-Patagonia-jeremy-bishop.jpg","keywords":["LEADERSHIP E CULTURA"],"articleSection":["blog","good cases"],"inLanguage":"it-IT","potentialAction":[{"@type":"CommentAction","name":"Comment","target":["https:\/\/terra-institute.eu\/it\/patagonia-e-il-futuro-delle-montagne\/#respond"]}]},{"@type":"WebPage","@id":"https:\/\/terra-institute.eu\/it\/patagonia-e-il-futuro-delle-montagne\/","url":"https:\/\/terra-institute.eu\/it\/patagonia-e-il-futuro-delle-montagne\/","name":"Patagonia e il futuro delle montagne","isPartOf":{"@id":"https:\/\/terra-institute.eu\/it\/#website"},"primaryImageOfPage":{"@id":"https:\/\/terra-institute.eu\/it\/patagonia-e-il-futuro-delle-montagne\/#primaryimage"},"image":{"@id":"https:\/\/terra-institute.eu\/it\/patagonia-e-il-futuro-delle-montagne\/#primaryimage"},"thumbnailUrl":"https:\/\/terra-institute.eu\/it\/wp-content\/uploads\/2025\/08\/Montagne-Patagonia-jeremy-bishop.jpg","datePublished":"2024-04-24T12:58:00+00:00","dateModified":"2025-08-11T12:59:32+00:00","author":{"@id":"https:\/\/terra-institute.eu\/it\/#\/schema\/person\/0825c78d1038a1533e63d1a36ec49278"},"description":"L'iniziativa \"Patagonia e il futuro delle montagne\" promuove la cooperazione per la tutela e lo sviluppo sostenibile delle regioni montane.","breadcrumb":{"@id":"https:\/\/terra-institute.eu\/it\/patagonia-e-il-futuro-delle-montagne\/#breadcrumb"},"inLanguage":"it-IT","potentialAction":[{"@type":"ReadAction","target":["https:\/\/terra-institute.eu\/it\/patagonia-e-il-futuro-delle-montagne\/"]}]},{"@type":"ImageObject","inLanguage":"it-IT","@id":"https:\/\/terra-institute.eu\/it\/patagonia-e-il-futuro-delle-montagne\/#primaryimage","url":"https:\/\/terra-institute.eu\/it\/wp-content\/uploads\/2025\/08\/Montagne-Patagonia-jeremy-bishop.jpg","contentUrl":"https:\/\/terra-institute.eu\/it\/wp-content\/uploads\/2025\/08\/Montagne-Patagonia-jeremy-bishop.jpg","width":2560,"height":1706,"caption":"Montagne"},{"@type":"BreadcrumbList","@id":"https:\/\/terra-institute.eu\/it\/patagonia-e-il-futuro-delle-montagne\/#breadcrumb","itemListElement":[{"@type":"ListItem","position":1,"name":"Home","item":"https:\/\/terra-institute.eu\/it\/"},{"@type":"ListItem","position":2,"name":"Patagonia e il futuro delle montagne"}]},{"@type":"WebSite","@id":"https:\/\/terra-institute.eu\/it\/#website","url":"https:\/\/terra-institute.eu\/it\/","name":"Terra Institute","description":"Empowering Responsible Growth","potentialAction":[{"@type":"SearchAction","target":{"@type":"EntryPoint","urlTemplate":"https:\/\/terra-institute.eu\/it\/?s={search_term_string}"},"query-input":{"@type":"PropertyValueSpecification","valueRequired":true,"valueName":"search_term_string"}}],"inLanguage":"it-IT"},{"@type":"Person","@id":"https:\/\/terra-institute.eu\/it\/#\/schema\/person\/0825c78d1038a1533e63d1a36ec49278","name":"francescoromito","image":{"@type":"ImageObject","inLanguage":"it-IT","@id":"https:\/\/terra-institute.eu\/it\/#\/schema\/person\/image\/","url":"https:\/\/secure.gravatar.com\/avatar\/af139ce2e39890ae48f5692c8a08dde6e376be32739bb05ea5a3ce601c598fa9?s=96&d=mm&r=g","contentUrl":"https:\/\/secure.gravatar.com\/avatar\/af139ce2e39890ae48f5692c8a08dde6e376be32739bb05ea5a3ce601c598fa9?s=96&d=mm&r=g","caption":"francescoromito"},"sameAs":["https:\/\/terra-institute.eu\/it"],"url":"https:\/\/terra-institute.eu\/it\/author\/francescoromito\/"}]}},"_links":{"self":[{"href":"https:\/\/terra-institute.eu\/it\/wp-json\/wp\/v2\/posts\/254569","targetHints":{"allow":["GET"]}}],"collection":[{"href":"https:\/\/terra-institute.eu\/it\/wp-json\/wp\/v2\/posts"}],"about":[{"href":"https:\/\/terra-institute.eu\/it\/wp-json\/wp\/v2\/types\/post"}],"author":[{"embeddable":true,"href":"https:\/\/terra-institute.eu\/it\/wp-json\/wp\/v2\/users\/1"}],"replies":[{"embeddable":true,"href":"https:\/\/terra-institute.eu\/it\/wp-json\/wp\/v2\/comments?post=254569"}],"version-history":[{"count":7,"href":"https:\/\/terra-institute.eu\/it\/wp-json\/wp\/v2\/posts\/254569\/revisions"}],"predecessor-version":[{"id":254586,"href":"https:\/\/terra-institute.eu\/it\/wp-json\/wp\/v2\/posts\/254569\/revisions\/254586"}],"wp:featuredmedia":[{"embeddable":true,"href":"https:\/\/terra-institute.eu\/it\/wp-json\/wp\/v2\/media\/254585"}],"wp:attachment":[{"href":"https:\/\/terra-institute.eu\/it\/wp-json\/wp\/v2\/media?parent=254569"}],"wp:term":[{"taxonomy":"category","embeddable":true,"href":"https:\/\/terra-institute.eu\/it\/wp-json\/wp\/v2\/categories?post=254569"},{"taxonomy":"post_tag","embeddable":true,"href":"https:\/\/terra-institute.eu\/it\/wp-json\/wp\/v2\/tags?post=254569"}],"curies":[{"name":"wp","href":"https:\/\/api.w.org\/{rel}","templated":true}]}}