{"id":254553,"date":"2024-07-16T13:48:00","date_gmt":"2024-07-16T11:48:00","guid":{"rendered":"https:\/\/terra-institute.eu\/it\/?p=254553"},"modified":"2025-08-11T13:53:00","modified_gmt":"2025-08-11T11:53:00","slug":"formazione-esg-per-una-maggiore-attrattivita-dei-datori-di-lavoro","status":"publish","type":"post","link":"https:\/\/terra-institute.eu\/it\/formazione-esg-per-una-maggiore-attrattivita-dei-datori-di-lavoro\/","title":{"rendered":"Formazione ESG per una maggiore attrattivit\u00e0 dei datori di lavoro"},"content":{"rendered":"<p>[et_pb_section fb_built=&#8221;1&#8243; _builder_version=&#8221;4.24.2&#8243; _module_preset=&#8221;default&#8221; custom_padding=&#8221;9px|||||&#8221; global_colors_info=&#8221;{}&#8221;][et_pb_row _builder_version=&#8221;4.24.2&#8243; _module_preset=&#8221;default&#8221; custom_padding=&#8221;1px||0px|||&#8221; global_colors_info=&#8221;{}&#8221;][et_pb_column type=&#8221;4_4&#8243; _builder_version=&#8221;4.24.2&#8243; _module_preset=&#8221;default&#8221; global_colors_info=&#8221;{}&#8221;][et_pb_text _builder_version=&#8221;4.27.4&#8243; _module_preset=&#8221;default&#8221; hover_enabled=&#8221;0&#8243; global_colors_info=&#8221;{}&#8221; sticky_enabled=&#8221;0&#8243;]<\/p>\n<h2 class=\"my-0 py-2 [&amp;_strong:has(+br)]:inline-block [&amp;_strong:has(+br)]:pb-2\"><strong><\/strong><\/h2>\n<h2 class=\"my-0 py-2 [&amp;_strong:has(+br)]:inline-block [&amp;_strong:has(+br)]:pb-2\"><strong><\/strong><\/h2>\n<h2 class=\"my-0 py-2 [&amp;_strong:has(+br)]:inline-block [&amp;_strong:has(+br)]:pb-2\"><strong>AL MOMENTO NON \u00c8 PREVISTO UN NUOVO APPUNTAMENTO<\/strong><\/h2>\n<p class=\"my-0 py-2 [&amp;_strong:has(+br)]:inline-block [&amp;_strong:has(+br)]:pb-2\">Per interesse al tema, scrivete pure una e-mail a: <a rel=\"nofollow noopener\" class=\"break-word hover:text-super hover:decoration-super underline decoration-from-font underline-offset-1 transition-all duration-300\" target=\"_blank\" href=\"mailto:office@terra-institute.eu\">office@terra-institute.eu<\/a><\/p>\n<h3 class=\"my-0 py-2 [&amp;_strong:has(+br)]:inline-block [&amp;_strong:has(+br)]:pb-2\"><\/h3>\n<h3 class=\"my-0 py-2 [&amp;_strong:has(+br)]:inline-block [&amp;_strong:has(+br)]:pb-2\"><\/h3>\n<h3 class=\"my-0 py-2 [&amp;_strong:has(+br)]:inline-block [&amp;_strong:has(+br)]:pb-2\">Il nostro webinar gratuito sulle formazione ESG<\/h3>\n<p class=\"my-0 py-2 [&amp;_strong:has(+br)]:inline-block [&amp;_strong:has(+br)]:pb-2\">Le aziende riconoscono sempre pi\u00f9 la necessit\u00e0 di una trasformazione sostenibile, richiesta dalla regolamentazione europea e dalla gestione del rischio.<br \/>La sostenibilit\u00e0 aumenta inoltre l\u2019attrattivit\u00e0 del datore di lavoro, poich\u00e9 il 75% degli intervistati (<a rel=\"nofollow noopener\" class=\"break-word hover:text-super hover:decoration-super underline decoration-from-font underline-offset-1 transition-all duration-300\" target=\"_blank\" href=\"https:\/\/www.stepstone.de\/e-recruiting\/wissen\/nachhaltigkeit\/\">studio di Stepstone e Handelsblatt Research Institute<\/a>) la considera molto importante.<br \/>Tuttavia, a molti dipendenti manca la conoscenza della sostenibilit\u00e0, per questo sono fondamentali formazioni ESG mirate e personalizzate.<\/p>\n<h3 class=\"my-0 py-2 [&amp;_strong:has(+br)]:inline-block [&amp;_strong:has(+br)]:pb-2\"><\/h3>\n<h3 class=\"my-0 py-2 [&amp;_strong:has(+br)]:inline-block [&amp;_strong:has(+br)]:pb-2\"><\/h3>\n<h3 class=\"my-0 py-2 [&amp;_strong:has(+br)]:inline-block [&amp;_strong:has(+br)]:pb-2\">Quali sono i vantaggi delle formazioni ESG?<\/h3>\n<ul class=\"marker:text-quiet list-disc\">\n<li class=\"py-0 my-0 prose-p:pt-0 prose-p:pb-2 prose-p:my-0 [&amp;&gt;p]:pt-0 [&amp;&gt;p]:pb-2 [&amp;&gt;p]:my-0\" style=\"box-sizing: border-box; scrollbar-width: initial; --tw-border-spacing-x: 0; --tw-border-spacing-y: 0; --tw-translate-x: 0; --tw-translate-y: 0; --tw-rotate: 0; --tw-skew-x: 0; --tw-skew-y: 0; --tw-scale-x: 1; --tw-scale-y: 1; --tw-scroll-snap-strictness: proximity; --tw-ring-offset-width: 0px; --tw-ring-offset-color: #fff; --tw-ring-color: rgb(59 130 246 \/ .5); --tw-ring-offset-shadow: 0 0 #0000; --tw-ring-shadow: 0 0 #0000; --tw-shadow: 0 0 #0000; --tw-shadow-colored: 0 0 #0000; margin-top: 0px; margin-bottom: 0px; padding-inline-start: 0.375em; padding-top: 0px; padding-bottom: 0px; border: 0px solid #e5e7eb;\">\n<p class=\"my-0 py-2 [&amp;_strong:has(+br)]:inline-block [&amp;_strong:has(+br)]:pb-2\">Trasmissione delle basi ESG, dei framework, della rendicontazione, della valutazione del rischio e dell\u2019integrazione nelle decisioni aziendali.<\/p>\n<\/li>\n<li class=\"py-0 my-0 prose-p:pt-0 prose-p:pb-2 prose-p:my-0 [&amp;&gt;p]:pt-0 [&amp;&gt;p]:pb-2 [&amp;&gt;p]:my-0\" style=\"box-sizing: border-box; scrollbar-width: initial; --tw-border-spacing-x: 0; --tw-border-spacing-y: 0; --tw-translate-x: 0; --tw-translate-y: 0; --tw-rotate: 0; --tw-skew-x: 0; --tw-skew-y: 0; --tw-scale-x: 1; --tw-scale-y: 1; --tw-scroll-snap-strictness: proximity; --tw-ring-offset-width: 0px; --tw-ring-offset-color: #fff; --tw-ring-color: rgb(59 130 246 \/ .5); --tw-ring-offset-shadow: 0 0 #0000; --tw-ring-shadow: 0 0 #0000; --tw-shadow: 0 0 #0000; --tw-shadow-colored: 0 0 #0000; margin-top: 0px; margin-bottom: 0px; padding-inline-start: 0.375em; padding-top: 0px; padding-bottom: 0px; border: 0px solid #e5e7eb;\">\n<p class=\"my-0 py-2 [&amp;_strong:has(+br)]:inline-block [&amp;_strong:has(+br)]:pb-2\">Miglioramento del valore aziendale attraverso l\u2019ottimizzazione finanziaria, la riduzione dei rischi e una migliore reputazione del marchio.<\/p>\n<\/li>\n<li class=\"py-0 my-0 prose-p:pt-0 prose-p:pb-2 prose-p:my-0 [&amp;&gt;p]:pt-0 [&amp;&gt;p]:pb-2 [&amp;&gt;p]:my-0\" style=\"box-sizing: border-box; scrollbar-width: initial; --tw-border-spacing-x: 0; --tw-border-spacing-y: 0; --tw-translate-x: 0; --tw-translate-y: 0; --tw-rotate: 0; --tw-skew-x: 0; --tw-skew-y: 0; --tw-scale-x: 1; --tw-scale-y: 1; --tw-scroll-snap-strictness: proximity; --tw-ring-offset-width: 0px; --tw-ring-offset-color: #fff; --tw-ring-color: rgb(59 130 246 \/ .5); --tw-ring-offset-shadow: 0 0 #0000; --tw-ring-shadow: 0 0 #0000; --tw-shadow: 0 0 #0000; --tw-shadow-colored: 0 0 #0000; margin-top: 0px; margin-bottom: 0px; padding-inline-start: 0.375em; padding-top: 0px; padding-bottom: 0px; border: 0px solid #e5e7eb;\">\n<p class=\"my-0 py-2 [&amp;_strong:has(+br)]:inline-block [&amp;_strong:has(+br)]:pb-2\">Promozione di una cultura aziendale sostenibile e coinvolgimento degli stakeholder.<\/p>\n<\/li>\n<\/ul>\n<p>[\/et_pb_text][et_pb_button button_url=&#8221;#formulario&#8221; button_text=&#8221;Iscrizione al webinar gratuito&#8221; disabled_on=&#8221;on|on|on&#8221; _builder_version=&#8221;4.27.4&#8243; _module_preset=&#8221;default&#8221; disabled=&#8221;on&#8221; global_colors_info=&#8221;{}&#8221;][\/et_pb_button][et_pb_text _builder_version=&#8221;4.27.4&#8243; _module_preset=&#8221;default&#8221; global_colors_info=&#8221;{}&#8221;]<\/p>\n<div class=\"flex max-w-full flex-col flex-grow\">\n<div data-message-author-role=\"assistant\" data-message-id=\"cb6e13ba-91d6-434f-9306-b60d808c5ec6\" dir=\"auto\" class=\"min-h-8 text-message flex w-full flex-col items-end gap-2 whitespace-normal break-words text-start [.text-message+&amp;]:mt-5\" data-message-model-slug=\"gpt-4o\">\n<div class=\"flex w-full flex-col gap-1 empty:hidden first:pt-[3px]\">\n<div class=\"markdown prose w-full break-words dark:prose-invert light\">\n<h3 class=\"my-0 py-2 [&amp;_strong:has(+br)]:inline-block [&amp;_strong:has(+br)]:pb-2\">Chi siamo<\/h3>\n<p class=\"my-0 py-2 [&amp;_strong:has(+br)]:inline-block [&amp;_strong:has(+br)]:pb-2\">Dal 2010 <strong>Terra Institute<\/strong> offre corsi di formazione sulla sostenibilit\u00e0 e supporta le aziende nel rendere sostenibile la propria attivit\u00e0 economica.<\/p>\n<p class=\"my-0 py-2 [&amp;_strong:has(+br)]:inline-block [&amp;_strong:has(+br)]:pb-2\">La <a href=\"https:\/\/academy.terra-institute.eu\/home-it\" target=\"_blank\" rel=\"noopener\"><strong>Terra Academy<\/strong><\/a> propone programmi su misura in diverse lingue, che trattano temi come la sostenibilit\u00e0 aziendale, il cambiamento climatico e le basi ESG. Sono previsti moduli specifici per banche, assicurazioni e revisori fiscali.<\/p>\n<p class=\"my-0 py-2 [&amp;_strong:has(+br)]:inline-block [&amp;_strong:has(+br)]:pb-2\">Siamo lieti di avviare un dialogo! Domande e contributi da parte dei partecipanti sono benvenuti!<\/p>\n<\/div>\n<\/div>\n<\/div>\n<\/div>\n<p>[\/et_pb_text][et_pb_text disabled_on=&#8221;on|on|on&#8221; _builder_version=&#8221;4.27.4&#8243; _module_preset=&#8221;default&#8221; disabled=&#8221;on&#8221; global_colors_info=&#8221;{}&#8221;]<\/p>\n<div class=\"flex max-w-full flex-col flex-grow\">\n<div data-message-author-role=\"assistant\" data-message-id=\"cb6e13ba-91d6-434f-9306-b60d808c5ec6\" dir=\"auto\" class=\"min-h-8 text-message flex w-full flex-col items-end gap-2 whitespace-normal break-words text-start [.text-message+&amp;]:mt-5\" data-message-model-slug=\"gpt-4o\">\n<div class=\"flex w-full flex-col gap-1 empty:hidden first:pt-[3px]\">\n<div class=\"markdown prose w-full break-words dark:prose-invert light\"><\/div>\n<\/div>\n<\/div>\n<\/div>\n<h3>Dove e quando?<\/h3>\n<p><span data-teams=\"true\">\ud83d\udcc5 <\/span>Data: 15 aprile<br \/><span data-teams=\"true\">\u23f0 <\/span>Orario: dalle ore 12:00 alle ore 12:30<br \/><span data-teams=\"true\">\ud83d\udcbb <\/span>Online &#8211; <em>Ricever\u00e0 il link di accesso subito dopo l\u2019iscrizione<br \/><\/em><span>\ud83d\udcb0 <\/span>Costo:<span> Gratuito<\/span><\/p>\n<p>[\/et_pb_text][\/et_pb_column][\/et_pb_row][et_pb_row disabled_on=&#8221;on|on|on&#8221; _builder_version=&#8221;4.27.4&#8243; _module_preset=&#8221;default&#8221; custom_padding=&#8221;1px||0px|||&#8221; disabled=&#8221;on&#8221; global_colors_info=&#8221;{}&#8221;][et_pb_column type=&#8221;4_4&#8243; _builder_version=&#8221;4.24.2&#8243; _module_preset=&#8221;default&#8221; global_colors_info=&#8221;{}&#8221;][et_pb_button button_url=&#8221;#formulario&#8221; button_text=&#8221;Voglio partecipare al webinar!&#8221; _builder_version=&#8221;4.27.4&#8243; _module_preset=&#8221;default&#8221; global_colors_info=&#8221;{}&#8221;][\/et_pb_button][et_pb_text _builder_version=&#8221;4.27.4&#8243; _module_preset=&#8221;default&#8221; global_colors_info=&#8221;{}&#8221;]<\/p>\n<div class=\"flex max-w-full flex-col flex-grow\">\n<div data-message-author-role=\"assistant\" data-message-id=\"cb6e13ba-91d6-434f-9306-b60d808c5ec6\" dir=\"auto\" class=\"min-h-8 text-message flex w-full flex-col items-end gap-2 whitespace-normal break-words text-start [.text-message+&amp;]:mt-5\" data-message-model-slug=\"gpt-4o\">\n<div class=\"flex w-full flex-col gap-1 empty:hidden first:pt-[3px]\">\n<div class=\"markdown prose w-full break-words dark:prose-invert light\">\n<p>Questi standard offrono un approccio pratico e flessibile, adatto a qualsiasi tipo di organizzazione \u2013 pubblica, privata o del terzo settore \u2013 indipendentemente da dimensione o settore.<\/p>\n<p>Adottare questi strumenti significa rispondere alle aspettative di stakeholder e collaboratori, ma anche valorizzare la propria reputazione verso clienti e partner, sempre pi\u00f9 attenti ai temi della sostenibilit\u00e0 e della responsabilit\u00e0 sociale.<\/p>\n<p><strong>Un\u2019occasione preziosa per comprendere come trasformare i principi della DEI in driver reali di cambiamento e sostenibilit\u00e0.<\/strong><\/p>\n<\/div>\n<\/div>\n<\/div>\n<\/div>\n<p>[\/et_pb_text][et_pb_text _builder_version=&#8221;4.27.4&#8243; _module_preset=&#8221;default&#8221; locked=&#8221;on&#8221; global_colors_info=&#8221;{}&#8221;]<\/p>\n<div class=\"flex max-w-full flex-col flex-grow\">\n<div data-message-author-role=\"assistant\" data-message-id=\"cb6e13ba-91d6-434f-9306-b60d808c5ec6\" dir=\"auto\" class=\"min-h-8 text-message flex w-full flex-col items-end gap-2 whitespace-normal break-words text-start [.text-message+&amp;]:mt-5\" data-message-model-slug=\"gpt-4o\">\n<div class=\"flex w-full flex-col gap-1 empty:hidden first:pt-[3px]\">\n<div class=\"markdown prose w-full break-words dark:prose-invert light\">\n<h3 data-pm-slice=\"1 1 []\"><span>Prenota il tuo posto ora:<br \/>Migliora la cultura organizzativa, attrai talenti e posiziona la tua azienda come realt\u00e0 moderna e inclusiva.<br \/><\/span><\/h3>\n<\/div>\n<\/div>\n<\/div>\n<\/div>\n<p>[\/et_pb_text][et_pb_code module_id=&#8221;formulario&#8221; _builder_version=&#8221;4.27.4&#8243; _module_preset=&#8221;default&#8221; global_colors_info=&#8221;{}&#8221;]<\/p>\n<div id=\"mc_embed_shell\"><!-- [et_pb_line_break_holder] -->      <link href=\"\/\/cdn-images.mailchimp.com\/embedcode\/classic-061523.css\" rel=\"stylesheet\" type=\"text\/css\"><!-- [et_pb_line_break_holder] -->  <\/p>\n<style type=\"text\/css\"><!-- [et_pb_line_break_holder] -->        #mc_embed_signup{background:#fff; false;clear:left; font:14px Helvetica,Arial,sans-serif; width: 600px;}<!-- [et_pb_line_break_holder] --><\/style>\n<style type=\"text\/css\"><!-- [et_pb_line_break_holder] -->        #mc-embedded-subscribe-form input[type=checkbox]{display: inline; width: auto;margin-right: 10px;}<!-- [et_pb_line_break_holder] -->#mergeRow-gdpr {margin-top: 20px;}<!-- [et_pb_line_break_holder] -->#mergeRow-gdpr fieldset label {font-weight: normal;}<!-- [et_pb_line_break_holder] -->#mc-embedded-subscribe-form .mc_fieldset{border:none;min-height: 0px;padding-bottom:0px;}<!-- [et_pb_line_break_holder] --><\/style>\n<p><!-- [et_pb_line_break_holder] -->    <\/p>\n<style><!-- [et_pb_line_break_holder] -->  #mc-embedded-subscribe {<!-- [et_pb_line_break_holder] -->    background-color: #7d7168;<!-- [et_pb_line_break_holder] -->    color: #fff;<!-- [et_pb_line_break_holder] -->    border: none;<!-- [et_pb_line_break_holder] -->    padding: 10px 20px;<!-- [et_pb_line_break_holder] -->    font-weight: bold;<!-- [et_pb_line_break_holder] -->    border-radius: 4px;<!-- [et_pb_line_break_holder] -->    cursor: pointer;<!-- [et_pb_line_break_holder] -->    transition: background-color 0.3s ease;<!-- [et_pb_line_break_holder] -->  }<!-- [et_pb_line_break_holder] --><\/style>\n<p><!-- [et_pb_line_break_holder] --><!-- [et_pb_line_break_holder] --><\/p>\n<div id=\"mc_embed_signup\"><!-- [et_pb_line_break_holder] -->    <\/p>\n<form action=\"https:\/\/terra-institute.us13.list-manage.com\/subscribe\/post?u=df1369876340669877aa3fe31&#038;id=0f57fd01b3&#038;v_id=5398&#038;f_id=00b603e9f0\" method=\"post\" id=\"mc-embedded-subscribe-form\" name=\"mc-embedded-subscribe-form\" class=\"validate\" target=\"_blank\"><!-- [et_pb_line_break_holder] -->        <\/p>\n<div id=\"mc_embed_signup_scroll\">\n<h2>Iscriviti<\/h2>\n<p><!-- [et_pb_line_break_holder] -->            <\/p>\n<div class=\"indicates-required\"><span class=\"asterisk\">*<\/span> Campi obbligatori<\/div>\n<p><!-- [et_pb_line_break_holder] -->            <\/p>\n<div class=\"mc-field-group\"><label for=\"mce-EMAIL\">Indirizzo e-mail <span class=\"asterisk\">*<\/span><\/label><input type=\"email\" name=\"EMAIL\" class=\"required email\" id=\"mce-EMAIL\" required=\"\" value=\"\"><\/div>\n<div class=\"mc-field-group\"><label for=\"mce-FNAME\">Nome <\/label><input type=\"text\" name=\"FNAME\" class=\" text\" id=\"mce-FNAME\" value=\"\"><\/div>\n<div class=\"mc-field-group\"><label for=\"mce-LNAME\">Cognome <\/label><input type=\"text\" name=\"LNAME\" class=\" text\" id=\"mce-LNAME\" value=\"\"><\/div>\n<div class=\"mc-field-group\"><label for=\"mce-MMERGE5\">Azienda <\/label><input type=\"text\" name=\"MMERGE5\" class=\" text\" id=\"mce-MMERGE5\" value=\"\"><\/div>\n<div id=\"mergeRow-gdpr\" class=\"mergeRow gdpr-mergeRow content__gdprBlock mc-field-group\">\n<div class=\"content__gdpr\"><label>Autorizzazione marketing<\/label><pee>Seleziona tutti i modi in cui desideri ricevere notizie da noi:<\/pee>\n<fieldset class=\"mc_fieldset gdprRequired mc-field-group\" name=\"interestgroup_field\"><label class=\"checkbox subfield\" for=\"gdpr72380\"><input type=\"checkbox\" id=\"gdpr_72380\" name=\"gdpr[72380]\" class=\"gdpr\" value=\"Y\"><span>E-mail<\/span><\/label><\/fieldset>\n<pee>Puoi annullare l&#8217;iscrizione in qualsiasi momento cliccando sul link nel pi\u00e8 di pagina delle nostre e-mail. Per informazioni sulle nostre pratiche sulla privacy, visita il nostro sito web.<\/pee><\/div>\n<div class=\"content__gdprLegal\"><pee>Usiamo Mailchimp come nostra piattaforma di marketing. Cliccando qui sotto per iscriverti, accetti che le tue informazioni vengano trasferite a Mailchimp per l&#8217;elaborazione. <a href=\"https:\/\/mailchimp.com\/legal\/terms\">Scopri di pi\u00f9<\/a> sulle pratiche di privacy di Mailchimp.<\/pee><\/div>\n<\/div>\n<p><!-- [et_pb_line_break_holder] -->        <\/p>\n<div id=\"mce-responses\" class=\"clear\"><!-- [et_pb_line_break_holder] -->            <\/p>\n<div class=\"response\" id=\"mce-error-response\" style=\"display: none;\"><\/div>\n<p><!-- [et_pb_line_break_holder] -->            <\/p>\n<div class=\"response\" id=\"mce-success-response\" style=\"display: none;\"><\/div>\n<p><!-- [et_pb_line_break_holder] -->        <\/div>\n<div aria-hidden=\"true\" style=\"position: absolute; left: -5000px;\"><input type=\"text\" name=\"b_df1369876340669877aa3fe31_0f57fd01b3\" tabindex=\"-1\" value=\"\"><\/div>\n<div class=\"clear\"><input type=\"submit\" name=\"subscribe\" id=\"mc-embedded-subscribe\" class=\"button\" value=\"Subscribe\"><\/div>\n<p><!-- [et_pb_line_break_holder] -->    <\/div>\n<p><!-- [et_pb_line_break_holder] --><\/form>\n<p><!-- [et_pb_line_break_holder] --><\/div>\n<p><!-- [et_pb_line_break_holder] --><script type=\"text\/javascript\" src=\"\/\/s3.amazonaws.com\/downloads.mailchimp.com\/js\/mc-validate.js\"><\/script><script type=\"text\/javascript\">(function($) {window.fnames = new Array(); window.ftypes = new Array();fnames[0]='EMAIL';ftypes[0]='email';fnames[1]='FNAME';ftypes[1]='text';fnames[2]='LNAME';ftypes[2]='text';fnames[5]='MMERGE5';ftypes[5]='text';fnames[3]='ADDRESS';ftypes[3]='address';fnames[4]='PHONE';ftypes[4]='phone';<!-- [et_pb_line_break_holder] -->$.extend($.validator.messages, {<!-- [et_pb_line_break_holder] -->       required: \"Campo obbligatorio.\",<!-- [et_pb_line_break_holder] -->       remote: \"Controlla questo campo.\",<!-- [et_pb_line_break_holder] -->       email: \"Inserisci un indirizzo email valido.\",<!-- [et_pb_line_break_holder] -->       url: \"Inserisci un indirizzo web valido.\",<!-- [et_pb_line_break_holder] -->       date: \"Inserisci una data valida.\",<!-- [et_pb_line_break_holder] -->       dateISO: \"Inserisci una data valida (ISO).\",<!-- [et_pb_line_break_holder] -->       number: \"Inserisci un numero valido.\",<!-- [et_pb_line_break_holder] -->       digits: \"Inserisci solo numeri.\",<!-- [et_pb_line_break_holder] -->       creditcard: \"Inserisci un numero di carta di credito valido.\",<!-- [et_pb_line_break_holder] -->       equalTo: \"Il valore non corrisponde.\",<!-- [et_pb_line_break_holder] -->       accept: \"Inserisci un valore con un&apos;estensione valida.\",<!-- [et_pb_line_break_holder] -->       maxlength: $.validator.format(\"Non inserire pi\u00f9 di {0} caratteri.\"),<!-- [et_pb_line_break_holder] -->       minlength: $.validator.format(\"Inserisci almeno {0} caratteri.\"),<!-- [et_pb_line_break_holder] -->       rangelength: $.validator.format(\"Inserisci un valore compreso tra {0} e {1} caratteri.\"),<!-- [et_pb_line_break_holder] -->       range: $.validator.format(\"Inserisci un valore compreso tra {0} e {1}.\"),<!-- [et_pb_line_break_holder] -->       max: $.validator.format(\"Inserisci un valore minore o uguale a {0}.\"),<!-- [et_pb_line_break_holder] -->       min: $.validator.format(\"Inserisci un valore maggiore o uguale a {0}.\")<!-- [et_pb_line_break_holder] -->});}(jQuery));var $mcj = jQuery.noConflict(true);<\/script><\/div>\n<p><!-- [et_pb_line_break_holder] -->[\/et_pb_code][et_pb_code disabled_on=&#8221;on|on|on&#8221; module_id=&#8221;formulario&#8221; _builder_version=&#8221;4.27.4&#8243; _module_preset=&#8221;default&#8221; disabled=&#8221;on&#8221; global_colors_info=&#8221;{}&#8221;]<\/p>\n<div id=\"mc_embed_shell\"><!-- [et_pb_line_break_holder] -->      <link href=\"\/\/cdn-images.mailchimp.com\/embedcode\/classic-061523.css\" rel=\"stylesheet\" type=\"text\/css\"><!-- [et_pb_line_break_holder] -->  <\/p>\n<style type=\"text\/css\"><!-- [et_pb_line_break_holder] -->        #mc_embed_signup{background:#fff; false;clear:left; font:14px Helvetica,Arial,sans-serif; width: px;}<!-- [et_pb_line_break_holder] -->        \/* Aggiungi qui il tuo stile personalizzato per il modulo Mailchimp *\/<!-- [et_pb_line_break_holder] --><\/style>\n<style type=\"text\/css\"><!-- [et_pb_line_break_holder] -->        #mc-embedded-subscribe-form input[type=checkbox]{display: inline; width: auto;margin-right: 10px;}<!-- [et_pb_line_break_holder] -->#mergeRow-gdpr {margin-top: 20px;}<!-- [et_pb_line_break_holder] -->#mergeRow-gdpr fieldset label {font-weight: normal;}<!-- [et_pb_line_break_holder] -->#mc-embedded-subscribe-form .mc_fieldset{border:none;min-height: 0px;padding-bottom:0px;}<!-- [et_pb_line_break_holder] --><\/style>\n<p><!-- [et_pb_line_break_holder] --><\/p>\n<div id=\"mc_embed_signup\"><!-- [et_pb_line_break_holder] -->    <\/p>\n<form action=\"https:\/\/terra-institute.us13.list-manage.com\/subscribe\/post?u=df1369876340669877aa3fe31&#038;id=486559a3b9&#038;v_id=5387&#038;f_id=009103e9f0\" method=\"post\" id=\"mc-embedded-subscribe-form\" name=\"mc-embedded-subscribe-form\" class=\"validate\" target=\"_blank\"><!-- [et_pb_line_break_holder] -->        <\/p>\n<div id=\"mc_embed_signup_scroll\">\n<h2>REGISTRAZIONE AL WEBINAR<\/h2>\n<p><!-- [et_pb_line_break_holder] -->            <\/p>\n<div class=\"indicates-required\"><span class=\"asterisk\">*<\/span> Campi obbligatori<\/div>\n<p><!-- [et_pb_line_break_holder] -->            <\/p>\n<div class=\"mc-field-group\"><label for=\"mce-EMAIL\">Indirizzo e-mail <span class=\"asterisk\">*<\/span><\/label><input type=\"email\" name=\"EMAIL\" class=\"required email\" id=\"mce-EMAIL\" required=\"\" value=\"\"><\/div>\n<div class=\"mc-field-group\"><label for=\"mce-FNAME\">Nome <\/label><input type=\"text\" name=\"FNAME\" class=\" text\" id=\"mce-FNAME\" value=\"\"><\/div>\n<div class=\"mc-field-group\"><label for=\"mce-LNAME\">Cognome <\/label><input type=\"text\" name=\"LNAME\" class=\" text\" id=\"mce-LNAME\" value=\"\"><\/div>\n<div class=\"mc-field-group\"><label for=\"mce-PHONE\">Numero di telefono <\/label><input type=\"text\" name=\"PHONE\" class=\"REQ_CSS\" id=\"mce-PHONE\" value=\"\"><\/div>\n<div id=\"mergeRow-gdpr\" class=\"mergeRow gdpr-mergeRow content__gdprBlock mc-field-group\">\n<div class=\"content__gdpr\"><label>Consenso Marketing<\/label><pee>Seleziona tutti i modi in cui desideri ricevere comunicazioni da noi:<\/pee>\n<fieldset class=\"mc_fieldset gdprRequired mc-field-group\" name=\"interestgroup_field\"><label class=\"checkbox subfield\" for=\"gdpr72367\"><input type=\"checkbox\" id=\"gdpr_72367\" name=\"gdpr[72367]\" class=\"gdpr\" value=\"Y\"><span>E-mail<\/span><\/label><\/fieldset>\n<pee>Puoi annullare l&#8217;iscrizione in qualsiasi momento cliccando sul link nel footer delle nostre e-mail. Per ulteriori informazioni sulle nostre politiche sulla privacy, visita il nostro sito web.<\/pee><\/div>\n<div class=\"content__gdprLegal\"><pee>Utilizziamo Mailchimp come piattaforma di marketing. Cliccando qui sotto per iscriverti, accetti che le tue informazioni vengano trasferite a Mailchimp per l&#8217;elaborazione. <a href=\"https:\/\/mailchimp.com\/legal\/terms\">Scopri di pi\u00f9<\/a> sulle pratiche di privacy di Mailchimp.<\/pee><\/div>\n<\/div>\n<p><!-- [et_pb_line_break_holder] --><\/p>\n<div hidden=\"\"><input type=\"hidden\" name=\"tags\" value=\"7216366\"><\/div>\n<p><!-- [et_pb_line_break_holder] -->        <\/p>\n<div id=\"mce-responses\" class=\"clear\"><!-- [et_pb_line_break_holder] -->            <\/p>\n<div class=\"response\" id=\"mce-error-response\" style=\"display: none;\"><\/div>\n<p><!-- [et_pb_line_break_holder] -->            <\/p>\n<div class=\"response\" id=\"mce-success-response\" style=\"display: none;\"><\/div>\n<p><!-- [et_pb_line_break_holder] -->        <\/div>\n<div aria-hidden=\"true\" style=\"position: absolute; left: -5000px;\"><input type=\"text\" name=\"b_df1369876340669877aa3fe31_486559a3b9\" tabindex=\"-1\" value=\"\"><\/div>\n<div class=\"clear\"><input type=\"submit\" name=\"subscribe\" id=\"mc-embedded-subscribe\" class=\"button\" value=\"Iscriviti\"><\/div>\n<p><!-- [et_pb_line_break_holder] -->    <\/div>\n<p><!-- [et_pb_line_break_holder] --><\/form>\n<p><!-- [et_pb_line_break_holder] --><\/div>\n<p><!-- [et_pb_line_break_holder] --><script type=\"text\/javascript\" src=\"\/\/s3.amazonaws.com\/downloads.mailchimp.com\/js\/mc-validate.js\"><\/script><script type=\"text\/javascript\">(function($) {window.fnames = new Array(); window.ftypes = new Array();fnames[0]='EMAIL';ftypes[0]='email';fnames[1]='FNAME';ftypes[1]='text';fnames[2]='LNAME';ftypes[2]='text';fnames[4]='PHONE';ftypes[4]='phone';fnames[3]='ADDRESS';ftypes[3]='address';\/*<!-- [et_pb_line_break_holder] --> * Messaggi di errore predefiniti tradotti per il plugin di validazione.<!-- [et_pb_line_break_holder] --> * Lingua: IT<!-- [et_pb_line_break_holder] --> *\/<!-- [et_pb_line_break_holder] -->$.extend($.validator.messages, {<!-- [et_pb_line_break_holder] -->\trequired: \"Questo campo \u00e8 obbligatorio.\",<!-- [et_pb_line_break_holder] -->\tmaxlength: $.validator.format(\"Inserisci al massimo {0} caratteri.\"),<!-- [et_pb_line_break_holder] -->\tminlength: $.validator.format(\"Inserisci almeno {0} caratteri.\"),<!-- [et_pb_line_break_holder] -->\trangelength: $.validator.format(\"Inserisci tra {0} e {1} caratteri.\"),<!-- [et_pb_line_break_holder] -->\temail: \"Inserisci un indirizzo e-mail valido.\",<!-- [et_pb_line_break_holder] -->\turl: \"Inserisci un URL valido.\",<!-- [et_pb_line_break_holder] -->\tdate: \"Inserisci una data valida.\",<!-- [et_pb_line_break_holder] -->\tnumber: \"Inserisci un numero valido.\",<!-- [et_pb_line_break_holder] -->\tdigits: \"Inserisci solo cifre.\",<!-- [et_pb_line_break_holder] -->\tequalTo: \"Inserisci lo stesso valore di nuovo.\",<!-- [et_pb_line_break_holder] -->\trange: $.validator.format(\"Inserisci un valore tra {0} e {1}.\"),<!-- [et_pb_line_break_holder] -->\tmax: $.validator.format(\"Inserisci un valore inferiore o uguale a {0}.\"),<!-- [et_pb_line_break_holder] -->\tmin: $.validator.format(\"Inserisci un valore maggiore o uguale a {0}.\"),<!-- [et_pb_line_break_holder] -->\tcreditcard: \"Inserisci un numero di carta di credito valido.\"<!-- [et_pb_line_break_holder] -->});}(jQuery));var $mcj = jQuery.noConflict(true);<\/script><\/div>\n<p><!-- [et_pb_line_break_holder] -->[\/et_pb_code][et_pb_button button_url=&#8221;#anmeldung&#8221; button_text=&#8221;Zur Anmeldung&#8221; disabled_on=&#8221;on|on|on&#8221; _builder_version=&#8221;4.27.0&#8243; _module_preset=&#8221;default&#8221; disabled=&#8221;on&#8221; global_colors_info=&#8221;{}&#8221;][\/et_pb_button][et_pb_text disabled_on=&#8221;on|on|on&#8221; _builder_version=&#8221;4.27.0&#8243; _module_preset=&#8221;default&#8221; disabled=&#8221;on&#8221; global_colors_info=&#8221;{}&#8221;]<\/p>\n<h3>Teilnehmeranzahl begrenzt!<\/h3>\n<p>Die Pl\u00e4tze sind auf maximal 20 Teilnehmer:innen begrenzt. Dies erm\u00f6glicht uns einen besseren Austausch und auch die M\u00f6glichkeit, auf alle Fragen einzugehen.<\/p>\n<h3>Verbindlichkeit<\/h3>\n<p>F\u00fcr eine bessere Planung ist die Anmeldung verbindlich. Sollte dennoch nach Anmeldung etwas dazwischenkommen und die Teilnahme nicht m\u00f6glich sein, bitten wir um eine schnellstm\u00f6gliche Absage unter <a href=\"mailto:%20a.unger@terra-institute.eu\">a.unger@terra-institute.eu<\/a>.<\/p>\n<h3>Kosten und Transport<\/h3>\n<p>Die Kosten f\u00fcr die zwei Hoff\u00fchrungen und Verk\u00f6stigung werden vom Projekt \u00fcbernommen. Die Fahrtkosten sowie die Organisation der Anfahrt, Abfahrt und Transport zwischen den H\u00f6fen sind von den Teilnehmer:innen selbst zu \u00fcbernehmen. Bei einem JA im Formular teilen wir die Kontaktdaten der Teilnehmer:innen, um Fahrgemeinschaften zu erm\u00f6glichen.<\/p>\n<p>[\/et_pb_text][et_pb_text disabled_on=&#8221;on|on|on&#8221; module_id=&#8221;anmeldung&#8221; _builder_version=&#8221;4.24.2&#8243; _module_preset=&#8221;default&#8221; disabled=&#8221;on&#8221; global_colors_info=&#8221;{}&#8221;]<\/p>\n<h3><\/h3>\n<h3>Webinar verpasst?<\/h3>\n<p>Dann schicken Sie uns doch gerne eine Nachricht mit Ihren Fragen an <a href=\"mailto:office@terra-institute.eu\">office@terra-institute.eu<\/a>.<\/p>\n<p>Bei gen\u00fcgend Interessent:innen werden wir das Webinar erneut veranstalten.<\/p>\n<p>[\/et_pb_text][\/et_pb_column][\/et_pb_row][et_pb_row disabled_on=&#8221;off|off|off&#8221; module_id=&#8221;anmeldeformular&#8221; _builder_version=&#8221;4.27.4&#8243; _module_preset=&#8221;default&#8221; custom_padding=&#8221;0px||0px|||&#8221; global_colors_info=&#8221;{}&#8221;][et_pb_column type=&#8221;4_4&#8243; _builder_version=&#8221;4.27.0&#8243; _module_preset=&#8221;default&#8221; global_colors_info=&#8221;{}&#8221;][et_pb_code disabled_on=&#8221;on|on|on&#8221; _builder_version=&#8221;4.27.4&#8243; _module_preset=&#8221;default&#8221; disabled=&#8221;on&#8221; global_colors_info=&#8221;{}&#8221;]<\/p>\n<div id=\"mc_embed_shell\"><!-- [et_pb_line_break_holder] -->      <link href=\"\/\/cdn-images.mailchimp.com\/embedcode\/classic-061523.css\" rel=\"stylesheet\" type=\"text\/css\"><!-- [et_pb_line_break_holder] -->  <\/p>\n<style type=\"text\/css\"><!-- [et_pb_line_break_holder] -->        #mc_embed_signup{background:#fff; false;clear:left; font:14px Helvetica,Arial,sans-serif;}<!-- [et_pb_line_break_holder] -->        \/* Add your own Mailchimp form style overrides in your site stylesheet or in this style block.<!-- [et_pb_line_break_holder] -->           We recommend moving this block and the preceding CSS link to the HEAD of your HTML file. *\/<!-- [et_pb_line_break_holder] --> \/* Stil f\u00fcr den Button *\/<!-- [et_pb_line_break_holder] -->        #mc-embedded-subscribe {<!-- [et_pb_line_break_holder] -->            background-color: #7D7168 !important; \/* Button-Farbe *\/<!-- [et_pb_line_break_holder] -->            color: #fff !important; \/* Wei\u00dfer Text *\/<!-- [et_pb_line_break_holder] -->            border: none !important; \/* Rahmen entfernen *\/<!-- [et_pb_line_break_holder] -->            padding: 0px 20px !important; \/* Polsterung *\/<!-- [et_pb_line_break_holder] -->            cursor: pointer !important; \/* Zeiger-Cursor *\/<!-- [et_pb_line_break_holder] -->            border-radius: 5px !important; \/* Abgerundete Ecken *\/<!-- [et_pb_line_break_holder] -->            text-align: center;<!-- [et_pb_line_break_holder] --><\/style>\n<style type=\"text\/css\"><!-- [et_pb_line_break_holder] -->        #mc-embedded-subscribe-form input[type=checkbox]{display: inline; width: auto;margin-right: 10px;}<!-- [et_pb_line_break_holder] -->#mergeRow-gdpr {margin-top: 20px;}<!-- [et_pb_line_break_holder] -->#mergeRow-gdpr fieldset label {font-weight: normal;}<!-- [et_pb_line_break_holder] -->#mc-embedded-subscribe-form .mc_fieldset{border:none;min-height: 0px;padding-bottom:0px;}<!-- [et_pb_line_break_holder] --><\/style>\n<p><!-- [et_pb_line_break_holder] --><\/p>\n<div id=\"mc_embed_signup\"><!-- [et_pb_line_break_holder] -->    <\/p>\n<form action=\"https:\/\/terra-institute.us13.list-manage.com\/subscribe\/post?u=df1369876340669877aa3fe31&#038;id=a089755f9b&#038;f_id=00ff03e9f0\" method=\"post\" id=\"mc-embedded-subscribe-form\" name=\"mc-embedded-subscribe-form\" class=\"validate\" target=\"_blank\"><!-- [et_pb_line_break_holder] -->        <\/p>\n<div id=\"mc_embed_signup_scroll\">\n<h2>Anmelden zum kostenlosen Webinar am 19. M\u00e4rz um 16:30 Uhr<\/h2>\n<p><!-- [et_pb_line_break_holder] -->            <\/p>\n<div class=\"indicates-required\"><span class=\"asterisk\">*<\/span> Angaben erforderlich<\/div>\n<p><!-- [et_pb_line_break_holder] -->            <\/p>\n<div class=\"mc-field-group\"><label for=\"mce-EMAIL\">E-Mail-Adresse <span class=\"asterisk\">*<\/span><\/label><input type=\"email\" name=\"EMAIL\" class=\"required email\" id=\"mce-EMAIL\" required=\"\" value=\"\"><\/div>\n<div class=\"mc-field-group\"><label for=\"mce-FNAME\">Vorname <\/label><input type=\"text\" name=\"FNAME\" class=\" text\" id=\"mce-FNAME\" value=\"\"><\/div>\n<div class=\"mc-field-group\"><label for=\"mce-LNAME\">Nachname <\/label><input type=\"text\" name=\"LNAME\" class=\" text\" id=\"mce-LNAME\" value=\"\"><\/div>\n<div id=\"mergeRow-gdpr\" class=\"mergeRow gdpr-mergeRow content__gdprBlock mc-field-group\">\n<div class=\"content__gdpr\"><label>Marketing-Berechtigung<\/label><pee>Bitte w\u00e4hlen Sie alle M\u00f6glichkeiten aus, \u00fcber die Sie von uns h\u00f6ren m\u00f6chten:<\/pee>\n<fieldset class=\"mc_fieldset gdprRequired mc-field-group\" name=\"interestgroup_field\"><label class=\"checkbox subfield\" for=\"gdpr72355\"><input type=\"checkbox\" id=\"gdpr_72355\" name=\"gdpr[72355]\" class=\"gdpr\" value=\"Y\"><span>E-Mail<span class=\"asterisk\"> *<\/span><\/span><\/label><\/fieldset>\n<pee>Sie k\u00f6nnen sich jederzeit wieder abmelden, indem Sie auf den Link in der Fu\u00dfzeile unserer E-Mails klicken. F\u00fcr Informationen \u00fcber unsere Datenschutzpraktiken besuchen Sie bitte unsere Website.<\/pee><\/div>\n<div class=\"content__gdprLegal\"><pee>Wir verwenden Mailchimp als unsere Marketingplattform. Wenn Sie unten klicken, um sich anzumelden, erkl\u00e4ren Sie sich damit einverstanden, dass Ihre Daten zur Verarbeitung an Mailchimp \u00fcbermittelt werden.<a href=\"https:\/\/mailchimp.com\/legal\/terms\">Mehr erfahren<\/a> \u00fcber die Privacy Details von Mailchimp.<\/pee><\/div>\n<\/div>\n<p><!-- [et_pb_line_break_holder] --><\/p>\n<div hidden=\"\"><input type=\"hidden\" name=\"tags\" value=\"7216254\"><\/div>\n<p><!-- [et_pb_line_break_holder] -->        <\/p>\n<div id=\"mce-responses\" class=\"clear\"><!-- [et_pb_line_break_holder] -->            <\/p>\n<div class=\"response\" id=\"mce-error-response\" style=\"display: none;\"><\/div>\n<p><!-- [et_pb_line_break_holder] -->            <\/p>\n<div class=\"response\" id=\"mce-success-response\" style=\"display: none;\"><\/div>\n<p><!-- [et_pb_line_break_holder] -->        <\/div>\n<div aria-hidden=\"true\" style=\"position: absolute; left: -5000px;\"><input type=\"text\" name=\"b_df1369876340669877aa3fe31_a089755f9b\" tabindex=\"-1\" value=\"\"><\/div>\n<div class=\"clear\"><input type=\"submit\" name=\"subscribe\" id=\"mc-embedded-subscribe\" class=\"button\" value=\"JETZT ANMELDEN\"><\/div>\n<p><!-- [et_pb_line_break_holder] -->    <\/div>\n<p><!-- [et_pb_line_break_holder] --><\/form>\n<p><!-- [et_pb_line_break_holder] --><\/div>\n<p><!-- [et_pb_line_break_holder] --><script type=\"text\/javascript\" src=\"\/\/s3.amazonaws.com\/downloads.mailchimp.com\/js\/mc-validate.js\"><\/script><script type=\"text\/javascript\">(function($) {window.fnames = new Array(); window.ftypes = new Array();fnames[0]='EMAIL';ftypes[0]='email';fnames[1]='FNAME';ftypes[1]='text';fnames[2]='LNAME';ftypes[2]='text';fnames[3]='ADDRESS';ftypes[3]='address';fnames[4]='PHONE';ftypes[4]='phone';\/*<!-- [et_pb_line_break_holder] --> * Translated default messages for the $ validation plugin.<!-- [et_pb_line_break_holder] --> * Locale: DE<!-- [et_pb_line_break_holder] --> *\/<!-- [et_pb_line_break_holder] -->$.extend($.validator.messages, {<!-- [et_pb_line_break_holder] -->\trequired: \"Dieses Feld ist ein Pflichtfeld.\",<!-- [et_pb_line_break_holder] -->\tmaxlength: $.validator.format(\"Geben Sie bitte maximal {0} Zeichen ein.\"),<!-- [et_pb_line_break_holder] -->\tminlength: $.validator.format(\"Geben Sie bitte mindestens {0} Zeichen ein.\"),<!-- [et_pb_line_break_holder] -->\trangelength: $.validator.format(\"Geben Sie bitte mindestens {0} und maximal {1} Zeichen ein.\"),<!-- [et_pb_line_break_holder] -->\temail: \"Geben Sie bitte eine g\u00fcltige E-Mail Adresse ein.\",<!-- [et_pb_line_break_holder] -->\turl: \"Geben Sie bitte eine g\u00fcltige URL ein.\",<!-- [et_pb_line_break_holder] -->\tdate: \"Bitte geben Sie ein g\u00fcltiges Datum ein.\",<!-- [et_pb_line_break_holder] -->\tnumber: \"Geben Sie bitte eine Nummer ein.\",<!-- [et_pb_line_break_holder] -->\tdigits: \"Geben Sie bitte nur Ziffern ein.\",<!-- [et_pb_line_break_holder] -->\tequalTo: \"Bitte denselben Wert wiederholen.\",<!-- [et_pb_line_break_holder] -->\trange: $.validator.format(\"Geben Sie bitten einen Wert zwischen {0} und {1}.\"),<!-- [et_pb_line_break_holder] -->\tmax: $.validator.format(\"Geben Sie bitte einen Wert kleiner oder gleich {0} ein.\"),<!-- [et_pb_line_break_holder] -->\tmin: $.validator.format(\"Geben Sie bitte einen Wert gr\u00f6\u00dfer oder gleich {0} ein.\"),<!-- [et_pb_line_break_holder] -->\tcreditcard: \"Geben Sie bitte ein g\u00fcltige Kreditkarten-Nummer ein.\"<!-- [et_pb_line_break_holder] -->});}(jQuery));var $mcj = jQuery.noConflict(true);<\/script><\/div>\n<p><!-- [et_pb_line_break_holder] -->[\/et_pb_code][et_pb_text disabled_on=&#8221;on|on|on&#8221; _builder_version=&#8221;4.27.4&#8243; _module_preset=&#8221;default&#8221; custom_padding=&#8221;||25px|||&#8221; border_color_bottom=&#8221;rgba(0,0,0,0.24)&#8221; disabled=&#8221;on&#8221; global_colors_info=&#8221;{}&#8221;]<\/p>\n<p>Nach dem Klick auf den Button erhalten Sie die Zugangsdaten direkt per E-Mail. Sollten Sie nach 10 Minuten noch keine E-Mail erhalten haben, bitte \u00fcberpr\u00fcfen Sie auch Ihren Spam Ordner.<\/p>\n<p>[\/et_pb_text][\/et_pb_column][\/et_pb_row][et_pb_row column_structure=&#8221;2_5,3_5&#8243; module_id=&#8221;g\u00fcnther&#8221; _builder_version=&#8221;4.27.4&#8243; _module_preset=&#8221;default&#8221; custom_padding=&#8221;0px||0px|||&#8221; hover_enabled=&#8221;0&#8243; global_colors_info=&#8221;{}&#8221; border_width_top=&#8221;1px&#8221; border_color_top=&#8221;#cecece&#8221; sticky_enabled=&#8221;0&#8243;][et_pb_column type=&#8221;2_5&#8243; _builder_version=&#8221;4.27.0&#8243; _module_preset=&#8221;default&#8221; global_colors_info=&#8221;{}&#8221;][et_pb_text _builder_version=&#8221;4.27.4&#8243; _module_preset=&#8221;default&#8221; hover_enabled=&#8221;0&#8243; global_colors_info=&#8221;{}&#8221; sticky_enabled=&#8221;0&#8243;]<\/p>\n<div class=\"flex max-w-full flex-col flex-grow\">\n<div data-message-author-role=\"assistant\" data-message-id=\"cb6e13ba-91d6-434f-9306-b60d808c5ec6\" dir=\"auto\" class=\"min-h-8 text-message flex w-full flex-col items-end gap-2 whitespace-normal break-words text-start [.text-message+&amp;]:mt-5\" data-message-model-slug=\"gpt-4o\">\n<div class=\"flex w-full flex-col gap-1 empty:hidden first:pt-[3px]\">\n<div class=\"markdown prose w-full break-words dark:prose-invert light\"><\/div>\n<\/div>\n<\/div>\n<\/div>\n<h3><\/h3>\n<h3>Referenten<\/h3>\n<p>[\/et_pb_text][et_pb_image src=&#8221;https:\/\/terra-institute.eu\/it\/wp-content\/uploads\/2023\/08\/Evelyn-Oberleiter-300&#215;300-1.jpg&#8221; alt=&#8221;Elena Rangoni Gargano&#8221; title_text=&#8221;Evelyn-Oberleiter-300&#215;300-1&#8243; _builder_version=&#8221;4.27.4&#8243; _module_preset=&#8221;default&#8221; global_colors_info=&#8221;{}&#8221;][\/et_pb_image][\/et_pb_column][et_pb_column type=&#8221;3_5&#8243; _builder_version=&#8221;4.27.0&#8243; _module_preset=&#8221;default&#8221; global_colors_info=&#8221;{}&#8221;][et_pb_text _builder_version=&#8221;4.27.4&#8243; _module_preset=&#8221;default&#8221; hover_enabled=&#8221;0&#8243; global_colors_info=&#8221;{}&#8221; sticky_enabled=&#8221;0&#8243;]<\/p>\n<div class=\"flex max-w-full flex-col flex-grow\">\n<div data-message-author-role=\"assistant\" data-message-id=\"cb6e13ba-91d6-434f-9306-b60d808c5ec6\" dir=\"auto\" class=\"min-h-8 text-message flex w-full flex-col items-end gap-2 whitespace-normal break-words text-start [.text-message+&amp;]:mt-5\" data-message-model-slug=\"gpt-4o\">\n<div class=\"flex w-full flex-col gap-1 empty:hidden first:pt-[3px]\">\n<div class=\"markdown prose w-full break-words dark:prose-invert light\"><\/div>\n<\/div>\n<\/div>\n<\/div>\n<h3><span style=\"color: #ffffff;\"><\/span><\/h3>\n<h3><span style=\"color: #ffffff;\">Referenten<\/span><\/h3>\n<p>[\/et_pb_text][et_pb_text _builder_version=&#8221;4.27.4&#8243; _module_preset=&#8221;default&#8221; custom_padding=&#8221;||25px|||&#8221; border_color_bottom=&#8221;rgba(0,0,0,0.24)&#8221; global_colors_info=&#8221;{}&#8221;]<\/p>\n<h3 data-ccp-props=\"{&quot;335551550&quot;:1,&quot;335551620&quot;:1,&quot;335559683&quot;:0,&quot;335559685&quot;:0,&quot;335559731&quot;:0,&quot;335559737&quot;:0,&quot;335562764&quot;:2,&quot;335562765&quot;:1,&quot;335562766&quot;:4,&quot;335562767&quot;:0,&quot;335562768&quot;:4,&quot;335562769&quot;:0}\"><strong>EVELYN OBERLEITER\u200b<\/strong><\/h3>\n<p data-ccp-props=\"{&quot;335551550&quot;:1,&quot;335551620&quot;:1,&quot;335559683&quot;:0,&quot;335559685&quot;:0,&quot;335559731&quot;:0,&quot;335559737&quot;:0,&quot;335562764&quot;:2,&quot;335562765&quot;:1,&quot;335562766&quot;:4,&quot;335562767&quot;:0,&quot;335562768&quot;:4,&quot;335562769&quot;:0}\"><span data-usefontface=\"true\" data-contrast=\"none\">Co-<\/span><span data-usefontface=\"true\" data-contrast=\"none\">fondatrice<\/span><span data-usefontface=\"true\" data-contrast=\"none\"> e CEO di Terra Institute. <\/span><span data-usefontface=\"true\" data-contrast=\"none\">Accompagna<\/span><span data-usefontface=\"true\" data-contrast=\"none\"> da 20 <\/span><span data-usefontface=\"true\" data-contrast=\"none\">anni<\/span> <span data-usefontface=\"true\" data-contrast=\"none\">aziende<\/span><span data-usefontface=\"true\" data-contrast=\"none\"> in <\/span><span data-usefontface=\"true\" data-contrast=\"none\">profondi<\/span> <span data-usefontface=\"true\" data-contrast=\"none\">processi<\/span><span data-usefontface=\"true\" data-contrast=\"none\"> di <\/span><span data-usefontface=\"true\" data-contrast=\"none\">trasformazione<\/span><span data-usefontface=\"true\" data-contrast=\"none\"> e si <\/span><span data-usefontface=\"true\" data-contrast=\"none\">concentra<\/span> <span data-usefontface=\"true\" data-contrast=\"none\">su<\/span> <span data-usefontface=\"true\" data-contrast=\"none\">sviluppo<\/span> <span data-usefontface=\"true\" data-contrast=\"none\">organizzativo<\/span><span data-usefontface=\"true\" data-contrast=\"none\">, <\/span><span data-usefontface=\"true\" data-contrast=\"none\">processi<\/span><span data-usefontface=\"true\" data-contrast=\"none\"> di <\/span><span data-usefontface=\"true\" data-contrast=\"none\">cultura<\/span> <span data-usefontface=\"true\" data-contrast=\"none\">aziendale<\/span><span data-usefontface=\"true\" data-contrast=\"none\"> e <\/span><span data-usefontface=\"true\" data-contrast=\"none\">approcci<\/span><span data-usefontface=\"true\" data-contrast=\"none\"> di <\/span><span data-usefontface=\"true\" data-contrast=\"none\">leadership<\/span> <span data-usefontface=\"true\" data-contrast=\"none\">sostenibile<\/span><span data-usefontface=\"true\" data-contrast=\"none\">. Evelyn <\/span><span data-usefontface=\"true\" data-contrast=\"none\">possiede<\/span> <span data-usefontface=\"true\" data-contrast=\"none\">una<\/span> <span data-usefontface=\"true\" data-contrast=\"none\">elevata<\/span> <span data-usefontface=\"true\" data-contrast=\"none\">competenza<\/span> <span data-usefontface=\"true\" data-contrast=\"none\">nei<\/span> <span data-usefontface=\"true\" data-contrast=\"none\">processi<\/span><span data-usefontface=\"true\" data-contrast=\"none\"> e <\/span><span data-usefontface=\"true\" data-contrast=\"none\">orientamento<\/span><span data-usefontface=\"true\" data-contrast=\"none\"> ai <\/span><span data-usefontface=\"true\" data-contrast=\"none\">risultati<\/span><span data-usefontface=\"true\" data-contrast=\"none\">, <\/span><span data-usefontface=\"true\" data-contrast=\"none\">ampie<\/span> <span data-usefontface=\"true\" data-contrast=\"none\">capacit\u00e0<\/span> <span data-usefontface=\"true\" data-contrast=\"none\">analitiche<\/span><span data-usefontface=\"true\" data-contrast=\"none\"> e <\/span><span data-usefontface=\"true\" data-contrast=\"none\">riflessive<\/span><span data-usefontface=\"true\" data-contrast=\"none\">, <\/span><span data-usefontface=\"true\" data-contrast=\"none\">elevate<\/span> <span data-usefontface=\"true\" data-contrast=\"none\">competenze<\/span> <span data-usefontface=\"true\" data-contrast=\"none\">comunicative<\/span><span data-usefontface=\"true\" data-contrast=\"none\"> e <\/span><span data-usefontface=\"true\" data-contrast=\"none\">un<\/span> <span data-usefontface=\"true\" data-contrast=\"none\">pronunciato<\/span> <span data-usefontface=\"true\" data-contrast=\"none\">pensiero<\/span> <span data-usefontface=\"true\" data-contrast=\"none\">sistemico<\/span><span data-usefontface=\"true\" data-contrast=\"none\">. Come <\/span><span data-usefontface=\"true\" data-contrast=\"none\">coach<\/span> <span data-usefontface=\"true\" data-contrast=\"none\">personale, <\/span><span data-usefontface=\"true\" data-contrast=\"none\">accompagna<\/span> <span data-usefontface=\"true\" data-contrast=\"none\">principalmente<\/span> <span data-usefontface=\"true\" data-contrast=\"none\">persone<\/span> <span data-usefontface=\"true\" data-contrast=\"none\">nel<\/span><span data-usefontface=\"true\" data-contrast=\"none\"> top <\/span><span data-usefontface=\"true\" data-contrast=\"none\">management<\/span><span data-usefontface=\"true\" data-contrast=\"none\">.<\/span><\/p>\n<p>[\/et_pb_text][\/et_pb_column][\/et_pb_row][\/et_pb_section]<\/p>\n","protected":false},"excerpt":{"rendered":"<p>AL MOMENTO NON \u00c8 PREVISTO UN NUOVO APPUNTAMENTO Per interesse al tema, scrivete pure una e-mail a: office@terra-institute.eu Il nostro webinar gratuito sulle formazione ESG Le aziende riconoscono sempre pi\u00f9 la necessit\u00e0 di una trasformazione sostenibile, richiesta dalla regolamentazione europea e dalla gestione del rischio.La sostenibilit\u00e0 aumenta inoltre l\u2019attrattivit\u00e0 del datore di lavoro, poich\u00e9 il [&hellip;]<\/p>\n","protected":false},"author":1,"featured_media":254559,"comment_status":"open","ping_status":"open","sticky":false,"template":"","format":"standard","meta":{"_et_pb_use_builder":"on","_et_pb_old_content":"","_et_gb_content_width":"","footnotes":""},"categories":[39],"tags":[51],"class_list":["post-254553","post","type-post","status-publish","format-standard","has-post-thumbnail","hentry","category-webinar","tag-terra-academy"],"yoast_head":"<!-- This site is optimized with the Yoast SEO plugin v26.9 - https:\/\/yoast.com\/product\/yoast-seo-wordpress\/ -->\n<title>Webinar ESG: sostenibilit\u00e0 e attrattivit\u00e0 per i datori di lavoro<\/title>\n<meta name=\"description\" content=\"Al momento non \u00e8 stata fissata una nuova data per il nostro webinar sulla formazione ESG. Se siete ancora interessati all&#039;argomento, vi preghiamo di contattarci via email all&#039;indirizzo office@terra-institute.eu.\" \/>\n<meta name=\"robots\" content=\"index, follow, max-snippet:-1, max-image-preview:large, max-video-preview:-1\" \/>\n<link rel=\"canonical\" href=\"https:\/\/terra-institute.eu\/it\/formazione-esg-per-una-maggiore-attrattivita-dei-datori-di-lavoro\/\" \/>\n<meta property=\"og:locale\" content=\"it_IT\" \/>\n<meta property=\"og:type\" content=\"article\" \/>\n<meta property=\"og:title\" content=\"Webinar ESG: sostenibilit\u00e0 e attrattivit\u00e0 per i datori di lavoro\" \/>\n<meta property=\"og:description\" content=\"Al momento non \u00e8 stata fissata una nuova data per il nostro webinar sulla formazione ESG. Se siete ancora interessati all&#039;argomento, vi preghiamo di contattarci via email all&#039;indirizzo office@terra-institute.eu.\" \/>\n<meta property=\"og:url\" content=\"https:\/\/terra-institute.eu\/it\/formazione-esg-per-una-maggiore-attrattivita-dei-datori-di-lavoro\/\" \/>\n<meta property=\"og:site_name\" content=\"Terra Institute\" \/>\n<meta property=\"article:publisher\" content=\"https:\/\/www.facebook.com\/TerraInstitute\" \/>\n<meta property=\"article:published_time\" content=\"2024-07-16T11:48:00+00:00\" \/>\n<meta property=\"article:modified_time\" content=\"2025-08-11T11:53:00+00:00\" \/>\n<meta property=\"og:image\" content=\"https:\/\/terra-institute.eu\/it\/wp-content\/uploads\/2025\/08\/Formazione-ESG-cascata-Daniel-Hernandez.jpg\" \/>\n\t<meta property=\"og:image:width\" content=\"1080\" \/>\n\t<meta property=\"og:image:height\" content=\"720\" \/>\n\t<meta property=\"og:image:type\" content=\"image\/jpeg\" \/>\n<meta name=\"author\" content=\"francescoromito\" \/>\n<meta name=\"twitter:card\" content=\"summary_large_image\" \/>\n<meta name=\"twitter:creator\" content=\"@terra_institute\" \/>\n<meta name=\"twitter:site\" content=\"@terra_institute\" \/>\n<meta name=\"twitter:label1\" content=\"Scritto da\" \/>\n\t<meta name=\"twitter:data1\" content=\"francescoromito\" \/>\n\t<meta name=\"twitter:label2\" content=\"Tempo di lettura stimato\" \/>\n\t<meta name=\"twitter:data2\" content=\"4 minuti\" \/>\n<script type=\"application\/ld+json\" class=\"yoast-schema-graph\">{\"@context\":\"https:\/\/schema.org\",\"@graph\":[{\"@type\":\"Article\",\"@id\":\"https:\/\/terra-institute.eu\/it\/formazione-esg-per-una-maggiore-attrattivita-dei-datori-di-lavoro\/#article\",\"isPartOf\":{\"@id\":\"https:\/\/terra-institute.eu\/it\/formazione-esg-per-una-maggiore-attrattivita-dei-datori-di-lavoro\/\"},\"author\":{\"name\":\"francescoromito\",\"@id\":\"https:\/\/terra-institute.eu\/it\/#\/schema\/person\/0825c78d1038a1533e63d1a36ec49278\"},\"headline\":\"Formazione ESG per una maggiore attrattivit\u00e0 dei datori di lavoro\",\"datePublished\":\"2024-07-16T11:48:00+00:00\",\"dateModified\":\"2025-08-11T11:53:00+00:00\",\"mainEntityOfPage\":{\"@id\":\"https:\/\/terra-institute.eu\/it\/formazione-esg-per-una-maggiore-attrattivita-dei-datori-di-lavoro\/\"},\"wordCount\":1445,\"commentCount\":0,\"image\":{\"@id\":\"https:\/\/terra-institute.eu\/it\/formazione-esg-per-una-maggiore-attrattivita-dei-datori-di-lavoro\/#primaryimage\"},\"thumbnailUrl\":\"https:\/\/terra-institute.eu\/it\/wp-content\/uploads\/2025\/08\/Formazione-ESG-cascata-Daniel-Hernandez.jpg\",\"keywords\":[\"TERRA ACADEMY\"],\"articleSection\":[\"webinar\"],\"inLanguage\":\"it-IT\",\"potentialAction\":[{\"@type\":\"CommentAction\",\"name\":\"Comment\",\"target\":[\"https:\/\/terra-institute.eu\/it\/formazione-esg-per-una-maggiore-attrattivita-dei-datori-di-lavoro\/#respond\"]}]},{\"@type\":\"WebPage\",\"@id\":\"https:\/\/terra-institute.eu\/it\/formazione-esg-per-una-maggiore-attrattivita-dei-datori-di-lavoro\/\",\"url\":\"https:\/\/terra-institute.eu\/it\/formazione-esg-per-una-maggiore-attrattivita-dei-datori-di-lavoro\/\",\"name\":\"Webinar ESG: sostenibilit\u00e0 e attrattivit\u00e0 per i datori di lavoro\",\"isPartOf\":{\"@id\":\"https:\/\/terra-institute.eu\/it\/#website\"},\"primaryImageOfPage\":{\"@id\":\"https:\/\/terra-institute.eu\/it\/formazione-esg-per-una-maggiore-attrattivita-dei-datori-di-lavoro\/#primaryimage\"},\"image\":{\"@id\":\"https:\/\/terra-institute.eu\/it\/formazione-esg-per-una-maggiore-attrattivita-dei-datori-di-lavoro\/#primaryimage\"},\"thumbnailUrl\":\"https:\/\/terra-institute.eu\/it\/wp-content\/uploads\/2025\/08\/Formazione-ESG-cascata-Daniel-Hernandez.jpg\",\"datePublished\":\"2024-07-16T11:48:00+00:00\",\"dateModified\":\"2025-08-11T11:53:00+00:00\",\"author\":{\"@id\":\"https:\/\/terra-institute.eu\/it\/#\/schema\/person\/0825c78d1038a1533e63d1a36ec49278\"},\"description\":\"Al momento non \u00e8 stata fissata una nuova data per il nostro webinar sulla formazione ESG. Se siete ancora interessati all'argomento, vi preghiamo di contattarci via email all'indirizzo office@terra-institute.eu.\",\"breadcrumb\":{\"@id\":\"https:\/\/terra-institute.eu\/it\/formazione-esg-per-una-maggiore-attrattivita-dei-datori-di-lavoro\/#breadcrumb\"},\"inLanguage\":\"it-IT\",\"potentialAction\":[{\"@type\":\"ReadAction\",\"target\":[\"https:\/\/terra-institute.eu\/it\/formazione-esg-per-una-maggiore-attrattivita-dei-datori-di-lavoro\/\"]}]},{\"@type\":\"ImageObject\",\"inLanguage\":\"it-IT\",\"@id\":\"https:\/\/terra-institute.eu\/it\/formazione-esg-per-una-maggiore-attrattivita-dei-datori-di-lavoro\/#primaryimage\",\"url\":\"https:\/\/terra-institute.eu\/it\/wp-content\/uploads\/2025\/08\/Formazione-ESG-cascata-Daniel-Hernandez.jpg\",\"contentUrl\":\"https:\/\/terra-institute.eu\/it\/wp-content\/uploads\/2025\/08\/Formazione-ESG-cascata-Daniel-Hernandez.jpg\",\"width\":1080,\"height\":720,\"caption\":\"cascata\"},{\"@type\":\"BreadcrumbList\",\"@id\":\"https:\/\/terra-institute.eu\/it\/formazione-esg-per-una-maggiore-attrattivita-dei-datori-di-lavoro\/#breadcrumb\",\"itemListElement\":[{\"@type\":\"ListItem\",\"position\":1,\"name\":\"Home\",\"item\":\"https:\/\/terra-institute.eu\/it\/\"},{\"@type\":\"ListItem\",\"position\":2,\"name\":\"Formazione ESG per una maggiore attrattivit\u00e0 dei datori di lavoro\"}]},{\"@type\":\"WebSite\",\"@id\":\"https:\/\/terra-institute.eu\/it\/#website\",\"url\":\"https:\/\/terra-institute.eu\/it\/\",\"name\":\"Terra Institute\",\"description\":\"Empowering Responsible Growth\",\"potentialAction\":[{\"@type\":\"SearchAction\",\"target\":{\"@type\":\"EntryPoint\",\"urlTemplate\":\"https:\/\/terra-institute.eu\/it\/?s={search_term_string}\"},\"query-input\":{\"@type\":\"PropertyValueSpecification\",\"valueRequired\":true,\"valueName\":\"search_term_string\"}}],\"inLanguage\":\"it-IT\"},{\"@type\":\"Person\",\"@id\":\"https:\/\/terra-institute.eu\/it\/#\/schema\/person\/0825c78d1038a1533e63d1a36ec49278\",\"name\":\"francescoromito\",\"image\":{\"@type\":\"ImageObject\",\"inLanguage\":\"it-IT\",\"@id\":\"https:\/\/terra-institute.eu\/it\/#\/schema\/person\/image\/\",\"url\":\"https:\/\/secure.gravatar.com\/avatar\/af139ce2e39890ae48f5692c8a08dde6e376be32739bb05ea5a3ce601c598fa9?s=96&d=mm&r=g\",\"contentUrl\":\"https:\/\/secure.gravatar.com\/avatar\/af139ce2e39890ae48f5692c8a08dde6e376be32739bb05ea5a3ce601c598fa9?s=96&d=mm&r=g\",\"caption\":\"francescoromito\"},\"sameAs\":[\"https:\/\/terra-institute.eu\/it\"],\"url\":\"https:\/\/terra-institute.eu\/it\/author\/francescoromito\/\"}]}<\/script>\n<!-- \/ Yoast SEO plugin. -->","yoast_head_json":{"title":"Webinar ESG: sostenibilit\u00e0 e attrattivit\u00e0 per i datori di lavoro","description":"Al momento non \u00e8 stata fissata una nuova data per il nostro webinar sulla formazione ESG. Se siete ancora interessati all'argomento, vi preghiamo di contattarci via email all'indirizzo office@terra-institute.eu.","robots":{"index":"index","follow":"follow","max-snippet":"max-snippet:-1","max-image-preview":"max-image-preview:large","max-video-preview":"max-video-preview:-1"},"canonical":"https:\/\/terra-institute.eu\/it\/formazione-esg-per-una-maggiore-attrattivita-dei-datori-di-lavoro\/","og_locale":"it_IT","og_type":"article","og_title":"Webinar ESG: sostenibilit\u00e0 e attrattivit\u00e0 per i datori di lavoro","og_description":"Al momento non \u00e8 stata fissata una nuova data per il nostro webinar sulla formazione ESG. Se siete ancora interessati all'argomento, vi preghiamo di contattarci via email all'indirizzo office@terra-institute.eu.","og_url":"https:\/\/terra-institute.eu\/it\/formazione-esg-per-una-maggiore-attrattivita-dei-datori-di-lavoro\/","og_site_name":"Terra Institute","article_publisher":"https:\/\/www.facebook.com\/TerraInstitute","article_published_time":"2024-07-16T11:48:00+00:00","article_modified_time":"2025-08-11T11:53:00+00:00","og_image":[{"width":1080,"height":720,"url":"https:\/\/terra-institute.eu\/it\/wp-content\/uploads\/2025\/08\/Formazione-ESG-cascata-Daniel-Hernandez.jpg","type":"image\/jpeg"}],"author":"francescoromito","twitter_card":"summary_large_image","twitter_creator":"@terra_institute","twitter_site":"@terra_institute","twitter_misc":{"Scritto da":"francescoromito","Tempo di lettura stimato":"4 minuti"},"schema":{"@context":"https:\/\/schema.org","@graph":[{"@type":"Article","@id":"https:\/\/terra-institute.eu\/it\/formazione-esg-per-una-maggiore-attrattivita-dei-datori-di-lavoro\/#article","isPartOf":{"@id":"https:\/\/terra-institute.eu\/it\/formazione-esg-per-una-maggiore-attrattivita-dei-datori-di-lavoro\/"},"author":{"name":"francescoromito","@id":"https:\/\/terra-institute.eu\/it\/#\/schema\/person\/0825c78d1038a1533e63d1a36ec49278"},"headline":"Formazione ESG per una maggiore attrattivit\u00e0 dei datori di lavoro","datePublished":"2024-07-16T11:48:00+00:00","dateModified":"2025-08-11T11:53:00+00:00","mainEntityOfPage":{"@id":"https:\/\/terra-institute.eu\/it\/formazione-esg-per-una-maggiore-attrattivita-dei-datori-di-lavoro\/"},"wordCount":1445,"commentCount":0,"image":{"@id":"https:\/\/terra-institute.eu\/it\/formazione-esg-per-una-maggiore-attrattivita-dei-datori-di-lavoro\/#primaryimage"},"thumbnailUrl":"https:\/\/terra-institute.eu\/it\/wp-content\/uploads\/2025\/08\/Formazione-ESG-cascata-Daniel-Hernandez.jpg","keywords":["TERRA ACADEMY"],"articleSection":["webinar"],"inLanguage":"it-IT","potentialAction":[{"@type":"CommentAction","name":"Comment","target":["https:\/\/terra-institute.eu\/it\/formazione-esg-per-una-maggiore-attrattivita-dei-datori-di-lavoro\/#respond"]}]},{"@type":"WebPage","@id":"https:\/\/terra-institute.eu\/it\/formazione-esg-per-una-maggiore-attrattivita-dei-datori-di-lavoro\/","url":"https:\/\/terra-institute.eu\/it\/formazione-esg-per-una-maggiore-attrattivita-dei-datori-di-lavoro\/","name":"Webinar ESG: sostenibilit\u00e0 e attrattivit\u00e0 per i datori di lavoro","isPartOf":{"@id":"https:\/\/terra-institute.eu\/it\/#website"},"primaryImageOfPage":{"@id":"https:\/\/terra-institute.eu\/it\/formazione-esg-per-una-maggiore-attrattivita-dei-datori-di-lavoro\/#primaryimage"},"image":{"@id":"https:\/\/terra-institute.eu\/it\/formazione-esg-per-una-maggiore-attrattivita-dei-datori-di-lavoro\/#primaryimage"},"thumbnailUrl":"https:\/\/terra-institute.eu\/it\/wp-content\/uploads\/2025\/08\/Formazione-ESG-cascata-Daniel-Hernandez.jpg","datePublished":"2024-07-16T11:48:00+00:00","dateModified":"2025-08-11T11:53:00+00:00","author":{"@id":"https:\/\/terra-institute.eu\/it\/#\/schema\/person\/0825c78d1038a1533e63d1a36ec49278"},"description":"Al momento non \u00e8 stata fissata una nuova data per il nostro webinar sulla formazione ESG. Se siete ancora interessati all'argomento, vi preghiamo di contattarci via email all'indirizzo office@terra-institute.eu.","breadcrumb":{"@id":"https:\/\/terra-institute.eu\/it\/formazione-esg-per-una-maggiore-attrattivita-dei-datori-di-lavoro\/#breadcrumb"},"inLanguage":"it-IT","potentialAction":[{"@type":"ReadAction","target":["https:\/\/terra-institute.eu\/it\/formazione-esg-per-una-maggiore-attrattivita-dei-datori-di-lavoro\/"]}]},{"@type":"ImageObject","inLanguage":"it-IT","@id":"https:\/\/terra-institute.eu\/it\/formazione-esg-per-una-maggiore-attrattivita-dei-datori-di-lavoro\/#primaryimage","url":"https:\/\/terra-institute.eu\/it\/wp-content\/uploads\/2025\/08\/Formazione-ESG-cascata-Daniel-Hernandez.jpg","contentUrl":"https:\/\/terra-institute.eu\/it\/wp-content\/uploads\/2025\/08\/Formazione-ESG-cascata-Daniel-Hernandez.jpg","width":1080,"height":720,"caption":"cascata"},{"@type":"BreadcrumbList","@id":"https:\/\/terra-institute.eu\/it\/formazione-esg-per-una-maggiore-attrattivita-dei-datori-di-lavoro\/#breadcrumb","itemListElement":[{"@type":"ListItem","position":1,"name":"Home","item":"https:\/\/terra-institute.eu\/it\/"},{"@type":"ListItem","position":2,"name":"Formazione ESG per una maggiore attrattivit\u00e0 dei datori di lavoro"}]},{"@type":"WebSite","@id":"https:\/\/terra-institute.eu\/it\/#website","url":"https:\/\/terra-institute.eu\/it\/","name":"Terra Institute","description":"Empowering Responsible Growth","potentialAction":[{"@type":"SearchAction","target":{"@type":"EntryPoint","urlTemplate":"https:\/\/terra-institute.eu\/it\/?s={search_term_string}"},"query-input":{"@type":"PropertyValueSpecification","valueRequired":true,"valueName":"search_term_string"}}],"inLanguage":"it-IT"},{"@type":"Person","@id":"https:\/\/terra-institute.eu\/it\/#\/schema\/person\/0825c78d1038a1533e63d1a36ec49278","name":"francescoromito","image":{"@type":"ImageObject","inLanguage":"it-IT","@id":"https:\/\/terra-institute.eu\/it\/#\/schema\/person\/image\/","url":"https:\/\/secure.gravatar.com\/avatar\/af139ce2e39890ae48f5692c8a08dde6e376be32739bb05ea5a3ce601c598fa9?s=96&d=mm&r=g","contentUrl":"https:\/\/secure.gravatar.com\/avatar\/af139ce2e39890ae48f5692c8a08dde6e376be32739bb05ea5a3ce601c598fa9?s=96&d=mm&r=g","caption":"francescoromito"},"sameAs":["https:\/\/terra-institute.eu\/it"],"url":"https:\/\/terra-institute.eu\/it\/author\/francescoromito\/"}]}},"_links":{"self":[{"href":"https:\/\/terra-institute.eu\/it\/wp-json\/wp\/v2\/posts\/254553","targetHints":{"allow":["GET"]}}],"collection":[{"href":"https:\/\/terra-institute.eu\/it\/wp-json\/wp\/v2\/posts"}],"about":[{"href":"https:\/\/terra-institute.eu\/it\/wp-json\/wp\/v2\/types\/post"}],"author":[{"embeddable":true,"href":"https:\/\/terra-institute.eu\/it\/wp-json\/wp\/v2\/users\/1"}],"replies":[{"embeddable":true,"href":"https:\/\/terra-institute.eu\/it\/wp-json\/wp\/v2\/comments?post=254553"}],"version-history":[{"count":8,"href":"https:\/\/terra-institute.eu\/it\/wp-json\/wp\/v2\/posts\/254553\/revisions"}],"predecessor-version":[{"id":254567,"href":"https:\/\/terra-institute.eu\/it\/wp-json\/wp\/v2\/posts\/254553\/revisions\/254567"}],"wp:featuredmedia":[{"embeddable":true,"href":"https:\/\/terra-institute.eu\/it\/wp-json\/wp\/v2\/media\/254559"}],"wp:attachment":[{"href":"https:\/\/terra-institute.eu\/it\/wp-json\/wp\/v2\/media?parent=254553"}],"wp:term":[{"taxonomy":"category","embeddable":true,"href":"https:\/\/terra-institute.eu\/it\/wp-json\/wp\/v2\/categories?post=254553"},{"taxonomy":"post_tag","embeddable":true,"href":"https:\/\/terra-institute.eu\/it\/wp-json\/wp\/v2\/tags?post=254553"}],"curies":[{"name":"wp","href":"https:\/\/api.w.org\/{rel}","templated":true}]}}