{"id":254527,"date":"2024-10-31T12:00:00","date_gmt":"2024-10-31T11:00:00","guid":{"rendered":"https:\/\/terra-institute.eu\/it\/?p=254527"},"modified":"2025-08-11T13:15:00","modified_gmt":"2025-08-11T11:15:00","slug":"rafforzare-il-ruolo-delle-donne-in-agricoltura-il-progetto-agro4sdgs","status":"publish","type":"post","link":"https:\/\/terra-institute.eu\/it\/rafforzare-il-ruolo-delle-donne-in-agricoltura-il-progetto-agro4sdgs\/","title":{"rendered":"RAFFORZARE IL RUOLO DELLE DONNE IN AGRICOLTURA: IL PROGETTO AGRO4SDGS"},"content":{"rendered":"<p>[et_pb_section fb_built=&#8221;1&#8243; _builder_version=&#8221;4.27.4&#8243; _module_preset=&#8221;default&#8221; global_colors_info=&#8221;{}&#8221;][\/et_pb_section][et_pb_section fb_built=&#8221;1&#8243; _builder_version=&#8221;4.24.2&#8243; _module_preset=&#8221;default&#8221; custom_margin=&#8221;-104px||||false|false&#8221; locked=&#8221;off&#8221; global_colors_info=&#8221;{}&#8221;][et_pb_row _builder_version=&#8221;4.22.1&#8243; _module_preset=&#8221;default&#8221; border_width_bottom=&#8221;1px&#8221; border_color_bottom=&#8221;#cecece&#8221; global_colors_info=&#8221;{}&#8221;][et_pb_column type=&#8221;4_4&#8243; _builder_version=&#8221;4.22.1&#8243; _module_preset=&#8221;default&#8221; global_colors_info=&#8221;{}&#8221;][et_pb_text _builder_version=&#8221;4.27.4&#8243; _module_preset=&#8221;default&#8221; text_font=&#8221;Akrobat-SemiBold|||on|||||&#8221; text_text_color=&#8221;#7d7168&#8243; text_font_size=&#8221;21px&#8221; global_colors_info=&#8221;{}&#8221;]<\/p>\n<p style=\"font-weight: 400;\">In un mondo in cui l\u2019agricoltura sostenibile e la parit\u00e0 di genere stanno diventando sempre pi\u00f9 importanti, il progetto Agro4SDGs manda un segnale forte. Questo progetto innovativo mira a rafforzare il ruolo delle donne nell\u2019agricoltura e, allo stesso tempo, a sostenere le aree rurali d\u2019Europa.<\/p>\n<p>[\/et_pb_text][et_pb_text _builder_version=&#8221;4.27.4&#8243; _module_preset=&#8221;default&#8221; custom_margin=&#8221;60px||||false|false&#8221; hover_enabled=&#8221;0&#8243; global_colors_info=&#8221;{}&#8221; sticky_enabled=&#8221;0&#8243;]<\/p>\n<h2><span>LA VISIONE DI AGRO4SDGS<\/span><\/h2>\n<p>[\/et_pb_text][et_pb_text ol_item_indent=&#8221;-1051px&#8221; _builder_version=&#8221;4.27.4&#8243; _module_preset=&#8221;default&#8221; text_font_size=&#8221;19px&#8221; global_colors_info=&#8221;{}&#8221;]<\/p>\n<div><span>Agro4SDGs si basa sulla consapevolezza dell\u2019importanza delle donne per la prosperit\u00e0 delle comunit\u00e0 rurali. Il progetto contribuisce alla visione a lungo termine dell\u2019UE per le aree rurali e sostiene la strategia UE del Green Deal. Attraverso azioni mirate e risultati concreti, Agro4SDGs promuove la parit\u00e0 di genere in agricoltura e rafforza le donne che sono interessate a questo settore.<\/span><\/div>\n<div><\/div>\n<p>[\/et_pb_text][et_pb_text _builder_version=&#8221;4.27.4&#8243; _module_preset=&#8221;default&#8221; custom_margin=&#8221;60px||||false|false&#8221; hover_enabled=&#8221;0&#8243; global_colors_info=&#8221;{}&#8221; sticky_enabled=&#8221;0&#8243;]<\/p>\n<h3><span>OBIETTIVI E AZIONI<\/span><\/h3>\n<p>[\/et_pb_text][et_pb_text module_id=&#8221;massnahmen-unternehmen&#8221; _builder_version=&#8221;4.27.4&#8243; _module_preset=&#8221;default&#8221; text_font_size=&#8221;19px&#8221; global_colors_info=&#8221;{}&#8221;]<\/p>\n<p class=\"my-0 py-2 [&amp;_strong:has(+br)]:inline-block [&amp;_strong:has(+br)]:pb-2\">Il progetto persegue diversi obiettivi principali:<\/p>\n<ul class=\"marker:text-quiet list-disc\">\n<li class=\"py-0 my-0 prose-p:pt-0 prose-p:pb-2 prose-p:my-0 [&amp;&gt;p]:pt-0 [&amp;&gt;p]:pb-2 [&amp;&gt;p]:my-0\" style=\"box-sizing: border-box; scrollbar-width: initial; --tw-border-spacing-x: 0; --tw-border-spacing-y: 0; --tw-translate-x: 0; --tw-translate-y: 0; --tw-rotate: 0; --tw-skew-x: 0; --tw-skew-y: 0; --tw-scale-x: 1; --tw-scale-y: 1; --tw-scroll-snap-strictness: proximity; --tw-ring-offset-width: 0px; --tw-ring-offset-color: #fff; --tw-ring-color: rgb(59 130 246 \/ .5); --tw-ring-offset-shadow: 0 0 #0000; --tw-ring-shadow: 0 0 #0000; --tw-shadow: 0 0 #0000; --tw-shadow-colored: 0 0 #0000; margin-top: 0px; margin-bottom: 0px; padding-inline-start: 0.375em; padding-top: 0px; padding-bottom: 0px; border: 0px solid #e5e7eb;\">\n<p class=\"my-0 py-2 [&amp;_strong:has(+br)]:inline-block [&amp;_strong:has(+br)]:pb-2\"><strong>Formazione delle donne:<\/strong> le donne vengono formate per diventare imprenditrici nel settore agroecologico e rafforzate nel loro ruolo di protagoniste del cambiamento. Questo comprende corsi di formazione e workshop che trasmettono competenze pratiche e conoscenze teoriche.<\/p>\n<\/li>\n<li class=\"py-0 my-0 prose-p:pt-0 prose-p:pb-2 prose-p:my-0 [&amp;&gt;p]:pt-0 [&amp;&gt;p]:pb-2 [&amp;&gt;p]:my-0\" style=\"box-sizing: border-box; scrollbar-width: initial; --tw-border-spacing-x: 0; --tw-border-spacing-y: 0; --tw-translate-x: 0; --tw-translate-y: 0; --tw-rotate: 0; --tw-skew-x: 0; --tw-skew-y: 0; --tw-scale-x: 1; --tw-scale-y: 1; --tw-scroll-snap-strictness: proximity; --tw-ring-offset-width: 0px; --tw-ring-offset-color: #fff; --tw-ring-color: rgb(59 130 246 \/ .5); --tw-ring-offset-shadow: 0 0 #0000; --tw-ring-shadow: 0 0 #0000; --tw-shadow: 0 0 #0000; --tw-shadow-colored: 0 0 #0000; margin-top: 0px; margin-bottom: 0px; padding-inline-start: 0.375em; padding-top: 0px; padding-bottom: 0px; border: 0px solid #e5e7eb;\">\n<p class=\"my-0 py-2 [&amp;_strong:has(+br)]:inline-block [&amp;_strong:has(+br)]:pb-2\"><strong>Promozione di opportunit\u00e0 di apprendimento:<\/strong> Agro4SDGs promuove opportunit\u00e0 di apprendimento informale e di partecipazione per tutti i cittadini e le generazioni. Ci\u00f2 include lo sviluppo di risorse educative e l\u2019organizzazione di eventi comunitari.<\/p>\n<\/li>\n<li class=\"py-0 my-0 prose-p:pt-0 prose-p:pb-2 prose-p:my-0 [&amp;&gt;p]:pt-0 [&amp;&gt;p]:pb-2 [&amp;&gt;p]:my-0\" style=\"box-sizing: border-box; scrollbar-width: initial; --tw-border-spacing-x: 0; --tw-border-spacing-y: 0; --tw-translate-x: 0; --tw-translate-y: 0; --tw-rotate: 0; --tw-skew-x: 0; --tw-skew-y: 0; --tw-scale-x: 1; --tw-scale-y: 1; --tw-scroll-snap-strictness: proximity; --tw-ring-offset-width: 0px; --tw-ring-offset-color: #fff; --tw-ring-color: rgb(59 130 246 \/ .5); --tw-ring-offset-shadow: 0 0 #0000; --tw-ring-shadow: 0 0 #0000; --tw-shadow: 0 0 #0000; --tw-shadow-colored: 0 0 #0000; margin-top: 0px; margin-bottom: 0px; padding-inline-start: 0.375em; padding-top: 0px; padding-bottom: 0px; border: 0px solid #e5e7eb;\">\n<p class=\"my-0 py-2 [&amp;_strong:has(+br)]:inline-block [&amp;_strong:has(+br)]:pb-2\"><strong>Sostegno alla transizione verde:<\/strong> il progetto sostiene una transizione verde partecipativa e inclusiva nelle aree rurali di tutta Europa. Questo comprende la promozione di pratiche agricole sostenibili e il supporto a iniziative che riducono l\u2019impronta ecologica.<\/p>\n<\/li>\n<\/ul>\n<p>[\/et_pb_text][et_pb_text _builder_version=&#8221;4.27.4&#8243; _module_preset=&#8221;default&#8221; custom_margin=&#8221;60px||||false|false&#8221; hover_enabled=&#8221;0&#8243; global_colors_info=&#8221;{}&#8221; sticky_enabled=&#8221;0&#8243;]<\/p>\n<h3>GRUPPI TARGET<\/h3>\n<p>[\/et_pb_text][et_pb_text _builder_version=&#8221;4.27.4&#8243; _module_preset=&#8221;default&#8221; text_font_size=&#8221;19px&#8221; global_colors_info=&#8221;{}&#8221;]<\/p>\n<p class=\"my-0 py-2 [&amp;_strong:has(+br)]:inline-block [&amp;_strong:has(+br)]:pb-2\">Agro4SDGs si rivolge a diversi gruppi target, tra cui:<\/p>\n<ul class=\"marker:text-quiet list-disc\">\n<li class=\"py-0 my-0 prose-p:pt-0 prose-p:pb-2 prose-p:my-0 [&amp;&gt;p]:pt-0 [&amp;&gt;p]:pb-2 [&amp;&gt;p]:my-0\" style=\"box-sizing: border-box; scrollbar-width: initial; --tw-border-spacing-x: 0; --tw-border-spacing-y: 0; --tw-translate-x: 0; --tw-translate-y: 0; --tw-rotate: 0; --tw-skew-x: 0; --tw-skew-y: 0; --tw-scale-x: 1; --tw-scale-y: 1; --tw-scroll-snap-strictness: proximity; --tw-ring-offset-width: 0px; --tw-ring-offset-color: #fff; --tw-ring-color: rgb(59 130 246 \/ .5); --tw-ring-offset-shadow: 0 0 #0000; --tw-ring-shadow: 0 0 #0000; --tw-shadow: 0 0 #0000; --tw-shadow-colored: 0 0 #0000; margin-top: 0px; margin-bottom: 0px; padding-inline-start: 0.375em; padding-top: 0px; padding-bottom: 0px; border: 0px solid #e5e7eb;\">\n<p class=\"my-0 py-2 [&amp;_strong:has(+br)]:inline-block [&amp;_strong:has(+br)]:pb-2\"><strong>Donne che vogliono diventare imprenditrici nel settore dell\u2019agricoltura sostenibile:<\/strong> queste donne ricevono sostegno e risorse per realizzare le loro idee imprenditoriali.<\/p>\n<\/li>\n<li class=\"py-0 my-0 prose-p:pt-0 prose-p:pb-2 prose-p:my-0 [&amp;&gt;p]:pt-0 [&amp;&gt;p]:pb-2 [&amp;&gt;p]:my-0\" style=\"box-sizing: border-box; scrollbar-width: initial; --tw-border-spacing-x: 0; --tw-border-spacing-y: 0; --tw-translate-x: 0; --tw-translate-y: 0; --tw-rotate: 0; --tw-skew-x: 0; --tw-skew-y: 0; --tw-scale-x: 1; --tw-scale-y: 1; --tw-scroll-snap-strictness: proximity; --tw-ring-offset-width: 0px; --tw-ring-offset-color: #fff; --tw-ring-color: rgb(59 130 246 \/ .5); --tw-ring-offset-shadow: 0 0 #0000; --tw-ring-shadow: 0 0 #0000; --tw-shadow: 0 0 #0000; --tw-shadow-colored: 0 0 #0000; margin-top: 0px; margin-bottom: 0px; padding-inline-start: 0.375em; padding-top: 0px; padding-bottom: 0px; border: 0px solid #e5e7eb;\">\n<p class=\"my-0 py-2 [&amp;_strong:has(+br)]:inline-block [&amp;_strong:has(+br)]:pb-2\"><strong>Donne che sono gi\u00e0 agricoltrici e vogliono avviare un\u2019attivit\u00e0 aggiuntiva:<\/strong> il progetto offre a queste donne la possibilit\u00e0 di diversificare le loro aziende esistenti e sviluppare nuove fonti di reddito.<\/p>\n<\/li>\n<li class=\"py-0 my-0 prose-p:pt-0 prose-p:pb-2 prose-p:my-0 [&amp;&gt;p]:pt-0 [&amp;&gt;p]:pb-2 [&amp;&gt;p]:my-0\" style=\"box-sizing: border-box; scrollbar-width: initial; --tw-border-spacing-x: 0; --tw-border-spacing-y: 0; --tw-translate-x: 0; --tw-translate-y: 0; --tw-rotate: 0; --tw-skew-x: 0; --tw-skew-y: 0; --tw-scale-x: 1; --tw-scale-y: 1; --tw-scroll-snap-strictness: proximity; --tw-ring-offset-width: 0px; --tw-ring-offset-color: #fff; --tw-ring-color: rgb(59 130 246 \/ .5); --tw-ring-offset-shadow: 0 0 #0000; --tw-ring-shadow: 0 0 #0000; --tw-shadow: 0 0 #0000; --tw-shadow-colored: 0 0 #0000; margin-top: 0px; margin-bottom: 0px; padding-inline-start: 0.375em; padding-top: 0px; padding-bottom: 0px; border: 0px solid #e5e7eb;\">\n<p class=\"my-0 py-2 [&amp;_strong:has(+br)]:inline-block [&amp;_strong:has(+br)]:pb-2\"><strong>Giovani donne che pianificano di avviare un\u2019azienda in futuro:<\/strong> Agro4SDGs offre programmi di mentoring e istruzione per preparare le giovani donne alle future sfide imprenditoriali.<\/p>\n<\/li>\n<li class=\"py-0 my-0 prose-p:pt-0 prose-p:pb-2 prose-p:my-0 [&amp;&gt;p]:pt-0 [&amp;&gt;p]:pb-2 [&amp;&gt;p]:my-0\" style=\"box-sizing: border-box; scrollbar-width: initial; --tw-border-spacing-x: 0; --tw-border-spacing-y: 0; --tw-translate-x: 0; --tw-translate-y: 0; --tw-rotate: 0; --tw-skew-x: 0; --tw-skew-y: 0; --tw-scale-x: 1; --tw-scale-y: 1; --tw-scroll-snap-strictness: proximity; --tw-ring-offset-width: 0px; --tw-ring-offset-color: #fff; --tw-ring-color: rgb(59 130 246 \/ .5); --tw-ring-offset-shadow: 0 0 #0000; --tw-ring-shadow: 0 0 #0000; --tw-shadow: 0 0 #0000; --tw-shadow-colored: 0 0 #0000; margin-top: 0px; margin-bottom: 0px; padding-inline-start: 0.375em; padding-top: 0px; padding-bottom: 0px; border: 0px solid #e5e7eb;\">\n<p class=\"my-0 py-2 [&amp;_strong:has(+br)]:inline-block [&amp;_strong:has(+br)]:pb-2\"><strong>Cittadini e stakeholder interessati:<\/strong> il progetto promuove la consapevolezza e la partecipazione del grande pubblico ai temi dell\u2019agricoltura sostenibile e della parit\u00e0 di genere.<\/p>\n<\/li>\n<\/ul>\n<p>[\/et_pb_text][et_pb_text _builder_version=&#8221;4.27.4&#8243; _module_preset=&#8221;default&#8221; custom_margin=&#8221;60px||||false|false&#8221; hover_enabled=&#8221;0&#8243; global_colors_info=&#8221;{}&#8221; sticky_enabled=&#8221;0&#8243;]<\/p>\n<h3>ATTIVIT\u00c0 E RISULTATI<\/h3>\n<p>[\/et_pb_text][et_pb_text _builder_version=&#8221;4.27.4&#8243; _module_preset=&#8221;default&#8221; text_font_size=&#8221;19px&#8221; global_colors_info=&#8221;{}&#8221;]<\/p>\n<p class=\"my-0 py-2 [&amp;_strong:has(+br)]:inline-block [&amp;_strong:has(+br)]:pb-2\">Il progetto comprende una variet\u00e0 di attivit\u00e0 e produce risultati concreti che contribuiscono al raggiungimento degli obiettivi:<\/p>\n<p class=\"my-0 py-2 [&amp;_strong:has(+br)]:inline-block [&amp;_strong:has(+br)]:pb-2\">\n<ul class=\"marker:text-quiet list-disc\">\n<li class=\"py-0 my-0 prose-p:pt-0 prose-p:pb-2 prose-p:my-0 [&amp;&gt;p]:pt-0 [&amp;&gt;p]:pb-2 [&amp;&gt;p]:my-0\" style=\"box-sizing: border-box; scrollbar-width: initial; --tw-border-spacing-x: 0; --tw-border-spacing-y: 0; --tw-translate-x: 0; --tw-translate-y: 0; --tw-rotate: 0; --tw-skew-x: 0; --tw-skew-y: 0; --tw-scale-x: 1; --tw-scale-y: 1; --tw-scroll-snap-strictness: proximity; --tw-ring-offset-width: 0px; --tw-ring-offset-color: #fff; --tw-ring-color: rgb(59 130 246 \/ .5); --tw-ring-offset-shadow: 0 0 #0000; --tw-ring-shadow: 0 0 #0000; --tw-shadow: 0 0 #0000; --tw-shadow-colored: 0 0 #0000; margin-top: 0px; margin-bottom: 0px; padding-inline-start: 0.375em; padding-top: 0px; padding-bottom: 0px; border: 0px solid #e5e7eb;\">\n<p class=\"my-0 py-2 [&amp;_strong:has(+br)]:inline-block [&amp;_strong:has(+br)]:pb-2\"><strong>Toolkit e video:<\/strong> un toolkit con consigli per le imprese, 5 video locali di sensibilizzazione nelle rispettive lingue e regioni, oltre a un video di sensibilizzazione a livello UE. Queste risorse offrono guide pratiche ed esempi ispiratori tratti dall\u2019esperienza.<\/p>\n<\/li>\n<li class=\"py-0 my-0 prose-p:pt-0 prose-p:pb-2 prose-p:my-0 [&amp;&gt;p]:pt-0 [&amp;&gt;p]:pb-2 [&amp;&gt;p]:my-0\" style=\"box-sizing: border-box; scrollbar-width: initial; --tw-border-spacing-x: 0; --tw-border-spacing-y: 0; --tw-translate-x: 0; --tw-translate-y: 0; --tw-rotate: 0; --tw-skew-x: 0; --tw-skew-y: 0; --tw-scale-x: 1; --tw-scale-y: 1; --tw-scroll-snap-strictness: proximity; --tw-ring-offset-width: 0px; --tw-ring-offset-color: #fff; --tw-ring-color: rgb(59 130 246 \/ .5); --tw-ring-offset-shadow: 0 0 #0000; --tw-ring-shadow: 0 0 #0000; --tw-shadow: 0 0 #0000; --tw-shadow-colored: 0 0 #0000; margin-top: 0px; margin-bottom: 0px; padding-inline-start: 0.375em; padding-top: 0px; padding-bottom: 0px; border: 0px solid #e5e7eb;\">\n<p class=\"my-0 py-2 [&amp;_strong:has(+br)]:inline-block [&amp;_strong:has(+br)]:pb-2\"><strong>Flipbook digitali:<\/strong> contenuti di autoapprendimento di alta qualit\u00e0 per imprenditrici rurali nel settore dell\u2019agroecologia. Questi flipbook forniscono informazioni e metodi preziosi per sostenere processi di successione sostenibile nelle aziende agricole.<\/p>\n<\/li>\n<li class=\"py-0 my-0 prose-p:pt-0 prose-p:pb-2 prose-p:my-0 [&amp;&gt;p]:pt-0 [&amp;&gt;p]:pb-2 [&amp;&gt;p]:my-0\" style=\"box-sizing: border-box; scrollbar-width: initial; --tw-border-spacing-x: 0; --tw-border-spacing-y: 0; --tw-translate-x: 0; --tw-translate-y: 0; --tw-rotate: 0; --tw-skew-x: 0; --tw-skew-y: 0; --tw-scale-x: 1; --tw-scale-y: 1; --tw-scroll-snap-strictness: proximity; --tw-ring-offset-width: 0px; --tw-ring-offset-color: #fff; --tw-ring-color: rgb(59 130 246 \/ .5); --tw-ring-offset-shadow: 0 0 #0000; --tw-ring-shadow: 0 0 #0000; --tw-shadow: 0 0 #0000; --tw-shadow-colored: 0 0 #0000; margin-top: 0px; margin-bottom: 0px; padding-inline-start: 0.375em; padding-top: 0px; padding-bottom: 0px; border: 0px solid #e5e7eb;\">\n<p class=\"my-0 py-2 [&amp;_strong:has(+br)]:inline-block [&amp;_strong:has(+br)]:pb-2\"><strong>Guida:<\/strong> una guida per le amministrazioni pubbliche e gli attori coinvolti per sostenere le imprese locali lungo la catena del valore agroecologico. La guida contiene raccomandazioni e buone pratiche per promuovere pratiche agricole sostenibili.<\/p>\n<\/li>\n<li class=\"py-0 my-0 prose-p:pt-0 prose-p:pb-2 prose-p:my-0 [&amp;&gt;p]:pt-0 [&amp;&gt;p]:pb-2 [&amp;&gt;p]:my-0\" style=\"box-sizing: border-box; scrollbar-width: initial; --tw-border-spacing-x: 0; --tw-border-spacing-y: 0; --tw-translate-x: 0; --tw-translate-y: 0; --tw-rotate: 0; --tw-skew-x: 0; --tw-skew-y: 0; --tw-scale-x: 1; --tw-scale-y: 1; --tw-scroll-snap-strictness: proximity; --tw-ring-offset-width: 0px; --tw-ring-offset-color: #fff; --tw-ring-color: rgb(59 130 246 \/ .5); --tw-ring-offset-shadow: 0 0 #0000; --tw-ring-shadow: 0 0 #0000; --tw-shadow: 0 0 #0000; --tw-shadow-colored: 0 0 #0000; margin-top: 0px; margin-bottom: 0px; padding-inline-start: 0.375em; padding-top: 0px; padding-bottom: 0px; border: 0px solid #e5e7eb;\">\n<p class=\"my-0 py-2 [&amp;_strong:has(+br)]:inline-block [&amp;_strong:has(+br)]:pb-2\"><strong>Sprint:<\/strong> azioni di sensibilizzazione e coinvolgimento in cinque paesi partner, volte a migliorare la conoscenza delle sfide regionali e a sviluppare soluzioni. Gli sprint comprendono workshop, tavole rotonde e altre attivit\u00e0 partecipative.<\/p>\n<\/li>\n<li class=\"py-0 my-0 prose-p:pt-0 prose-p:pb-2 prose-p:my-0 [&amp;&gt;p]:pt-0 [&amp;&gt;p]:pb-2 [&amp;&gt;p]:my-0\" style=\"box-sizing: border-box; scrollbar-width: initial; --tw-border-spacing-x: 0; --tw-border-spacing-y: 0; --tw-translate-x: 0; --tw-translate-y: 0; --tw-rotate: 0; --tw-skew-x: 0; --tw-skew-y: 0; --tw-scale-x: 1; --tw-scale-y: 1; --tw-scroll-snap-strictness: proximity; --tw-ring-offset-width: 0px; --tw-ring-offset-color: #fff; --tw-ring-color: rgb(59 130 246 \/ .5); --tw-ring-offset-shadow: 0 0 #0000; --tw-ring-shadow: 0 0 #0000; --tw-shadow: 0 0 #0000; --tw-shadow-colored: 0 0 #0000; margin-top: 0px; margin-bottom: 0px; padding-inline-start: 0.375em; padding-top: 0px; padding-bottom: 0px; border: 0px solid #e5e7eb;\">\n<p class=\"my-0 py-2 [&amp;_strong:has(+br)]:inline-block [&amp;_strong:has(+br)]:pb-2\"><strong>Percorsi di apprendimento:<\/strong> progetti pilota volti a garantire contenuti ed esperienze di alta qualit\u00e0 in linea con le aspettative delle donne nel settore agroecologico. Questi percorsi offrono formazione pratica e consentono lo scambio di conoscenze ed esperienze.<\/p>\n<\/li>\n<li class=\"py-0 my-0 prose-p:pt-0 prose-p:pb-2 prose-p:my-0 [&amp;&gt;p]:pt-0 [&amp;&gt;p]:pb-2 [&amp;&gt;p]:my-0\" style=\"box-sizing: border-box; scrollbar-width: initial; --tw-border-spacing-x: 0; --tw-border-spacing-y: 0; --tw-translate-x: 0; --tw-translate-y: 0; --tw-rotate: 0; --tw-skew-x: 0; --tw-skew-y: 0; --tw-scale-x: 1; --tw-scale-y: 1; --tw-scroll-snap-strictness: proximity; --tw-ring-offset-width: 0px; --tw-ring-offset-color: #fff; --tw-ring-color: rgb(59 130 246 \/ .5); --tw-ring-offset-shadow: 0 0 #0000; --tw-ring-shadow: 0 0 #0000; --tw-shadow: 0 0 #0000; --tw-shadow-colored: 0 0 #0000; margin-top: 0px; margin-bottom: 0px; padding-inline-start: 0.375em; padding-top: 0px; padding-bottom: 0px; border: 0px solid #e5e7eb;\">\n<p class=\"my-0 py-2 [&amp;_strong:has(+br)]:inline-block [&amp;_strong:has(+br)]:pb-2\"><strong>Eventi moltiplicatori, pitching e marketplace:<\/strong> ogni partner ha organizzato nella propria regione eventi di sensibilizzazione per raggiungere ulteriori stakeholder.<\/p>\n<\/li>\n<li class=\"py-0 my-0 prose-p:pt-0 prose-p:pb-2 prose-p:my-0 [&amp;&gt;p]:pt-0 [&amp;&gt;p]:pb-2 [&amp;&gt;p]:my-0\" style=\"box-sizing: border-box; scrollbar-width: initial; --tw-border-spacing-x: 0; --tw-border-spacing-y: 0; --tw-translate-x: 0; --tw-translate-y: 0; --tw-rotate: 0; --tw-skew-x: 0; --tw-skew-y: 0; --tw-scale-x: 1; --tw-scale-y: 1; --tw-scroll-snap-strictness: proximity; --tw-ring-offset-width: 0px; --tw-ring-offset-color: #fff; --tw-ring-color: rgb(59 130 246 \/ .5); --tw-ring-offset-shadow: 0 0 #0000; --tw-ring-shadow: 0 0 #0000; --tw-shadow: 0 0 #0000; --tw-shadow-colored: 0 0 #0000; margin-top: 0px; margin-bottom: 0px; padding-inline-start: 0.375em; padding-top: 0px; padding-bottom: 0px; border: 0px solid #e5e7eb;\">\n<p class=\"my-0 py-2 [&amp;_strong:has(+br)]:inline-block [&amp;_strong:has(+br)]:pb-2\"><strong>Conferenza online UE:<\/strong> il 19 novembre si \u00e8 tenuta la conferenza online dell\u2019UE.<\/p>\n<\/li>\n<\/ul>\n<p>[\/et_pb_text][et_pb_text _builder_version=&#8221;4.27.4&#8243; _module_preset=&#8221;default&#8221; custom_margin=&#8221;60px||||false|false&#8221; hover_enabled=&#8221;0&#8243; global_colors_info=&#8221;{}&#8221; sticky_enabled=&#8221;0&#8243;]<\/p>\n<h3>PAESI PARTNER COINVOLTI<\/h3>\n<p>[\/et_pb_text][et_pb_text _builder_version=&#8221;4.27.4&#8243; _module_preset=&#8221;default&#8221; text_font_size=&#8221;19px&#8221; global_colors_info=&#8221;{}&#8221;]<\/p>\n<p style=\"font-weight: 400;\"><span>Il progetto coinvolge partner di cinque paesi europei: Spagna, Polonia, Slovenia, Ungheria e Italia. Questi paesi collaborano per raggiungere gli obiettivi del progetto e rafforzare il ruolo delle donne in agricoltura.<\/span><\/p>\n<p>[\/et_pb_text][et_pb_image src=&#8221;https:\/\/terra-institute.eu\/it\/wp-content\/uploads\/2025\/08\/Partner-del-progetto-Agro4SDGs.png&#8221; alt=&#8221;Partner del progetto-Agro4SDGs&#8221; title_text=&#8221;Partner del progetto-Agro4SDGs&#8221; _builder_version=&#8221;4.27.4&#8243; _module_preset=&#8221;default&#8221; global_colors_info=&#8221;{}&#8221;][\/et_pb_image][et_pb_text _builder_version=&#8221;4.27.4&#8243; _module_preset=&#8221;default&#8221; custom_margin=&#8221;60px||||false|false&#8221; hover_enabled=&#8221;0&#8243; global_colors_info=&#8221;{}&#8221; sticky_enabled=&#8221;0&#8243;]<\/p>\n<h3>CONCLUSIONE<\/h3>\n<p>[\/et_pb_text][et_pb_text _builder_version=&#8221;4.27.4&#8243; _module_preset=&#8221;default&#8221; text_font_size=&#8221;19px&#8221; global_colors_info=&#8221;{}&#8221;]<\/p>\n<p style=\"font-weight: 400;\"><span>Agro4SDGs \u00e8 un progetto pionieristico che non solo rafforza il ruolo delle donne in agricoltura, ma contribuisce anche allo sviluppo sostenibile delle zone rurali in Europa.<\/span><br \/><span>Promuovendo la parit\u00e0 di genere e sostenendo la transizione verde, Agro4SDGs d\u00e0 un contributo importante al futuro dell\u2019agricoltura europea.<\/span><br \/><span>La collaborazione tra i Paesi partner e il sostegno della Commissione Europea sono decisivi per il successo del progetto e per il raggiungimento dei suoi obiettivi.<\/span><\/p>\n<p>[\/et_pb_text][\/et_pb_column][\/et_pb_row][et_pb_row _builder_version=&#8221;4.27.4&#8243; _module_preset=&#8221;default&#8221; border_color_bottom=&#8221;#cecece&#8221; global_colors_info=&#8221;{}&#8221;][et_pb_column type=&#8221;4_4&#8243; _builder_version=&#8221;4.22.1&#8243; _module_preset=&#8221;default&#8221; global_colors_info=&#8221;{}&#8221;][et_pb_image src=&#8221;https:\/\/terra-institute.eu\/it\/wp-content\/uploads\/2025\/08\/co-funded-by-the-eu-e1730386504135.png&#8221; title_text=&#8221;co-funded-by-the-eu-e1730386504135&#8243; _builder_version=&#8221;4.27.4&#8243; _module_preset=&#8221;default&#8221; global_colors_info=&#8221;{}&#8221;][\/et_pb_image][et_pb_text _builder_version=&#8221;4.27.4&#8243; _module_preset=&#8221;default&#8221; text_font_size=&#8221;19px&#8221; global_colors_info=&#8221;{}&#8221;]<\/p>\n<p style=\"font-weight: 400;\"><strong>Finanziamento:<\/strong><span> Questo progetto \u00e8 stato finanziato con il sostegno della Commissione Europea. La responsabilit\u00e0 per il contenuto di questo sito web \u00e8 esclusivamente dell\u2019autore; la Commissione non \u00e8 responsabile per l\u2019uso che potr\u00e0 essere fatto delle informazioni in esso contenute. Numero di progetto: 2022-1-ES01-KA220-ADU-000089303.<\/span><\/p>\n<p>[\/et_pb_text][\/et_pb_column][\/et_pb_row][\/et_pb_section]<\/p>\n","protected":false},"excerpt":{"rendered":"<p>In un mondo in cui l\u2019agricoltura sostenibile e la parit\u00e0 di genere stanno diventando sempre pi\u00f9 importanti, il progetto Agro4SDGs manda un segnale forte. Questo progetto innovativo mira a rafforzare il ruolo delle donne nell\u2019agricoltura e, allo stesso tempo, a sostenere le aree rurali d\u2019Europa.LA VISIONE DI AGRO4SDGSAgro4SDGs si basa sulla consapevolezza dell\u2019importanza delle donne [&hellip;]<\/p>\n","protected":false},"author":1,"featured_media":254546,"comment_status":"open","ping_status":"open","sticky":false,"template":"","format":"standard","meta":{"_et_pb_use_builder":"on","_et_pb_old_content":"","_et_gb_content_width":"","footnotes":""},"categories":[34],"tags":[],"class_list":["post-254527","post","type-post","status-publish","format-standard","has-post-thumbnail","hentry","category-blog"],"yoast_head":"<!-- This site is optimized with the Yoast SEO plugin v26.9 - https:\/\/yoast.com\/product\/yoast-seo-wordpress\/ -->\n<title>Agro4SDGs - Rafforzare il ruolo delle donne in agricoltura<\/title>\n<meta name=\"description\" content=\"Agro4SDGs rafforza il ruolo delle donne nell&#039;agricoltura e promuove lo sviluppo rurale sostenibile in Europa.\" \/>\n<meta name=\"robots\" content=\"index, follow, max-snippet:-1, max-image-preview:large, max-video-preview:-1\" \/>\n<link rel=\"canonical\" href=\"https:\/\/terra-institute.eu\/it\/rafforzare-il-ruolo-delle-donne-in-agricoltura-il-progetto-agro4sdgs\/\" \/>\n<meta property=\"og:locale\" content=\"it_IT\" \/>\n<meta property=\"og:type\" content=\"article\" \/>\n<meta property=\"og:title\" content=\"Agro4SDGs - Rafforzare il ruolo delle donne in agricoltura\" \/>\n<meta property=\"og:description\" content=\"Agro4SDGs rafforza il ruolo delle donne nell&#039;agricoltura e promuove lo sviluppo rurale sostenibile in Europa.\" \/>\n<meta property=\"og:url\" content=\"https:\/\/terra-institute.eu\/it\/rafforzare-il-ruolo-delle-donne-in-agricoltura-il-progetto-agro4sdgs\/\" \/>\n<meta property=\"og:site_name\" content=\"Terra Institute\" \/>\n<meta property=\"article:publisher\" content=\"https:\/\/www.facebook.com\/TerraInstitute\" \/>\n<meta property=\"article:published_time\" content=\"2024-10-31T11:00:00+00:00\" \/>\n<meta property=\"article:modified_time\" content=\"2025-08-11T11:15:00+00:00\" \/>\n<meta property=\"og:image\" content=\"https:\/\/terra-institute.eu\/it\/wp-content\/uploads\/2025\/08\/agricoltura-vince-veras.jpg\" \/>\n\t<meta property=\"og:image:width\" content=\"2560\" \/>\n\t<meta property=\"og:image:height\" content=\"1706\" \/>\n\t<meta property=\"og:image:type\" content=\"image\/jpeg\" \/>\n<meta name=\"author\" content=\"francescoromito\" \/>\n<meta name=\"twitter:card\" content=\"summary_large_image\" \/>\n<meta name=\"twitter:creator\" content=\"@terra_institute\" \/>\n<meta name=\"twitter:site\" content=\"@terra_institute\" \/>\n<meta name=\"twitter:label1\" content=\"Scritto da\" \/>\n\t<meta name=\"twitter:data1\" content=\"francescoromito\" \/>\n\t<meta name=\"twitter:label2\" content=\"Tempo di lettura stimato\" \/>\n\t<meta name=\"twitter:data2\" content=\"10 minuti\" \/>\n<script type=\"application\/ld+json\" class=\"yoast-schema-graph\">{\"@context\":\"https:\/\/schema.org\",\"@graph\":[{\"@type\":\"Article\",\"@id\":\"https:\/\/terra-institute.eu\/it\/rafforzare-il-ruolo-delle-donne-in-agricoltura-il-progetto-agro4sdgs\/#article\",\"isPartOf\":{\"@id\":\"https:\/\/terra-institute.eu\/it\/rafforzare-il-ruolo-delle-donne-in-agricoltura-il-progetto-agro4sdgs\/\"},\"author\":{\"name\":\"francescoromito\",\"@id\":\"https:\/\/terra-institute.eu\/it\/#\/schema\/person\/0825c78d1038a1533e63d1a36ec49278\"},\"headline\":\"RAFFORZARE IL RUOLO DELLE DONNE IN AGRICOLTURA: IL PROGETTO AGRO4SDGS\",\"datePublished\":\"2024-10-31T11:00:00+00:00\",\"dateModified\":\"2025-08-11T11:15:00+00:00\",\"mainEntityOfPage\":{\"@id\":\"https:\/\/terra-institute.eu\/it\/rafforzare-il-ruolo-delle-donne-in-agricoltura-il-progetto-agro4sdgs\/\"},\"wordCount\":1209,\"commentCount\":0,\"image\":{\"@id\":\"https:\/\/terra-institute.eu\/it\/rafforzare-il-ruolo-delle-donne-in-agricoltura-il-progetto-agro4sdgs\/#primaryimage\"},\"thumbnailUrl\":\"https:\/\/terra-institute.eu\/it\/wp-content\/uploads\/2025\/08\/agricoltura-vince-veras.jpg\",\"articleSection\":[\"blog\"],\"inLanguage\":\"it-IT\",\"potentialAction\":[{\"@type\":\"CommentAction\",\"name\":\"Comment\",\"target\":[\"https:\/\/terra-institute.eu\/it\/rafforzare-il-ruolo-delle-donne-in-agricoltura-il-progetto-agro4sdgs\/#respond\"]}]},{\"@type\":\"WebPage\",\"@id\":\"https:\/\/terra-institute.eu\/it\/rafforzare-il-ruolo-delle-donne-in-agricoltura-il-progetto-agro4sdgs\/\",\"url\":\"https:\/\/terra-institute.eu\/it\/rafforzare-il-ruolo-delle-donne-in-agricoltura-il-progetto-agro4sdgs\/\",\"name\":\"Agro4SDGs - Rafforzare il ruolo delle donne in agricoltura\",\"isPartOf\":{\"@id\":\"https:\/\/terra-institute.eu\/it\/#website\"},\"primaryImageOfPage\":{\"@id\":\"https:\/\/terra-institute.eu\/it\/rafforzare-il-ruolo-delle-donne-in-agricoltura-il-progetto-agro4sdgs\/#primaryimage\"},\"image\":{\"@id\":\"https:\/\/terra-institute.eu\/it\/rafforzare-il-ruolo-delle-donne-in-agricoltura-il-progetto-agro4sdgs\/#primaryimage\"},\"thumbnailUrl\":\"https:\/\/terra-institute.eu\/it\/wp-content\/uploads\/2025\/08\/agricoltura-vince-veras.jpg\",\"datePublished\":\"2024-10-31T11:00:00+00:00\",\"dateModified\":\"2025-08-11T11:15:00+00:00\",\"author\":{\"@id\":\"https:\/\/terra-institute.eu\/it\/#\/schema\/person\/0825c78d1038a1533e63d1a36ec49278\"},\"description\":\"Agro4SDGs rafforza il ruolo delle donne nell'agricoltura e promuove lo sviluppo rurale sostenibile in Europa.\",\"breadcrumb\":{\"@id\":\"https:\/\/terra-institute.eu\/it\/rafforzare-il-ruolo-delle-donne-in-agricoltura-il-progetto-agro4sdgs\/#breadcrumb\"},\"inLanguage\":\"it-IT\",\"potentialAction\":[{\"@type\":\"ReadAction\",\"target\":[\"https:\/\/terra-institute.eu\/it\/rafforzare-il-ruolo-delle-donne-in-agricoltura-il-progetto-agro4sdgs\/\"]}]},{\"@type\":\"ImageObject\",\"inLanguage\":\"it-IT\",\"@id\":\"https:\/\/terra-institute.eu\/it\/rafforzare-il-ruolo-delle-donne-in-agricoltura-il-progetto-agro4sdgs\/#primaryimage\",\"url\":\"https:\/\/terra-institute.eu\/it\/wp-content\/uploads\/2025\/08\/agricoltura-vince-veras.jpg\",\"contentUrl\":\"https:\/\/terra-institute.eu\/it\/wp-content\/uploads\/2025\/08\/agricoltura-vince-veras.jpg\",\"width\":2560,\"height\":1706,\"caption\":\"Mani che tengono il grano\"},{\"@type\":\"BreadcrumbList\",\"@id\":\"https:\/\/terra-institute.eu\/it\/rafforzare-il-ruolo-delle-donne-in-agricoltura-il-progetto-agro4sdgs\/#breadcrumb\",\"itemListElement\":[{\"@type\":\"ListItem\",\"position\":1,\"name\":\"Home\",\"item\":\"https:\/\/terra-institute.eu\/it\/\"},{\"@type\":\"ListItem\",\"position\":2,\"name\":\"RAFFORZARE IL RUOLO DELLE DONNE IN AGRICOLTURA: IL PROGETTO AGRO4SDGS\"}]},{\"@type\":\"WebSite\",\"@id\":\"https:\/\/terra-institute.eu\/it\/#website\",\"url\":\"https:\/\/terra-institute.eu\/it\/\",\"name\":\"Terra Institute\",\"description\":\"Empowering Responsible Growth\",\"potentialAction\":[{\"@type\":\"SearchAction\",\"target\":{\"@type\":\"EntryPoint\",\"urlTemplate\":\"https:\/\/terra-institute.eu\/it\/?s={search_term_string}\"},\"query-input\":{\"@type\":\"PropertyValueSpecification\",\"valueRequired\":true,\"valueName\":\"search_term_string\"}}],\"inLanguage\":\"it-IT\"},{\"@type\":\"Person\",\"@id\":\"https:\/\/terra-institute.eu\/it\/#\/schema\/person\/0825c78d1038a1533e63d1a36ec49278\",\"name\":\"francescoromito\",\"image\":{\"@type\":\"ImageObject\",\"inLanguage\":\"it-IT\",\"@id\":\"https:\/\/terra-institute.eu\/it\/#\/schema\/person\/image\/\",\"url\":\"https:\/\/secure.gravatar.com\/avatar\/af139ce2e39890ae48f5692c8a08dde6e376be32739bb05ea5a3ce601c598fa9?s=96&d=mm&r=g\",\"contentUrl\":\"https:\/\/secure.gravatar.com\/avatar\/af139ce2e39890ae48f5692c8a08dde6e376be32739bb05ea5a3ce601c598fa9?s=96&d=mm&r=g\",\"caption\":\"francescoromito\"},\"sameAs\":[\"https:\/\/terra-institute.eu\/it\"],\"url\":\"https:\/\/terra-institute.eu\/it\/author\/francescoromito\/\"}]}<\/script>\n<!-- \/ Yoast SEO plugin. -->","yoast_head_json":{"title":"Agro4SDGs - Rafforzare il ruolo delle donne in agricoltura","description":"Agro4SDGs rafforza il ruolo delle donne nell'agricoltura e promuove lo sviluppo rurale sostenibile in Europa.","robots":{"index":"index","follow":"follow","max-snippet":"max-snippet:-1","max-image-preview":"max-image-preview:large","max-video-preview":"max-video-preview:-1"},"canonical":"https:\/\/terra-institute.eu\/it\/rafforzare-il-ruolo-delle-donne-in-agricoltura-il-progetto-agro4sdgs\/","og_locale":"it_IT","og_type":"article","og_title":"Agro4SDGs - Rafforzare il ruolo delle donne in agricoltura","og_description":"Agro4SDGs rafforza il ruolo delle donne nell'agricoltura e promuove lo sviluppo rurale sostenibile in Europa.","og_url":"https:\/\/terra-institute.eu\/it\/rafforzare-il-ruolo-delle-donne-in-agricoltura-il-progetto-agro4sdgs\/","og_site_name":"Terra Institute","article_publisher":"https:\/\/www.facebook.com\/TerraInstitute","article_published_time":"2024-10-31T11:00:00+00:00","article_modified_time":"2025-08-11T11:15:00+00:00","og_image":[{"width":2560,"height":1706,"url":"https:\/\/terra-institute.eu\/it\/wp-content\/uploads\/2025\/08\/agricoltura-vince-veras.jpg","type":"image\/jpeg"}],"author":"francescoromito","twitter_card":"summary_large_image","twitter_creator":"@terra_institute","twitter_site":"@terra_institute","twitter_misc":{"Scritto da":"francescoromito","Tempo di lettura stimato":"10 minuti"},"schema":{"@context":"https:\/\/schema.org","@graph":[{"@type":"Article","@id":"https:\/\/terra-institute.eu\/it\/rafforzare-il-ruolo-delle-donne-in-agricoltura-il-progetto-agro4sdgs\/#article","isPartOf":{"@id":"https:\/\/terra-institute.eu\/it\/rafforzare-il-ruolo-delle-donne-in-agricoltura-il-progetto-agro4sdgs\/"},"author":{"name":"francescoromito","@id":"https:\/\/terra-institute.eu\/it\/#\/schema\/person\/0825c78d1038a1533e63d1a36ec49278"},"headline":"RAFFORZARE IL RUOLO DELLE DONNE IN AGRICOLTURA: IL PROGETTO AGRO4SDGS","datePublished":"2024-10-31T11:00:00+00:00","dateModified":"2025-08-11T11:15:00+00:00","mainEntityOfPage":{"@id":"https:\/\/terra-institute.eu\/it\/rafforzare-il-ruolo-delle-donne-in-agricoltura-il-progetto-agro4sdgs\/"},"wordCount":1209,"commentCount":0,"image":{"@id":"https:\/\/terra-institute.eu\/it\/rafforzare-il-ruolo-delle-donne-in-agricoltura-il-progetto-agro4sdgs\/#primaryimage"},"thumbnailUrl":"https:\/\/terra-institute.eu\/it\/wp-content\/uploads\/2025\/08\/agricoltura-vince-veras.jpg","articleSection":["blog"],"inLanguage":"it-IT","potentialAction":[{"@type":"CommentAction","name":"Comment","target":["https:\/\/terra-institute.eu\/it\/rafforzare-il-ruolo-delle-donne-in-agricoltura-il-progetto-agro4sdgs\/#respond"]}]},{"@type":"WebPage","@id":"https:\/\/terra-institute.eu\/it\/rafforzare-il-ruolo-delle-donne-in-agricoltura-il-progetto-agro4sdgs\/","url":"https:\/\/terra-institute.eu\/it\/rafforzare-il-ruolo-delle-donne-in-agricoltura-il-progetto-agro4sdgs\/","name":"Agro4SDGs - Rafforzare il ruolo delle donne in agricoltura","isPartOf":{"@id":"https:\/\/terra-institute.eu\/it\/#website"},"primaryImageOfPage":{"@id":"https:\/\/terra-institute.eu\/it\/rafforzare-il-ruolo-delle-donne-in-agricoltura-il-progetto-agro4sdgs\/#primaryimage"},"image":{"@id":"https:\/\/terra-institute.eu\/it\/rafforzare-il-ruolo-delle-donne-in-agricoltura-il-progetto-agro4sdgs\/#primaryimage"},"thumbnailUrl":"https:\/\/terra-institute.eu\/it\/wp-content\/uploads\/2025\/08\/agricoltura-vince-veras.jpg","datePublished":"2024-10-31T11:00:00+00:00","dateModified":"2025-08-11T11:15:00+00:00","author":{"@id":"https:\/\/terra-institute.eu\/it\/#\/schema\/person\/0825c78d1038a1533e63d1a36ec49278"},"description":"Agro4SDGs rafforza il ruolo delle donne nell'agricoltura e promuove lo sviluppo rurale sostenibile in Europa.","breadcrumb":{"@id":"https:\/\/terra-institute.eu\/it\/rafforzare-il-ruolo-delle-donne-in-agricoltura-il-progetto-agro4sdgs\/#breadcrumb"},"inLanguage":"it-IT","potentialAction":[{"@type":"ReadAction","target":["https:\/\/terra-institute.eu\/it\/rafforzare-il-ruolo-delle-donne-in-agricoltura-il-progetto-agro4sdgs\/"]}]},{"@type":"ImageObject","inLanguage":"it-IT","@id":"https:\/\/terra-institute.eu\/it\/rafforzare-il-ruolo-delle-donne-in-agricoltura-il-progetto-agro4sdgs\/#primaryimage","url":"https:\/\/terra-institute.eu\/it\/wp-content\/uploads\/2025\/08\/agricoltura-vince-veras.jpg","contentUrl":"https:\/\/terra-institute.eu\/it\/wp-content\/uploads\/2025\/08\/agricoltura-vince-veras.jpg","width":2560,"height":1706,"caption":"Mani che tengono il grano"},{"@type":"BreadcrumbList","@id":"https:\/\/terra-institute.eu\/it\/rafforzare-il-ruolo-delle-donne-in-agricoltura-il-progetto-agro4sdgs\/#breadcrumb","itemListElement":[{"@type":"ListItem","position":1,"name":"Home","item":"https:\/\/terra-institute.eu\/it\/"},{"@type":"ListItem","position":2,"name":"RAFFORZARE IL RUOLO DELLE DONNE IN AGRICOLTURA: IL PROGETTO AGRO4SDGS"}]},{"@type":"WebSite","@id":"https:\/\/terra-institute.eu\/it\/#website","url":"https:\/\/terra-institute.eu\/it\/","name":"Terra Institute","description":"Empowering Responsible Growth","potentialAction":[{"@type":"SearchAction","target":{"@type":"EntryPoint","urlTemplate":"https:\/\/terra-institute.eu\/it\/?s={search_term_string}"},"query-input":{"@type":"PropertyValueSpecification","valueRequired":true,"valueName":"search_term_string"}}],"inLanguage":"it-IT"},{"@type":"Person","@id":"https:\/\/terra-institute.eu\/it\/#\/schema\/person\/0825c78d1038a1533e63d1a36ec49278","name":"francescoromito","image":{"@type":"ImageObject","inLanguage":"it-IT","@id":"https:\/\/terra-institute.eu\/it\/#\/schema\/person\/image\/","url":"https:\/\/secure.gravatar.com\/avatar\/af139ce2e39890ae48f5692c8a08dde6e376be32739bb05ea5a3ce601c598fa9?s=96&d=mm&r=g","contentUrl":"https:\/\/secure.gravatar.com\/avatar\/af139ce2e39890ae48f5692c8a08dde6e376be32739bb05ea5a3ce601c598fa9?s=96&d=mm&r=g","caption":"francescoromito"},"sameAs":["https:\/\/terra-institute.eu\/it"],"url":"https:\/\/terra-institute.eu\/it\/author\/francescoromito\/"}]}},"_links":{"self":[{"href":"https:\/\/terra-institute.eu\/it\/wp-json\/wp\/v2\/posts\/254527","targetHints":{"allow":["GET"]}}],"collection":[{"href":"https:\/\/terra-institute.eu\/it\/wp-json\/wp\/v2\/posts"}],"about":[{"href":"https:\/\/terra-institute.eu\/it\/wp-json\/wp\/v2\/types\/post"}],"author":[{"embeddable":true,"href":"https:\/\/terra-institute.eu\/it\/wp-json\/wp\/v2\/users\/1"}],"replies":[{"embeddable":true,"href":"https:\/\/terra-institute.eu\/it\/wp-json\/wp\/v2\/comments?post=254527"}],"version-history":[{"count":5,"href":"https:\/\/terra-institute.eu\/it\/wp-json\/wp\/v2\/posts\/254527\/revisions"}],"predecessor-version":[{"id":254549,"href":"https:\/\/terra-institute.eu\/it\/wp-json\/wp\/v2\/posts\/254527\/revisions\/254549"}],"wp:featuredmedia":[{"embeddable":true,"href":"https:\/\/terra-institute.eu\/it\/wp-json\/wp\/v2\/media\/254546"}],"wp:attachment":[{"href":"https:\/\/terra-institute.eu\/it\/wp-json\/wp\/v2\/media?parent=254527"}],"wp:term":[{"taxonomy":"category","embeddable":true,"href":"https:\/\/terra-institute.eu\/it\/wp-json\/wp\/v2\/categories?post=254527"},{"taxonomy":"post_tag","embeddable":true,"href":"https:\/\/terra-institute.eu\/it\/wp-json\/wp\/v2\/tags?post=254527"}],"curies":[{"name":"wp","href":"https:\/\/api.w.org\/{rel}","templated":true}]}}