{"id":254505,"date":"2024-11-26T11:17:06","date_gmt":"2024-11-26T10:17:06","guid":{"rendered":"https:\/\/terra-institute.eu\/it\/?p=254505"},"modified":"2025-08-11T13:13:56","modified_gmt":"2025-08-11T11:13:56","slug":"vsme-update-tutto-importante-sui-requisiti-di-segnalazione","status":"publish","type":"post","link":"https:\/\/terra-institute.eu\/it\/vsme-update-tutto-importante-sui-requisiti-di-segnalazione\/","title":{"rendered":"Aggiornamento VSME: tutto quello che c&#8217;\u00e8 da sapere sulla struttura di rendicontazione semplificata"},"content":{"rendered":"<p>[et_pb_section fb_built=&#8221;1&#8243; _builder_version=&#8221;4.27.4&#8243; _module_preset=&#8221;default&#8221; custom_margin=&#8221;||||false|false&#8221; border_width_top=&#8221;1px&#8221; border_color_top=&#8221;#f2f2f2&#8243; locked=&#8221;off&#8221; global_colors_info=&#8221;{}&#8221;][et_pb_row _builder_version=&#8221;4.27.4&#8243; _module_preset=&#8221;default&#8221; border_color_bottom=&#8221;#cecece&#8221; global_colors_info=&#8221;{}&#8221;][et_pb_column type=&#8221;4_4&#8243; _builder_version=&#8221;4.22.1&#8243; _module_preset=&#8221;default&#8221; global_colors_info=&#8221;{}&#8221;][et_pb_text _builder_version=&#8221;4.27.4&#8243; _module_preset=&#8221;default&#8221; text_font=&#8221;Akrobat-SemiBold|||on|||||&#8221; text_text_color=&#8221;#7d7168&#8243; text_font_size=&#8221;21px&#8221; global_colors_info=&#8221;{}&#8221;]<\/p>\n<p class=\"my-0 py-2 [&amp;_strong:has(+br)]:inline-block [&amp;_strong:has(+br)]:pb-2 animate-in fade-in-25 duration-700\">EFRAG APPROVA LO STANDARD VSME CON STRUTTURA SEMPLIFICATA E REQUISITI PRATICI PER LE PMI<\/p>\n<p class=\"my-0 py-2 [&amp;_strong:has(+br)]:inline-block [&amp;_strong:has(+br)]:pb-2 animate-in fade-in-25 duration-700\">Lo standard volontario di sostenibilit\u00e0 per le PMI (VSME) \u00e8 stato ampiamente rivisto rispetto alla sua prima pubblicazione nel gennaio 2024.<br \/>L\u2019obiettivo delle modifiche \u00e8 rendere lo standard pi\u00f9 pratico e meglio adattato alle esigenze dellePMI. Gli adeguamenti sono il risultato di ampie consultazioni con gli stakeholder e riflettono leesperienze pratiche della prima fase di implementazione.<\/p>\n<p>[\/et_pb_text][et_pb_text ol_item_indent=&#8221;-1051px&#8221; _builder_version=&#8221;4.27.4&#8243; _module_preset=&#8221;default&#8221; text_font_size=&#8221;19px&#8221; hover_enabled=&#8221;0&#8243; global_colors_info=&#8221;{}&#8221; sticky_enabled=&#8221;0&#8243;]<\/p>\n<p><span><strong>Aggiornamento VSME:<\/strong> il 13\/11\/24 \u00e8 stata approvata la versione finale degli standard VSME da parte dell\u2019EFRAG e trasmessa alla Commissione Europea entro il 20\/12\/24 al pi\u00f9 tardi. In questo articolo trova una panoramica delle principali modifiche e dei contenuti del VSME.<\/span><\/p>\n<p><span><\/span><\/p>\n<p>[\/et_pb_text][et_pb_text ol_item_indent=&#8221;-1051px&#8221; _builder_version=&#8221;4.27.4&#8243; _module_preset=&#8221;default&#8221; text_font_size=&#8221;19px&#8221; hover_enabled=&#8221;0&#8243; global_colors_info=&#8221;{}&#8221; sticky_enabled=&#8221;0&#8243;]<\/p>\n<h2>NUOVA STRUTTURA A MODULI PER MAGGIORE FLESSIBILIT\u00c0<\/h2>\n<p>[\/et_pb_text][et_pb_text ol_item_indent=&#8221;-1051px&#8221; _builder_version=&#8221;4.27.4&#8243; _module_preset=&#8221;default&#8221; text_font_size=&#8221;19px&#8221; hover_enabled=&#8221;0&#8243; global_colors_info=&#8221;{}&#8221; sticky_enabled=&#8221;0&#8243;]<\/p>\n<p class=\"my-0 py-2 [&amp;_strong:has(+br)]:inline-block [&amp;_strong:has(+br)]:pb-2\">La modifica probabilmente pi\u00f9 importante riguarda la struttura di base dello standard.<br \/>Il precedente sistema a tre livelli, composto da <strong>Modulo Base<\/strong>, <strong>Modulo Narrative-PAT<\/strong> e <strong>Modulo Business Partner<\/strong>, \u00e8 stato sostituito da una nuova struttura.<br \/>Questa ristrutturazione \u00e8 stata una risposta diretta al feedback di molte PMI, che desideravano una struttura pi\u00f9 chiara e meno complessa.<\/p>\n<p class=\"my-0 py-2 [&amp;_strong:has(+br)]:inline-block [&amp;_strong:has(+br)]:pb-2\">La nuova struttura comprende <strong>2 moduli<\/strong>:<\/p>\n<ul class=\"marker:text-quiet list-disc\">\n<li class=\"py-0 my-0 prose-p:pt-0 prose-p:pb-2 prose-p:my-0 [&amp;&gt;p]:pt-0 [&amp;&gt;p]:pb-2 [&amp;&gt;p]:my-0\" style=\"box-sizing: border-box; scrollbar-width: initial; --tw-border-spacing-x: 0; --tw-border-spacing-y: 0; --tw-translate-x: 0; --tw-translate-y: 0; --tw-rotate: 0; --tw-skew-x: 0; --tw-skew-y: 0; --tw-scale-x: 1; --tw-scale-y: 1; --tw-scroll-snap-strictness: proximity; --tw-ring-offset-width: 0px; --tw-ring-offset-color: #fff; --tw-ring-color: rgb(59 130 246 \/ .5); --tw-ring-offset-shadow: 0 0 #0000; --tw-ring-shadow: 0 0 #0000; --tw-shadow: 0 0 #0000; --tw-shadow-colored: 0 0 #0000; margin-top: 0px; margin-bottom: 0px; padding-inline-start: 0.375em; padding-top: 0px; padding-bottom: 0px; border: 0px solid #e5e7eb;\">\n<p class=\"my-0 py-2 [&amp;_strong:has(+br)]:inline-block [&amp;_strong:has(+br)]:pb-2\"><strong>Modulo Base<\/strong>, che rimane come fondamento ed \u00e8 stato valorizzato con l\u2019integrazione di aspetti legati al modello di business e alla strategia. Ora costituisce una solida base per la rilevazione e la gestione sistematica degli aspetti di sostenibilit\u00e0 in azienda.<\/p>\n<\/li>\n<li class=\"py-0 my-0 prose-p:pt-0 prose-p:pb-2 prose-p:my-0 [&amp;&gt;p]:pt-0 [&amp;&gt;p]:pb-2 [&amp;&gt;p]:my-0\" style=\"box-sizing: border-box; scrollbar-width: initial; --tw-border-spacing-x: 0; --tw-border-spacing-y: 0; --tw-translate-x: 0; --tw-translate-y: 0; --tw-rotate: 0; --tw-skew-x: 0; --tw-skew-y: 0; --tw-scale-x: 1; --tw-scale-y: 1; --tw-scroll-snap-strictness: proximity; --tw-ring-offset-width: 0px; --tw-ring-offset-color: #fff; --tw-ring-color: rgb(59 130 246 \/ .5); --tw-ring-offset-shadow: 0 0 #0000; --tw-ring-shadow: 0 0 #0000; --tw-shadow: 0 0 #0000; --tw-shadow-colored: 0 0 #0000; margin-top: 0px; margin-bottom: 0px; padding-inline-start: 0.375em; padding-top: 0px; padding-bottom: 0px; border: 0px solid #e5e7eb;\">\n<p class=\"my-0 py-2 [&amp;_strong:has(+br)]:inline-block [&amp;_strong:has(+br)]:pb-2\">Il nuovo <strong>Comprehensive Module<\/strong> sostituisce il precedente Business Partners Module ed \u00e8 focalizzato su dati aggiuntivi per investitori e clienti. In particolare, \u00e8 stato progettato per le esigenze del settore finanziario e dei grandi clienti aziendali.<\/p>\n<\/li>\n<\/ul>\n<p class=\"my-0 py-2 [&amp;_strong:has(+br)]:inline-block [&amp;_strong:has(+br)]:pb-2\">Questa nuova struttura permette due opzioni di applicazione chiaramente definite:<\/p>\n<ul class=\"marker:text-quiet list-disc\">\n<li class=\"py-0 my-0 prose-p:pt-0 prose-p:pb-2 prose-p:my-0 [&amp;&gt;p]:pt-0 [&amp;&gt;p]:pb-2 [&amp;&gt;p]:my-0\" style=\"box-sizing: border-box; scrollbar-width: initial; --tw-border-spacing-x: 0; --tw-border-spacing-y: 0; --tw-translate-x: 0; --tw-translate-y: 0; --tw-rotate: 0; --tw-skew-x: 0; --tw-skew-y: 0; --tw-scale-x: 1; --tw-scale-y: 1; --tw-scroll-snap-strictness: proximity; --tw-ring-offset-width: 0px; --tw-ring-offset-color: #fff; --tw-ring-color: rgb(59 130 246 \/ .5); --tw-ring-offset-shadow: 0 0 #0000; --tw-ring-shadow: 0 0 #0000; --tw-shadow: 0 0 #0000; --tw-shadow-colored: 0 0 #0000; margin-top: 0px; margin-bottom: 0px; padding-inline-start: 0.375em; padding-top: 0px; padding-bottom: 0px; border: 0px solid #e5e7eb;\">\n<p class=\"my-0 py-2 [&amp;_strong:has(+br)]:inline-block [&amp;_strong:has(+br)]:pb-2\"><strong>Solo Modulo Base<\/strong> \u2013 ideale per le PMI che si avvicinano per la prima volta alla rendicontazione di sostenibilit\u00e0.<\/p>\n<\/li>\n<li class=\"py-0 my-0 prose-p:pt-0 prose-p:pb-2 prose-p:my-0 [&amp;&gt;p]:pt-0 [&amp;&gt;p]:pb-2 [&amp;&gt;p]:my-0\" style=\"box-sizing: border-box; scrollbar-width: initial; --tw-border-spacing-x: 0; --tw-border-spacing-y: 0; --tw-translate-x: 0; --tw-translate-y: 0; --tw-rotate: 0; --tw-skew-x: 0; --tw-skew-y: 0; --tw-scale-x: 1; --tw-scale-y: 1; --tw-scroll-snap-strictness: proximity; --tw-ring-offset-width: 0px; --tw-ring-offset-color: #fff; --tw-ring-color: rgb(59 130 246 \/ .5); --tw-ring-offset-shadow: 0 0 #0000; --tw-ring-shadow: 0 0 #0000; --tw-shadow: 0 0 #0000; --tw-shadow-colored: 0 0 #0000; margin-top: 0px; margin-bottom: 0px; padding-inline-start: 0.375em; padding-top: 0px; padding-bottom: 0px; border: 0px solid #e5e7eb;\">\n<p class=\"my-0 py-2 [&amp;_strong:has(+br)]:inline-block [&amp;_strong:has(+br)]:pb-2\"><strong>Modulo Base + Comprehensive Module<\/strong> \u2013 per le imprese che dispongono gi\u00e0 di strutture di sostenibilit\u00e0 e devono soddisfare i requisiti di trasparenza dei grandi clienti.<\/p>\n<\/li>\n<\/ul>\n<p>[\/et_pb_text][et_pb_text ol_item_indent=&#8221;-1051px&#8221; _builder_version=&#8221;4.27.4&#8243; _module_preset=&#8221;default&#8221; text_font_size=&#8221;19px&#8221; hover_enabled=&#8221;0&#8243; global_colors_info=&#8221;{}&#8221; sticky_enabled=&#8221;0&#8243;]<\/p>\n<h3 class=\"mb-2 mt-4 text-base font-[500] first:mt-0 dark:font-[475]\">IL MODULO BASE IN SINTESI<\/h3>\n<p>[\/et_pb_text][et_pb_text ol_item_indent=&#8221;-1051px&#8221; _builder_version=&#8221;4.27.4&#8243; _module_preset=&#8221;default&#8221; text_font_size=&#8221;19px&#8221; hover_enabled=&#8221;0&#8243; global_colors_info=&#8221;{}&#8221; sticky_enabled=&#8221;0&#8243;]<\/p>\n<p class=\"my-0 py-2 [&amp;_strong:has(+br)]:inline-block [&amp;_strong:has(+br)]:pb-2\">Il Modulo Base \u00e8 stato notevolmente precisato e offre ora un quadro chiaro per la rendicontazione di sostenibilit\u00e0.<br \/>Le principali modifiche comprendono:<\/p>\n<ul class=\"marker:text-quiet list-disc\">\n<li class=\"py-0 my-0 prose-p:pt-0 prose-p:pb-2 prose-p:my-0 [&amp;&gt;p]:pt-0 [&amp;&gt;p]:pb-2 [&amp;&gt;p]:my-0\" style=\"box-sizing: border-box; scrollbar-width: initial; --tw-border-spacing-x: 0; --tw-border-spacing-y: 0; --tw-translate-x: 0; --tw-translate-y: 0; --tw-rotate: 0; --tw-skew-x: 0; --tw-skew-y: 0; --tw-scale-x: 1; --tw-scale-y: 1; --tw-scroll-snap-strictness: proximity; --tw-ring-offset-width: 0px; --tw-ring-offset-color: #fff; --tw-ring-color: rgb(59 130 246 \/ .5); --tw-ring-offset-shadow: 0 0 #0000; --tw-ring-shadow: 0 0 #0000; --tw-shadow: 0 0 #0000; --tw-shadow-colored: 0 0 #0000; margin-top: 0px; margin-bottom: 0px; padding-inline-start: 0.375em; padding-top: 0px; padding-bottom: 0px; border: 0px solid #e5e7eb;\">\n<p class=\"my-0 py-2 [&amp;_strong:has(+br)]:inline-block [&amp;_strong:has(+br)]:pb-2\">Guida dettagliata all\u2019attuazione (<em>Guidance<\/em>) che accompagna passo passo durante il processo di rendicontazione<\/p>\n<\/li>\n<li class=\"py-0 my-0 prose-p:pt-0 prose-p:pb-2 prose-p:my-0 [&amp;&gt;p]:pt-0 [&amp;&gt;p]:pb-2 [&amp;&gt;p]:my-0\" style=\"box-sizing: border-box; scrollbar-width: initial; --tw-border-spacing-x: 0; --tw-border-spacing-y: 0; --tw-translate-x: 0; --tw-translate-y: 0; --tw-rotate: 0; --tw-skew-x: 0; --tw-skew-y: 0; --tw-scale-x: 1; --tw-scale-y: 1; --tw-scroll-snap-strictness: proximity; --tw-ring-offset-width: 0px; --tw-ring-offset-color: #fff; --tw-ring-color: rgb(59 130 246 \/ .5); --tw-ring-offset-shadow: 0 0 #0000; --tw-ring-shadow: 0 0 #0000; --tw-shadow: 0 0 #0000; --tw-shadow-colored: 0 0 #0000; margin-top: 0px; margin-bottom: 0px; padding-inline-start: 0.375em; padding-top: 0px; padding-bottom: 0px; border: 0px solid #e5e7eb;\">\n<p class=\"my-0 py-2 [&amp;_strong:has(+br)]:inline-block [&amp;_strong:has(+br)]:pb-2\">Definizioni pi\u00f9 chiare per indicatori ambientali e sociali, che consentono una raccolta uniforme e una migliore comparabilit\u00e0<\/p>\n<\/li>\n<li class=\"py-0 my-0 prose-p:pt-0 prose-p:pb-2 prose-p:my-0 [&amp;&gt;p]:pt-0 [&amp;&gt;p]:pb-2 [&amp;&gt;p]:my-0\" style=\"box-sizing: border-box; scrollbar-width: initial; --tw-border-spacing-x: 0; --tw-border-spacing-y: 0; --tw-translate-x: 0; --tw-translate-y: 0; --tw-rotate: 0; --tw-skew-x: 0; --tw-skew-y: 0; --tw-scale-x: 1; --tw-scale-y: 1; --tw-scroll-snap-strictness: proximity; --tw-ring-offset-width: 0px; --tw-ring-offset-color: #fff; --tw-ring-color: rgb(59 130 246 \/ .5); --tw-ring-offset-shadow: 0 0 #0000; --tw-ring-shadow: 0 0 #0000; --tw-shadow: 0 0 #0000; --tw-shadow-colored: 0 0 #0000; margin-top: 0px; margin-bottom: 0px; padding-inline-start: 0.375em; padding-top: 0px; padding-bottom: 0px; border: 0px solid #e5e7eb;\">\n<p class=\"my-0 py-2 [&amp;_strong:has(+br)]:inline-block [&amp;_strong:has(+br)]:pb-2\">Rendicontazione semplificata sull\u2019etica aziendale con esempi pratici e modelli<\/p>\n<\/li>\n<li class=\"py-0 my-0 prose-p:pt-0 prose-p:pb-2 prose-p:my-0 [&amp;&gt;p]:pt-0 [&amp;&gt;p]:pb-2 [&amp;&gt;p]:my-0\" style=\"box-sizing: border-box; scrollbar-width: initial; --tw-border-spacing-x: 0; --tw-border-spacing-y: 0; --tw-translate-x: 0; --tw-translate-y: 0; --tw-rotate: 0; --tw-skew-x: 0; --tw-skew-y: 0; --tw-scale-x: 1; --tw-scale-y: 1; --tw-scroll-snap-strictness: proximity; --tw-ring-offset-width: 0px; --tw-ring-offset-color: #fff; --tw-ring-color: rgb(59 130 246 \/ .5); --tw-ring-offset-shadow: 0 0 #0000; --tw-ring-shadow: 0 0 #0000; --tw-shadow: 0 0 #0000; --tw-shadow-colored: 0 0 #0000; margin-top: 0px; margin-bottom: 0px; padding-inline-start: 0.375em; padding-top: 0px; padding-bottom: 0px; border: 0px solid #e5e7eb;\">\n<p class=\"my-0 py-2 [&amp;_strong:has(+br)]:inline-block [&amp;_strong:has(+br)]:pb-2\">Integrazione di modello di business e strategia per un radicamento complessivo della sostenibilit\u00e0 nell\u2019azienda<\/p>\n<\/li>\n<\/ul>\n<p class=\"my-0 py-2 [&amp;_strong:has(+br)]:inline-block [&amp;_strong:has(+br)]:pb-2\">Particolarmente importante per la pratica: per il Modulo Base <strong>non \u00e8<\/strong> ancora richiesta l\u2019analisi di doppia materialit\u00e0, cos\u00ec che l\u2019onere di rendicontazione per le piccole imprese rimanga contenuto.<br \/>Questa decisione \u00e8 stata presa dopo intense discussioni e tiene conto delle risorse limitate di molte PMI.<\/p>\n<p class=\"my-0 py-2 [&amp;_strong:has(+br)]:inline-block [&amp;_strong:has(+br)]:pb-2\">[\/et_pb_text][et_pb_text ol_item_indent=&#8221;-1051px&#8221; _builder_version=&#8221;4.27.4&#8243; _module_preset=&#8221;default&#8221; text_font_size=&#8221;19px&#8221; hover_enabled=&#8221;0&#8243; global_colors_info=&#8221;{}&#8221; sticky_enabled=&#8221;0&#8243;]<\/p>\n<h3 class=\"mb-2 mt-4 text-base font-[500] first:mt-0 dark:font-[475]\">IL COMPREHENSIVE MODULE IN SINTESI<\/h3>\n<p>[\/et_pb_text][et_pb_text ol_item_indent=&#8221;-1051px&#8221; _builder_version=&#8221;4.27.4&#8243; _module_preset=&#8221;default&#8221; text_font_size=&#8221;19px&#8221; hover_enabled=&#8221;0&#8243; global_colors_info=&#8221;{}&#8221; sticky_enabled=&#8221;0&#8243;]<\/p>\n<p class=\"my-0 py-2 [&amp;_strong:has(+br)]:inline-block [&amp;_strong:has(+br)]:pb-2\">Il nuovo Comprehensive Module \u00e8 progettato specificamente per le esigenze informative di investitori, banche e grandi clienti aziendali.<br \/>Tiene conto degli sviluppi attuali nel campo della finanza sostenibile e del crescente fabbisogno informativo nelle catene di fornitura.<\/p>\n<p class=\"my-0 py-2 [&amp;_strong:has(+br)]:inline-block [&amp;_strong:has(+br)]:pb-2\">Le informazioni da rendicontare includono dati ESG pi\u00f9 dettagliati, compresi nuovi indicatori su aspetti ambientali, sociali e di governance, come i rischi fisici legati al clima e i diritti umani nell\u2019azienda e nella catena del valore.<\/p>\n<p class=\"my-0 py-2 [&amp;_strong:has(+br)]:inline-block [&amp;_strong:has(+br)]:pb-2\">\u00c8 stata posta particolare attenzione a fare in modo che il Comprehensive Module non crei complessit\u00e0 non necessarie, ma risponda in modo mirato alle ulteriori esigenze informative dei principali stakeholder, come grandi clienti e investitori.<\/p>\n<p class=\"my-0 py-2 [&amp;_strong:has(+br)]:inline-block [&amp;_strong:has(+br)]:pb-2\">Le semplificazioni rispetto al precedente Business Partner Module includono, tra l\u2019altro, il fatto che anche nel Comprehensive Module non \u00e8 richiesta un\u2019analisi di doppia materialit\u00e0.<\/p>\n<p class=\"my-0 py-2 [&amp;_strong:has(+br)]:inline-block [&amp;_strong:has(+br)]:pb-2\">Nonostante le semplificazioni, si raccomanda comunque di effettuare un\u2019analisi semplificata di doppia materialit\u00e0, poich\u00e9 essa costituisce la base per una comprensione completa degli impatti, delle opportunit\u00e0 e dei rischi, e quindi di una strategia di sostenibilit\u00e0 efficace.<\/p>\n<p class=\"my-0 py-2 [&amp;_strong:has(+br)]:inline-block [&amp;_strong:has(+br)]:pb-2\">[\/et_pb_text][et_pb_text ol_item_indent=&#8221;-1051px&#8221; _builder_version=&#8221;4.27.4&#8243; _module_preset=&#8221;default&#8221; text_font_size=&#8221;19px&#8221; hover_enabled=&#8221;0&#8243; global_colors_info=&#8221;{}&#8221; sticky_enabled=&#8221;0&#8243;]<\/p>\n<h3>SGUARDO AL FUTURO: TASSONOMIA UE E FINANZA SOSTENIBILE PER LE PMI SECONDO L\u2019AGGIORNAMENTO VSME<\/h3>\n<p>[\/et_pb_text][et_pb_text ol_item_indent=&#8221;-1051px&#8221; _builder_version=&#8221;4.27.4&#8243; _module_preset=&#8221;default&#8221; text_font_size=&#8221;19px&#8221; hover_enabled=&#8221;0&#8243; global_colors_info=&#8221;{}&#8221; sticky_enabled=&#8221;0&#8243;]<\/p>\n<p class=\"my-0 py-2 [&amp;_strong:has(+br)]:inline-block [&amp;_strong:has(+br)]:pb-2\">La versione del VSME approvata dall\u2019EFRAG <strong>non<\/strong> include, contrariamente alle previsioni iniziali, un modulo semplificato di EU-Taxonomy o Sustainable Finance.<\/p>\n<p class=\"my-0 py-2 [&amp;_strong:has(+br)]:inline-block [&amp;_strong:has(+br)]:pb-2\">Tuttavia, \u00e8 prevista la definizione di una versione semplificata della tassonomia UE per le PMI, in coordinamento con la Commissione Europea e la Platform on Sustainable Finance, da inserire in versioni successive del VSME.<\/p>\n<p class=\"my-0 py-2 [&amp;_strong:has(+br)]:inline-block [&amp;_strong:has(+br)]:pb-2\">Ci\u00f2 sar\u00e0 particolarmente rilevante per le PMI che:<\/p>\n<ul class=\"marker:text-quiet list-disc\">\n<li class=\"py-0 my-0 prose-p:pt-0 prose-p:pb-2 prose-p:my-0 [&amp;&gt;p]:pt-0 [&amp;&gt;p]:pb-2 [&amp;&gt;p]:my-0\" style=\"box-sizing: border-box; scrollbar-width: initial; --tw-border-spacing-x: 0; --tw-border-spacing-y: 0; --tw-translate-x: 0; --tw-translate-y: 0; --tw-rotate: 0; --tw-skew-x: 0; --tw-skew-y: 0; --tw-scale-x: 1; --tw-scale-y: 1; --tw-scroll-snap-strictness: proximity; --tw-ring-offset-width: 0px; --tw-ring-offset-color: #fff; --tw-ring-color: rgb(59 130 246 \/ .5); --tw-ring-offset-shadow: 0 0 #0000; --tw-ring-shadow: 0 0 #0000; --tw-shadow: 0 0 #0000; --tw-shadow-colored: 0 0 #0000; margin-top: 0px; margin-bottom: 0px; padding-inline-start: 0.375em; padding-top: 0px; padding-bottom: 0px; border: 0px solid #e5e7eb;\">\n<p class=\"my-0 py-2 [&amp;_strong:has(+br)]:inline-block [&amp;_strong:has(+br)]:pb-2\">collaborano con aziende pi\u00f9 grandi e devono rispettare i loro obblighi di rendicontazione<\/p>\n<\/li>\n<li class=\"py-0 my-0 prose-p:pt-0 prose-p:pb-2 prose-p:my-0 [&amp;&gt;p]:pt-0 [&amp;&gt;p]:pb-2 [&amp;&gt;p]:my-0\" style=\"box-sizing: border-box; scrollbar-width: initial; --tw-border-spacing-x: 0; --tw-border-spacing-y: 0; --tw-translate-x: 0; --tw-translate-y: 0; --tw-rotate: 0; --tw-skew-x: 0; --tw-skew-y: 0; --tw-scale-x: 1; --tw-scale-y: 1; --tw-scroll-snap-strictness: proximity; --tw-ring-offset-width: 0px; --tw-ring-offset-color: #fff; --tw-ring-color: rgb(59 130 246 \/ .5); --tw-ring-offset-shadow: 0 0 #0000; --tw-ring-shadow: 0 0 #0000; --tw-shadow: 0 0 #0000; --tw-shadow-colored: 0 0 #0000; margin-top: 0px; margin-bottom: 0px; padding-inline-start: 0.375em; padding-top: 0px; padding-bottom: 0px; border: 0px solid #e5e7eb;\">\n<p class=\"my-0 py-2 [&amp;_strong:has(+br)]:inline-block [&amp;_strong:has(+br)]:pb-2\">cercano accesso a finanziamenti sostenibili<\/p>\n<\/li>\n<li class=\"py-0 my-0 prose-p:pt-0 prose-p:pb-2 prose-p:my-0 [&amp;&gt;p]:pt-0 [&amp;&gt;p]:pb-2 [&amp;&gt;p]:my-0\" style=\"box-sizing: border-box; scrollbar-width: initial; --tw-border-spacing-x: 0; --tw-border-spacing-y: 0; --tw-translate-x: 0; --tw-translate-y: 0; --tw-rotate: 0; --tw-skew-x: 0; --tw-skew-y: 0; --tw-scale-x: 1; --tw-scale-y: 1; --tw-scroll-snap-strictness: proximity; --tw-ring-offset-width: 0px; --tw-ring-offset-color: #fff; --tw-ring-color: rgb(59 130 246 \/ .5); --tw-ring-offset-shadow: 0 0 #0000; --tw-ring-shadow: 0 0 #0000; --tw-shadow: 0 0 #0000; --tw-shadow-colored: 0 0 #0000; margin-top: 0px; margin-bottom: 0px; padding-inline-start: 0.375em; padding-top: 0px; padding-bottom: 0px; border: 0px solid #e5e7eb;\">\n<p class=\"my-0 py-2 [&amp;_strong:has(+br)]:inline-block [&amp;_strong:has(+br)]:pb-2\">esportano e devono rispettare standard internazionali<\/p>\n<\/li>\n<li class=\"py-0 my-0 prose-p:pt-0 prose-p:pb-2 prose-p:my-0 [&amp;&gt;p]:pt-0 [&amp;&gt;p]:pb-2 [&amp;&gt;p]:my-0\" style=\"box-sizing: border-box; scrollbar-width: initial; --tw-border-spacing-x: 0; --tw-border-spacing-y: 0; --tw-translate-x: 0; --tw-translate-y: 0; --tw-rotate: 0; --tw-skew-x: 0; --tw-skew-y: 0; --tw-scale-x: 1; --tw-scale-y: 1; --tw-scroll-snap-strictness: proximity; --tw-ring-offset-width: 0px; --tw-ring-offset-color: #fff; --tw-ring-color: rgb(59 130 246 \/ .5); --tw-ring-offset-shadow: 0 0 #0000; --tw-ring-shadow: 0 0 #0000; --tw-shadow: 0 0 #0000; --tw-shadow-colored: 0 0 #0000; margin-top: 0px; margin-bottom: 0px; padding-inline-start: 0.375em; padding-top: 0px; padding-bottom: 0px; border: 0px solid #e5e7eb;\">\n<p class=\"my-0 py-2 [&amp;_strong:has(+br)]:inline-block [&amp;_strong:has(+br)]:pb-2\">desiderano comunicare in modo trasparente le proprie prestazioni di sostenibilit\u00e0<\/p>\n<\/li>\n<\/ul>\n<p class=\"my-0 py-2 [&amp;_strong:has(+br)]:inline-block [&amp;_strong:has(+br)]:pb-2\">Il completamento di questo modulo non \u00e8 previsto prima del Q1 o Q2 2025.<\/p>\n<p class=\"my-0 py-2 [&amp;_strong:has(+br)]:inline-block [&amp;_strong:has(+br)]:pb-2\">[\/et_pb_text][et_pb_text ol_item_indent=&#8221;-1051px&#8221; _builder_version=&#8221;4.27.4&#8243; _module_preset=&#8221;default&#8221; text_font_size=&#8221;19px&#8221; hover_enabled=&#8221;0&#8243; global_colors_info=&#8221;{}&#8221; sticky_enabled=&#8221;0&#8243;]<\/p>\n<h3>CONCLUSIONE: AGGIORNAMENTO VSME<\/h3>\n<p>[\/et_pb_text][et_pb_text ol_item_indent=&#8221;-1051px&#8221; _builder_version=&#8221;4.27.4&#8243; _module_preset=&#8221;default&#8221; text_font_size=&#8221;19px&#8221; hover_enabled=&#8221;0&#8243; global_colors_info=&#8221;{}&#8221; sticky_enabled=&#8221;0&#8243;]<\/p>\n<p>\u00a0La revisione degli standard VSME mostra chiaramente la volont\u00e0 di rendere la rendicontazione di sostenibilit\u00e0 per le PMI pi\u00f9 praticabile.<br \/>La nuova struttura offre chiare semplificazioni nell\u2019applicazione, mantenendo al contempo requisiti pi\u00f9 precisi e pubblicando una guida dettagliata come supporto.<\/p>\n<p class=\"my-0 py-2 [&amp;_strong:has(+br)]:inline-block [&amp;_strong:has(+br)]:pb-2\">L\u2019applicazione dello standard VSME \u00e8 volontaria, ma offre vantaggi strategici per le PMI.<br \/>Facilita l\u2019accesso alla finanza sostenibile grazie a report ESG chiari e adeguati.<br \/>Inoltre, soddisfa i requisiti di trasparenza dei clienti e dei partner commerciali, nonch\u00e9 le informazioni richieste dalle grandi imprese.<\/p>\n<p class=\"my-0 py-2 [&amp;_strong:has(+br)]:inline-block [&amp;_strong:has(+br)]:pb-2\">Grazie allo standard VSME, le PMI possono partecipare attivamente alla trasformazione sostenibile senza generare elevati costi di conformit\u00e0.<\/p>\n<p>[\/et_pb_text][et_pb_text ol_item_indent=&#8221;-1051px&#8221; _builder_version=&#8221;4.27.4&#8243; _module_preset=&#8221;default&#8221; text_font_size=&#8221;19px&#8221; global_colors_info=&#8221;{}&#8221;]<\/p>\n<p class=\"mb-2 mt-4 text-base font-[500] first:mt-0 dark:font-[475]\"><strong>Vuole saperne di pi\u00f9 sull\u2019attuazione pratica dello standard VSME? <\/strong><span>Ci contatti senza impegno per una consulenza personalizzata: <\/span><a rel=\"nofollow noopener\" class=\"break-word hover:text-super hover:decoration-super underline decoration-from-font underline-offset-1 transition-all duration-300\" target=\"_blank\" href=\"mailto:office@terra-institute.eu\">office@terra-institute.eu<\/a><\/p>\n<p>[\/et_pb_text][\/et_pb_column][\/et_pb_row][\/et_pb_section]<\/p>\n","protected":false},"excerpt":{"rendered":"<p>EFRAG APPROVA LO STANDARD VSME CON STRUTTURA SEMPLIFICATA E REQUISITI PRATICI PER LE PMI Lo standard volontario di sostenibilit\u00e0 per le PMI (VSME) \u00e8 stato ampiamente rivisto rispetto alla sua prima pubblicazione nel gennaio 2024.L\u2019obiettivo delle modifiche \u00e8 rendere lo standard pi\u00f9 pratico e meglio adattato alle esigenze dellePMI. Gli adeguamenti sono il risultato di [&hellip;]<\/p>\n","protected":false},"author":1,"featured_media":254518,"comment_status":"open","ping_status":"open","sticky":false,"template":"","format":"standard","meta":{"_et_pb_use_builder":"on","_et_pb_old_content":"","_et_gb_content_width":"","footnotes":""},"categories":[34],"tags":[49],"class_list":["post-254505","post","type-post","status-publish","format-standard","has-post-thumbnail","hentry","category-blog","tag-reportistica-di-sostenibilita"],"yoast_head":"<!-- This site is optimized with the Yoast SEO plugin v26.9 - https:\/\/yoast.com\/product\/yoast-seo-wordpress\/ -->\n<title>Aggiornamento VSME<\/title>\n<meta name=\"description\" content=\"Aggiornamento dello standard VSME: l&#039;EFRAG adotta lo standard VSME con una struttura semplificata e requisiti orientati alla pratica per le PMI.\" \/>\n<meta name=\"robots\" content=\"index, follow, max-snippet:-1, max-image-preview:large, max-video-preview:-1\" \/>\n<link rel=\"canonical\" href=\"https:\/\/terra-institute.eu\/it\/vsme-update-tutto-importante-sui-requisiti-di-segnalazione\/\" \/>\n<meta property=\"og:locale\" content=\"it_IT\" \/>\n<meta property=\"og:type\" content=\"article\" \/>\n<meta property=\"og:title\" content=\"Aggiornamento VSME\" \/>\n<meta property=\"og:description\" content=\"Aggiornamento dello standard VSME: l&#039;EFRAG adotta lo standard VSME con una struttura semplificata e requisiti orientati alla pratica per le PMI.\" \/>\n<meta property=\"og:url\" content=\"https:\/\/terra-institute.eu\/it\/vsme-update-tutto-importante-sui-requisiti-di-segnalazione\/\" \/>\n<meta property=\"og:site_name\" content=\"Terra Institute\" \/>\n<meta property=\"article:publisher\" content=\"https:\/\/www.facebook.com\/TerraInstitute\" \/>\n<meta property=\"article:published_time\" content=\"2024-11-26T10:17:06+00:00\" \/>\n<meta property=\"article:modified_time\" content=\"2025-08-11T11:13:56+00:00\" \/>\n<meta property=\"og:image\" content=\"https:\/\/terra-institute.eu\/it\/wp-content\/uploads\/2025\/08\/vsme-aggiornamento-percorso-modifica-natura-foresta-fotis-fotopoulos.jpg\" \/>\n\t<meta property=\"og:image:width\" content=\"2250\" \/>\n\t<meta property=\"og:image:height\" content=\"1500\" \/>\n\t<meta property=\"og:image:type\" content=\"image\/jpeg\" \/>\n<meta name=\"author\" content=\"francescoromito\" \/>\n<meta name=\"twitter:card\" content=\"summary_large_image\" \/>\n<meta name=\"twitter:creator\" content=\"@terra_institute\" \/>\n<meta name=\"twitter:site\" content=\"@terra_institute\" \/>\n<meta name=\"twitter:label1\" content=\"Scritto da\" \/>\n\t<meta name=\"twitter:data1\" content=\"francescoromito\" \/>\n\t<meta name=\"twitter:label2\" content=\"Tempo di lettura stimato\" \/>\n\t<meta name=\"twitter:data2\" content=\"10 minuti\" \/>\n<script type=\"application\/ld+json\" class=\"yoast-schema-graph\">{\"@context\":\"https:\/\/schema.org\",\"@graph\":[{\"@type\":\"Article\",\"@id\":\"https:\/\/terra-institute.eu\/it\/vsme-update-tutto-importante-sui-requisiti-di-segnalazione\/#article\",\"isPartOf\":{\"@id\":\"https:\/\/terra-institute.eu\/it\/vsme-update-tutto-importante-sui-requisiti-di-segnalazione\/\"},\"author\":{\"name\":\"francescoromito\",\"@id\":\"https:\/\/terra-institute.eu\/it\/#\/schema\/person\/0825c78d1038a1533e63d1a36ec49278\"},\"headline\":\"Aggiornamento VSME: tutto quello che c&#8217;\u00e8 da sapere sulla struttura di rendicontazione semplificata\",\"datePublished\":\"2024-11-26T10:17:06+00:00\",\"dateModified\":\"2025-08-11T11:13:56+00:00\",\"mainEntityOfPage\":{\"@id\":\"https:\/\/terra-institute.eu\/it\/vsme-update-tutto-importante-sui-requisiti-di-segnalazione\/\"},\"wordCount\":1277,\"commentCount\":0,\"image\":{\"@id\":\"https:\/\/terra-institute.eu\/it\/vsme-update-tutto-importante-sui-requisiti-di-segnalazione\/#primaryimage\"},\"thumbnailUrl\":\"https:\/\/terra-institute.eu\/it\/wp-content\/uploads\/2025\/08\/vsme-aggiornamento-percorso-modifica-natura-foresta-fotis-fotopoulos.jpg\",\"keywords\":[\"REPORTISTICA DI SOSTENIBILIT\u00e0\"],\"articleSection\":[\"blog\"],\"inLanguage\":\"it-IT\",\"potentialAction\":[{\"@type\":\"CommentAction\",\"name\":\"Comment\",\"target\":[\"https:\/\/terra-institute.eu\/it\/vsme-update-tutto-importante-sui-requisiti-di-segnalazione\/#respond\"]}]},{\"@type\":\"WebPage\",\"@id\":\"https:\/\/terra-institute.eu\/it\/vsme-update-tutto-importante-sui-requisiti-di-segnalazione\/\",\"url\":\"https:\/\/terra-institute.eu\/it\/vsme-update-tutto-importante-sui-requisiti-di-segnalazione\/\",\"name\":\"Aggiornamento VSME\",\"isPartOf\":{\"@id\":\"https:\/\/terra-institute.eu\/it\/#website\"},\"primaryImageOfPage\":{\"@id\":\"https:\/\/terra-institute.eu\/it\/vsme-update-tutto-importante-sui-requisiti-di-segnalazione\/#primaryimage\"},\"image\":{\"@id\":\"https:\/\/terra-institute.eu\/it\/vsme-update-tutto-importante-sui-requisiti-di-segnalazione\/#primaryimage\"},\"thumbnailUrl\":\"https:\/\/terra-institute.eu\/it\/wp-content\/uploads\/2025\/08\/vsme-aggiornamento-percorso-modifica-natura-foresta-fotis-fotopoulos.jpg\",\"datePublished\":\"2024-11-26T10:17:06+00:00\",\"dateModified\":\"2025-08-11T11:13:56+00:00\",\"author\":{\"@id\":\"https:\/\/terra-institute.eu\/it\/#\/schema\/person\/0825c78d1038a1533e63d1a36ec49278\"},\"description\":\"Aggiornamento dello standard VSME: l'EFRAG adotta lo standard VSME con una struttura semplificata e requisiti orientati alla pratica per le PMI.\",\"breadcrumb\":{\"@id\":\"https:\/\/terra-institute.eu\/it\/vsme-update-tutto-importante-sui-requisiti-di-segnalazione\/#breadcrumb\"},\"inLanguage\":\"it-IT\",\"potentialAction\":[{\"@type\":\"ReadAction\",\"target\":[\"https:\/\/terra-institute.eu\/it\/vsme-update-tutto-importante-sui-requisiti-di-segnalazione\/\"]}]},{\"@type\":\"ImageObject\",\"inLanguage\":\"it-IT\",\"@id\":\"https:\/\/terra-institute.eu\/it\/vsme-update-tutto-importante-sui-requisiti-di-segnalazione\/#primaryimage\",\"url\":\"https:\/\/terra-institute.eu\/it\/wp-content\/uploads\/2025\/08\/vsme-aggiornamento-percorso-modifica-natura-foresta-fotis-fotopoulos.jpg\",\"contentUrl\":\"https:\/\/terra-institute.eu\/it\/wp-content\/uploads\/2025\/08\/vsme-aggiornamento-percorso-modifica-natura-foresta-fotis-fotopoulos.jpg\",\"width\":2250,\"height\":1500,\"caption\":\"Una strada attraverso una foresta\"},{\"@type\":\"BreadcrumbList\",\"@id\":\"https:\/\/terra-institute.eu\/it\/vsme-update-tutto-importante-sui-requisiti-di-segnalazione\/#breadcrumb\",\"itemListElement\":[{\"@type\":\"ListItem\",\"position\":1,\"name\":\"Home\",\"item\":\"https:\/\/terra-institute.eu\/it\/\"},{\"@type\":\"ListItem\",\"position\":2,\"name\":\"Aggiornamento VSME: tutto quello che c&#8217;\u00e8 da sapere sulla struttura di rendicontazione semplificata\"}]},{\"@type\":\"WebSite\",\"@id\":\"https:\/\/terra-institute.eu\/it\/#website\",\"url\":\"https:\/\/terra-institute.eu\/it\/\",\"name\":\"Terra Institute\",\"description\":\"Empowering Responsible Growth\",\"potentialAction\":[{\"@type\":\"SearchAction\",\"target\":{\"@type\":\"EntryPoint\",\"urlTemplate\":\"https:\/\/terra-institute.eu\/it\/?s={search_term_string}\"},\"query-input\":{\"@type\":\"PropertyValueSpecification\",\"valueRequired\":true,\"valueName\":\"search_term_string\"}}],\"inLanguage\":\"it-IT\"},{\"@type\":\"Person\",\"@id\":\"https:\/\/terra-institute.eu\/it\/#\/schema\/person\/0825c78d1038a1533e63d1a36ec49278\",\"name\":\"francescoromito\",\"image\":{\"@type\":\"ImageObject\",\"inLanguage\":\"it-IT\",\"@id\":\"https:\/\/terra-institute.eu\/it\/#\/schema\/person\/image\/\",\"url\":\"https:\/\/secure.gravatar.com\/avatar\/af139ce2e39890ae48f5692c8a08dde6e376be32739bb05ea5a3ce601c598fa9?s=96&d=mm&r=g\",\"contentUrl\":\"https:\/\/secure.gravatar.com\/avatar\/af139ce2e39890ae48f5692c8a08dde6e376be32739bb05ea5a3ce601c598fa9?s=96&d=mm&r=g\",\"caption\":\"francescoromito\"},\"sameAs\":[\"https:\/\/terra-institute.eu\/it\"],\"url\":\"https:\/\/terra-institute.eu\/it\/author\/francescoromito\/\"}]}<\/script>\n<!-- \/ Yoast SEO plugin. -->","yoast_head_json":{"title":"Aggiornamento VSME","description":"Aggiornamento dello standard VSME: l'EFRAG adotta lo standard VSME con una struttura semplificata e requisiti orientati alla pratica per le PMI.","robots":{"index":"index","follow":"follow","max-snippet":"max-snippet:-1","max-image-preview":"max-image-preview:large","max-video-preview":"max-video-preview:-1"},"canonical":"https:\/\/terra-institute.eu\/it\/vsme-update-tutto-importante-sui-requisiti-di-segnalazione\/","og_locale":"it_IT","og_type":"article","og_title":"Aggiornamento VSME","og_description":"Aggiornamento dello standard VSME: l'EFRAG adotta lo standard VSME con una struttura semplificata e requisiti orientati alla pratica per le PMI.","og_url":"https:\/\/terra-institute.eu\/it\/vsme-update-tutto-importante-sui-requisiti-di-segnalazione\/","og_site_name":"Terra Institute","article_publisher":"https:\/\/www.facebook.com\/TerraInstitute","article_published_time":"2024-11-26T10:17:06+00:00","article_modified_time":"2025-08-11T11:13:56+00:00","og_image":[{"width":2250,"height":1500,"url":"https:\/\/terra-institute.eu\/it\/wp-content\/uploads\/2025\/08\/vsme-aggiornamento-percorso-modifica-natura-foresta-fotis-fotopoulos.jpg","type":"image\/jpeg"}],"author":"francescoromito","twitter_card":"summary_large_image","twitter_creator":"@terra_institute","twitter_site":"@terra_institute","twitter_misc":{"Scritto da":"francescoromito","Tempo di lettura stimato":"10 minuti"},"schema":{"@context":"https:\/\/schema.org","@graph":[{"@type":"Article","@id":"https:\/\/terra-institute.eu\/it\/vsme-update-tutto-importante-sui-requisiti-di-segnalazione\/#article","isPartOf":{"@id":"https:\/\/terra-institute.eu\/it\/vsme-update-tutto-importante-sui-requisiti-di-segnalazione\/"},"author":{"name":"francescoromito","@id":"https:\/\/terra-institute.eu\/it\/#\/schema\/person\/0825c78d1038a1533e63d1a36ec49278"},"headline":"Aggiornamento VSME: tutto quello che c&#8217;\u00e8 da sapere sulla struttura di rendicontazione semplificata","datePublished":"2024-11-26T10:17:06+00:00","dateModified":"2025-08-11T11:13:56+00:00","mainEntityOfPage":{"@id":"https:\/\/terra-institute.eu\/it\/vsme-update-tutto-importante-sui-requisiti-di-segnalazione\/"},"wordCount":1277,"commentCount":0,"image":{"@id":"https:\/\/terra-institute.eu\/it\/vsme-update-tutto-importante-sui-requisiti-di-segnalazione\/#primaryimage"},"thumbnailUrl":"https:\/\/terra-institute.eu\/it\/wp-content\/uploads\/2025\/08\/vsme-aggiornamento-percorso-modifica-natura-foresta-fotis-fotopoulos.jpg","keywords":["REPORTISTICA DI SOSTENIBILIT\u00e0"],"articleSection":["blog"],"inLanguage":"it-IT","potentialAction":[{"@type":"CommentAction","name":"Comment","target":["https:\/\/terra-institute.eu\/it\/vsme-update-tutto-importante-sui-requisiti-di-segnalazione\/#respond"]}]},{"@type":"WebPage","@id":"https:\/\/terra-institute.eu\/it\/vsme-update-tutto-importante-sui-requisiti-di-segnalazione\/","url":"https:\/\/terra-institute.eu\/it\/vsme-update-tutto-importante-sui-requisiti-di-segnalazione\/","name":"Aggiornamento VSME","isPartOf":{"@id":"https:\/\/terra-institute.eu\/it\/#website"},"primaryImageOfPage":{"@id":"https:\/\/terra-institute.eu\/it\/vsme-update-tutto-importante-sui-requisiti-di-segnalazione\/#primaryimage"},"image":{"@id":"https:\/\/terra-institute.eu\/it\/vsme-update-tutto-importante-sui-requisiti-di-segnalazione\/#primaryimage"},"thumbnailUrl":"https:\/\/terra-institute.eu\/it\/wp-content\/uploads\/2025\/08\/vsme-aggiornamento-percorso-modifica-natura-foresta-fotis-fotopoulos.jpg","datePublished":"2024-11-26T10:17:06+00:00","dateModified":"2025-08-11T11:13:56+00:00","author":{"@id":"https:\/\/terra-institute.eu\/it\/#\/schema\/person\/0825c78d1038a1533e63d1a36ec49278"},"description":"Aggiornamento dello standard VSME: l'EFRAG adotta lo standard VSME con una struttura semplificata e requisiti orientati alla pratica per le PMI.","breadcrumb":{"@id":"https:\/\/terra-institute.eu\/it\/vsme-update-tutto-importante-sui-requisiti-di-segnalazione\/#breadcrumb"},"inLanguage":"it-IT","potentialAction":[{"@type":"ReadAction","target":["https:\/\/terra-institute.eu\/it\/vsme-update-tutto-importante-sui-requisiti-di-segnalazione\/"]}]},{"@type":"ImageObject","inLanguage":"it-IT","@id":"https:\/\/terra-institute.eu\/it\/vsme-update-tutto-importante-sui-requisiti-di-segnalazione\/#primaryimage","url":"https:\/\/terra-institute.eu\/it\/wp-content\/uploads\/2025\/08\/vsme-aggiornamento-percorso-modifica-natura-foresta-fotis-fotopoulos.jpg","contentUrl":"https:\/\/terra-institute.eu\/it\/wp-content\/uploads\/2025\/08\/vsme-aggiornamento-percorso-modifica-natura-foresta-fotis-fotopoulos.jpg","width":2250,"height":1500,"caption":"Una strada attraverso una foresta"},{"@type":"BreadcrumbList","@id":"https:\/\/terra-institute.eu\/it\/vsme-update-tutto-importante-sui-requisiti-di-segnalazione\/#breadcrumb","itemListElement":[{"@type":"ListItem","position":1,"name":"Home","item":"https:\/\/terra-institute.eu\/it\/"},{"@type":"ListItem","position":2,"name":"Aggiornamento VSME: tutto quello che c&#8217;\u00e8 da sapere sulla struttura di rendicontazione semplificata"}]},{"@type":"WebSite","@id":"https:\/\/terra-institute.eu\/it\/#website","url":"https:\/\/terra-institute.eu\/it\/","name":"Terra Institute","description":"Empowering Responsible Growth","potentialAction":[{"@type":"SearchAction","target":{"@type":"EntryPoint","urlTemplate":"https:\/\/terra-institute.eu\/it\/?s={search_term_string}"},"query-input":{"@type":"PropertyValueSpecification","valueRequired":true,"valueName":"search_term_string"}}],"inLanguage":"it-IT"},{"@type":"Person","@id":"https:\/\/terra-institute.eu\/it\/#\/schema\/person\/0825c78d1038a1533e63d1a36ec49278","name":"francescoromito","image":{"@type":"ImageObject","inLanguage":"it-IT","@id":"https:\/\/terra-institute.eu\/it\/#\/schema\/person\/image\/","url":"https:\/\/secure.gravatar.com\/avatar\/af139ce2e39890ae48f5692c8a08dde6e376be32739bb05ea5a3ce601c598fa9?s=96&d=mm&r=g","contentUrl":"https:\/\/secure.gravatar.com\/avatar\/af139ce2e39890ae48f5692c8a08dde6e376be32739bb05ea5a3ce601c598fa9?s=96&d=mm&r=g","caption":"francescoromito"},"sameAs":["https:\/\/terra-institute.eu\/it"],"url":"https:\/\/terra-institute.eu\/it\/author\/francescoromito\/"}]}},"_links":{"self":[{"href":"https:\/\/terra-institute.eu\/it\/wp-json\/wp\/v2\/posts\/254505","targetHints":{"allow":["GET"]}}],"collection":[{"href":"https:\/\/terra-institute.eu\/it\/wp-json\/wp\/v2\/posts"}],"about":[{"href":"https:\/\/terra-institute.eu\/it\/wp-json\/wp\/v2\/types\/post"}],"author":[{"embeddable":true,"href":"https:\/\/terra-institute.eu\/it\/wp-json\/wp\/v2\/users\/1"}],"replies":[{"embeddable":true,"href":"https:\/\/terra-institute.eu\/it\/wp-json\/wp\/v2\/comments?post=254505"}],"version-history":[{"count":6,"href":"https:\/\/terra-institute.eu\/it\/wp-json\/wp\/v2\/posts\/254505\/revisions"}],"predecessor-version":[{"id":254548,"href":"https:\/\/terra-institute.eu\/it\/wp-json\/wp\/v2\/posts\/254505\/revisions\/254548"}],"wp:featuredmedia":[{"embeddable":true,"href":"https:\/\/terra-institute.eu\/it\/wp-json\/wp\/v2\/media\/254518"}],"wp:attachment":[{"href":"https:\/\/terra-institute.eu\/it\/wp-json\/wp\/v2\/media?parent=254505"}],"wp:term":[{"taxonomy":"category","embeddable":true,"href":"https:\/\/terra-institute.eu\/it\/wp-json\/wp\/v2\/categories?post=254505"},{"taxonomy":"post_tag","embeddable":true,"href":"https:\/\/terra-institute.eu\/it\/wp-json\/wp\/v2\/tags?post=254505"}],"curies":[{"name":"wp","href":"https:\/\/api.w.org\/{rel}","templated":true}]}}