{"id":254144,"date":"2025-07-16T10:55:53","date_gmt":"2025-07-16T08:55:53","guid":{"rendered":"https:\/\/terra-institute.eu\/it\/?p=254144"},"modified":"2025-07-30T09:43:09","modified_gmt":"2025-07-30T07:43:09","slug":"fiera-bolzano","status":"publish","type":"post","link":"https:\/\/terra-institute.eu\/it\/fiera-bolzano\/","title":{"rendered":"Fiera Bolzano\u00a0"},"content":{"rendered":"\n[et_pb_section fb_built=&#8221;1&#8243; module_id=&#8221;temi&#8221; _builder_version=&#8221;4.16&#8243; _module_preset=&#8221;default&#8221; background_color=&#8221;#FFFFFF&#8221; module_alignment=&#8221;center&#8221; min_height=&#8221;622.7px&#8221; custom_margin=&#8221;|||-19px|false|false&#8221; custom_padding=&#8221;24px||44px||false|false&#8221; locked=&#8221;off&#8221; global_colors_info=&#8221;{}&#8221;][et_pb_row column_structure=&#8221;2_5,3_5&#8243; module_id=&#8221;g\u00f6g-intro&#8221; _builder_version=&#8221;4.24.2&#8243; _module_preset=&#8221;default&#8221; module_alignment=&#8221;center&#8221; custom_margin=&#8221;9px|auto||auto||&#8221; custom_padding=&#8221;23px||1px|||&#8221; border_color_top=&#8221;rgba(125,113,104,0.25)&#8221; global_colors_info=&#8221;{}&#8221;][et_pb_column type=&#8221;2_5&#8243; _builder_version=&#8221;4.16&#8243; _module_preset=&#8221;default&#8221; global_colors_info=&#8221;{}&#8221;][et_pb_text _builder_version=&#8221;4.27.4&#8243; _module_preset=&#8221;default&#8221; text_font=&#8221;SourceSans-Pro-Regular||||||||&#8221; header_2_text_color=&#8221;#3d3d3d&#8221; header_2_font_size=&#8221;32px&#8221; header_2_line_height=&#8221;1.1em&#8221; custom_margin=&#8221;||-4px|||&#8221; custom_padding=&#8221;||0px||false|false&#8221; animation_style=&#8221;fade&#8221; animation_duration=&#8221;1300ms&#8221; border_color_left=&#8221;#7d7168&#8243; locked=&#8221;off&#8221; global_colors_info=&#8221;{}&#8221;]<h2>Strategie innovative e impegno concreto per la sostenibilit\u00e0 nel settore fieristico<\/h2>[\/et_pb_text][et_pb_text disabled_on=&#8221;off|off|off&#8221; _builder_version=&#8221;4.27.4&#8243; _module_preset=&#8221;default&#8221; background_color=&#8221;#f9f9f9&#8243; custom_margin=&#8221;20px|||20px|false|false&#8221; custom_padding=&#8221;20px|||20px|false|false&#8221; hover_enabled=&#8221;0&#8243; box_shadow_style=&#8221;preset3&#8243; global_colors_info=&#8221;{}&#8221; sticky_enabled=&#8221;0&#8243;]<h4><strong>Contenuti<\/strong><\/h4>\n<ol>\n<li><a href=\"#key\">Key Facts \u2013 Fiera Bolzano<\/a><\/li>\n<li><a href=\"#herausforderungen\" title=\"Herausforderungen\">Sfide<\/a><\/li>\n<li><a href=\"#transformationsprozess\" title=\"Transformationsprozess\"><span class=\"_fadeIn_m1hgl_8\">Processo <\/span><span class=\"_fadeIn_m1hgl_8\">di <\/span><span class=\"_fadeIn_m1hgl_8\">trasformazione<\/span><\/a><\/li>\n<li><a href=\"#goggi\"><span class=\"_fadeIn_m1hgl_8\">La <\/span><span class=\"_fadeIn_m1hgl_8\">Coordinatrice <\/span><span class=\"_fadeIn_m1hgl_8\">della <\/span><span class=\"_fadeIn_m1hgl_8\">sostenibilit\u00e0 <\/span><span class=\"_fadeIn_m1hgl_8\">della <\/span><span class=\"_fadeIn_m1hgl_8\">destinazione <\/span><span class=\"_fadeIn_m1hgl_8\">parla <\/span><span class=\"_fadeIn_m1hgl_8\">del <\/span><span class=\"_fadeIn_m1hgl_8\">progetto<\/span><\/a><\/li>\n<li><a href=\"#projektleiter\" title=\"Projektleiter Paolo Agnelli\"><span class=\"_fadeIn_m1hgl_8\">Il <\/span><span class=\"_fadeIn_m1hgl_8\">Project <\/span><span class=\"_fadeIn_m1hgl_8\">Manager Renata Rizzo<\/span><\/a><\/li>\n<li><a href=\"#kontakt\" title=\"Kontakt\">Contatti<\/a><\/li>\n<\/ol>[\/et_pb_text][\/et_pb_column][et_pb_column type=&#8221;3_5&#8243; _builder_version=&#8221;4.16&#8243; _module_preset=&#8221;default&#8221; global_colors_info=&#8221;{}&#8221;][et_pb_text _builder_version=&#8221;4.27.4&#8243; _module_preset=&#8221;default&#8221; header_3_text_color=&#8221;#428ca6&#8243; global_colors_info=&#8221;{}&#8221;]<p class=\"my-0\">Fiera Bolzano ha avviato nel 2024 una collaborazione con Terra Institute per intraprendere un percorso di sostenibilit\u00e0 che ha portato alla certificazione EarthCheck nel 2025.<\/p>\n<p class=\"my-0\">Fiera Bolzano si occupa principalmente di fiere ed eventi, ed \u00e8 anche attiva nel fare della sostenibilit\u00e0 il proprio punto di riferimento strategico. Ospita fiere settoriali leader in Italia come Klimahouse e promuove attivamente prodotti e pratiche responsabili.<\/p>\n<p class=\"my-0\">Il progetto ha coinvolto il Green Team aziendale per la sostenibilit\u00e0 guidato da Massimiliano Cudin, supportato da Verena Lanbacher, Verena Festi e altre<em>i colleghe<\/em>i, con l\u2019obiettivo di strutturare una strategia di sostenibilit\u00e0 concreta e operativa.<\/p>[\/et_pb_text][\/et_pb_column][\/et_pb_row][et_pb_row module_id=&#8221;key&#8221; _builder_version=&#8221;4.27.4&#8243; _module_preset=&#8221;default&#8221; custom_padding=&#8221;||0px|||&#8221; global_colors_info=&#8221;{}&#8221;][et_pb_column type=&#8221;4_4&#8243; _builder_version=&#8221;4.22.1&#8243; _module_preset=&#8221;default&#8221; global_colors_info=&#8221;{}&#8221;][et_pb_text _builder_version=&#8221;4.27.4&#8243; _module_preset=&#8221;default&#8221; width=&#8221;85.6%&#8221; global_colors_info=&#8221;{}&#8221;]<h3>Key Facts \u2013 Fiera Bolzano<\/h3>[\/et_pb_text][\/et_pb_column][\/et_pb_row][et_pb_row column_structure=&#8221;1_4,1_4,1_4,1_4&#8243; disabled_on=&#8221;off|off|off&#8221; _builder_version=&#8221;4.27.4&#8243; _module_preset=&#8221;default&#8221; custom_padding=&#8221;0px|||||&#8221; global_colors_info=&#8221;{}&#8221;][et_pb_column type=&#8221;1_4&#8243; _builder_version=&#8221;4.22.1&#8243; _module_preset=&#8221;default&#8221; global_colors_info=&#8221;{}&#8221;][et_pb_image src=&#8221;https:\/\/terra-institute.eu\/it\/wp-content\/uploads\/2025\/04\/kind-of-project-e1706788177352.png&#8221; title_text=&#8221;kind of project&#8221; _builder_version=&#8221;4.22.1&#8243; _module_preset=&#8221;default&#8221; global_colors_info=&#8221;{}&#8221;][\/et_pb_image][et_pb_text _builder_version=&#8221;4.27.4&#8243; _module_preset=&#8221;default&#8221; header_3_text_color=&#8221;#428ca6&#8243; global_colors_info=&#8221;{}&#8221;]<p><strong>Tipologia di progetto<\/strong>: certificazione <a href=\"https:\/\/terra-institute.eu\/it\/earthcheck\/\">EarthCheck<\/a><\/p>[\/et_pb_text][\/et_pb_column][et_pb_column type=&#8221;1_4&#8243; _builder_version=&#8221;4.22.1&#8243; _module_preset=&#8221;default&#8221; global_colors_info=&#8221;{}&#8221;][et_pb_image src=&#8221;https:\/\/terra-institute.eu\/it\/wp-content\/uploads\/2025\/01\/terra-client-since-e1706779538830.png&#8221; title_text=&#8221;terra client since&#8221; _builder_version=&#8221;4.22.1&#8243; _module_preset=&#8221;default&#8221; global_colors_info=&#8221;{}&#8221;][\/et_pb_image][et_pb_text _builder_version=&#8221;4.27.4&#8243; _module_preset=&#8221;default&#8221; header_3_text_color=&#8221;#428ca6&#8243; global_colors_info=&#8221;{}&#8221;]<p><strong>Cliente <\/strong>Terra Institute da: 2024 \u2013 luglio 2025<\/p>[\/et_pb_text][\/et_pb_column][et_pb_column type=&#8221;1_4&#8243; _builder_version=&#8221;4.22.1&#8243; _module_preset=&#8221;default&#8221; global_colors_info=&#8221;{}&#8221;][et_pb_image src=&#8221;https:\/\/terra-institute.eu\/it\/wp-content\/uploads\/2025\/01\/headquarters-e1706715111396.png&#8221; title_text=&#8221;headquarters&#8221; _builder_version=&#8221;4.22.1&#8243; _module_preset=&#8221;default&#8221; global_colors_info=&#8221;{}&#8221;][\/et_pb_image][et_pb_text _builder_version=&#8221;4.27.4&#8243; _module_preset=&#8221;default&#8221; header_3_text_color=&#8221;#428ca6&#8243; global_colors_info=&#8221;{}&#8221;]<p><span><b>Sede <\/b>Bolzano<span class=\"_fadeIn_m1hgl_8\">, <\/span><span class=\"_fadeIn_m1hgl_8\">Italia<\/span><\/span><\/p>[\/et_pb_text][\/et_pb_column][et_pb_column type=&#8221;1_4&#8243; _builder_version=&#8221;4.22.1&#8243; _module_preset=&#8221;default&#8221; global_colors_info=&#8221;{}&#8221;][et_pb_image src=&#8221;https:\/\/terra-institute.eu\/it\/wp-content\/uploads\/2025\/04\/link-to-website-e1706788575343.png&#8221; title_text=&#8221;link to website&#8221; _builder_version=&#8221;4.22.1&#8243; _module_preset=&#8221;default&#8221; global_colors_info=&#8221;{}&#8221;][\/et_pb_image][et_pb_text _builder_version=&#8221;4.27.4&#8243; _module_preset=&#8221;default&#8221; header_3_text_color=&#8221;#428ca6&#8243; global_colors_info=&#8221;{}&#8221;]<p><strong>Link al sito<\/strong>: <a href=\"https:\/\/www.fierabolzano.it\/it\/were-going-green\" target=\"_blank\" rel=\"noopener\">https:\/\/www.fierabolzano.it\/it\/were-going-green<\/a><\/p>[\/et_pb_text][\/et_pb_column][\/et_pb_row][\/et_pb_section][et_pb_section fb_built=&#8221;1&#8243; module_id=&#8221;herausforderungen&#8221; _builder_version=&#8221;4.27.4&#8243; _module_preset=&#8221;default&#8221; background_color=&#8221;#79a9b6&#8243; global_colors_info=&#8221;{}&#8221;][et_pb_row column_structure=&#8221;2_3,1_3&#8243; module_id=&#8221;vorteile-beratung&#8221; _builder_version=&#8221;4.17.4&#8243; _module_preset=&#8221;default&#8221; custom_padding=&#8221;||0px|||&#8221; global_colors_info=&#8221;{}&#8221;][et_pb_column type=&#8221;2_3&#8243; _builder_version=&#8221;4.17.4&#8243; _module_preset=&#8221;default&#8221; global_colors_info=&#8221;{}&#8221;][et_pb_text module_id=&#8221;beratung&#8221; _builder_version=&#8221;4.27.4&#8243; _module_preset=&#8221;default&#8221; text_text_color=&#8221;#FFFFFF&#8221; header_2_text_color=&#8221;#FFFFFF&#8221; header_2_font_size=&#8221;32px&#8221; width=&#8221;116.1%&#8221; custom_padding=&#8221;||||false|false&#8221; global_colors_info=&#8221;{}&#8221;]<h2><span lang=\"IT\" style=\"color: #ffffff;\">Sfide incontrate durante il progetto<\/span><\/h2>\n<div><\/div>[\/et_pb_text][\/et_pb_column][et_pb_column type=&#8221;1_3&#8243; _builder_version=&#8221;4.17.4&#8243; _module_preset=&#8221;default&#8221; global_colors_info=&#8221;{}&#8221;][\/et_pb_column][\/et_pb_row][et_pb_row column_structure=&#8221;1_2,1_2&#8243; _builder_version=&#8221;4.17.4&#8243; _module_preset=&#8221;default&#8221; custom_padding=&#8221;||3px|||&#8221; global_colors_info=&#8221;{}&#8221;][et_pb_column type=&#8221;1_2&#8243; _builder_version=&#8221;4.17.4&#8243; _module_preset=&#8221;default&#8221; global_colors_info=&#8221;{}&#8221;][et_pb_image src=&#8221;https:\/\/terra-institute.eu\/it\/wp-content\/uploads\/2025\/07\/david-bole_montagne-scaled-e1752656123428.jpg&#8221; alt=&#8221;montagne&#8221; title_text=&#8221;montagne&#8221; _builder_version=&#8221;4.27.4&#8243; _module_preset=&#8221;default&#8221; global_colors_info=&#8221;{}&#8221;][\/et_pb_image][\/et_pb_column][et_pb_column type=&#8221;1_2&#8243; _builder_version=&#8221;4.17.4&#8243; _module_preset=&#8221;default&#8221; global_colors_info=&#8221;{}&#8221;][et_pb_text _builder_version=&#8221;4.27.4&#8243; _module_preset=&#8221;default&#8221; text_text_color=&#8221;#FFFFFF&#8221; header_text_color=&#8221;#FFFFFF&#8221; header_2_text_color=&#8221;#FFFFFF&#8221; header_3_text_color=&#8221;#FFFFFF&#8221; hover_enabled=&#8221;0&#8243; global_colors_info=&#8221;{}&#8221; sticky_enabled=&#8221;0&#8243;]<p style=\"font-weight: 400;\"><span>La prima grande sfida \u00e8 stata l\u2019elaborazione di una strategia conforme allo standard esigente della certificazione <span style=\"text-decoration: underline;\"><span style=\"color: #ffffff;\"><a href=\"https:\/\/terra-institute.eu\/it\/earthcheck\/\" target=\"_blank\" rel=\"noopener\" style=\"color: #ffffff; text-decoration: underline;\">EarthCheck<\/a><\/span><\/span>. <\/span><span>Sono state affrontate 20 aree tematiche che hanno richiesto un lavoro trasversale e impegnativo. <\/span><\/p>\n<p style=\"font-weight: 400;\"><span>Una delle difficolt\u00e0 principali \u00e8 stata la gestione dei rifiuti generati durante l\u2019allestimento e disallestimento delle fiere, che spesso dipende principalmente dal comportamento degli espositori. <\/span><span>Fiera Bolzano <\/span><span>ha gi\u00e0 adottato misure innovative come l\u2019eliminazione della moquette nei corridoi fieristici, la digitalizzazione della cartellonistica, l\u2019illuminazione sostenibile, un tetto green con un alveare sopra gli uffici e uno dei maggiori impianti fotovoltaici della provincia sul tetto del parcheggio visitatori, che alimenta il Quartiere fieristico, la rete elettrica nonch\u00e9 uno dei principali hub di ricarica per veicoli elettrici in regione.<\/span><\/p>\n<p style=\"font-weight: 400;\">[\/et_pb_text][\/et_pb_column][\/et_pb_row][et_pb_row _builder_version=&#8221;4.27.4&#8243; _module_preset=&#8221;default&#8221; custom_padding=&#8221;19px|||||&#8221; global_colors_info=&#8221;{}&#8221;][et_pb_column type=&#8221;4_4&#8243; _builder_version=&#8221;4.27.4&#8243; _module_preset=&#8221;default&#8221; global_colors_info=&#8221;{}&#8221;][et_pb_text _builder_version=&#8221;4.27.4&#8243; _module_preset=&#8221;default&#8221; text_text_color=&#8221;#FFFFFF&#8221; header_text_color=&#8221;#FFFFFF&#8221; header_2_text_color=&#8221;#FFFFFF&#8221; header_3_text_color=&#8221;#FFFFFF&#8221; global_colors_info=&#8221;{}&#8221;]<p data-start=\"3335\" data-end=\"3938\"><span>Un\u2019altra sfida \u00e8 stata la necessit\u00e0 di coinvolgere attivamente gli espositori, incentivandoli ad adottare stand riutilizzabili e soluzioni circolari. Inoltre, \u00e8 stato essenziale ristrutturare processi interni, dalla pianificazione all\u2019acquisto, per allinearli con gli obiettivi legati alla sostenibilit\u00e0.<\/span><\/p>\n<p data-start=\"3940\" data-end=\"4051\"><strong data-start=\"3940\" data-end=\"3972\"><span class=\"_fadeIn_m1hgl_8\">Hai <\/span><span class=\"_fadeIn_m1hgl_8\">affrontato <\/span><span class=\"_fadeIn_m1hgl_8\">sfide <\/span><span class=\"_fadeIn_m1hgl_8\">simili?<\/span><\/strong><br data-start=\"3972\" data-end=\"3975\" \/><span class=\"_fadeIn_m1hgl_8\">Contattaci <\/span><span class=\"_fadeIn_m1hgl_8\">per <\/span><span class=\"_fadeIn_m1hgl_8\">una <\/span><strong data-start=\"3994\" data-end=\"4023\"><span class=\"_fadeIn_m1hgl_8\">prima <\/span><span class=\"_fadeIn_m1hgl_8\">consulenza <\/span><span class=\"_fadeIn_m1hgl_8\">gratuita<\/span><\/strong><span class=\"_fadeIn_m1hgl_8\"> <\/span><span class=\"_fadeIn_m1hgl_8\">con <\/span><span class=\"_fadeIn_m1hgl_8\">uno <\/span><span class=\"_fadeIn_m1hgl_8\">dei <\/span><span class=\"_fadeIn_m1hgl_8\">nostri <\/span><span class=\"_fadeIn_m1hgl_8\">esperti.<\/span><\/p>[\/et_pb_text][et_pb_button button_url=&#8221;#kontakt&#8221; button_text=&#8221;Contatta Terra adesso&#8221; _builder_version=&#8221;4.27.4&#8243; _module_preset=&#8221;default&#8221; custom_button=&#8221;on&#8221; button_text_size=&#8221;16px&#8221; button_text_color=&#8221;#FFFFFF&#8221; button_bg_color=&#8221;#428ca6&#8243; background_layout=&#8221;dark&#8221; global_colors_info=&#8221;{}&#8221; button_text_color__hover_enabled=&#8221;off|desktop&#8221;][\/et_pb_button][\/et_pb_column][\/et_pb_row][\/et_pb_section][et_pb_section fb_built=&#8221;1&#8243; module_id=&#8221;transformationsprozess&#8221; _builder_version=&#8221;4.27.4&#8243; _module_preset=&#8221;default&#8221; custom_padding=&#8221;3px||18px|||&#8221; global_colors_info=&#8221;{}&#8221;][et_pb_row module_id=&#8221;leadership&#8221; _builder_version=&#8221;4.17.4&#8243; _module_preset=&#8221;default&#8221; global_colors_info=&#8221;{}&#8221;][et_pb_column type=&#8221;4_4&#8243; _builder_version=&#8221;4.17.4&#8243; _module_preset=&#8221;default&#8221; global_colors_info=&#8221;{}&#8221;][et_pb_text module_id=&#8221;terra&#8221; _builder_version=&#8221;4.27.4&#8243; _module_preset=&#8221;default&#8221; header_2_font_size=&#8221;32px&#8221; global_colors_info=&#8221;{}&#8221;]<h2><span class=\"_fadeIn_m1hgl_8\">Risultati <\/span><span class=\"_fadeIn_m1hgl_8\">ottenuti<\/span><\/h2>[\/et_pb_text][et_pb_text _builder_version=&#8221;4.27.4&#8243; _module_preset=&#8221;default&#8221; global_colors_info=&#8221;{}&#8221;]<p data-start=\"4116\" data-end=\"4766\"><span>Il primo anno ha prodotto risultati significativi in termini sia di <\/span><strong>consapevolezza<\/strong><span> che di <\/span><strong>raccolta dati<\/strong><span>. Fiera Bolzano ha creato un <\/span><strong>benchmark dettagliato degli impatti ambientali<\/strong><span> per il biennio 2023\u20132024, utile per monitorare l\u2019efficacia della strategia in atto. \u00c8 emersa, ad esempio, una criticit\u00e0 nel <\/span><strong>consumo d\u2019acqua per visitatore<\/strong><span>, superiore alle aspettative, il che ha spinto l\u2019organizzazione a sviluppare una strategia mirata per ridurlo. Dal punto di vista energetico, Fiera Bolzano \u00e8 gi\u00e0 <\/span><strong>molto virtuosa<\/strong><span> e proseguir\u00e0 su questa linea. Il progetto ha anche prodotto una <\/span><strong>trasformazione culturale e operativa interna<\/strong><span>, portando maggiore consapevolezza sull\u2019impatto reale delle scelte gestionali e favorendo una <\/span><strong>visione condivisa<\/strong><span>, orientata al <\/span><strong>miglioramento continuo<\/strong><span> e alla <\/span><strong>leadership sostenibile<\/strong><span> nel settore fieristico.<\/span><\/p>[\/et_pb_text][\/et_pb_column][\/et_pb_row][\/et_pb_section][et_pb_section fb_built=&#8221;1&#8243; module_id=&#8221;goggi&#8221; _builder_version=&#8221;4.27.4&#8243; _module_preset=&#8221;default&#8221; custom_padding=&#8221;3px||18px|||&#8221; global_colors_info=&#8221;{}&#8221;][et_pb_row module_id=&#8221;leadership&#8221; _builder_version=&#8221;4.17.4&#8243; _module_preset=&#8221;default&#8221; global_colors_info=&#8221;{}&#8221;][et_pb_column type=&#8221;4_4&#8243; _builder_version=&#8221;4.17.4&#8243; _module_preset=&#8221;default&#8221; global_colors_info=&#8221;{}&#8221;][et_pb_text module_id=&#8221;terra&#8221; _builder_version=&#8221;4.27.4&#8243; _module_preset=&#8221;default&#8221; header_2_font_size=&#8221;32px&#8221; header_3_font_size=&#8221;32px&#8221; header_4_font_size=&#8221;22px&#8221; width=&#8221;100%&#8221; global_colors_info=&#8221;{}&#8221;]<h2>Il percorso verso la sostenibilit\u00e0 \u2013 Thomas Mur, Direttore di Fiera Bolzano, sul progetto<\/h2>[\/et_pb_text][\/et_pb_column][\/et_pb_row][et_pb_row column_structure=&#8221;3_4,1_4&#8243; _builder_version=&#8221;4.22.1&#8243; _module_preset=&#8221;default&#8221; global_colors_info=&#8221;{}&#8221;][et_pb_column type=&#8221;3_4&#8243; _builder_version=&#8221;4.22.1&#8243; _module_preset=&#8221;default&#8221; global_colors_info=&#8221;{}&#8221;][et_pb_testimonial author=&#8221;Thomas Mur&#8221; job_title=&#8221;Direttore di Fiera Bolzano&#8221; portrait_url=&#8221;https:\/\/terra-institute.eu\/it\/wp-content\/uploads\/2025\/07\/Mur-Foto-Marco-Parisi_Messe-Bozen-e1752652310188.jpg&#8221; portrait_width=&#8221;140px&#8221; portrait_height=&#8221;140px&#8221; _builder_version=&#8221;4.27.4&#8243; _module_preset=&#8221;default&#8221; border_radii_portrait=&#8221;on|140px|140px|140px|140px&#8221; global_colors_info=&#8221;{}&#8221;]<p style=\"font-weight: 400;\"><span>&#8220;Abbiamo scelto una certificazione ambiziosa che ci stimola a migliorarci ogni giorno. Per noi, la sostenibilit\u00e0 non \u00e8 solo responsabilit\u00e0 verso le future generazioni, ma anche un motore di innovazione e una leva strategica per il nostro business.&#8221;<\/span><\/p>[\/et_pb_testimonial][\/et_pb_column][et_pb_column type=&#8221;1_4&#8243; _builder_version=&#8221;4.22.1&#8243; _module_preset=&#8221;default&#8221; global_colors_info=&#8221;{}&#8221;][et_pb_image src=&#8221;https:\/\/terra-institute.eu\/it\/wp-content\/uploads\/2025\/07\/FieraMesse_BolzanoBozen_RGB_Protection_Zone-scaled.jpg&#8221; alt=&#8221;Ratschings Logo&#8221; title_text=&#8221;FieraMesse_BolzanoBozen_RGB_Protection_Zone&#8221; _builder_version=&#8221;4.27.4&#8243; _module_preset=&#8221;default&#8221; global_colors_info=&#8221;{}&#8221;][\/et_pb_image][\/et_pb_column][\/et_pb_row][\/et_pb_section][et_pb_section fb_built=&#8221;1&#8243; module_id=&#8221;projektleiter&#8221; _builder_version=&#8221;4.22.1&#8243; _module_preset=&#8221;default&#8221; background_color=&#8221;#79a9b6&#8243; custom_padding=&#8221;3px||18px|||&#8221; global_colors_info=&#8221;{}&#8221;][et_pb_row column_structure=&#8221;3_5,2_5&#8243; module_id=&#8221;leadership&#8221; _builder_version=&#8221;4.27.4&#8243; _module_preset=&#8221;default&#8221; global_colors_info=&#8221;{}&#8221;][et_pb_column type=&#8221;3_5&#8243; _builder_version=&#8221;4.17.4&#8243; _module_preset=&#8221;default&#8221; global_colors_info=&#8221;{}&#8221;][et_pb_text module_id=&#8221;terra&#8221; _builder_version=&#8221;4.27.4&#8243; _module_preset=&#8221;default&#8221; header_2_text_color=&#8221;#FFFFFF&#8221; header_2_font_size=&#8221;32px&#8221; width=&#8221;100%&#8221; global_colors_info=&#8221;{}&#8221;]<h2><span style=\"color: #ffffff;\">Consulente Terra e Project Manager: Renata Rizzo<\/span><\/h2>[\/et_pb_text][\/et_pb_column][et_pb_column type=&#8221;2_5&#8243; _builder_version=&#8221;4.17.4&#8243; _module_preset=&#8221;default&#8221; global_colors_info=&#8221;{}&#8221;][\/et_pb_column][\/et_pb_row][et_pb_row column_structure=&#8221;2_5,3_5&#8243; _builder_version=&#8221;4.17.4&#8243; _module_preset=&#8221;default&#8221; global_colors_info=&#8221;{}&#8221;][et_pb_column type=&#8221;2_5&#8243; _builder_version=&#8221;4.17.4&#8243; _module_preset=&#8221;default&#8221; global_colors_info=&#8221;{}&#8221;][et_pb_image src=&#8221;https:\/\/terra-institute.eu\/it\/wp-content\/uploads\/2023\/06\/Renata-Rizzo.jpg&#8221; alt=&#8221;Profilbild Alexander Schweitzer&#8221; title_text=&#8221;Renata Rizzo&#8221; _builder_version=&#8221;4.27.4&#8243; _module_preset=&#8221;default&#8221; global_colors_info=&#8221;{}&#8221;][\/et_pb_image][et_pb_button button_url=&#8221;#kontakt&#8221; button_text=&#8221;Contattaci ora&#8221; _builder_version=&#8221;4.27.4&#8243; _module_preset=&#8221;default&#8221; custom_button=&#8221;on&#8221; button_text_size=&#8221;16px&#8221; button_text_color=&#8221;#FFFFFF&#8221; button_bg_color=&#8221;#428ca6&#8243; background_layout=&#8221;dark&#8221; global_colors_info=&#8221;{}&#8221; button_text_color__hover_enabled=&#8221;off|desktop&#8221;][\/et_pb_button][\/et_pb_column][et_pb_column type=&#8221;3_5&#8243; _builder_version=&#8221;4.17.4&#8243; _module_preset=&#8221;default&#8221; global_colors_info=&#8221;{}&#8221;][et_pb_text _builder_version=&#8221;4.27.4&#8243; _module_preset=&#8221;default&#8221; text_text_color=&#8221;#FFFFFF&#8221; width=&#8221;85.6%&#8221; global_colors_info=&#8221;{}&#8221;]<p data-ccp-props=\"{&quot;335551550&quot;:1,&quot;335551620&quot;:1,&quot;335559683&quot;:0,&quot;335559685&quot;:0,&quot;335559731&quot;:0,&quot;335559737&quot;:0,&quot;335562764&quot;:2,&quot;335562765&quot;:1,&quot;335562766&quot;:4,&quot;335562767&quot;:0,&quot;335562768&quot;:4,&quot;335562769&quot;:0}\"><span data-usefontface=\"false\" data-contrast=\"none\">Dopo un lungo percorso in aziende multinazionali in diversi settori, dal turismo al food <\/span><span data-usefontface=\"false\" data-contrast=\"none\">&amp; beverage, nel ruolo di Senior Director Marketing e di Innovazione di prodotto, Renata <\/span><span data-usefontface=\"false\" data-contrast=\"none\">ha deciso di dedicarsi a tempo pieno a supportare aziende e comunit\u00e0 locali nella <\/span><span data-usefontface=\"false\" data-contrast=\"none\">definizione del percorso di sostenibilit\u00e0 pi\u00f9 adatto alle loro esigenze. La sua variegata <\/span><span data-usefontface=\"false\" data-contrast=\"none\">esperienza \u00e8 anche a disposizione dei territori e delle imprese dell\u2019ospitalit\u00e0 per <\/span><span data-usefontface=\"false\" data-contrast=\"none\">disegnare strategie, azioni, comunicazione e per supportare i processi di misurazione <\/span><span data-usefontface=\"false\" data-contrast=\"none\">del carbon footprint e di certificazione <\/span><span data-usefontface=\"false\" data-contrast=\"none\">Earthcheck<\/span><span data-usefontface=\"false\" data-contrast=\"none\">. Negli Stati Uniti ha ottenuto la <\/span><span data-usefontface=\"false\" data-contrast=\"none\">Certificazione di Success Coach e accompagna gruppi e executive managers nei <\/span><span data-usefontface=\"false\" data-contrast=\"none\">percorsi di consapevolezza e sviluppo. <\/span><\/p>[\/et_pb_text][\/et_pb_column][\/et_pb_row][\/et_pb_section][et_pb_section fb_built=&#8221;1&#8243; _builder_version=&#8221;4.16&#8243; _module_preset=&#8221;default&#8221; custom_padding=&#8221;20px||28px|||&#8221; locked=&#8221;off&#8221; global_colors_info=&#8221;{}&#8221;][et_pb_row _builder_version=&#8221;4.16&#8243; _module_preset=&#8221;default&#8221; global_colors_info=&#8221;{}&#8221;][et_pb_column type=&#8221;4_4&#8243; _builder_version=&#8221;4.16&#8243; _module_preset=&#8221;default&#8221; global_colors_info=&#8221;{}&#8221;][et_pb_text _builder_version=&#8221;4.27.4&#8243; _module_preset=&#8221;default&#8221; header_font_size=&#8221;42px&#8221; header_line_height=&#8221;1.1em&#8221; header_2_font_size=&#8221;42px&#8221; animation_style=&#8221;fade&#8221; global_colors_info=&#8221;{}&#8221;]<h2>Le aziende<br \/><span style=\"color: #79a9b6;\">che ci hanno scelto<\/span><\/h2>[\/et_pb_text][\/et_pb_column][\/et_pb_row][et_pb_row use_custom_gutter=&#8221;on&#8221; gutter_width=&#8221;1&#8243; make_equal=&#8221;on&#8221; _builder_version=&#8221;4.16&#8243; _module_preset=&#8221;default&#8221; custom_margin=&#8221;|auto|30px|auto||&#8221; custom_padding=&#8221;0px||0px|||&#8221; border_color_all=&#8221;rgba(125,113,104,0.25)&#8221; border_width_top=&#8221;1px&#8221; border_color_top=&#8221;#e2e2e2&#8243; border_width_bottom=&#8221;1px&#8221; border_color_bottom=&#8221;#e2e2e2&#8243; global_colors_info=&#8221;{}&#8221;][et_pb_column type=&#8221;4_4&#8243; _builder_version=&#8221;4.16&#8243; _module_preset=&#8221;default&#8221; global_colors_info=&#8221;{}&#8221;][wdcl_logo_carousel autoplay_speed=&#8221;1100ms&#8221; slide_count=&#8221;4&#8243; logo_height=&#8221;109px&#8221; logo_width=&#8221;112px&#8221; _builder_version=&#8221;4.22.1&#8243; _module_preset=&#8221;default&#8221; global_colors_info=&#8221;{}&#8221;][wdcl_logo_carousel_child logo=&#8221;https:\/\/terra-institute.eu\/wp-content\/uploads\/2021\/05\/a.loacker-web-768&#215;302-1.jpg&#8221; _builder_version=&#8221;4.22.1&#8243; _module_preset=&#8221;default&#8221; global_colors_info=&#8221;{}&#8221;][\/wdcl_logo_carousel_child][wdcl_logo_carousel_child logo=&#8221;https:\/\/terra-institute.eu\/wp-content\/uploads\/2021\/05\/apparatebau.png&#8221; _builder_version=&#8221;4.22.1&#8243; _module_preset=&#8221;default&#8221; global_colors_info=&#8221;{}&#8221;][\/wdcl_logo_carousel_child][wdcl_logo_carousel_child logo=&#8221;https:\/\/terra-institute.eu\/wp-content\/uploads\/2021\/05\/apus.png&#8221; _builder_version=&#8221;4.22.1&#8243; _module_preset=&#8221;default&#8221; global_colors_info=&#8221;{}&#8221;][\/wdcl_logo_carousel_child][wdcl_logo_carousel_child logo=&#8221;https:\/\/terra-institute.eu\/wp-content\/uploads\/2021\/05\/bautechnik-1.png&#8221; _builder_version=&#8221;4.22.1&#8243; _module_preset=&#8221;default&#8221; global_colors_info=&#8221;{}&#8221;][\/wdcl_logo_carousel_child][wdcl_logo_carousel_child logo=&#8221;https:\/\/terra-institute.eu\/wp-content\/uploads\/2021\/05\/biosuedtirol.jpg&#8221; _builder_version=&#8221;4.22.1&#8243; _module_preset=&#8221;default&#8221; global_colors_info=&#8221;{}&#8221;][\/wdcl_logo_carousel_child][wdcl_logo_carousel_child logo=&#8221;https:\/\/terra-institute.eu\/wp-content\/uploads\/2021\/05\/ecor-300&#215;141-1.jpg&#8221; _builder_version=&#8221;4.22.1&#8243; _module_preset=&#8221;default&#8221; global_colors_info=&#8221;{}&#8221;][\/wdcl_logo_carousel_child][wdcl_logo_carousel_child logo=&#8221;https:\/\/terra-institute.eu\/wp-content\/uploads\/2021\/05\/ehrmann.png&#8221; _builder_version=&#8221;4.22.1&#8243; _module_preset=&#8221;default&#8221; global_colors_info=&#8221;{}&#8221;][\/wdcl_logo_carousel_child][wdcl_logo_carousel_child logo=&#8221;https:\/\/terra-institute.eu\/wp-content\/uploads\/2021\/05\/fondital-768&#215;269-1.jpg&#8221; _builder_version=&#8221;4.22.1&#8243; _module_preset=&#8221;default&#8221; global_colors_info=&#8221;{}&#8221;][\/wdcl_logo_carousel_child][wdcl_logo_carousel_child logo=&#8221;https:\/\/terra-institute.eu\/wp-content\/uploads\/2021\/05\/hochland.jpg&#8221; _builder_version=&#8221;4.22.1&#8243; _module_preset=&#8221;default&#8221; global_colors_info=&#8221;{}&#8221;][\/wdcl_logo_carousel_child][wdcl_logo_carousel_child logo=&#8221;https:\/\/terra-institute.eu\/wp-content\/uploads\/2021\/05\/holziusITA.png&#8221; _builder_version=&#8221;4.22.1&#8243; _module_preset=&#8221;default&#8221; global_colors_info=&#8221;{}&#8221;][\/wdcl_logo_carousel_child][wdcl_logo_carousel_child logo=&#8221;https:\/\/terra-institute.eu\/wp-content\/uploads\/2023\/04\/improove.jpg&#8221; _builder_version=&#8221;4.22.1&#8243; _module_preset=&#8221;default&#8221; global_colors_info=&#8221;{}&#8221;][\/wdcl_logo_carousel_child][wdcl_logo_carousel_child logo=&#8221;https:\/\/terra-institute.eu\/wp-content\/uploads\/2021\/05\/blum.png&#8221; _builder_version=&#8221;4.22.1&#8243; _module_preset=&#8221;default&#8221; global_colors_info=&#8221;{}&#8221;][\/wdcl_logo_carousel_child][wdcl_logo_carousel_child logo=&#8221;https:\/\/terra-institute.eu\/wp-content\/uploads\/2021\/05\/Lilly-Logo.svg_-768&#215;428-1.png&#8221; _builder_version=&#8221;4.22.1&#8243; _module_preset=&#8221;default&#8221; global_colors_info=&#8221;{}&#8221;][\/wdcl_logo_carousel_child][wdcl_logo_carousel_child logo=&#8221;https:\/\/terra-institute.eu\/wp-content\/uploads\/2021\/05\/OLI-1.png&#8221; _builder_version=&#8221;4.22.1&#8243; _module_preset=&#8221;default&#8221; global_colors_info=&#8221;{}&#8221;][\/wdcl_logo_carousel_child][wdcl_logo_carousel_child logo=&#8221;https:\/\/terra-institute.eu\/wp-content\/uploads\/2021\/05\/RAFFMETAL.jpg&#8221; _builder_version=&#8221;4.22.1&#8243; _module_preset=&#8221;default&#8221; global_colors_info=&#8221;{}&#8221;][\/wdcl_logo_carousel_child][wdcl_logo_carousel_child logo=&#8221;https:\/\/terra-institute.eu\/wp-content\/uploads\/2021\/05\/rubner-haus.jpg&#8221; _builder_version=&#8221;4.22.1&#8243; _module_preset=&#8221;default&#8221; global_colors_info=&#8221;{}&#8221;][\/wdcl_logo_carousel_child][wdcl_logo_carousel_child logo=&#8221;https:\/\/terra-institute.eu\/wp-content\/uploads\/2021\/05\/TEAM7.jpg&#8221; _builder_version=&#8221;4.22.1&#8243; _module_preset=&#8221;default&#8221; global_colors_info=&#8221;{}&#8221;][\/wdcl_logo_carousel_child][wdcl_logo_carousel_child logo=&#8221;https:\/\/terra-institute.eu\/wp-content\/uploads\/2021\/05\/techno-alpin.png&#8221; _builder_version=&#8221;4.22.1&#8243; _module_preset=&#8221;default&#8221; global_colors_info=&#8221;{}&#8221;][\/wdcl_logo_carousel_child][wdcl_logo_carousel_child logo=&#8221;https:\/\/terra-institute.eu\/wp-content\/uploads\/2021\/05\/therme-meran.png&#8221; _builder_version=&#8221;4.22.1&#8243; _module_preset=&#8221;default&#8221; global_colors_info=&#8221;{}&#8221;][\/wdcl_logo_carousel_child][wdcl_logo_carousel_child logo=&#8221;https:\/\/terra-institute.eu\/wp-content\/uploads\/2021\/05\/transgourmet.jpg&#8221; _builder_version=&#8221;4.22.1&#8243; _module_preset=&#8221;default&#8221; global_colors_info=&#8221;{}&#8221;][\/wdcl_logo_carousel_child][wdcl_logo_carousel_child logo=&#8221;https:\/\/terra-institute.eu\/wp-content\/uploads\/2023\/10\/beurer.png&#8221; logo_alt=&#8221;Beurer Logo&#8221; _builder_version=&#8221;4.22.1&#8243; _module_preset=&#8221;default&#8221; global_colors_info=&#8221;{}&#8221;][\/wdcl_logo_carousel_child][wdcl_logo_carousel_child logo=&#8221;https:\/\/terra-institute.eu\/wp-content\/uploads\/2023\/10\/dr.-schaer.png&#8221; logo_alt=&#8221;Dr. Sch\u00e4r Logo&#8221; _builder_version=&#8221;4.22.1&#8243; _module_preset=&#8221;default&#8221; global_colors_info=&#8221;{}&#8221;][\/wdcl_logo_carousel_child][wdcl_logo_carousel_child logo=&#8221;https:\/\/terra-institute.eu\/wp-content\/uploads\/2023\/10\/dolomiti-superski.jpg&#8221; logo_alt=&#8221;Dolomiti Superski Logo&#8221; _builder_version=&#8221;4.22.1&#8243; _module_preset=&#8221;default&#8221; global_colors_info=&#8221;{}&#8221;][\/wdcl_logo_carousel_child][wdcl_logo_carousel_child logo=&#8221;https:\/\/terra-institute.eu\/wp-content\/uploads\/2023\/10\/severin.jpg&#8221; logo_alt=&#8221;Severin Logo&#8221; _builder_version=&#8221;4.22.1&#8243; _module_preset=&#8221;default&#8221; global_colors_info=&#8221;{}&#8221;][\/wdcl_logo_carousel_child][wdcl_logo_carousel_child logo=&#8221;https:\/\/terra-institute.eu\/wp-content\/uploads\/2023\/10\/swiss-post.jpg&#8221; logo_alt=&#8221;Swiss Post Logo&#8221; _builder_version=&#8221;4.22.1&#8243; _module_preset=&#8221;default&#8221; global_colors_info=&#8221;{}&#8221;][\/wdcl_logo_carousel_child][wdcl_logo_carousel_child logo=&#8221;https:\/\/terra-institute.eu\/wp-content\/uploads\/2023\/10\/stiegl.jpg&#8221; logo_alt=&#8221;Stiegl Logo&#8221; _builder_version=&#8221;4.22.1&#8243; _module_preset=&#8221;default&#8221; global_colors_info=&#8221;{}&#8221;][\/wdcl_logo_carousel_child][wdcl_logo_carousel_child logo=&#8221;https:\/\/terra-institute.eu\/wp-content\/uploads\/2023\/10\/felbermayr.png&#8221; logo_alt=&#8221;Felbermayr Logo&#8221; _builder_version=&#8221;4.22.1&#8243; _module_preset=&#8221;default&#8221; global_colors_info=&#8221;{}&#8221;][\/wdcl_logo_carousel_child][wdcl_logo_carousel_child logo=&#8221;https:\/\/terra-institute.eu\/wp-content\/uploads\/2023\/10\/zato.jpg&#8221; logo_alt=&#8221;Zato Logo&#8221; _builder_version=&#8221;4.22.1&#8243; _module_preset=&#8221;default&#8221; global_colors_info=&#8221;{}&#8221;][\/wdcl_logo_carousel_child][wdcl_logo_carousel_child logo=&#8221;https:\/\/terra-institute.eu\/wp-content\/uploads\/2023\/10\/mepol-logo.png&#8221; logo_alt=&#8221;Mepol Logo&#8221; _builder_version=&#8221;4.22.1&#8243; _module_preset=&#8221;default&#8221; global_colors_info=&#8221;{}&#8221;][\/wdcl_logo_carousel_child][wdcl_logo_carousel_child logo=&#8221;https:\/\/terra-institute.eu\/wp-content\/uploads\/2023\/10\/Obi.png&#8221; logo_alt=&#8221;Obi Logo&#8221; _builder_version=&#8221;4.22.1&#8243; _module_preset=&#8221;default&#8221; global_colors_info=&#8221;{}&#8221;][\/wdcl_logo_carousel_child][wdcl_logo_carousel_child logo=&#8221;https:\/\/terra-institute.eu\/wp-content\/uploads\/2023\/10\/Patagonia.png&#8221; logo_alt=&#8221;Patagonia Logo&#8221; _builder_version=&#8221;4.22.1&#8243; _module_preset=&#8221;default&#8221; global_colors_info=&#8221;{}&#8221;][\/wdcl_logo_carousel_child][wdcl_logo_carousel_child logo=&#8221;https:\/\/terra-institute.eu\/wp-content\/uploads\/2023\/10\/mazars.png&#8221; logo_alt=&#8221;Mazars Logo&#8221; _builder_version=&#8221;4.22.1&#8243; _module_preset=&#8221;default&#8221; global_colors_info=&#8221;{}&#8221;][\/wdcl_logo_carousel_child][wdcl_logo_carousel_child logo=&#8221;https:\/\/terra-institute.eu\/wp-content\/uploads\/2023\/10\/Hamburger-Sparkasse-haspa.png&#8221; logo_alt=&#8221;Haspa Logo&#8221; _builder_version=&#8221;4.22.1&#8243; _module_preset=&#8221;default&#8221; global_colors_info=&#8221;{}&#8221;][\/wdcl_logo_carousel_child][wdcl_logo_carousel_child logo=&#8221;https:\/\/terra-institute.eu\/wp-content\/uploads\/2023\/10\/oberbank.png&#8221; logo_alt=&#8221;Oberbank Logo&#8221; _builder_version=&#8221;4.22.1&#8243; _module_preset=&#8221;default&#8221; global_colors_info=&#8221;{}&#8221;][\/wdcl_logo_carousel_child][\/wdcl_logo_carousel][\/et_pb_column][\/et_pb_row][\/et_pb_section][et_pb_section fb_built=&#8221;1&#8243; module_id=&#8221;kontakt&#8221; _builder_version=&#8221;4.22.1&#8243; _module_preset=&#8221;default&#8221; global_colors_info=&#8221;{}&#8221;][et_pb_row _builder_version=&#8221;4.17.4&#8243; _module_preset=&#8221;default&#8221; global_colors_info=&#8221;{}&#8221;][et_pb_column type=&#8221;4_4&#8243; _builder_version=&#8221;4.17.4&#8243; _module_preset=&#8221;default&#8221; global_colors_info=&#8221;{}&#8221;][et_pb_text module_id=&#8221;kontakt&#8221; _builder_version=&#8221;4.27.4&#8243; _module_preset=&#8221;default&#8221; header_2_font_size=&#8221;32px&#8221; global_colors_info=&#8221;{}&#8221;]<h2>Contatti<\/h2>\n<p data-start=\"7152\" data-end=\"7267\">Hai domande o desideri il nostro supporto per sviluppare una strategia<a href=\"https:\/\/terra-institute.eu\/it\/earthcheck\/\" target=\"_blank\" rel=\"noopener\"> EarthCheck <\/a>nella tua organizzazione?<\/p>\n<p data-start=\"7269\" data-end=\"7343\"><span class=\"_fadeIn_m1hgl_8\">Prenota <\/span><span class=\"_fadeIn_m1hgl_8\">ora <\/span><span class=\"_fadeIn_m1hgl_8\">un <\/span><strong data-start=\"7284\" data-end=\"7315\"><span class=\"_fadeIn_m1hgl_8\">colloquio <\/span><span class=\"_fadeIn_m1hgl_8\">iniziale <\/span><span class=\"_fadeIn_m1hgl_8\">gratuito<\/span><\/strong><span class=\"_fadeIn_m1hgl_8\"> <\/span><span class=\"_fadeIn_m1hgl_8\">con <\/span><span class=\"_fadeIn_m1hgl_8\">uno <\/span><span class=\"_fadeIn_m1hgl_8\">dei <\/span><span class=\"_fadeIn_m1hgl_8\">nostri <\/span><span class=\"_fadeIn_m1hgl_8\">esperti.<\/span><\/p>\n<p style=\"font-weight: 400;\"><em><span><span class=\"_fadeIn_m1hgl_8\">Ti <\/span><span class=\"_fadeIn_m1hgl_8\">invitiamo <\/span><span class=\"_fadeIn_m1hgl_8\">a <\/span><span class=\"_fadeIn_m1hgl_8\">consultare <\/span><span class=\"_fadeIn_m1hgl_8\">la <\/span><span class=\"_fadeIn_m1hgl_8\">nostra<\/span> <a href=\"https:\/\/terra-institute.eu\/it\/informativa-sulla-privacy\/\" target=\"_blank\" rel=\"noopener\">informativa sulla privacy <\/a>e i <\/span><a href=\"https:\/\/terra-institute.eu\/it\/condizioni-generali-di-contratto-terra-institute-srl\/\" target=\"_blank\" rel=\"noopener\"><u>termini e condizioni<\/u><\/a>.<\/em><em>\u00a0<\/em><\/p>\n<p style=\"font-weight: 400;\"><strong data-start=\"7437\" data-end=\"7448\"><span class=\"_fadeIn_m1hgl_8\">Grazie!<\/span><\/strong><span class=\"_fadeIn_m1hgl_8\"> <\/span><span class=\"_fadeIn_m1hgl_8\">Non <\/span><span class=\"_fadeIn_m1hgl_8\">vediamo <\/span><span class=\"_fadeIn_m1hgl_8\">l\u2019ora <\/span><span class=\"_fadeIn_m1hgl_8\">di <\/span><span class=\"_fadeIn_m1hgl_8\">ricevere <\/span><span class=\"_fadeIn_m1hgl_8\">il <\/span><span class=\"_fadeIn_m1hgl_8\">tuo <\/span><span class=\"_fadeIn_m1hgl_8\">messaggio!<\/span><\/p>\n<p style=\"font-weight: 400;\"><em><\/em><\/p>\n<p><a href=\"mailto:office@terra-institute.eu\">office@terra-institute.eu<\/a><br \/><span>Tel. +39 0472 970 484<\/span><\/p>\n<p><span><\/span><\/p>[\/et_pb_text][et_pb_text _builder_version=&#8221;4.27.4&#8243; _module_preset=&#8221;default&#8221; header_2_font_size=&#8221;32px&#8221; header_3_font_size=&#8221;32px&#8221; global_colors_info=&#8221;{}&#8221;]<h3>Modulo di contatto<\/h3>[\/et_pb_text][et_pb_contact_form email=&#8221;office@terra-institute.eu&#8221; _builder_version=&#8221;4.27.4&#8243; _module_preset=&#8221;default&#8221; _unique_id=&#8221;fe533e85-8f9f-480c-abbe-bd2750da1a82&#8243; global_colors_info=&#8221;{}&#8221;][et_pb_contact_field field_id=&#8221;Name&#8221; field_title=&#8221;Nome&#8221; _builder_version=&#8221;4.27.4&#8243; global_colors_info=&#8221;{}&#8221; button_text_size__hover_enabled=&#8221;off&#8221; button_one_text_size__hover_enabled=&#8221;off&#8221; button_two_text_size__hover_enabled=&#8221;off&#8221; button_text_color__hover_enabled=&#8221;off&#8221; button_one_text_color__hover_enabled=&#8221;off&#8221; button_two_text_color__hover_enabled=&#8221;off&#8221; button_border_width__hover_enabled=&#8221;off&#8221; button_one_border_width__hover_enabled=&#8221;off&#8221; button_two_border_width__hover_enabled=&#8221;off&#8221; button_border_color__hover_enabled=&#8221;off&#8221; button_one_border_color__hover_enabled=&#8221;off&#8221; button_two_border_color__hover_enabled=&#8221;off&#8221; button_border_radius__hover_enabled=&#8221;off&#8221; button_one_border_radius__hover_enabled=&#8221;off&#8221; button_two_border_radius__hover_enabled=&#8221;off&#8221; button_letter_spacing__hover_enabled=&#8221;off&#8221; button_one_letter_spacing__hover_enabled=&#8221;off&#8221; button_two_letter_spacing__hover_enabled=&#8221;off&#8221; button_bg_color__hover_enabled=&#8221;off&#8221; button_one_bg_color__hover_enabled=&#8221;off&#8221; button_two_bg_color__hover_enabled=&#8221;off&#8221;][\/et_pb_contact_field][et_pb_contact_field field_id=&#8221;Email&#8221; field_title=&#8221;Indirizzo e-mail&#8221; field_type=&#8221;email&#8221; _builder_version=&#8221;4.27.4&#8243; global_colors_info=&#8221;{}&#8221; button_text_size__hover_enabled=&#8221;off&#8221; button_one_text_size__hover_enabled=&#8221;off&#8221; button_two_text_size__hover_enabled=&#8221;off&#8221; button_text_color__hover_enabled=&#8221;off&#8221; button_one_text_color__hover_enabled=&#8221;off&#8221; button_two_text_color__hover_enabled=&#8221;off&#8221; button_border_width__hover_enabled=&#8221;off&#8221; button_one_border_width__hover_enabled=&#8221;off&#8221; button_two_border_width__hover_enabled=&#8221;off&#8221; button_border_color__hover_enabled=&#8221;off&#8221; button_one_border_color__hover_enabled=&#8221;off&#8221; button_two_border_color__hover_enabled=&#8221;off&#8221; button_border_radius__hover_enabled=&#8221;off&#8221; button_one_border_radius__hover_enabled=&#8221;off&#8221; button_two_border_radius__hover_enabled=&#8221;off&#8221; button_letter_spacing__hover_enabled=&#8221;off&#8221; button_one_letter_spacing__hover_enabled=&#8221;off&#8221; button_two_letter_spacing__hover_enabled=&#8221;off&#8221; button_bg_color__hover_enabled=&#8221;off&#8221; button_one_bg_color__hover_enabled=&#8221;off&#8221; button_two_bg_color__hover_enabled=&#8221;off&#8221;][\/et_pb_contact_field][et_pb_contact_field field_id=&#8221;Message&#8221; field_title=&#8221;Messaggio&#8221; field_type=&#8221;text&#8221; fullwidth_field=&#8221;on&#8221; _builder_version=&#8221;4.27.4&#8243; global_colors_info=&#8221;{}&#8221; button_text_size__hover_enabled=&#8221;off&#8221; button_one_text_size__hover_enabled=&#8221;off&#8221; button_two_text_size__hover_enabled=&#8221;off&#8221; button_text_color__hover_enabled=&#8221;off&#8221; button_one_text_color__hover_enabled=&#8221;off&#8221; button_two_text_color__hover_enabled=&#8221;off&#8221; button_border_width__hover_enabled=&#8221;off&#8221; button_one_border_width__hover_enabled=&#8221;off&#8221; button_two_border_width__hover_enabled=&#8221;off&#8221; button_border_color__hover_enabled=&#8221;off&#8221; button_one_border_color__hover_enabled=&#8221;off&#8221; button_two_border_color__hover_enabled=&#8221;off&#8221; button_border_radius__hover_enabled=&#8221;off&#8221; button_one_border_radius__hover_enabled=&#8221;off&#8221; button_two_border_radius__hover_enabled=&#8221;off&#8221; button_letter_spacing__hover_enabled=&#8221;off&#8221; button_one_letter_spacing__hover_enabled=&#8221;off&#8221; button_two_letter_spacing__hover_enabled=&#8221;off&#8221; button_bg_color__hover_enabled=&#8221;off&#8221; button_one_bg_color__hover_enabled=&#8221;off&#8221; button_two_bg_color__hover_enabled=&#8221;off&#8221;][\/et_pb_contact_field][\/et_pb_contact_form][\/et_pb_column][\/et_pb_row][\/et_pb_section]\n","protected":false},"excerpt":{"rendered":"<p>Strategie innovative e impegno concreto per la sostenibilit\u00e0 nel settore fieristicoContenuti Key Facts \u2013 Fiera Bolzano Sfide Processo di trasformazione La Coordinatrice della sostenibilit\u00e0 della destinazione parla del progetto Il Project Manager Renata Rizzo Contatti Fiera Bolzano ha avviato nel 2024 una collaborazione con Terra Institute per intraprendere un percorso di sostenibilit\u00e0 che ha portato [&hellip;]<\/p>\n","protected":false},"author":1,"featured_media":254302,"comment_status":"open","ping_status":"open","sticky":false,"template":"","format":"standard","meta":{"_et_pb_use_builder":"on","_et_pb_old_content":"","_et_gb_content_width":"","footnotes":""},"categories":[34,42],"tags":[49,52],"class_list":["post-254144","post","type-post","status-publish","format-standard","has-post-thumbnail","hentry","category-blog","category-good-cases","tag-reportistica-di-sostenibilita","tag-turismo"],"yoast_head":"<!-- This site is optimized with the Yoast SEO plugin v26.9 - https:\/\/yoast.com\/product\/yoast-seo-wordpress\/ -->\n<title>Fiera Bolzano\u00a0 - Terra Institute<\/title>\n<meta name=\"description\" content=\"Fiera Bolzano ottiene EarthCheck con Terra Institute: strategie concrete, energia verde, coinvolgimento e innovazione per la sostenibilit\u00e0.\" \/>\n<meta name=\"robots\" content=\"index, follow, max-snippet:-1, max-image-preview:large, max-video-preview:-1\" \/>\n<link rel=\"canonical\" href=\"https:\/\/terra-institute.eu\/it\/fiera-bolzano\/\" \/>\n<meta property=\"og:locale\" content=\"it_IT\" \/>\n<meta property=\"og:type\" content=\"article\" \/>\n<meta property=\"og:title\" content=\"Fiera Bolzano\u00a0 - Terra Institute\" \/>\n<meta property=\"og:description\" content=\"Fiera Bolzano ottiene EarthCheck con Terra Institute: strategie concrete, energia verde, coinvolgimento e innovazione per la sostenibilit\u00e0.\" \/>\n<meta property=\"og:url\" content=\"https:\/\/terra-institute.eu\/it\/fiera-bolzano\/\" \/>\n<meta property=\"og:site_name\" content=\"Terra Institute\" \/>\n<meta property=\"article:publisher\" content=\"https:\/\/www.facebook.com\/TerraInstitute\" \/>\n<meta property=\"article:published_time\" content=\"2025-07-16T08:55:53+00:00\" \/>\n<meta property=\"article:modified_time\" content=\"2025-07-30T07:43:09+00:00\" \/>\n<meta property=\"og:image\" content=\"https:\/\/terra-institute.eu\/it\/wp-content\/uploads\/2025\/07\/Fiera-Bolzano-Messe-Bozen-scaled.jpg\" \/>\n\t<meta property=\"og:image:width\" content=\"2560\" \/>\n\t<meta property=\"og:image:height\" content=\"1707\" \/>\n\t<meta property=\"og:image:type\" content=\"image\/jpeg\" \/>\n<meta name=\"author\" content=\"francescoromito\" \/>\n<meta name=\"twitter:card\" content=\"summary_large_image\" \/>\n<meta name=\"twitter:creator\" content=\"@terra_institute\" \/>\n<meta name=\"twitter:site\" content=\"@terra_institute\" \/>\n<meta name=\"twitter:label1\" content=\"Scritto da\" \/>\n\t<meta name=\"twitter:data1\" content=\"francescoromito\" \/>\n\t<meta name=\"twitter:label2\" content=\"Tempo di lettura stimato\" \/>\n\t<meta name=\"twitter:data2\" content=\"13 minuti\" \/>\n<script type=\"application\/ld+json\" class=\"yoast-schema-graph\">{\"@context\":\"https:\/\/schema.org\",\"@graph\":[{\"@type\":\"Article\",\"@id\":\"https:\/\/terra-institute.eu\/it\/fiera-bolzano\/#article\",\"isPartOf\":{\"@id\":\"https:\/\/terra-institute.eu\/it\/fiera-bolzano\/\"},\"author\":{\"name\":\"francescoromito\",\"@id\":\"https:\/\/terra-institute.eu\/it\/#\/schema\/person\/0825c78d1038a1533e63d1a36ec49278\"},\"headline\":\"Fiera Bolzano\u00a0\",\"datePublished\":\"2025-07-16T08:55:53+00:00\",\"dateModified\":\"2025-07-30T07:43:09+00:00\",\"mainEntityOfPage\":{\"@id\":\"https:\/\/terra-institute.eu\/it\/fiera-bolzano\/\"},\"wordCount\":3771,\"commentCount\":0,\"image\":{\"@id\":\"https:\/\/terra-institute.eu\/it\/fiera-bolzano\/#primaryimage\"},\"thumbnailUrl\":\"https:\/\/terra-institute.eu\/it\/wp-content\/uploads\/2025\/07\/Fiera-Bolzano-Messe-Bozen-scaled.jpg\",\"keywords\":[\"REPORTISTICA DI SOSTENIBILIT\u00e0\",\"TURISMO\"],\"articleSection\":[\"blog\",\"good cases\"],\"inLanguage\":\"it-IT\",\"potentialAction\":[{\"@type\":\"CommentAction\",\"name\":\"Comment\",\"target\":[\"https:\/\/terra-institute.eu\/it\/fiera-bolzano\/#respond\"]}]},{\"@type\":\"WebPage\",\"@id\":\"https:\/\/terra-institute.eu\/it\/fiera-bolzano\/\",\"url\":\"https:\/\/terra-institute.eu\/it\/fiera-bolzano\/\",\"name\":\"Fiera Bolzano\u00a0 - Terra Institute\",\"isPartOf\":{\"@id\":\"https:\/\/terra-institute.eu\/it\/#website\"},\"primaryImageOfPage\":{\"@id\":\"https:\/\/terra-institute.eu\/it\/fiera-bolzano\/#primaryimage\"},\"image\":{\"@id\":\"https:\/\/terra-institute.eu\/it\/fiera-bolzano\/#primaryimage\"},\"thumbnailUrl\":\"https:\/\/terra-institute.eu\/it\/wp-content\/uploads\/2025\/07\/Fiera-Bolzano-Messe-Bozen-scaled.jpg\",\"datePublished\":\"2025-07-16T08:55:53+00:00\",\"dateModified\":\"2025-07-30T07:43:09+00:00\",\"author\":{\"@id\":\"https:\/\/terra-institute.eu\/it\/#\/schema\/person\/0825c78d1038a1533e63d1a36ec49278\"},\"description\":\"Fiera Bolzano ottiene EarthCheck con Terra Institute: strategie concrete, energia verde, coinvolgimento e innovazione per la sostenibilit\u00e0.\",\"breadcrumb\":{\"@id\":\"https:\/\/terra-institute.eu\/it\/fiera-bolzano\/#breadcrumb\"},\"inLanguage\":\"it-IT\",\"potentialAction\":[{\"@type\":\"ReadAction\",\"target\":[\"https:\/\/terra-institute.eu\/it\/fiera-bolzano\/\"]}]},{\"@type\":\"ImageObject\",\"inLanguage\":\"it-IT\",\"@id\":\"https:\/\/terra-institute.eu\/it\/fiera-bolzano\/#primaryimage\",\"url\":\"https:\/\/terra-institute.eu\/it\/wp-content\/uploads\/2025\/07\/Fiera-Bolzano-Messe-Bozen-scaled.jpg\",\"contentUrl\":\"https:\/\/terra-institute.eu\/it\/wp-content\/uploads\/2025\/07\/Fiera-Bolzano-Messe-Bozen-scaled.jpg\",\"width\":2560,\"height\":1707,\"caption\":\"Fiera Bolzano\"},{\"@type\":\"BreadcrumbList\",\"@id\":\"https:\/\/terra-institute.eu\/it\/fiera-bolzano\/#breadcrumb\",\"itemListElement\":[{\"@type\":\"ListItem\",\"position\":1,\"name\":\"Home\",\"item\":\"https:\/\/terra-institute.eu\/it\/\"},{\"@type\":\"ListItem\",\"position\":2,\"name\":\"Fiera Bolzano\u00a0\"}]},{\"@type\":\"WebSite\",\"@id\":\"https:\/\/terra-institute.eu\/it\/#website\",\"url\":\"https:\/\/terra-institute.eu\/it\/\",\"name\":\"Terra Institute\",\"description\":\"Empowering Responsible Growth\",\"potentialAction\":[{\"@type\":\"SearchAction\",\"target\":{\"@type\":\"EntryPoint\",\"urlTemplate\":\"https:\/\/terra-institute.eu\/it\/?s={search_term_string}\"},\"query-input\":{\"@type\":\"PropertyValueSpecification\",\"valueRequired\":true,\"valueName\":\"search_term_string\"}}],\"inLanguage\":\"it-IT\"},{\"@type\":\"Person\",\"@id\":\"https:\/\/terra-institute.eu\/it\/#\/schema\/person\/0825c78d1038a1533e63d1a36ec49278\",\"name\":\"francescoromito\",\"image\":{\"@type\":\"ImageObject\",\"inLanguage\":\"it-IT\",\"@id\":\"https:\/\/terra-institute.eu\/it\/#\/schema\/person\/image\/\",\"url\":\"https:\/\/secure.gravatar.com\/avatar\/af139ce2e39890ae48f5692c8a08dde6e376be32739bb05ea5a3ce601c598fa9?s=96&d=mm&r=g\",\"contentUrl\":\"https:\/\/secure.gravatar.com\/avatar\/af139ce2e39890ae48f5692c8a08dde6e376be32739bb05ea5a3ce601c598fa9?s=96&d=mm&r=g\",\"caption\":\"francescoromito\"},\"sameAs\":[\"https:\/\/terra-institute.eu\/it\"],\"url\":\"https:\/\/terra-institute.eu\/it\/author\/francescoromito\/\"}]}<\/script>\n<!-- \/ Yoast SEO plugin. -->","yoast_head_json":{"title":"Fiera Bolzano\u00a0 - Terra Institute","description":"Fiera Bolzano ottiene EarthCheck con Terra Institute: strategie concrete, energia verde, coinvolgimento e innovazione per la sostenibilit\u00e0.","robots":{"index":"index","follow":"follow","max-snippet":"max-snippet:-1","max-image-preview":"max-image-preview:large","max-video-preview":"max-video-preview:-1"},"canonical":"https:\/\/terra-institute.eu\/it\/fiera-bolzano\/","og_locale":"it_IT","og_type":"article","og_title":"Fiera Bolzano\u00a0 - Terra Institute","og_description":"Fiera Bolzano ottiene EarthCheck con Terra Institute: strategie concrete, energia verde, coinvolgimento e innovazione per la sostenibilit\u00e0.","og_url":"https:\/\/terra-institute.eu\/it\/fiera-bolzano\/","og_site_name":"Terra Institute","article_publisher":"https:\/\/www.facebook.com\/TerraInstitute","article_published_time":"2025-07-16T08:55:53+00:00","article_modified_time":"2025-07-30T07:43:09+00:00","og_image":[{"width":2560,"height":1707,"url":"https:\/\/terra-institute.eu\/it\/wp-content\/uploads\/2025\/07\/Fiera-Bolzano-Messe-Bozen-scaled.jpg","type":"image\/jpeg"}],"author":"francescoromito","twitter_card":"summary_large_image","twitter_creator":"@terra_institute","twitter_site":"@terra_institute","twitter_misc":{"Scritto da":"francescoromito","Tempo di lettura stimato":"13 minuti"},"schema":{"@context":"https:\/\/schema.org","@graph":[{"@type":"Article","@id":"https:\/\/terra-institute.eu\/it\/fiera-bolzano\/#article","isPartOf":{"@id":"https:\/\/terra-institute.eu\/it\/fiera-bolzano\/"},"author":{"name":"francescoromito","@id":"https:\/\/terra-institute.eu\/it\/#\/schema\/person\/0825c78d1038a1533e63d1a36ec49278"},"headline":"Fiera Bolzano\u00a0","datePublished":"2025-07-16T08:55:53+00:00","dateModified":"2025-07-30T07:43:09+00:00","mainEntityOfPage":{"@id":"https:\/\/terra-institute.eu\/it\/fiera-bolzano\/"},"wordCount":3771,"commentCount":0,"image":{"@id":"https:\/\/terra-institute.eu\/it\/fiera-bolzano\/#primaryimage"},"thumbnailUrl":"https:\/\/terra-institute.eu\/it\/wp-content\/uploads\/2025\/07\/Fiera-Bolzano-Messe-Bozen-scaled.jpg","keywords":["REPORTISTICA DI SOSTENIBILIT\u00e0","TURISMO"],"articleSection":["blog","good cases"],"inLanguage":"it-IT","potentialAction":[{"@type":"CommentAction","name":"Comment","target":["https:\/\/terra-institute.eu\/it\/fiera-bolzano\/#respond"]}]},{"@type":"WebPage","@id":"https:\/\/terra-institute.eu\/it\/fiera-bolzano\/","url":"https:\/\/terra-institute.eu\/it\/fiera-bolzano\/","name":"Fiera Bolzano\u00a0 - Terra Institute","isPartOf":{"@id":"https:\/\/terra-institute.eu\/it\/#website"},"primaryImageOfPage":{"@id":"https:\/\/terra-institute.eu\/it\/fiera-bolzano\/#primaryimage"},"image":{"@id":"https:\/\/terra-institute.eu\/it\/fiera-bolzano\/#primaryimage"},"thumbnailUrl":"https:\/\/terra-institute.eu\/it\/wp-content\/uploads\/2025\/07\/Fiera-Bolzano-Messe-Bozen-scaled.jpg","datePublished":"2025-07-16T08:55:53+00:00","dateModified":"2025-07-30T07:43:09+00:00","author":{"@id":"https:\/\/terra-institute.eu\/it\/#\/schema\/person\/0825c78d1038a1533e63d1a36ec49278"},"description":"Fiera Bolzano ottiene EarthCheck con Terra Institute: strategie concrete, energia verde, coinvolgimento e innovazione per la sostenibilit\u00e0.","breadcrumb":{"@id":"https:\/\/terra-institute.eu\/it\/fiera-bolzano\/#breadcrumb"},"inLanguage":"it-IT","potentialAction":[{"@type":"ReadAction","target":["https:\/\/terra-institute.eu\/it\/fiera-bolzano\/"]}]},{"@type":"ImageObject","inLanguage":"it-IT","@id":"https:\/\/terra-institute.eu\/it\/fiera-bolzano\/#primaryimage","url":"https:\/\/terra-institute.eu\/it\/wp-content\/uploads\/2025\/07\/Fiera-Bolzano-Messe-Bozen-scaled.jpg","contentUrl":"https:\/\/terra-institute.eu\/it\/wp-content\/uploads\/2025\/07\/Fiera-Bolzano-Messe-Bozen-scaled.jpg","width":2560,"height":1707,"caption":"Fiera Bolzano"},{"@type":"BreadcrumbList","@id":"https:\/\/terra-institute.eu\/it\/fiera-bolzano\/#breadcrumb","itemListElement":[{"@type":"ListItem","position":1,"name":"Home","item":"https:\/\/terra-institute.eu\/it\/"},{"@type":"ListItem","position":2,"name":"Fiera Bolzano\u00a0"}]},{"@type":"WebSite","@id":"https:\/\/terra-institute.eu\/it\/#website","url":"https:\/\/terra-institute.eu\/it\/","name":"Terra Institute","description":"Empowering Responsible Growth","potentialAction":[{"@type":"SearchAction","target":{"@type":"EntryPoint","urlTemplate":"https:\/\/terra-institute.eu\/it\/?s={search_term_string}"},"query-input":{"@type":"PropertyValueSpecification","valueRequired":true,"valueName":"search_term_string"}}],"inLanguage":"it-IT"},{"@type":"Person","@id":"https:\/\/terra-institute.eu\/it\/#\/schema\/person\/0825c78d1038a1533e63d1a36ec49278","name":"francescoromito","image":{"@type":"ImageObject","inLanguage":"it-IT","@id":"https:\/\/terra-institute.eu\/it\/#\/schema\/person\/image\/","url":"https:\/\/secure.gravatar.com\/avatar\/af139ce2e39890ae48f5692c8a08dde6e376be32739bb05ea5a3ce601c598fa9?s=96&d=mm&r=g","contentUrl":"https:\/\/secure.gravatar.com\/avatar\/af139ce2e39890ae48f5692c8a08dde6e376be32739bb05ea5a3ce601c598fa9?s=96&d=mm&r=g","caption":"francescoromito"},"sameAs":["https:\/\/terra-institute.eu\/it"],"url":"https:\/\/terra-institute.eu\/it\/author\/francescoromito\/"}]}},"_links":{"self":[{"href":"https:\/\/terra-institute.eu\/it\/wp-json\/wp\/v2\/posts\/254144","targetHints":{"allow":["GET"]}}],"collection":[{"href":"https:\/\/terra-institute.eu\/it\/wp-json\/wp\/v2\/posts"}],"about":[{"href":"https:\/\/terra-institute.eu\/it\/wp-json\/wp\/v2\/types\/post"}],"author":[{"embeddable":true,"href":"https:\/\/terra-institute.eu\/it\/wp-json\/wp\/v2\/users\/1"}],"replies":[{"embeddable":true,"href":"https:\/\/terra-institute.eu\/it\/wp-json\/wp\/v2\/comments?post=254144"}],"version-history":[{"count":10,"href":"https:\/\/terra-institute.eu\/it\/wp-json\/wp\/v2\/posts\/254144\/revisions"}],"predecessor-version":[{"id":254303,"href":"https:\/\/terra-institute.eu\/it\/wp-json\/wp\/v2\/posts\/254144\/revisions\/254303"}],"wp:featuredmedia":[{"embeddable":true,"href":"https:\/\/terra-institute.eu\/it\/wp-json\/wp\/v2\/media\/254302"}],"wp:attachment":[{"href":"https:\/\/terra-institute.eu\/it\/wp-json\/wp\/v2\/media?parent=254144"}],"wp:term":[{"taxonomy":"category","embeddable":true,"href":"https:\/\/terra-institute.eu\/it\/wp-json\/wp\/v2\/categories?post=254144"},{"taxonomy":"post_tag","embeddable":true,"href":"https:\/\/terra-institute.eu\/it\/wp-json\/wp\/v2\/tags?post=254144"}],"curies":[{"name":"wp","href":"https:\/\/api.w.org\/{rel}","templated":true}]}}