{"id":251890,"date":"2025-03-04T16:16:47","date_gmt":"2025-03-04T15:16:47","guid":{"rendered":"https:\/\/terra-institute.eu\/it\/?p=251890"},"modified":"2025-07-29T15:01:12","modified_gmt":"2025-07-29T13:01:12","slug":"sostenibilita-per-le-pmi-il-valore-dello-standard-vsme-dopo-la-legge-omnibus","status":"publish","type":"post","link":"https:\/\/terra-institute.eu\/it\/sostenibilita-per-le-pmi-il-valore-dello-standard-vsme-dopo-la-legge-omnibus\/","title":{"rendered":"Sostenibilit\u00e0 per le PMI: Il Valore dello Standard VSME Dopo la proposta Omnibus"},"content":{"rendered":"<p>[et_pb_section fb_built=&#8221;1&#8243; _builder_version=&#8221;4.27.4&#8243; _module_preset=&#8221;default&#8221; custom_padding=&#8221;0px|||||&#8221; global_colors_info=&#8221;{}&#8221; theme_builder_area=&#8221;post_content&#8221;][\/et_pb_section][et_pb_section fb_built=&#8221;1&#8243; _builder_version=&#8221;4.24.2&#8243; _module_preset=&#8221;default&#8221; custom_margin=&#8221;-104px||||false|false&#8221; locked=&#8221;off&#8221; global_colors_info=&#8221;{}&#8221; theme_builder_area=&#8221;post_content&#8221;][et_pb_row _builder_version=&#8221;4.22.1&#8243; _module_preset=&#8221;default&#8221; border_width_bottom=&#8221;1px&#8221; border_color_bottom=&#8221;#cecece&#8221; global_colors_info=&#8221;{}&#8221; theme_builder_area=&#8221;post_content&#8221;][et_pb_column type=&#8221;4_4&#8243; _builder_version=&#8221;4.22.1&#8243; _module_preset=&#8221;default&#8221; global_colors_info=&#8221;{}&#8221; theme_builder_area=&#8221;post_content&#8221;][et_pb_text _builder_version=&#8221;4.27.4&#8243; _module_preset=&#8221;default&#8221; text_font=&#8221;Akrobat-SemiBold|||on|||||&#8221; text_text_color=&#8221;#7d7168&#8243; text_font_size=&#8221;21px&#8221; global_colors_info=&#8221;{}&#8221; theme_builder_area=&#8221;post_content&#8221;]<\/p>\n<p><span>Il 26 febbraio 2025 \u00e8 stata presentata la proposta del pacchetto <strong>Omnibus<\/strong>, che introduce modifiche significative al quadro normativo della rendicontazione sulla sostenibilit\u00e0 nell\u2019Unione Europea. <strong>Terra Institute<\/strong> ha analizzato la proposta e gli effetti che l\u2019adozione della stessa potrebbe avere sulle imprese e sulla sostenibilit\u00e0, evidenziando come le novit\u00e0 mirino principalmente a ridurre gli obblighi per le PMI. In particolare, si intende semplificare la gestione e la comunicazione dei dati relativi al <strong>bilancio di sostenibilit\u00e0<\/strong> e all\u2019approccio <strong>ESG<\/strong> (Environmental, Social, Governance).<\/span><\/p>\n<p>[\/et_pb_text][et_pb_text ol_item_indent=&#8221;-1051px&#8221; _builder_version=&#8221;4.27.4&#8243; _module_preset=&#8221;default&#8221; text_font_size=&#8221;19px&#8221; hover_enabled=&#8221;0&#8243; global_colors_info=&#8221;{}&#8221; theme_builder_area=&#8221;post_content&#8221; sticky_enabled=&#8221;0&#8243;]<\/p>\n<div>\n<p><span>Nonostante il ridimensionamento di alcuni obblighi, la <strong>sostenibilit\u00e0<\/strong> resta centrale per la competitivit\u00e0 e la reputazione delle imprese. La Presidente della Commissione Europea, Ursula von der Leyen, ha ribadito che gli obiettivi del Green Deal rimangono una priorit\u00e0 assoluta, sottolineando come la trasparenza e la responsabilit\u00e0 ambientale siano fattori decisivi per il futuro delle aziende europee.<\/span><\/p>\n<p><span><\/span><\/p>\n<p><span><\/span><\/p>\n<h2>Le Novit\u00e0 della Legge Omnibus per le PMI<\/h2>\n<\/div>\n<p><span>La legge Omnibus introduce un\u2019importante modifica riguardante la soglia dimensionale per l\u2019obbligo di rendicontazione sulla sostenibilit\u00e0. In base alla proposta, solo le aziende con pi\u00f9 di 1.000 dipendenti dovranno conformarsi alla Corporate Sustainability Reporting Directive (CSRD), riducendo dell\u201980% il numero di imprese soggette a <strong>bilancio di sostenibilit\u00e0 obbligatorio<\/strong> rispetto alla normativa precedente.<\/span><\/p>\n<p><span>Le PMI con meno di 1.000 dipendenti, pur non essendo obbligate a produrre un <strong>report di sostenibilit\u00e0<\/strong> completo o un <strong>bilancio socio ambientale<\/strong>, potrebbero comunque scegliere di rendicontare su base volontaria per rafforzare la fiducia di clienti, investitori e partner commerciali. In tale prospettiva, lo standard <strong>VSME<\/strong> (Voluntary ESRS for SMEs) emerge come strumento chiave per adottare un approccio alla sostenibilit\u00e0 strutturato ma volontario.<\/span><\/p>\n<h3><\/h3>\n<h3>Cos\u2019\u00e8 il VSME e Perch\u00e9 \u00e8 Importante?<\/h3>\n<p>Il <strong>Voluntary ESRS for SMEs (VSME)<\/strong> \u00e8 un framework di rendicontazione volontaria, pensato per semplificare la condivisione dei dati ESG da parte delle PMI non quotate. La crescente richiesta di informazioni ESG \u2013 come i dati relativi a <strong>economia circolare<\/strong>, gestione della <strong>catena di fornitura<\/strong>, <strong>bilancio ambientale<\/strong> ed emissioni \u2013 \u00e8 alimentata da banche e investitori sempre pi\u00f9 orientati a valutare la sostenibilit\u00e0 delle aziende.<span><\/span><\/p>\n<p><span>Il <strong>VSME<\/strong> si propone di:<\/span><\/p>\n<ul>\n<li><span>Semplificare la rendicontazione per le PMI, offrendo un approccio chiaro e accessibile.<\/span><\/li>\n<li><span>Ridurre il carico amministrativo, mantenendo al contempo la trasparenza e l\u2019affidabilit\u00e0 dei dati.<\/span><\/li>\n<li><span>Fornire alle PMI una risposta equilibrata alle pressanti richieste di informazioni <strong>ESG<\/strong>.<\/span><\/li>\n<li><span>Gestire un reporting proporzionato, evitando eccessive incombenze burocratiche.<\/span><\/li>\n<\/ul>\n<p><span>Attraverso questa struttura, le PMI possono rispondere efficacemente alle esigenze di mercato e della <strong>catena di fornitura<\/strong>, con vantaggi quali maggiore visibilit\u00e0, accesso semplificato a finanziamenti sostenibili e migliore reputazione aziendale. Inoltre, un monitoraggio continuo delle performance <strong>ESG<\/strong> offre un effettivo vantaggio competitivo.<\/span><\/p>\n<h3><\/h3>\n<h3>Cosa Cambier\u00e0 per il VSME Dopo l\u2019Omnibus?<\/h3>\n<p><span>La Commissione Europea ha annunciato l\u2019intenzione di adottare lo standard <strong>VSME<\/strong> come atto delegato, rendendolo uno strumento ufficiale per una rendicontazione semplice e comparabile. L\u2019European Financial Reporting Advisory Group (EFRAG) ha gi\u00e0 approvato e trasmesso i <strong>VSME-Standards<\/strong>, che formeranno la base da cui la Commissione potr\u00e0 definire un modello proporzionato per le aziende non obbligate a redigere un <strong>bilancio di sostenibilit\u00e0<\/strong> completo o una <strong>dichiarazione non finanziaria<\/strong>.<\/span><\/p>\n<p><span>Con l\u2019approvazione definitiva, il <strong>VSME<\/strong> diventer\u00e0 un punto di riferimento per le PMI che desiderano monitorare e comunicare il proprio impatto ambientale, sociale e di governance, senza incorrere in onerose richieste burocratiche.<\/span><\/p>\n<p><strong><span><\/span><\/strong><\/p>\n<h3>Semplificazione della Rendicontazione: Il Contributo del VSME<\/h3>\n<p><span>Uno degli obiettivi principali della legge <strong>Omnibus<\/strong> \u00e8 ridurre l\u2019eccessivo carico amministrativo sulle PMI, limitando la quantit\u00e0 di dati richiesti dalle grandi aziende nella <strong>catena di fornitura<\/strong>. In particolare, le PMI con meno di 500 dipendenti dovranno fornire solo le informazioni previste dallo standard <strong>VSME<\/strong>, anzich\u00e9 adeguarsi ai requisiti pi\u00f9 stringenti imposti alle imprese di grandi dimensioni.<\/span><\/p>\n<p><span>Non saranno pi\u00f9 consentite richieste di informazioni ulteriori, a meno che non sussistano motivazioni reali e concrete. Questo approccio contrasta il cosiddetto \u201ceffetto a cascata\u201d che in precedenza obbligava anche le PMI a fornire dati assimilabili a un <strong>bilancio esg obbligatorio<\/strong> o a un <strong>report di sostenibilit\u00e0<\/strong> estremamente dettagliato, pensato originariamente per le grandi imprese. Grazie a questa misura, le PMI rimarranno tutelate da un eccessivo carico di adempimenti, pur mantenendo un approccio responsabile alla sostenibilit\u00e0.<\/span><\/p>\n<p><strong><span><\/span><\/strong><\/p>\n<h3>Investire Oggi nella Sostenibilit\u00e0 per Prepararsi al Futuro<\/h3>\n<p><span>Pur in presenza di una riduzione degli obblighi di legge, la sostenibilit\u00e0 continua a costituire un fattore strategico di crescita. Le aziende che integrano principi di <strong>economia circolare<\/strong> e che elaborano un <strong>bilancio di sostenibilit\u00e0<\/strong> \u2013 fosse anche solo come esempio di rendicontazione volontaria \u2013 migliorano la propria reputazione e facilitano l\u2019accesso a nuove opportunit\u00e0 di mercato o a finanziamenti a condizioni favorevoli.<\/span><\/p>\n<p><span>Inoltre, l\u2019interesse di investitori e partner commerciali per imprese con un solido <strong>report sostenibilit\u00e0<\/strong> \u00e8 in costante aumento, sostenendo la necessit\u00e0 di una differenziazione competitiva basata su trasparenza e impegno ESG. Adottare fin da ora uno standard di sostenibilit\u00e0 come il <strong>VSME<\/strong> significa prepararsi a un futuro in cui <strong>l\u2019economia circolare<\/strong> e la responsabilit\u00e0 sociale saranno determinanti per il successo.<\/span><\/p>\n<p><span>Le PMI hanno dunque l\u2019occasione di svolgere un ruolo da protagoniste in questa trasformazione, dotandosi di un <strong>bilancio di sostenibilit\u00e0<\/strong>, o di un <strong>bilancio socio ambientale<\/strong>, chiaro, trasparente e proporzionato. In questo percorso, il sostegno di esperti come <strong>Terra Institute<\/strong> risulta essenziale: grazie alla <strong>consulenza sostenibilit\u00e0<\/strong> e alla conoscenza di <strong>esempi di economia circolare<\/strong>, le imprese possono strutturare un percorso di sviluppo sostenibile che diventi una leva strategica per la competitivit\u00e0 e la crescita nel lungo periodo.<\/span><\/p>\n<p><strong><span><\/span><\/strong><\/p>\n<h3>Come Terra Institute Pu\u00f2 Aiutarti<\/h3>\n<p><strong><span>Terra Institute<\/span><\/strong><span> \u00e8 specializzata nell\u2019accompagnare aziende di ogni dimensione nell\u2019implementazione di strategie di sostenibilit\u00e0, dalla definizione dei piani <strong>ESG<\/strong> fino alla redazione del <strong>bilancio di sostenibilit\u00e0<\/strong> e del <strong>report di sostenibilit\u00e0<\/strong>. Grazie all\u2019esperienza maturata in <strong>economia circolare<\/strong>, <strong>energia circolare<\/strong> e gestione della <strong>catena di fornitura<\/strong>, Terra Institute supporta le PMI nell\u2019adozione dello standard <strong>VSME<\/strong>, garantendo un processo di rendicontazione efficace, conforme e adeguato alla reale capacit\u00e0 aziendale.<\/span><\/p>\n<p><span>Che si tratti di PMI, di aziende soggette a <strong>bilancio di sostenibilit\u00e0 obbligatorio<\/strong> o di imprese interessate a redigere una <strong>dichiarazione non finanziaria<\/strong>, Terra Institute propone soluzioni personalizzate di <strong>consulenza sostenibilit\u00e0<\/strong> volte a massimizzare i benefici competitivi, reputazionali e di accesso ai capitali.<\/span><\/p>\n<p>Domande? <a href=\"https:\/\/calendly.com\/a-zamboni-terra-institute\/30min\">Prenota una call gratuita con Annika Zamboni<\/a>, Consulente di Terra Institute ed esperta VSME<\/p>\n<p>[\/et_pb_text][\/et_pb_column][\/et_pb_row][et_pb_row column_structure=&#8221;2_5,3_5&#8243; _builder_version=&#8221;4.27.0&#8243; _module_preset=&#8221;default&#8221; custom_padding=&#8221;||0px|||&#8221; border_color_bottom=&#8221;#cfcfcf&#8221; global_colors_info=&#8221;{}&#8221; theme_builder_area=&#8221;post_content&#8221;][et_pb_column type=&#8221;2_5&#8243; _builder_version=&#8221;4.22.1&#8243; _module_preset=&#8221;default&#8221; global_colors_info=&#8221;{}&#8221; theme_builder_area=&#8221;post_content&#8221;][et_pb_text module_id=&#8221;massnahmen-unternehmen&#8221; _builder_version=&#8221;4.27.4&#8243; _module_preset=&#8221;default&#8221; text_font_size=&#8221;19px&#8221; global_colors_info=&#8221;{}&#8221; theme_builder_area=&#8221;post_content&#8221;]<\/p>\n<h2>AutorE<\/h2>\n<p>[\/et_pb_text][\/et_pb_column][et_pb_column type=&#8221;3_5&#8243; _builder_version=&#8221;4.22.1&#8243; _module_preset=&#8221;default&#8221; global_colors_info=&#8221;{}&#8221; theme_builder_area=&#8221;post_content&#8221;][\/et_pb_column][\/et_pb_row][et_pb_row column_structure=&#8221;2_5,3_5&#8243; _builder_version=&#8221;4.24.2&#8243; _module_preset=&#8221;default&#8221; border_width_bottom=&#8221;1px&#8221; border_color_bottom=&#8221;#cfcfcf&#8221; global_colors_info=&#8221;{}&#8221; theme_builder_area=&#8221;post_content&#8221;][et_pb_column type=&#8221;2_5&#8243; _builder_version=&#8221;4.22.1&#8243; _module_preset=&#8221;default&#8221; global_colors_info=&#8221;{}&#8221; theme_builder_area=&#8221;post_content&#8221;][et_pb_image src=&#8221;https:\/\/terra-institute.eu\/it\/wp-content\/uploads\/2024\/10\/Annika-Zamboni-scaled.jpg&#8221; alt=&#8221;Annika Zamboni&#8221; title_text=&#8221;Annika Zamboni&#8221; _builder_version=&#8221;4.27.4&#8243; _module_preset=&#8221;default&#8221; global_colors_info=&#8221;{}&#8221; theme_builder_area=&#8221;post_content&#8221;][\/et_pb_image][\/et_pb_column][et_pb_column type=&#8221;3_5&#8243; _builder_version=&#8221;4.22.1&#8243; _module_preset=&#8221;default&#8221; global_colors_info=&#8221;{}&#8221; theme_builder_area=&#8221;post_content&#8221;][et_pb_text _builder_version=&#8221;4.27.4&#8243; _module_preset=&#8221;default&#8221; text_font_size=&#8221;19px&#8221; global_colors_info=&#8221;{}&#8221; theme_builder_area=&#8221;post_content&#8221;]<\/p>\n<p data-ccp-props=\"{&quot;335551550&quot;:1,&quot;335551620&quot;:1,&quot;335559683&quot;:0,&quot;335559685&quot;:0,&quot;335559731&quot;:0,&quot;335559737&quot;:0,&quot;335562764&quot;:2,&quot;335562765&quot;:1,&quot;335562766&quot;:4,&quot;335562767&quot;:0,&quot;335562768&quot;:4,&quot;335562769&quot;:0}\"><strong>Annika Zamboni<\/strong> | <a href=\"mailto:a.zamboni@terra-institute.eu\">a.zamboni@terra-institute.eu<\/a><\/p>\n<p data-ccp-props=\"{&quot;335551550&quot;:1,&quot;335551620&quot;:1,&quot;335559683&quot;:0,&quot;335559685&quot;:0,&quot;335559731&quot;:0,&quot;335559737&quot;:0,&quot;335562764&quot;:2,&quot;335562765&quot;:1,&quot;335562766&quot;:4,&quot;335562767&quot;:0,&quot;335562768&quot;:4,&quot;335562769&quot;:0}\"><span><span data-usefontface=\"false\" data-contrast=\"none\" class=\"TextRun SCXP110433574 BCX8\" xml:lang=\"IT-IT\" lang=\"IT-IT\"><span class=\"NormalTextRun SCXP110433574 BCX8\">Con un background economico e plurilingue, Annika ha conseguito la laurea in Economia e <\/span><\/span><span data-usefontface=\"false\" data-contrast=\"none\" class=\"TextRun SCXP110433574 BCX8\" xml:lang=\"IT-IT\" lang=\"IT-IT\"><span class=\"NormalTextRun SCXP110433574 BCX8\">Management, completando poi un doppio master in Management e Sostenibilit\u00e0 presso le <\/span><\/span><span data-usefontface=\"false\" data-contrast=\"none\" class=\"TextRun SCXP110433574 BCX8\" xml:lang=\"IT-IT\" lang=\"IT-IT\"><span class=\"NormalTextRun SCXP110433574 BCX8\">Universit\u00e0 di Trento e Brema. Dopo esperienze nel settore bancario e nella consulenza fiscale <\/span><\/span><span data-usefontface=\"false\" data-contrast=\"none\" class=\"TextRun SCXP110433574 BCX8\" xml:lang=\"IT-IT\" lang=\"IT-IT\"><span class=\"NormalTextRun SCXP110433574 BCX8\">e di sostenibilit\u00e0, oggi presso Terra Annika supporta le aziende, comprese le PMI, nello <\/span><\/span><span data-usefontface=\"false\" data-contrast=\"none\" class=\"TextRun SCXP110433574 BCX8\" xml:lang=\"IT-IT\" lang=\"IT-IT\"><span class=\"NormalTextRun SCXP110433574 BCX8\">sviluppo di strategie aziendali e nel reporting. Si occupa anche della Tassonomia UE.<\/span><\/span><\/span><\/p>\n<p>[\/et_pb_text][\/et_pb_column][\/et_pb_row][\/et_pb_section]<\/p>\n","protected":false},"excerpt":{"rendered":"<p>Il 26 febbraio 2025 \u00e8 stata presentata la proposta del pacchetto Omnibus, che introduce modifiche significative al quadro normativo della rendicontazione sulla sostenibilit\u00e0 nell\u2019Unione Europea. Terra Institute ha analizzato la proposta e gli effetti che l\u2019adozione della stessa potrebbe avere sulle imprese e sulla sostenibilit\u00e0, evidenziando come le novit\u00e0 mirino principalmente a ridurre gli obblighi [&hellip;]<\/p>\n","protected":false},"author":5,"featured_media":251906,"comment_status":"open","ping_status":"open","sticky":false,"template":"","format":"standard","meta":{"_et_pb_use_builder":"on","_et_pb_old_content":"","_et_gb_content_width":"","footnotes":""},"categories":[34],"tags":[49],"class_list":["post-251890","post","type-post","status-publish","format-standard","has-post-thumbnail","hentry","category-blog","tag-reportistica-di-sostenibilita"],"yoast_head":"<!-- This site is optimized with the Yoast SEO plugin v26.9 - https:\/\/yoast.com\/product\/yoast-seo-wordpress\/ -->\n<title>Sostenibilit\u00e0 per le PMI con Terra Institute: VSME e Legge Omnibus \u2013 Opportunit\u00e0 e Impatti<\/title>\n<meta name=\"description\" content=\"Terra Institute analizza la proposta Omnibus e spiega come il VSME semplifica il bilancio di sostenibilit\u00e0 per le PMI. Scopri come ridurre gli oneri amministrativi, adottare l\u2019economia circolare e rafforzare la reputazione aziendale.\" \/>\n<meta name=\"robots\" content=\"index, follow, max-snippet:-1, max-image-preview:large, max-video-preview:-1\" \/>\n<link rel=\"canonical\" href=\"https:\/\/terra-institute.eu\/it\/sostenibilita-per-le-pmi-il-valore-dello-standard-vsme-dopo-la-legge-omnibus\/\" \/>\n<meta property=\"og:locale\" content=\"it_IT\" \/>\n<meta property=\"og:type\" content=\"article\" \/>\n<meta property=\"og:title\" content=\"Sostenibilit\u00e0 per le PMI con Terra Institute: VSME e Legge Omnibus \u2013 Opportunit\u00e0 e Impatti\" \/>\n<meta property=\"og:description\" content=\"Terra Institute analizza la proposta Omnibus e spiega come il VSME semplifica il bilancio di sostenibilit\u00e0 per le PMI. Scopri come ridurre gli oneri amministrativi, adottare l\u2019economia circolare e rafforzare la reputazione aziendale.\" \/>\n<meta property=\"og:url\" content=\"https:\/\/terra-institute.eu\/it\/sostenibilita-per-le-pmi-il-valore-dello-standard-vsme-dopo-la-legge-omnibus\/\" \/>\n<meta property=\"og:site_name\" content=\"Terra Institute\" \/>\n<meta property=\"article:publisher\" content=\"https:\/\/www.facebook.com\/TerraInstitute\" \/>\n<meta property=\"article:published_time\" content=\"2025-03-04T15:16:47+00:00\" \/>\n<meta property=\"article:modified_time\" content=\"2025-07-29T13:01:12+00:00\" \/>\n<meta property=\"og:image\" content=\"https:\/\/terra-institute.eu\/it\/wp-content\/uploads\/2025\/03\/sostenibilita-per-le-PMI_austris-augusts-scaled-e1741106686659.jpg\" \/>\n\t<meta property=\"og:image:width\" content=\"1707\" \/>\n\t<meta property=\"og:image:height\" content=\"1140\" \/>\n\t<meta property=\"og:image:type\" content=\"image\/jpeg\" \/>\n<meta name=\"author\" content=\"STauber\" \/>\n<meta name=\"twitter:card\" content=\"summary_large_image\" \/>\n<meta name=\"twitter:creator\" content=\"@STauber\" \/>\n<meta name=\"twitter:site\" content=\"@terra_institute\" \/>\n<meta name=\"twitter:label1\" content=\"Scritto da\" \/>\n\t<meta name=\"twitter:data1\" content=\"STauber\" \/>\n\t<meta name=\"twitter:label2\" content=\"Tempo di lettura stimato\" \/>\n\t<meta name=\"twitter:data2\" content=\"7 minuti\" \/>\n<script type=\"application\/ld+json\" class=\"yoast-schema-graph\">{\"@context\":\"https:\/\/schema.org\",\"@graph\":[{\"@type\":\"Article\",\"@id\":\"https:\/\/terra-institute.eu\/it\/sostenibilita-per-le-pmi-il-valore-dello-standard-vsme-dopo-la-legge-omnibus\/#article\",\"isPartOf\":{\"@id\":\"https:\/\/terra-institute.eu\/it\/sostenibilita-per-le-pmi-il-valore-dello-standard-vsme-dopo-la-legge-omnibus\/\"},\"author\":{\"name\":\"STauber\",\"@id\":\"https:\/\/terra-institute.eu\/it\/#\/schema\/person\/94b4e9b0ba2c9136492a67cfc3e95edd\"},\"headline\":\"Sostenibilit\u00e0 per le PMI: Il Valore dello Standard VSME Dopo la proposta Omnibus\",\"datePublished\":\"2025-03-04T15:16:47+00:00\",\"dateModified\":\"2025-07-29T13:01:12+00:00\",\"mainEntityOfPage\":{\"@id\":\"https:\/\/terra-institute.eu\/it\/sostenibilita-per-le-pmi-il-valore-dello-standard-vsme-dopo-la-legge-omnibus\/\"},\"wordCount\":1484,\"commentCount\":0,\"image\":{\"@id\":\"https:\/\/terra-institute.eu\/it\/sostenibilita-per-le-pmi-il-valore-dello-standard-vsme-dopo-la-legge-omnibus\/#primaryimage\"},\"thumbnailUrl\":\"https:\/\/terra-institute.eu\/it\/wp-content\/uploads\/2025\/03\/sostenibilita-per-le-PMI_austris-augusts-scaled-e1741106686659.jpg\",\"keywords\":[\"REPORTISTICA DI SOSTENIBILIT\u00e0\"],\"articleSection\":[\"blog\"],\"inLanguage\":\"it-IT\",\"potentialAction\":[{\"@type\":\"CommentAction\",\"name\":\"Comment\",\"target\":[\"https:\/\/terra-institute.eu\/it\/sostenibilita-per-le-pmi-il-valore-dello-standard-vsme-dopo-la-legge-omnibus\/#respond\"]}]},{\"@type\":\"WebPage\",\"@id\":\"https:\/\/terra-institute.eu\/it\/sostenibilita-per-le-pmi-il-valore-dello-standard-vsme-dopo-la-legge-omnibus\/\",\"url\":\"https:\/\/terra-institute.eu\/it\/sostenibilita-per-le-pmi-il-valore-dello-standard-vsme-dopo-la-legge-omnibus\/\",\"name\":\"Sostenibilit\u00e0 per le PMI con Terra Institute: VSME e Legge Omnibus \u2013 Opportunit\u00e0 e Impatti\",\"isPartOf\":{\"@id\":\"https:\/\/terra-institute.eu\/it\/#website\"},\"primaryImageOfPage\":{\"@id\":\"https:\/\/terra-institute.eu\/it\/sostenibilita-per-le-pmi-il-valore-dello-standard-vsme-dopo-la-legge-omnibus\/#primaryimage\"},\"image\":{\"@id\":\"https:\/\/terra-institute.eu\/it\/sostenibilita-per-le-pmi-il-valore-dello-standard-vsme-dopo-la-legge-omnibus\/#primaryimage\"},\"thumbnailUrl\":\"https:\/\/terra-institute.eu\/it\/wp-content\/uploads\/2025\/03\/sostenibilita-per-le-PMI_austris-augusts-scaled-e1741106686659.jpg\",\"datePublished\":\"2025-03-04T15:16:47+00:00\",\"dateModified\":\"2025-07-29T13:01:12+00:00\",\"author\":{\"@id\":\"https:\/\/terra-institute.eu\/it\/#\/schema\/person\/94b4e9b0ba2c9136492a67cfc3e95edd\"},\"description\":\"Terra Institute analizza la proposta Omnibus e spiega come il VSME semplifica il bilancio di sostenibilit\u00e0 per le PMI. Scopri come ridurre gli oneri amministrativi, adottare l\u2019economia circolare e rafforzare la reputazione aziendale.\",\"breadcrumb\":{\"@id\":\"https:\/\/terra-institute.eu\/it\/sostenibilita-per-le-pmi-il-valore-dello-standard-vsme-dopo-la-legge-omnibus\/#breadcrumb\"},\"inLanguage\":\"it-IT\",\"potentialAction\":[{\"@type\":\"ReadAction\",\"target\":[\"https:\/\/terra-institute.eu\/it\/sostenibilita-per-le-pmi-il-valore-dello-standard-vsme-dopo-la-legge-omnibus\/\"]}]},{\"@type\":\"ImageObject\",\"inLanguage\":\"it-IT\",\"@id\":\"https:\/\/terra-institute.eu\/it\/sostenibilita-per-le-pmi-il-valore-dello-standard-vsme-dopo-la-legge-omnibus\/#primaryimage\",\"url\":\"https:\/\/terra-institute.eu\/it\/wp-content\/uploads\/2025\/03\/sostenibilita-per-le-PMI_austris-augusts-scaled-e1741106686659.jpg\",\"contentUrl\":\"https:\/\/terra-institute.eu\/it\/wp-content\/uploads\/2025\/03\/sostenibilita-per-le-PMI_austris-augusts-scaled-e1741106686659.jpg\",\"width\":1707,\"height\":1140,\"caption\":\"Sostenibilita per le PMI con Terra-Institute\"},{\"@type\":\"BreadcrumbList\",\"@id\":\"https:\/\/terra-institute.eu\/it\/sostenibilita-per-le-pmi-il-valore-dello-standard-vsme-dopo-la-legge-omnibus\/#breadcrumb\",\"itemListElement\":[{\"@type\":\"ListItem\",\"position\":1,\"name\":\"Home\",\"item\":\"https:\/\/terra-institute.eu\/it\/\"},{\"@type\":\"ListItem\",\"position\":2,\"name\":\"Sostenibilit\u00e0 per le PMI: Il Valore dello Standard VSME Dopo la proposta Omnibus\"}]},{\"@type\":\"WebSite\",\"@id\":\"https:\/\/terra-institute.eu\/it\/#website\",\"url\":\"https:\/\/terra-institute.eu\/it\/\",\"name\":\"Terra Institute\",\"description\":\"Empowering Responsible Growth\",\"potentialAction\":[{\"@type\":\"SearchAction\",\"target\":{\"@type\":\"EntryPoint\",\"urlTemplate\":\"https:\/\/terra-institute.eu\/it\/?s={search_term_string}\"},\"query-input\":{\"@type\":\"PropertyValueSpecification\",\"valueRequired\":true,\"valueName\":\"search_term_string\"}}],\"inLanguage\":\"it-IT\"},{\"@type\":\"Person\",\"@id\":\"https:\/\/terra-institute.eu\/it\/#\/schema\/person\/94b4e9b0ba2c9136492a67cfc3e95edd\",\"name\":\"STauber\",\"image\":{\"@type\":\"ImageObject\",\"inLanguage\":\"it-IT\",\"@id\":\"https:\/\/terra-institute.eu\/it\/#\/schema\/person\/image\/\",\"url\":\"https:\/\/secure.gravatar.com\/avatar\/7b58d476a8e3ca28ed666205e6c5ff556ab94a161aa48a4b4cf289781d6b1076?s=96&d=mm&r=g\",\"contentUrl\":\"https:\/\/secure.gravatar.com\/avatar\/7b58d476a8e3ca28ed666205e6c5ff556ab94a161aa48a4b4cf289781d6b1076?s=96&d=mm&r=g\",\"caption\":\"STauber\"},\"sameAs\":[\"https:\/\/x.com\/STauber\"],\"url\":\"https:\/\/terra-institute.eu\/it\/author\/stauber\/\"}]}<\/script>\n<!-- \/ Yoast SEO plugin. -->","yoast_head_json":{"title":"Sostenibilit\u00e0 per le PMI con Terra Institute: VSME e Legge Omnibus \u2013 Opportunit\u00e0 e Impatti","description":"Terra Institute analizza la proposta Omnibus e spiega come il VSME semplifica il bilancio di sostenibilit\u00e0 per le PMI. Scopri come ridurre gli oneri amministrativi, adottare l\u2019economia circolare e rafforzare la reputazione aziendale.","robots":{"index":"index","follow":"follow","max-snippet":"max-snippet:-1","max-image-preview":"max-image-preview:large","max-video-preview":"max-video-preview:-1"},"canonical":"https:\/\/terra-institute.eu\/it\/sostenibilita-per-le-pmi-il-valore-dello-standard-vsme-dopo-la-legge-omnibus\/","og_locale":"it_IT","og_type":"article","og_title":"Sostenibilit\u00e0 per le PMI con Terra Institute: VSME e Legge Omnibus \u2013 Opportunit\u00e0 e Impatti","og_description":"Terra Institute analizza la proposta Omnibus e spiega come il VSME semplifica il bilancio di sostenibilit\u00e0 per le PMI. Scopri come ridurre gli oneri amministrativi, adottare l\u2019economia circolare e rafforzare la reputazione aziendale.","og_url":"https:\/\/terra-institute.eu\/it\/sostenibilita-per-le-pmi-il-valore-dello-standard-vsme-dopo-la-legge-omnibus\/","og_site_name":"Terra Institute","article_publisher":"https:\/\/www.facebook.com\/TerraInstitute","article_published_time":"2025-03-04T15:16:47+00:00","article_modified_time":"2025-07-29T13:01:12+00:00","og_image":[{"width":1707,"height":1140,"url":"https:\/\/terra-institute.eu\/it\/wp-content\/uploads\/2025\/03\/sostenibilita-per-le-PMI_austris-augusts-scaled-e1741106686659.jpg","type":"image\/jpeg"}],"author":"STauber","twitter_card":"summary_large_image","twitter_creator":"@STauber","twitter_site":"@terra_institute","twitter_misc":{"Scritto da":"STauber","Tempo di lettura stimato":"7 minuti"},"schema":{"@context":"https:\/\/schema.org","@graph":[{"@type":"Article","@id":"https:\/\/terra-institute.eu\/it\/sostenibilita-per-le-pmi-il-valore-dello-standard-vsme-dopo-la-legge-omnibus\/#article","isPartOf":{"@id":"https:\/\/terra-institute.eu\/it\/sostenibilita-per-le-pmi-il-valore-dello-standard-vsme-dopo-la-legge-omnibus\/"},"author":{"name":"STauber","@id":"https:\/\/terra-institute.eu\/it\/#\/schema\/person\/94b4e9b0ba2c9136492a67cfc3e95edd"},"headline":"Sostenibilit\u00e0 per le PMI: Il Valore dello Standard VSME Dopo la proposta Omnibus","datePublished":"2025-03-04T15:16:47+00:00","dateModified":"2025-07-29T13:01:12+00:00","mainEntityOfPage":{"@id":"https:\/\/terra-institute.eu\/it\/sostenibilita-per-le-pmi-il-valore-dello-standard-vsme-dopo-la-legge-omnibus\/"},"wordCount":1484,"commentCount":0,"image":{"@id":"https:\/\/terra-institute.eu\/it\/sostenibilita-per-le-pmi-il-valore-dello-standard-vsme-dopo-la-legge-omnibus\/#primaryimage"},"thumbnailUrl":"https:\/\/terra-institute.eu\/it\/wp-content\/uploads\/2025\/03\/sostenibilita-per-le-PMI_austris-augusts-scaled-e1741106686659.jpg","keywords":["REPORTISTICA DI SOSTENIBILIT\u00e0"],"articleSection":["blog"],"inLanguage":"it-IT","potentialAction":[{"@type":"CommentAction","name":"Comment","target":["https:\/\/terra-institute.eu\/it\/sostenibilita-per-le-pmi-il-valore-dello-standard-vsme-dopo-la-legge-omnibus\/#respond"]}]},{"@type":"WebPage","@id":"https:\/\/terra-institute.eu\/it\/sostenibilita-per-le-pmi-il-valore-dello-standard-vsme-dopo-la-legge-omnibus\/","url":"https:\/\/terra-institute.eu\/it\/sostenibilita-per-le-pmi-il-valore-dello-standard-vsme-dopo-la-legge-omnibus\/","name":"Sostenibilit\u00e0 per le PMI con Terra Institute: VSME e Legge Omnibus \u2013 Opportunit\u00e0 e Impatti","isPartOf":{"@id":"https:\/\/terra-institute.eu\/it\/#website"},"primaryImageOfPage":{"@id":"https:\/\/terra-institute.eu\/it\/sostenibilita-per-le-pmi-il-valore-dello-standard-vsme-dopo-la-legge-omnibus\/#primaryimage"},"image":{"@id":"https:\/\/terra-institute.eu\/it\/sostenibilita-per-le-pmi-il-valore-dello-standard-vsme-dopo-la-legge-omnibus\/#primaryimage"},"thumbnailUrl":"https:\/\/terra-institute.eu\/it\/wp-content\/uploads\/2025\/03\/sostenibilita-per-le-PMI_austris-augusts-scaled-e1741106686659.jpg","datePublished":"2025-03-04T15:16:47+00:00","dateModified":"2025-07-29T13:01:12+00:00","author":{"@id":"https:\/\/terra-institute.eu\/it\/#\/schema\/person\/94b4e9b0ba2c9136492a67cfc3e95edd"},"description":"Terra Institute analizza la proposta Omnibus e spiega come il VSME semplifica il bilancio di sostenibilit\u00e0 per le PMI. Scopri come ridurre gli oneri amministrativi, adottare l\u2019economia circolare e rafforzare la reputazione aziendale.","breadcrumb":{"@id":"https:\/\/terra-institute.eu\/it\/sostenibilita-per-le-pmi-il-valore-dello-standard-vsme-dopo-la-legge-omnibus\/#breadcrumb"},"inLanguage":"it-IT","potentialAction":[{"@type":"ReadAction","target":["https:\/\/terra-institute.eu\/it\/sostenibilita-per-le-pmi-il-valore-dello-standard-vsme-dopo-la-legge-omnibus\/"]}]},{"@type":"ImageObject","inLanguage":"it-IT","@id":"https:\/\/terra-institute.eu\/it\/sostenibilita-per-le-pmi-il-valore-dello-standard-vsme-dopo-la-legge-omnibus\/#primaryimage","url":"https:\/\/terra-institute.eu\/it\/wp-content\/uploads\/2025\/03\/sostenibilita-per-le-PMI_austris-augusts-scaled-e1741106686659.jpg","contentUrl":"https:\/\/terra-institute.eu\/it\/wp-content\/uploads\/2025\/03\/sostenibilita-per-le-PMI_austris-augusts-scaled-e1741106686659.jpg","width":1707,"height":1140,"caption":"Sostenibilita per le PMI con Terra-Institute"},{"@type":"BreadcrumbList","@id":"https:\/\/terra-institute.eu\/it\/sostenibilita-per-le-pmi-il-valore-dello-standard-vsme-dopo-la-legge-omnibus\/#breadcrumb","itemListElement":[{"@type":"ListItem","position":1,"name":"Home","item":"https:\/\/terra-institute.eu\/it\/"},{"@type":"ListItem","position":2,"name":"Sostenibilit\u00e0 per le PMI: Il Valore dello Standard VSME Dopo la proposta Omnibus"}]},{"@type":"WebSite","@id":"https:\/\/terra-institute.eu\/it\/#website","url":"https:\/\/terra-institute.eu\/it\/","name":"Terra Institute","description":"Empowering Responsible Growth","potentialAction":[{"@type":"SearchAction","target":{"@type":"EntryPoint","urlTemplate":"https:\/\/terra-institute.eu\/it\/?s={search_term_string}"},"query-input":{"@type":"PropertyValueSpecification","valueRequired":true,"valueName":"search_term_string"}}],"inLanguage":"it-IT"},{"@type":"Person","@id":"https:\/\/terra-institute.eu\/it\/#\/schema\/person\/94b4e9b0ba2c9136492a67cfc3e95edd","name":"STauber","image":{"@type":"ImageObject","inLanguage":"it-IT","@id":"https:\/\/terra-institute.eu\/it\/#\/schema\/person\/image\/","url":"https:\/\/secure.gravatar.com\/avatar\/7b58d476a8e3ca28ed666205e6c5ff556ab94a161aa48a4b4cf289781d6b1076?s=96&d=mm&r=g","contentUrl":"https:\/\/secure.gravatar.com\/avatar\/7b58d476a8e3ca28ed666205e6c5ff556ab94a161aa48a4b4cf289781d6b1076?s=96&d=mm&r=g","caption":"STauber"},"sameAs":["https:\/\/x.com\/STauber"],"url":"https:\/\/terra-institute.eu\/it\/author\/stauber\/"}]}},"_links":{"self":[{"href":"https:\/\/terra-institute.eu\/it\/wp-json\/wp\/v2\/posts\/251890","targetHints":{"allow":["GET"]}}],"collection":[{"href":"https:\/\/terra-institute.eu\/it\/wp-json\/wp\/v2\/posts"}],"about":[{"href":"https:\/\/terra-institute.eu\/it\/wp-json\/wp\/v2\/types\/post"}],"author":[{"embeddable":true,"href":"https:\/\/terra-institute.eu\/it\/wp-json\/wp\/v2\/users\/5"}],"replies":[{"embeddable":true,"href":"https:\/\/terra-institute.eu\/it\/wp-json\/wp\/v2\/comments?post=251890"}],"version-history":[{"count":14,"href":"https:\/\/terra-institute.eu\/it\/wp-json\/wp\/v2\/posts\/251890\/revisions"}],"predecessor-version":[{"id":254334,"href":"https:\/\/terra-institute.eu\/it\/wp-json\/wp\/v2\/posts\/251890\/revisions\/254334"}],"wp:featuredmedia":[{"embeddable":true,"href":"https:\/\/terra-institute.eu\/it\/wp-json\/wp\/v2\/media\/251906"}],"wp:attachment":[{"href":"https:\/\/terra-institute.eu\/it\/wp-json\/wp\/v2\/media?parent=251890"}],"wp:term":[{"taxonomy":"category","embeddable":true,"href":"https:\/\/terra-institute.eu\/it\/wp-json\/wp\/v2\/categories?post=251890"},{"taxonomy":"post_tag","embeddable":true,"href":"https:\/\/terra-institute.eu\/it\/wp-json\/wp\/v2\/tags?post=251890"}],"curies":[{"name":"wp","href":"https:\/\/api.w.org\/{rel}","templated":true}]}}