{"id":251664,"date":"2023-05-19T10:24:00","date_gmt":"2023-05-19T08:24:00","guid":{"rendered":"https:\/\/terra-institute.eu\/it\/?p=251664"},"modified":"2025-02-17T17:03:13","modified_gmt":"2025-02-17T16:03:13","slug":"perche-le-imprese-dovrebbero-interessarsi-alla-biodiversita","status":"publish","type":"post","link":"https:\/\/terra-institute.eu\/it\/perche-le-imprese-dovrebbero-interessarsi-alla-biodiversita\/","title":{"rendered":"PERCH\u00c9 LE IMPRESE DOVREBBERO INTERESSARSI ALLA BIODIVERSIT\u00c0"},"content":{"rendered":"<p>[et_pb_section fb_built=&#8221;1&#8243; _builder_version=&#8221;4.16&#8243; _module_preset=&#8221;default&#8221; locked=&#8221;off&#8221; global_colors_info=&#8221;{}&#8221; theme_builder_area=&#8221;post_content&#8221;][et_pb_row _builder_version=&#8221;4.16&#8243; _module_preset=&#8221;default&#8221; global_colors_info=&#8221;{}&#8221; theme_builder_area=&#8221;post_content&#8221;][et_pb_column type=&#8221;4_4&#8243; _builder_version=&#8221;4.16&#8243; _module_preset=&#8221;default&#8221; global_colors_info=&#8221;{}&#8221; theme_builder_area=&#8221;post_content&#8221;][et_pb_text _builder_version=&#8221;4.24.2&#8243; _module_preset=&#8221;default&#8221; text_font_size=&#8221;21px&#8221; text_line_height=&#8221;1.6em&#8221; header_2_font_size=&#8221;32px&#8221; header_2_line_height=&#8221;1.2em&#8221; global_colors_info=&#8221;{}&#8221; theme_builder_area=&#8221;post_content&#8221;]<\/p>\n<p style=\"font-weight: 400;\">La perdita di biodiversit\u00e0 \u00e8 stata classificata nel <em>Global Risks Report 2021<\/em> del World Economic Forum per il secondo anno consecutivo come uno dei cinque rischi principali in termini di probabilit\u00e0 e impatto. <strong>Biodiversit\u00e0 e imprese<\/strong> &#8211; Le imprese dovrebbero agire ora per misurare e mitigare il loro impatto sulla biodiversit\u00e0, perch\u00e9 in futuro il capitale potrebbe essere rapidamente ritirato dalle imprese che consumano risorse naturali o hanno un impatto negativo sulla biodiversit\u00e0. Allo stesso tempo, sempre pi\u00f9 catene di distribuzione, cos\u00ec come la prossima legislazione dell&#8217;UE, richiedono che le imprese comprendano i loro rischi e opportunit\u00e0 legati alla biodiversit\u00e0, rendano conto e rendano trasparente la loro azione.<\/p>\n<p>&nbsp;<\/p>\n<h2>LA NATURA HA BISOGNO DI DIVERSIT\u00c0 COME UNA CITT\u00c0<b><br \/><\/b><\/h2>\n<p>Ma cos&#8217;\u00e8 esattamente la biodiversit\u00e0 e perch\u00e9 \u00e8 anche la base per un&#8217;azienda resiliente? &#8220;L&#8217;uomo pu\u00f2 piantare alberi, ma non una foresta&#8221;, scrive la biologa Frauke Fischer nel suo libro &#8220;Cosa ha mai fatto la zanzara per noi?&#8221;. La foresta \u00e8 molto pi\u00f9 di un insieme di alberi, \u00e8 un ecosistema che consiste in molte interdipendenze.<\/p>\n<p style=\"font-weight: 400;\">Quando parliamo di biodiversit\u00e0, parliamo sempre della triade tra la variabilit\u00e0 all&#8217;interno di una specie, la diversit\u00e0 delle specie e la diversit\u00e0 degli ecosistemi. La biodiversit\u00e0 \u00e8 una questione di sopravvivenza per gli ecosistemi. Questo diventa chiaro quando applichiamo i principi fondamentali della biodiversit\u00e0 a un sistema creato dall&#8217;uomo, ad esempio una citt\u00e0. Questa \u00e8 composta da edifici, infrastrutture, comunicazioni, ecc. Supponiamo che ci sia un problema di intasamento del water, ma in citt\u00e0 ci siano solo panettieri. O che non ci sia modo di comunicare perch\u00e9 mancano la posta, internet e il telefono. In questo caso, la riparazione del water fallisce.<\/p>\n<p style=\"font-weight: 400; text-align: center;\"><em>La biodiversit\u00e0 \u00e8 una questione di sopravvivenza per gli ecosistemi, cos\u00ec come per una citt\u00e0: Se ci sono solo panettieri, la riparazione del water fallisce.<\/em><\/p>\n<p style=\"font-weight: 400;\">Da questo semplice esempio si pu\u00f2 capire perch\u00e9 un ecosistema funzionante ha bisogno di diversit\u00e0 e perch\u00e9 ad esempio l&#8217;ecosistema forestale non pu\u00f2 essere costituito solo da alberi, ma ha bisogno di molti partecipanti diversificati per essere resiliente nel suo insieme.<\/p>\n<p style=\"font-weight: 400;\">Secondo uno studio internazionale molto discusso (<em>Global human-made mass exceeds all living biomass<\/em>, Elhacham e altri), il 2020 \u00e8 stato il primo anno in cui il peso dei prodotti creati dall&#8217;uomo su questo pianeta \u00e8 stato superiore alla biomassa naturale. Questo sviluppo \u00e8 preoccupante e pu\u00f2 portare all&#8217;illusione che possiamo vivere senza natura e biodiversit\u00e0.<\/p>\n<p><em><\/em><\/p>\n<h3>I SERVIZI FORNITI DALLA NATURA<b><br \/><\/b><\/h3>\n<p>Effettivamente, secondo il World Economic Forum (WEF), pi\u00f9 della met\u00e0 del prodotto interno lordo creato dall&#8217;uomo si basa direttamente sui servizi forniti dalla natura. Ci\u00f2 significa che la nostra economia, puramente matematicamente, si ridurrebbe del 50% senza natura. In realt\u00e0, si ridurrebbe praticamente a zero, perch\u00e9 senza natura non c&#8217;\u00e8 vita. Quando parliamo dei servizi forniti dalla natura e dalla sua biodiversit\u00e0, consideriamo la natura come un fornitore di servizi, motivo per cui si parla di servizi ecosistemici, di cui si conoscono almeno quattro diverse tipologie:<\/p>\n<ol>\n<li>Materie prime\/prodotti che prendiamo direttamente dalla natura, come un metro cubo di legno di abete o una tonnellata di tonno;<\/li>\n<li>Servizi di regolamentazione come il mantenimento dell&#8217;aria e dell&#8217;acqua pulita o la protezione dai virus;<\/li>\n<li>Servizi culturali, poich\u00e9 la natura offre relax e ispirazione e costituisce la base per il tempo libero e il turismo;<\/li>\n<li>Fotosintesi come fonte di ossigeno e base per la respirazione.<\/li>\n<\/ol>\n<p style=\"font-weight: 400;\">Alcuni di questi servizi della natura non possono ancora essere sostituiti tecnicamente (ad esempio la fotosintesi o la fornitura di terreni fertili). E quando \u00e8 possibile, la soluzione tecnica \u00e8 generalmente molto pi\u00f9 costosa (ad esempio la pulizia dell&#8217;acqua attraverso filtri tecnici o l&#8217;impollinazione delle piante attraverso un&#8217;ape robotica).<\/p>\n<p>&nbsp;<\/p>\n<h2>LA BIODIVERSIT\u00c0 COME PREMISE PER LA RESILIENZA AZIENDALE<b><br \/><\/b><\/h2>\n<p style=\"font-weight: 400;\">Ma qual \u00e8 il collegamento tra biodiversit\u00e0 e aziende? Fino ad ora, poche aziende pionieristiche hanno sviluppato strategie credibili sulla biodiversit\u00e0 con solidi obiettivi in materia di biodiversit\u00e0. Ma questo potrebbe cambiare rapidamente. Ci sono diversi motivi per questo:<\/p>\n<h3>PRIMO: GLI INVESTITORI STANNO DIROTTANDO IL CAPITALE<\/h3>\n<p>Per le aziende che causano impatti negativi sulla biodiversit\u00e0, potrebbe diventare pi\u00f9 difficile ottenere capitale. Infatti, sempre pi\u00f9 investitori e banche stanno iniziando a includere criteri di biodiversit\u00e0 nei loro ragionamenti, per essere un passo avanti alla curva normativa e per garantire di non essere esposti ad attivit\u00e0 bloccate causate dalla progressiva normativa sulla biodiversit\u00e0. Per questo motivo, il capitale potrebbe essere presto dirottato dalle imprese che causano impatti negativi diretti o indiretti sulla biodiversit\u00e0 a quelle &#8220;amiche della natura&#8221;.<\/p>\n<p style=\"font-weight: 400; text-align: center;\"><em>Ogni quinta azienda potrebbe essere confrontata con rischi operativi significativi a seguito del collasso degli ecosistemi.<\/em><\/p>\n<p style=\"font-weight: 400;\">Anche una moltitudine di nuovi approcci regolamentari \u00e8 stata annunciata o \u00e8 attesa a livello internazionale, europeo e nazionale, tra cui regole severe per l&#8217;uso commerciale di determinate aree, riforme delle sovvenzioni, tasse e multe, implementazione di obiettivi scientificamente fondati e linee guida commerciali.<\/p>\n<p><span style=\"font-size: 21px;\">.<\/span><\/p>\n<h3>SECONDO: IMPATTO DELLA BIODIVERSIT\u00c0 SUL SUCCESSO AZIENDALE<\/h3>\n<p>Il crollo degli ecosistemi potrebbe comportare rischi operativi significativi. L&#8217;iniziativa finanziaria del Programma ambientale delle Nazioni Unite ha scoperto che 13 dei 18 settori correlati ai processi produttivi hanno una dipendenza materiale elevata o molto elevata dalla natura. Ci\u00f2 significherebbe che una quinta parte delle aziende potrebbe essere confrontata con rischi operativi significativi a seguito del crollo degli ecosistemi. Questi rischi fondamentali legati alla natura possono tipicamente essere associati ai seguenti fattori:<\/p>\n<ol>\n<li><strong>Dipendenza<\/strong>: se un&#8217;azienda dipende direttamente dalla natura nel contesto del suo modello aziendale (ad esempio per quanto riguarda l&#8217;acqua dolce, l&#8217;impollinazione o i terreni produttivi), questo potrebbe influire sulla sua capacit\u00e0 finanziaria. Ad esempio, le aziende di bevande dovrebbero avere un approvvigionamento affidabile di acqua dolce, i produttori di alimenti dipendono dalla stabilit\u00e0 delle piante coltivate e dei terreni agricoli, e le aziende biofarmaceutiche hanno bisogno di ecosistemi per scoprire nuove fonti di farmaci.<\/li>\n<li><strong>Impatti<\/strong>: la perdita di biodiversit\u00e0 si riflette in diverse categorie di rischi ESG e pu\u00f2 influire direttamente sulle aziende interrompendo le loro catene di approvvigionamento, aumentando i costi di conformit\u00e0 normativa e minando la licenza sociale per operare (LSO).<\/li>\n<\/ol>\n<p style=\"font-weight: 400;\">I rischi legati alla biodiversit\u00e0 possono essere calcolati.<\/p>\n<h3>TERZO: OPPORTUNIT\u00c0 DI UNA GESTIONE CORRETTA DELLA BIODIVERSIT\u00c0 PER LE IMPRESE<\/h3>\n<p>Le considerazioni sulla biodiversit\u00e0 possono contribuire notevolmente a rendere pi\u00f9 resiliente la <a href=\"https:\/\/terra-institute.eu\/it\/legge-sulla-catena-di-fornitura\/\">catena del valore<\/a>. Nel contesto del passaggio globale a un&#8217;economia a basse emissioni di carbonio, ci si aspetta sempre pi\u00f9 che le aziende non solo dimostrino le loro <a href=\"https:\/\/terra-institute.eu\/it\/la-giusta-strategia-climatica-per-la-vostra-azienda\/\">strategie di decarbonizzazione<\/a>, ma che riducano (e preferibilmente migliorino) anche gli impatti negativi sulla biodiversit\u00e0. A questo scopo, la tassonomia dell&#8217;UE includer\u00e0, ad esempio, la richiesta che le imprese rivelino come hanno introdotto o intendono introdurre pratiche aziendali in linea con l&#8217;uso sostenibile e la gestione del capitale naturale, compresi aria, acqua, terra, minerali e foreste. Biodiversit\u00e0 e imprese: cos\u00ec come le aziende sono impegnate a includere un prezzo del carbonio nelle loro decisioni, dovrebbero gi\u00e0 ora stabilire formalmente conti del capitale naturale per sostenere l&#8217;innovazione, la conservazione e la pianificazione dei servizi ecosistemici.<\/p>\n<p style=\"font-weight: 400;\">La biodiversit\u00e0 \u00e8 il sistema di supporto vitale dell&#8217;umanit\u00e0. \u00c8 alla base del sistema alimentare mondiale, mantiene la qualit\u00e0 dell&#8217;aria, dell&#8217;acqua dolce e dei terreni, distribuisce l&#8217;acqua dolce, regola il clima, si occupa dell&#8217;impollinazione e della lotta ai parassiti, assorbe le emissioni di carbonio e riduce gli effetti dei disastri naturali.<\/p>\n<p style=\"font-weight: 400;\">Se impariamo a preservare, ripristinare e utilizzare equamente e sostenibilmente la nostra biodiversit\u00e0, avremo accesso a una serie di risorse naturali non solo ora, ma anche per molte generazioni future.<\/p>\n<p style=\"font-weight: 400;\">\n<p>[\/et_pb_text][\/et_pb_column][\/et_pb_row][\/et_pb_section]<\/p>\n","protected":false},"excerpt":{"rendered":"<p>La perdita di biodiversit\u00e0 \u00e8 stata classificata nel Global Risks Report 2021 del World Economic Forum per il secondo anno consecutivo come uno dei cinque rischi principali in termini di probabilit\u00e0 e impatto. Biodiversit\u00e0 e imprese &#8211; Le imprese dovrebbero agire ora per misurare e mitigare il loro impatto sulla biodiversit\u00e0, perch\u00e9 in futuro il [&hellip;]<\/p>\n","protected":false},"author":1,"featured_media":251665,"comment_status":"open","ping_status":"open","sticky":false,"template":"","format":"standard","meta":{"_et_pb_use_builder":"on","_et_pb_old_content":"","_et_gb_content_width":"","footnotes":""},"categories":[34],"tags":[43],"class_list":["post-251664","post","type-post","status-publish","format-standard","has-post-thumbnail","hentry","category-blog","tag-biodiversita"],"yoast_head":"<!-- This site is optimized with the Yoast SEO plugin v26.9 - https:\/\/yoast.com\/product\/yoast-seo-wordpress\/ -->\n<title>PERCH\u00c9 LE IMPRESE DOVREBBERO INTERESSARSI ALLA BIODIVERSIT\u00c0 - Terra Institute<\/title>\n<meta name=\"robots\" content=\"index, follow, max-snippet:-1, max-image-preview:large, max-video-preview:-1\" \/>\n<link rel=\"canonical\" href=\"https:\/\/terra-institute.eu\/it\/perche-le-imprese-dovrebbero-interessarsi-alla-biodiversita\/\" \/>\n<meta property=\"og:locale\" content=\"it_IT\" \/>\n<meta property=\"og:type\" content=\"article\" \/>\n<meta property=\"og:title\" content=\"PERCH\u00c9 LE IMPRESE DOVREBBERO INTERESSARSI ALLA BIODIVERSIT\u00c0 - Terra Institute\" \/>\n<meta property=\"og:description\" content=\"La perdita di biodiversit\u00e0 \u00e8 stata classificata nel Global Risks Report 2021 del World Economic Forum per il secondo anno consecutivo come uno dei cinque rischi principali in termini di probabilit\u00e0 e impatto. Biodiversit\u00e0 e imprese - Le imprese dovrebbero agire ora per misurare e mitigare il loro impatto sulla biodiversit\u00e0, perch\u00e9 in futuro il [&hellip;]\" \/>\n<meta property=\"og:url\" content=\"https:\/\/terra-institute.eu\/it\/perche-le-imprese-dovrebbero-interessarsi-alla-biodiversita\/\" \/>\n<meta property=\"og:site_name\" content=\"Terra Institute\" \/>\n<meta property=\"article:publisher\" content=\"https:\/\/www.facebook.com\/TerraInstitute\" \/>\n<meta property=\"article:published_time\" content=\"2023-05-19T08:24:00+00:00\" \/>\n<meta property=\"article:modified_time\" content=\"2025-02-17T16:03:13+00:00\" \/>\n<meta property=\"og:image\" content=\"https:\/\/terra-institute.eu\/it\/wp-content\/uploads\/2025\/01\/brian-garrity-TeK76JR3JPA-unsplash-scaled-1.jpg\" \/>\n\t<meta property=\"og:image:width\" content=\"2560\" \/>\n\t<meta property=\"og:image:height\" content=\"1707\" \/>\n\t<meta property=\"og:image:type\" content=\"image\/jpeg\" \/>\n<meta name=\"author\" content=\"francescoromito\" \/>\n<meta name=\"twitter:card\" content=\"summary_large_image\" \/>\n<meta name=\"twitter:creator\" content=\"@terra_institute\" \/>\n<meta name=\"twitter:site\" content=\"@terra_institute\" \/>\n<meta name=\"twitter:label1\" content=\"Scritto da\" \/>\n\t<meta name=\"twitter:data1\" content=\"francescoromito\" \/>\n\t<meta name=\"twitter:label2\" content=\"Tempo di lettura stimato\" \/>\n\t<meta name=\"twitter:data2\" content=\"7 minuti\" \/>\n<script type=\"application\/ld+json\" class=\"yoast-schema-graph\">{\"@context\":\"https:\/\/schema.org\",\"@graph\":[{\"@type\":\"Article\",\"@id\":\"https:\/\/terra-institute.eu\/it\/perche-le-imprese-dovrebbero-interessarsi-alla-biodiversita\/#article\",\"isPartOf\":{\"@id\":\"https:\/\/terra-institute.eu\/it\/perche-le-imprese-dovrebbero-interessarsi-alla-biodiversita\/\"},\"author\":{\"name\":\"francescoromito\",\"@id\":\"https:\/\/terra-institute.eu\/it\/#\/schema\/person\/0825c78d1038a1533e63d1a36ec49278\"},\"headline\":\"PERCH\u00c9 LE IMPRESE DOVREBBERO INTERESSARSI ALLA BIODIVERSIT\u00c0\",\"datePublished\":\"2023-05-19T08:24:00+00:00\",\"dateModified\":\"2025-02-17T16:03:13+00:00\",\"mainEntityOfPage\":{\"@id\":\"https:\/\/terra-institute.eu\/it\/perche-le-imprese-dovrebbero-interessarsi-alla-biodiversita\/\"},\"wordCount\":1334,\"commentCount\":0,\"image\":{\"@id\":\"https:\/\/terra-institute.eu\/it\/perche-le-imprese-dovrebbero-interessarsi-alla-biodiversita\/#primaryimage\"},\"thumbnailUrl\":\"https:\/\/terra-institute.eu\/it\/wp-content\/uploads\/2025\/01\/brian-garrity-TeK76JR3JPA-unsplash-scaled-1.jpg\",\"keywords\":[\"biodiversit\u00e0\"],\"articleSection\":[\"blog\"],\"inLanguage\":\"it-IT\",\"potentialAction\":[{\"@type\":\"CommentAction\",\"name\":\"Comment\",\"target\":[\"https:\/\/terra-institute.eu\/it\/perche-le-imprese-dovrebbero-interessarsi-alla-biodiversita\/#respond\"]}]},{\"@type\":\"WebPage\",\"@id\":\"https:\/\/terra-institute.eu\/it\/perche-le-imprese-dovrebbero-interessarsi-alla-biodiversita\/\",\"url\":\"https:\/\/terra-institute.eu\/it\/perche-le-imprese-dovrebbero-interessarsi-alla-biodiversita\/\",\"name\":\"PERCH\u00c9 LE IMPRESE DOVREBBERO INTERESSARSI ALLA BIODIVERSIT\u00c0 - Terra Institute\",\"isPartOf\":{\"@id\":\"https:\/\/terra-institute.eu\/it\/#website\"},\"primaryImageOfPage\":{\"@id\":\"https:\/\/terra-institute.eu\/it\/perche-le-imprese-dovrebbero-interessarsi-alla-biodiversita\/#primaryimage\"},\"image\":{\"@id\":\"https:\/\/terra-institute.eu\/it\/perche-le-imprese-dovrebbero-interessarsi-alla-biodiversita\/#primaryimage\"},\"thumbnailUrl\":\"https:\/\/terra-institute.eu\/it\/wp-content\/uploads\/2025\/01\/brian-garrity-TeK76JR3JPA-unsplash-scaled-1.jpg\",\"datePublished\":\"2023-05-19T08:24:00+00:00\",\"dateModified\":\"2025-02-17T16:03:13+00:00\",\"author\":{\"@id\":\"https:\/\/terra-institute.eu\/it\/#\/schema\/person\/0825c78d1038a1533e63d1a36ec49278\"},\"breadcrumb\":{\"@id\":\"https:\/\/terra-institute.eu\/it\/perche-le-imprese-dovrebbero-interessarsi-alla-biodiversita\/#breadcrumb\"},\"inLanguage\":\"it-IT\",\"potentialAction\":[{\"@type\":\"ReadAction\",\"target\":[\"https:\/\/terra-institute.eu\/it\/perche-le-imprese-dovrebbero-interessarsi-alla-biodiversita\/\"]}]},{\"@type\":\"ImageObject\",\"inLanguage\":\"it-IT\",\"@id\":\"https:\/\/terra-institute.eu\/it\/perche-le-imprese-dovrebbero-interessarsi-alla-biodiversita\/#primaryimage\",\"url\":\"https:\/\/terra-institute.eu\/it\/wp-content\/uploads\/2025\/01\/brian-garrity-TeK76JR3JPA-unsplash-scaled-1.jpg\",\"contentUrl\":\"https:\/\/terra-institute.eu\/it\/wp-content\/uploads\/2025\/01\/brian-garrity-TeK76JR3JPA-unsplash-scaled-1.jpg\",\"width\":2560,\"height\":1707},{\"@type\":\"BreadcrumbList\",\"@id\":\"https:\/\/terra-institute.eu\/it\/perche-le-imprese-dovrebbero-interessarsi-alla-biodiversita\/#breadcrumb\",\"itemListElement\":[{\"@type\":\"ListItem\",\"position\":1,\"name\":\"Home\",\"item\":\"https:\/\/terra-institute.eu\/it\/\"},{\"@type\":\"ListItem\",\"position\":2,\"name\":\"PERCH\u00c9 LE IMPRESE DOVREBBERO INTERESSARSI ALLA BIODIVERSIT\u00c0\"}]},{\"@type\":\"WebSite\",\"@id\":\"https:\/\/terra-institute.eu\/it\/#website\",\"url\":\"https:\/\/terra-institute.eu\/it\/\",\"name\":\"Terra Institute\",\"description\":\"Empowering Responsible Growth\",\"potentialAction\":[{\"@type\":\"SearchAction\",\"target\":{\"@type\":\"EntryPoint\",\"urlTemplate\":\"https:\/\/terra-institute.eu\/it\/?s={search_term_string}\"},\"query-input\":{\"@type\":\"PropertyValueSpecification\",\"valueRequired\":true,\"valueName\":\"search_term_string\"}}],\"inLanguage\":\"it-IT\"},{\"@type\":\"Person\",\"@id\":\"https:\/\/terra-institute.eu\/it\/#\/schema\/person\/0825c78d1038a1533e63d1a36ec49278\",\"name\":\"francescoromito\",\"image\":{\"@type\":\"ImageObject\",\"inLanguage\":\"it-IT\",\"@id\":\"https:\/\/terra-institute.eu\/it\/#\/schema\/person\/image\/\",\"url\":\"https:\/\/secure.gravatar.com\/avatar\/af139ce2e39890ae48f5692c8a08dde6e376be32739bb05ea5a3ce601c598fa9?s=96&d=mm&r=g\",\"contentUrl\":\"https:\/\/secure.gravatar.com\/avatar\/af139ce2e39890ae48f5692c8a08dde6e376be32739bb05ea5a3ce601c598fa9?s=96&d=mm&r=g\",\"caption\":\"francescoromito\"},\"sameAs\":[\"https:\/\/terra-institute.eu\/it\"],\"url\":\"https:\/\/terra-institute.eu\/it\/author\/francescoromito\/\"}]}<\/script>\n<!-- \/ Yoast SEO plugin. -->","yoast_head_json":{"title":"PERCH\u00c9 LE IMPRESE DOVREBBERO INTERESSARSI ALLA BIODIVERSIT\u00c0 - Terra Institute","robots":{"index":"index","follow":"follow","max-snippet":"max-snippet:-1","max-image-preview":"max-image-preview:large","max-video-preview":"max-video-preview:-1"},"canonical":"https:\/\/terra-institute.eu\/it\/perche-le-imprese-dovrebbero-interessarsi-alla-biodiversita\/","og_locale":"it_IT","og_type":"article","og_title":"PERCH\u00c9 LE IMPRESE DOVREBBERO INTERESSARSI ALLA BIODIVERSIT\u00c0 - Terra Institute","og_description":"La perdita di biodiversit\u00e0 \u00e8 stata classificata nel Global Risks Report 2021 del World Economic Forum per il secondo anno consecutivo come uno dei cinque rischi principali in termini di probabilit\u00e0 e impatto. Biodiversit\u00e0 e imprese - Le imprese dovrebbero agire ora per misurare e mitigare il loro impatto sulla biodiversit\u00e0, perch\u00e9 in futuro il [&hellip;]","og_url":"https:\/\/terra-institute.eu\/it\/perche-le-imprese-dovrebbero-interessarsi-alla-biodiversita\/","og_site_name":"Terra Institute","article_publisher":"https:\/\/www.facebook.com\/TerraInstitute","article_published_time":"2023-05-19T08:24:00+00:00","article_modified_time":"2025-02-17T16:03:13+00:00","og_image":[{"width":2560,"height":1707,"url":"https:\/\/terra-institute.eu\/it\/wp-content\/uploads\/2025\/01\/brian-garrity-TeK76JR3JPA-unsplash-scaled-1.jpg","type":"image\/jpeg"}],"author":"francescoromito","twitter_card":"summary_large_image","twitter_creator":"@terra_institute","twitter_site":"@terra_institute","twitter_misc":{"Scritto da":"francescoromito","Tempo di lettura stimato":"7 minuti"},"schema":{"@context":"https:\/\/schema.org","@graph":[{"@type":"Article","@id":"https:\/\/terra-institute.eu\/it\/perche-le-imprese-dovrebbero-interessarsi-alla-biodiversita\/#article","isPartOf":{"@id":"https:\/\/terra-institute.eu\/it\/perche-le-imprese-dovrebbero-interessarsi-alla-biodiversita\/"},"author":{"name":"francescoromito","@id":"https:\/\/terra-institute.eu\/it\/#\/schema\/person\/0825c78d1038a1533e63d1a36ec49278"},"headline":"PERCH\u00c9 LE IMPRESE DOVREBBERO INTERESSARSI ALLA BIODIVERSIT\u00c0","datePublished":"2023-05-19T08:24:00+00:00","dateModified":"2025-02-17T16:03:13+00:00","mainEntityOfPage":{"@id":"https:\/\/terra-institute.eu\/it\/perche-le-imprese-dovrebbero-interessarsi-alla-biodiversita\/"},"wordCount":1334,"commentCount":0,"image":{"@id":"https:\/\/terra-institute.eu\/it\/perche-le-imprese-dovrebbero-interessarsi-alla-biodiversita\/#primaryimage"},"thumbnailUrl":"https:\/\/terra-institute.eu\/it\/wp-content\/uploads\/2025\/01\/brian-garrity-TeK76JR3JPA-unsplash-scaled-1.jpg","keywords":["biodiversit\u00e0"],"articleSection":["blog"],"inLanguage":"it-IT","potentialAction":[{"@type":"CommentAction","name":"Comment","target":["https:\/\/terra-institute.eu\/it\/perche-le-imprese-dovrebbero-interessarsi-alla-biodiversita\/#respond"]}]},{"@type":"WebPage","@id":"https:\/\/terra-institute.eu\/it\/perche-le-imprese-dovrebbero-interessarsi-alla-biodiversita\/","url":"https:\/\/terra-institute.eu\/it\/perche-le-imprese-dovrebbero-interessarsi-alla-biodiversita\/","name":"PERCH\u00c9 LE IMPRESE DOVREBBERO INTERESSARSI ALLA BIODIVERSIT\u00c0 - Terra Institute","isPartOf":{"@id":"https:\/\/terra-institute.eu\/it\/#website"},"primaryImageOfPage":{"@id":"https:\/\/terra-institute.eu\/it\/perche-le-imprese-dovrebbero-interessarsi-alla-biodiversita\/#primaryimage"},"image":{"@id":"https:\/\/terra-institute.eu\/it\/perche-le-imprese-dovrebbero-interessarsi-alla-biodiversita\/#primaryimage"},"thumbnailUrl":"https:\/\/terra-institute.eu\/it\/wp-content\/uploads\/2025\/01\/brian-garrity-TeK76JR3JPA-unsplash-scaled-1.jpg","datePublished":"2023-05-19T08:24:00+00:00","dateModified":"2025-02-17T16:03:13+00:00","author":{"@id":"https:\/\/terra-institute.eu\/it\/#\/schema\/person\/0825c78d1038a1533e63d1a36ec49278"},"breadcrumb":{"@id":"https:\/\/terra-institute.eu\/it\/perche-le-imprese-dovrebbero-interessarsi-alla-biodiversita\/#breadcrumb"},"inLanguage":"it-IT","potentialAction":[{"@type":"ReadAction","target":["https:\/\/terra-institute.eu\/it\/perche-le-imprese-dovrebbero-interessarsi-alla-biodiversita\/"]}]},{"@type":"ImageObject","inLanguage":"it-IT","@id":"https:\/\/terra-institute.eu\/it\/perche-le-imprese-dovrebbero-interessarsi-alla-biodiversita\/#primaryimage","url":"https:\/\/terra-institute.eu\/it\/wp-content\/uploads\/2025\/01\/brian-garrity-TeK76JR3JPA-unsplash-scaled-1.jpg","contentUrl":"https:\/\/terra-institute.eu\/it\/wp-content\/uploads\/2025\/01\/brian-garrity-TeK76JR3JPA-unsplash-scaled-1.jpg","width":2560,"height":1707},{"@type":"BreadcrumbList","@id":"https:\/\/terra-institute.eu\/it\/perche-le-imprese-dovrebbero-interessarsi-alla-biodiversita\/#breadcrumb","itemListElement":[{"@type":"ListItem","position":1,"name":"Home","item":"https:\/\/terra-institute.eu\/it\/"},{"@type":"ListItem","position":2,"name":"PERCH\u00c9 LE IMPRESE DOVREBBERO INTERESSARSI ALLA BIODIVERSIT\u00c0"}]},{"@type":"WebSite","@id":"https:\/\/terra-institute.eu\/it\/#website","url":"https:\/\/terra-institute.eu\/it\/","name":"Terra Institute","description":"Empowering Responsible Growth","potentialAction":[{"@type":"SearchAction","target":{"@type":"EntryPoint","urlTemplate":"https:\/\/terra-institute.eu\/it\/?s={search_term_string}"},"query-input":{"@type":"PropertyValueSpecification","valueRequired":true,"valueName":"search_term_string"}}],"inLanguage":"it-IT"},{"@type":"Person","@id":"https:\/\/terra-institute.eu\/it\/#\/schema\/person\/0825c78d1038a1533e63d1a36ec49278","name":"francescoromito","image":{"@type":"ImageObject","inLanguage":"it-IT","@id":"https:\/\/terra-institute.eu\/it\/#\/schema\/person\/image\/","url":"https:\/\/secure.gravatar.com\/avatar\/af139ce2e39890ae48f5692c8a08dde6e376be32739bb05ea5a3ce601c598fa9?s=96&d=mm&r=g","contentUrl":"https:\/\/secure.gravatar.com\/avatar\/af139ce2e39890ae48f5692c8a08dde6e376be32739bb05ea5a3ce601c598fa9?s=96&d=mm&r=g","caption":"francescoromito"},"sameAs":["https:\/\/terra-institute.eu\/it"],"url":"https:\/\/terra-institute.eu\/it\/author\/francescoromito\/"}]}},"_links":{"self":[{"href":"https:\/\/terra-institute.eu\/it\/wp-json\/wp\/v2\/posts\/251664","targetHints":{"allow":["GET"]}}],"collection":[{"href":"https:\/\/terra-institute.eu\/it\/wp-json\/wp\/v2\/posts"}],"about":[{"href":"https:\/\/terra-institute.eu\/it\/wp-json\/wp\/v2\/types\/post"}],"author":[{"embeddable":true,"href":"https:\/\/terra-institute.eu\/it\/wp-json\/wp\/v2\/users\/1"}],"replies":[{"embeddable":true,"href":"https:\/\/terra-institute.eu\/it\/wp-json\/wp\/v2\/comments?post=251664"}],"version-history":[{"count":5,"href":"https:\/\/terra-institute.eu\/it\/wp-json\/wp\/v2\/posts\/251664\/revisions"}],"predecessor-version":[{"id":251780,"href":"https:\/\/terra-institute.eu\/it\/wp-json\/wp\/v2\/posts\/251664\/revisions\/251780"}],"wp:featuredmedia":[{"embeddable":true,"href":"https:\/\/terra-institute.eu\/it\/wp-json\/wp\/v2\/media\/251665"}],"wp:attachment":[{"href":"https:\/\/terra-institute.eu\/it\/wp-json\/wp\/v2\/media?parent=251664"}],"wp:term":[{"taxonomy":"category","embeddable":true,"href":"https:\/\/terra-institute.eu\/it\/wp-json\/wp\/v2\/categories?post=251664"},{"taxonomy":"post_tag","embeddable":true,"href":"https:\/\/terra-institute.eu\/it\/wp-json\/wp\/v2\/tags?post=251664"}],"curies":[{"name":"wp","href":"https:\/\/api.w.org\/{rel}","templated":true}]}}