{"id":251608,"date":"2024-04-17T09:48:00","date_gmt":"2024-04-17T07:48:00","guid":{"rendered":"https:\/\/terra-institute.eu\/it\/?p=251608"},"modified":"2025-02-17T16:52:46","modified_gmt":"2025-02-17T15:52:46","slug":"studio-insights-approfondimenti-verso-la-sostenibilita","status":"publish","type":"post","link":"https:\/\/terra-institute.eu\/it\/studio-insights-approfondimenti-verso-la-sostenibilita\/","title":{"rendered":"Studio &#8211; INSIGHTS: Approfondimenti verso la sostenibilit\u00e0"},"content":{"rendered":"<p>[et_pb_section fb_built=&#8221;1&#8243; _builder_version=&#8221;4.27.4&#8243; _module_preset=&#8221;default&#8221; global_colors_info=&#8221;{}&#8221; theme_builder_area=&#8221;post_content&#8221;][\/et_pb_section][et_pb_section fb_built=&#8221;1&#8243; _builder_version=&#8221;4.24.2&#8243; _module_preset=&#8221;default&#8221; custom_margin=&#8221;-104px||||false|false&#8221; custom_padding=&#8221;0px|||||&#8221; locked=&#8221;off&#8221; global_colors_info=&#8221;{}&#8221; theme_builder_area=&#8221;post_content&#8221;][et_pb_row _builder_version=&#8221;4.22.1&#8243; _module_preset=&#8221;default&#8221; border_width_bottom=&#8221;1px&#8221; border_color_bottom=&#8221;#cecece&#8221; global_colors_info=&#8221;{}&#8221; theme_builder_area=&#8221;post_content&#8221;][et_pb_column type=&#8221;4_4&#8243; _builder_version=&#8221;4.22.1&#8243; _module_preset=&#8221;default&#8221; global_colors_info=&#8221;{}&#8221; theme_builder_area=&#8221;post_content&#8221;][et_pb_text _builder_version=&#8221;4.24.2&#8243; _module_preset=&#8221;default&#8221; text_font=&#8221;Akrobat-SemiBold|||on|||||&#8221; text_text_color=&#8221;#7d7168&#8243; text_font_size=&#8221;21px&#8221; global_colors_info=&#8221;{}&#8221; theme_builder_area=&#8221;post_content&#8221;]<\/p>\n<p>Cosa motiva le imprese di medie dimensioni a diventare attive in materia di sostenibilit\u00e0? E cosa significa questo esattamente? Il nuovo studio &#8220;INSIGHTS: WEGE ZUR NACHHALTIGKEIT&#8221; mostra come i pionieri e i frontrunner in Svizzera abbiano stabilito la sostenibilit\u00e0 nelle loro aziende e si occupa dei fattori chiave di successo.<\/p>\n<p><span><\/span><\/p>\n<p>[\/et_pb_text][et_pb_text _builder_version=&#8221;4.24.2&#8243; _module_preset=&#8221;default&#8221; text_font_size=&#8221;19px&#8221; global_colors_info=&#8221;{}&#8221; theme_builder_area=&#8221;post_content&#8221;]<\/p>\n<div class=\"w-full text-token-text-primary\" dir=\"auto\" data-testid=\"conversation-turn-3\">\n<div class=\"px-4 py-2 justify-center text-base md:gap-6 m-auto\">\n<div class=\"flex flex-1 text-base mx-auto gap-3 juice:gap-4 juice:md:gap-6 md:px-5 lg:px-1 xl:px-5 md:max-w-3xl lg:max-w-[40rem] xl:max-w-[48rem]\">\n<div class=\"relative flex w-full flex-col agent-turn\">\n<div class=\"flex-col gap-1 md:gap-3\">\n<div class=\"flex flex-grow flex-col max-w-full\">\n<div data-message-author-role=\"assistant\" data-message-id=\"630d36d5-208f-4374-a64f-984847496fd1\" dir=\"auto\" class=\"min-h-[20px] text-message flex flex-col items-start gap-3 whitespace-pre-wrap break-words [.text-message+&amp;]:mt-5 overflow-x-auto\">\n<div class=\"markdown prose w-full break-words dark:prose-invert light\">\n<p style=\"font-weight: 400;\">Lo studio <em>Insights: Wege zur Nachhaltigkeit<\/em> \u00e8 stato iniziato dai fondatori di INAVANT_lab Cindy Ortlieb e Damian Wirth, con il sostegno attivo di \u00f6bu come partner di rete e di varie altre associazioni economiche.<\/p>\n<\/div>\n<\/div>\n<\/div>\n<\/div>\n<\/div>\n<\/div>\n<\/div>\n<\/div>\n<p>[\/et_pb_text][et_pb_button button_url=&#8221;https:\/\/terra-institute.us13.list-manage.com\/subscribe?u=df1369876340669877aa3fe31&#038;id=c9ece920b3&#8243; url_new_window=&#8221;on&#8221; button_text=&#8221;Studio ora disponibile gratuitamente e solo in tedesco &#8221; button_alignment=&#8221;center&#8221; _builder_version=&#8221;4.27.4&#8243; _module_preset=&#8221;default&#8221; global_colors_info=&#8221;{}&#8221; theme_builder_area=&#8221;post_content&#8221;][\/et_pb_button][et_pb_text _builder_version=&#8221;4.27.4&#8243; _module_preset=&#8221;default&#8221; global_colors_info=&#8221;{}&#8221; theme_builder_area=&#8221;post_content&#8221;]<\/p>\n<h2>LA SOSTENIBILIT\u00c0 IN ECONOMIA: MOTIVAZIONE E IMPLEMENTAZIONE<\/h2>\n<p>[\/et_pb_text][et_pb_text _builder_version=&#8221;4.24.2&#8243; _module_preset=&#8221;default&#8221; text_font_size=&#8221;19px&#8221; global_colors_info=&#8221;{}&#8221; theme_builder_area=&#8221;post_content&#8221;]<\/p>\n<p style=\"font-weight: 400;\">Il tema della sostenibilit\u00e0 ha acquisito un notevole slancio. Non solo ha raggiunto il centro della societ\u00e0, ma anche il mondo delle imprese. Eppure l&#8217;argomento \u00e8 ancora spesso sottovalutato dalle PMI.<\/p>\n<p style=\"font-weight: 400;\">Gli autori dello studio <strong>Insights: Wege zur Nachhaltigkeit<\/strong> volevano quindi sapere perch\u00e9 e come gli operatori economici sostenibili hanno affrontato il <a href=\"https:\/\/terra-institute.eu\/it\/strategia-di-sostenibilita-consigli-per-la-vostra-azienda\/\">processo di sostenibilit\u00e0<\/a>. Le seguenti domande sono state affrontate in interviste aperte e discussioni personali:<\/p>\n<ul>\n<li>Quali fattori sono necessari per motivare le pratiche aziendali sostenibili?<\/li>\n<li>Come si affronta questo tema complesso e stratificato?<\/li>\n<li>Come fanno le aziende a trovare il proprio percorso fattibile con i mezzi e le risorse disponibili?<\/li>\n<\/ul>\n<p style=\"font-weight: 400;\">I risultati sono interessanti approfondimenti su progetti e processi di trasformazione, nonch\u00e9 esempi di best practice che forniscono ai decisori politici spunti preziosi per far decollare le proprie attivit\u00e0 di sostenibilit\u00e0.<\/p>\n<p>[\/et_pb_text][et_pb_text _builder_version=&#8221;4.27.4&#8243; _module_preset=&#8221;default&#8221; global_colors_info=&#8221;{}&#8221; theme_builder_area=&#8221;post_content&#8221;]<\/p>\n<h2>IL FATTORE DECISIVO \u00c8: INIZIARE<\/h2>\n<p>[\/et_pb_text][et_pb_text _builder_version=&#8221;4.24.2&#8243; _module_preset=&#8221;default&#8221; text_font_size=&#8221;19px&#8221; global_colors_info=&#8221;{}&#8221; theme_builder_area=&#8221;post_content&#8221;]<\/p>\n<p style=\"font-weight: 400;\">La sostenibilit\u00e0 \u00e8 un tema complesso e stratificato. Lo studio documenta i vari modi in cui le aziende intervistate si sono riorganizzate con successo dal punto di vista ecologico, sociale ed economico. E lo dimostra: Non c&#8217;\u00e8 un solo modo. Ogni azienda ha avuto un proprio punto di partenza. Ogni azienda ha dovuto imparare a comprendere la gestione sostenibile come un processo di apprendimento continuo. Per i leader dello studio, il loro appello \u00e8 quindi fondamentale: basta iniziare. <strong>Insights: Wege zur Nachhaltigkeit<\/strong> sostiene la necessit\u00e0 di prendere in mano il processo di trasformazione con coraggio e di imparare continuamente lungo il percorso.<\/p>\n<p>[\/et_pb_text][et_pb_button button_url=&#8221;https:\/\/terra-institute.us13.list-manage.com\/subscribe?u=df1369876340669877aa3fe31&#038;id=c9ece920b3&#8243; url_new_window=&#8221;on&#8221; button_text=&#8221;Studio ora disponibile gratuitamente e solo in tedesco &#8221; button_alignment=&#8221;center&#8221; _builder_version=&#8221;4.27.4&#8243; _module_preset=&#8221;default&#8221; global_colors_info=&#8221;{}&#8221; theme_builder_area=&#8221;post_content&#8221;][\/et_pb_button][et_pb_text _builder_version=&#8221;4.27.4&#8243; _module_preset=&#8221;default&#8221; text_font_size=&#8221;19px&#8221; global_colors_info=&#8221;{}&#8221; theme_builder_area=&#8221;post_content&#8221;]<\/p>\n<h3>Su INAVANT_lab<\/h3>\n<p style=\"font-weight: 400;\">INAVANT_lab, fondato da Cindy Ortlieb e Damian Wirth, supporta aziende e organizzazioni nell&#8217;implementazione di successo della sostenibilit\u00e0 in tutti i settori. La sostenibilit\u00e0 \u00e8 intesa principalmente come un&#8217;opportunit\u00e0 per garantire il proprio futuro ecologico, sociale ed economico a lungo termine.<span>\u00a0 <\/span>Durante il progetto di studio \u00e8 nata una stretta collaborazione con il TERRA Institute di Bressanone, in Alto Adige, che ha portato alla creazione di un sito Terra in Svizzera.<\/p>\n<h3>SU \u00f6bu<\/h3>\n<p><a href=\"https:\/\/www.oebu.ch\/\">\u00f6bu<\/a> &#8211; L&#8217;Associazione per l&#8217;imprenditoria sostenibile promuove l&#8217;attuazione degli Obiettivi di Sviluppo Sostenibile delle Nazioni Unite (SDGs, Agenda 2030) da parte di aziende e organizzazioni svizzere in diversi settori. A tal fine, l&#8217;associazione riunisce persone, aziende, idee e metodi e collabora con i suoi partner per promuovere un&#8217;economia svizzera sostenibile.<\/p>\n<p>[\/et_pb_text][\/et_pb_column][\/et_pb_row][\/et_pb_section]<\/p>\n","protected":false},"excerpt":{"rendered":"<p>Cosa motiva le imprese di medie dimensioni a diventare attive in materia di sostenibilit\u00e0? E cosa significa questo esattamente? Il nuovo studio &#8220;INSIGHTS: WEGE ZUR NACHHALTIGKEIT&#8221; mostra come i pionieri e i frontrunner in Svizzera abbiano stabilito la sostenibilit\u00e0 nelle loro aziende e si occupa dei fattori chiave di successo. Lo studio Insights: Wege zur [&hellip;]<\/p>\n","protected":false},"author":1,"featured_media":251609,"comment_status":"open","ping_status":"open","sticky":false,"template":"","format":"standard","meta":{"_et_pb_use_builder":"on","_et_pb_old_content":"","_et_gb_content_width":"","footnotes":""},"categories":[34,41],"tags":[46,50],"class_list":["post-251608","post","type-post","status-publish","format-standard","has-post-thumbnail","hentry","category-blog","category-pubblicazioni","tag-strategia-climatica","tag-strategia-di-sostenibilita"],"yoast_head":"<!-- This site is optimized with the Yoast SEO plugin v26.9 - https:\/\/yoast.com\/product\/yoast-seo-wordpress\/ -->\n<title>Studio - INSIGHTS: Approfondimenti verso la sostenibilit\u00e0 - Terra Institute<\/title>\n<meta name=\"robots\" content=\"index, follow, max-snippet:-1, max-image-preview:large, max-video-preview:-1\" \/>\n<link rel=\"canonical\" href=\"https:\/\/terra-institute.eu\/it\/studio-insights-approfondimenti-verso-la-sostenibilita\/\" \/>\n<meta property=\"og:locale\" content=\"it_IT\" \/>\n<meta property=\"og:type\" content=\"article\" \/>\n<meta property=\"og:title\" content=\"Studio - INSIGHTS: Approfondimenti verso la sostenibilit\u00e0 - Terra Institute\" \/>\n<meta property=\"og:description\" content=\"Cosa motiva le imprese di medie dimensioni a diventare attive in materia di sostenibilit\u00e0? E cosa significa questo esattamente? Il nuovo studio &quot;INSIGHTS: WEGE ZUR NACHHALTIGKEIT&quot; mostra come i pionieri e i frontrunner in Svizzera abbiano stabilito la sostenibilit\u00e0 nelle loro aziende e si occupa dei fattori chiave di successo. Lo studio Insights: Wege zur [&hellip;]\" \/>\n<meta property=\"og:url\" content=\"https:\/\/terra-institute.eu\/it\/studio-insights-approfondimenti-verso-la-sostenibilita\/\" \/>\n<meta property=\"og:site_name\" content=\"Terra Institute\" \/>\n<meta property=\"article:publisher\" content=\"https:\/\/www.facebook.com\/TerraInstitute\" \/>\n<meta property=\"article:published_time\" content=\"2024-04-17T07:48:00+00:00\" \/>\n<meta property=\"article:modified_time\" content=\"2025-02-17T15:52:46+00:00\" \/>\n<meta property=\"og:image\" content=\"https:\/\/terra-institute.eu\/it\/wp-content\/uploads\/2025\/01\/Blatt-gruen-2.jpeg\" \/>\n\t<meta property=\"og:image:width\" content=\"1080\" \/>\n\t<meta property=\"og:image:height\" content=\"720\" \/>\n\t<meta property=\"og:image:type\" content=\"image\/jpeg\" \/>\n<meta name=\"author\" content=\"francescoromito\" \/>\n<meta name=\"twitter:card\" content=\"summary_large_image\" \/>\n<meta name=\"twitter:creator\" content=\"@terra_institute\" \/>\n<meta name=\"twitter:site\" content=\"@terra_institute\" \/>\n<meta name=\"twitter:label1\" content=\"Scritto da\" \/>\n\t<meta name=\"twitter:data1\" content=\"francescoromito\" \/>\n\t<meta name=\"twitter:label2\" content=\"Tempo di lettura stimato\" \/>\n\t<meta name=\"twitter:data2\" content=\"3 minuti\" \/>\n<script type=\"application\/ld+json\" class=\"yoast-schema-graph\">{\"@context\":\"https:\/\/schema.org\",\"@graph\":[{\"@type\":\"Article\",\"@id\":\"https:\/\/terra-institute.eu\/it\/studio-insights-approfondimenti-verso-la-sostenibilita\/#article\",\"isPartOf\":{\"@id\":\"https:\/\/terra-institute.eu\/it\/studio-insights-approfondimenti-verso-la-sostenibilita\/\"},\"author\":{\"name\":\"francescoromito\",\"@id\":\"https:\/\/terra-institute.eu\/it\/#\/schema\/person\/0825c78d1038a1533e63d1a36ec49278\"},\"headline\":\"Studio &#8211; INSIGHTS: Approfondimenti verso la sostenibilit\u00e0\",\"datePublished\":\"2024-04-17T07:48:00+00:00\",\"dateModified\":\"2025-02-17T15:52:46+00:00\",\"mainEntityOfPage\":{\"@id\":\"https:\/\/terra-institute.eu\/it\/studio-insights-approfondimenti-verso-la-sostenibilita\/\"},\"wordCount\":830,\"commentCount\":0,\"image\":{\"@id\":\"https:\/\/terra-institute.eu\/it\/studio-insights-approfondimenti-verso-la-sostenibilita\/#primaryimage\"},\"thumbnailUrl\":\"https:\/\/terra-institute.eu\/it\/wp-content\/uploads\/2025\/01\/Blatt-gruen-2.jpeg\",\"keywords\":[\"STRATEGIA CLIMATICA\",\"STRATEGIA DI SOSTENIBILIT\u00e0\"],\"articleSection\":[\"blog\",\"pubblicazioni\"],\"inLanguage\":\"it-IT\",\"potentialAction\":[{\"@type\":\"CommentAction\",\"name\":\"Comment\",\"target\":[\"https:\/\/terra-institute.eu\/it\/studio-insights-approfondimenti-verso-la-sostenibilita\/#respond\"]}]},{\"@type\":\"WebPage\",\"@id\":\"https:\/\/terra-institute.eu\/it\/studio-insights-approfondimenti-verso-la-sostenibilita\/\",\"url\":\"https:\/\/terra-institute.eu\/it\/studio-insights-approfondimenti-verso-la-sostenibilita\/\",\"name\":\"Studio - INSIGHTS: Approfondimenti verso la sostenibilit\u00e0 - Terra Institute\",\"isPartOf\":{\"@id\":\"https:\/\/terra-institute.eu\/it\/#website\"},\"primaryImageOfPage\":{\"@id\":\"https:\/\/terra-institute.eu\/it\/studio-insights-approfondimenti-verso-la-sostenibilita\/#primaryimage\"},\"image\":{\"@id\":\"https:\/\/terra-institute.eu\/it\/studio-insights-approfondimenti-verso-la-sostenibilita\/#primaryimage\"},\"thumbnailUrl\":\"https:\/\/terra-institute.eu\/it\/wp-content\/uploads\/2025\/01\/Blatt-gruen-2.jpeg\",\"datePublished\":\"2024-04-17T07:48:00+00:00\",\"dateModified\":\"2025-02-17T15:52:46+00:00\",\"author\":{\"@id\":\"https:\/\/terra-institute.eu\/it\/#\/schema\/person\/0825c78d1038a1533e63d1a36ec49278\"},\"breadcrumb\":{\"@id\":\"https:\/\/terra-institute.eu\/it\/studio-insights-approfondimenti-verso-la-sostenibilita\/#breadcrumb\"},\"inLanguage\":\"it-IT\",\"potentialAction\":[{\"@type\":\"ReadAction\",\"target\":[\"https:\/\/terra-institute.eu\/it\/studio-insights-approfondimenti-verso-la-sostenibilita\/\"]}]},{\"@type\":\"ImageObject\",\"inLanguage\":\"it-IT\",\"@id\":\"https:\/\/terra-institute.eu\/it\/studio-insights-approfondimenti-verso-la-sostenibilita\/#primaryimage\",\"url\":\"https:\/\/terra-institute.eu\/it\/wp-content\/uploads\/2025\/01\/Blatt-gruen-2.jpeg\",\"contentUrl\":\"https:\/\/terra-institute.eu\/it\/wp-content\/uploads\/2025\/01\/Blatt-gruen-2.jpeg\",\"width\":1080,\"height\":720},{\"@type\":\"BreadcrumbList\",\"@id\":\"https:\/\/terra-institute.eu\/it\/studio-insights-approfondimenti-verso-la-sostenibilita\/#breadcrumb\",\"itemListElement\":[{\"@type\":\"ListItem\",\"position\":1,\"name\":\"Home\",\"item\":\"https:\/\/terra-institute.eu\/it\/\"},{\"@type\":\"ListItem\",\"position\":2,\"name\":\"Studio &#8211; INSIGHTS: Approfondimenti verso la sostenibilit\u00e0\"}]},{\"@type\":\"WebSite\",\"@id\":\"https:\/\/terra-institute.eu\/it\/#website\",\"url\":\"https:\/\/terra-institute.eu\/it\/\",\"name\":\"Terra Institute\",\"description\":\"Empowering Responsible Growth\",\"potentialAction\":[{\"@type\":\"SearchAction\",\"target\":{\"@type\":\"EntryPoint\",\"urlTemplate\":\"https:\/\/terra-institute.eu\/it\/?s={search_term_string}\"},\"query-input\":{\"@type\":\"PropertyValueSpecification\",\"valueRequired\":true,\"valueName\":\"search_term_string\"}}],\"inLanguage\":\"it-IT\"},{\"@type\":\"Person\",\"@id\":\"https:\/\/terra-institute.eu\/it\/#\/schema\/person\/0825c78d1038a1533e63d1a36ec49278\",\"name\":\"francescoromito\",\"image\":{\"@type\":\"ImageObject\",\"inLanguage\":\"it-IT\",\"@id\":\"https:\/\/terra-institute.eu\/it\/#\/schema\/person\/image\/\",\"url\":\"https:\/\/secure.gravatar.com\/avatar\/af139ce2e39890ae48f5692c8a08dde6e376be32739bb05ea5a3ce601c598fa9?s=96&d=mm&r=g\",\"contentUrl\":\"https:\/\/secure.gravatar.com\/avatar\/af139ce2e39890ae48f5692c8a08dde6e376be32739bb05ea5a3ce601c598fa9?s=96&d=mm&r=g\",\"caption\":\"francescoromito\"},\"sameAs\":[\"https:\/\/terra-institute.eu\/it\"],\"url\":\"https:\/\/terra-institute.eu\/it\/author\/francescoromito\/\"}]}<\/script>\n<!-- \/ Yoast SEO plugin. -->","yoast_head_json":{"title":"Studio - INSIGHTS: Approfondimenti verso la sostenibilit\u00e0 - Terra Institute","robots":{"index":"index","follow":"follow","max-snippet":"max-snippet:-1","max-image-preview":"max-image-preview:large","max-video-preview":"max-video-preview:-1"},"canonical":"https:\/\/terra-institute.eu\/it\/studio-insights-approfondimenti-verso-la-sostenibilita\/","og_locale":"it_IT","og_type":"article","og_title":"Studio - INSIGHTS: Approfondimenti verso la sostenibilit\u00e0 - Terra Institute","og_description":"Cosa motiva le imprese di medie dimensioni a diventare attive in materia di sostenibilit\u00e0? E cosa significa questo esattamente? Il nuovo studio \"INSIGHTS: WEGE ZUR NACHHALTIGKEIT\" mostra come i pionieri e i frontrunner in Svizzera abbiano stabilito la sostenibilit\u00e0 nelle loro aziende e si occupa dei fattori chiave di successo. Lo studio Insights: Wege zur [&hellip;]","og_url":"https:\/\/terra-institute.eu\/it\/studio-insights-approfondimenti-verso-la-sostenibilita\/","og_site_name":"Terra Institute","article_publisher":"https:\/\/www.facebook.com\/TerraInstitute","article_published_time":"2024-04-17T07:48:00+00:00","article_modified_time":"2025-02-17T15:52:46+00:00","og_image":[{"width":1080,"height":720,"url":"https:\/\/terra-institute.eu\/it\/wp-content\/uploads\/2025\/01\/Blatt-gruen-2.jpeg","type":"image\/jpeg"}],"author":"francescoromito","twitter_card":"summary_large_image","twitter_creator":"@terra_institute","twitter_site":"@terra_institute","twitter_misc":{"Scritto da":"francescoromito","Tempo di lettura stimato":"3 minuti"},"schema":{"@context":"https:\/\/schema.org","@graph":[{"@type":"Article","@id":"https:\/\/terra-institute.eu\/it\/studio-insights-approfondimenti-verso-la-sostenibilita\/#article","isPartOf":{"@id":"https:\/\/terra-institute.eu\/it\/studio-insights-approfondimenti-verso-la-sostenibilita\/"},"author":{"name":"francescoromito","@id":"https:\/\/terra-institute.eu\/it\/#\/schema\/person\/0825c78d1038a1533e63d1a36ec49278"},"headline":"Studio &#8211; INSIGHTS: Approfondimenti verso la sostenibilit\u00e0","datePublished":"2024-04-17T07:48:00+00:00","dateModified":"2025-02-17T15:52:46+00:00","mainEntityOfPage":{"@id":"https:\/\/terra-institute.eu\/it\/studio-insights-approfondimenti-verso-la-sostenibilita\/"},"wordCount":830,"commentCount":0,"image":{"@id":"https:\/\/terra-institute.eu\/it\/studio-insights-approfondimenti-verso-la-sostenibilita\/#primaryimage"},"thumbnailUrl":"https:\/\/terra-institute.eu\/it\/wp-content\/uploads\/2025\/01\/Blatt-gruen-2.jpeg","keywords":["STRATEGIA CLIMATICA","STRATEGIA DI SOSTENIBILIT\u00e0"],"articleSection":["blog","pubblicazioni"],"inLanguage":"it-IT","potentialAction":[{"@type":"CommentAction","name":"Comment","target":["https:\/\/terra-institute.eu\/it\/studio-insights-approfondimenti-verso-la-sostenibilita\/#respond"]}]},{"@type":"WebPage","@id":"https:\/\/terra-institute.eu\/it\/studio-insights-approfondimenti-verso-la-sostenibilita\/","url":"https:\/\/terra-institute.eu\/it\/studio-insights-approfondimenti-verso-la-sostenibilita\/","name":"Studio - INSIGHTS: Approfondimenti verso la sostenibilit\u00e0 - Terra Institute","isPartOf":{"@id":"https:\/\/terra-institute.eu\/it\/#website"},"primaryImageOfPage":{"@id":"https:\/\/terra-institute.eu\/it\/studio-insights-approfondimenti-verso-la-sostenibilita\/#primaryimage"},"image":{"@id":"https:\/\/terra-institute.eu\/it\/studio-insights-approfondimenti-verso-la-sostenibilita\/#primaryimage"},"thumbnailUrl":"https:\/\/terra-institute.eu\/it\/wp-content\/uploads\/2025\/01\/Blatt-gruen-2.jpeg","datePublished":"2024-04-17T07:48:00+00:00","dateModified":"2025-02-17T15:52:46+00:00","author":{"@id":"https:\/\/terra-institute.eu\/it\/#\/schema\/person\/0825c78d1038a1533e63d1a36ec49278"},"breadcrumb":{"@id":"https:\/\/terra-institute.eu\/it\/studio-insights-approfondimenti-verso-la-sostenibilita\/#breadcrumb"},"inLanguage":"it-IT","potentialAction":[{"@type":"ReadAction","target":["https:\/\/terra-institute.eu\/it\/studio-insights-approfondimenti-verso-la-sostenibilita\/"]}]},{"@type":"ImageObject","inLanguage":"it-IT","@id":"https:\/\/terra-institute.eu\/it\/studio-insights-approfondimenti-verso-la-sostenibilita\/#primaryimage","url":"https:\/\/terra-institute.eu\/it\/wp-content\/uploads\/2025\/01\/Blatt-gruen-2.jpeg","contentUrl":"https:\/\/terra-institute.eu\/it\/wp-content\/uploads\/2025\/01\/Blatt-gruen-2.jpeg","width":1080,"height":720},{"@type":"BreadcrumbList","@id":"https:\/\/terra-institute.eu\/it\/studio-insights-approfondimenti-verso-la-sostenibilita\/#breadcrumb","itemListElement":[{"@type":"ListItem","position":1,"name":"Home","item":"https:\/\/terra-institute.eu\/it\/"},{"@type":"ListItem","position":2,"name":"Studio &#8211; INSIGHTS: Approfondimenti verso la sostenibilit\u00e0"}]},{"@type":"WebSite","@id":"https:\/\/terra-institute.eu\/it\/#website","url":"https:\/\/terra-institute.eu\/it\/","name":"Terra Institute","description":"Empowering Responsible Growth","potentialAction":[{"@type":"SearchAction","target":{"@type":"EntryPoint","urlTemplate":"https:\/\/terra-institute.eu\/it\/?s={search_term_string}"},"query-input":{"@type":"PropertyValueSpecification","valueRequired":true,"valueName":"search_term_string"}}],"inLanguage":"it-IT"},{"@type":"Person","@id":"https:\/\/terra-institute.eu\/it\/#\/schema\/person\/0825c78d1038a1533e63d1a36ec49278","name":"francescoromito","image":{"@type":"ImageObject","inLanguage":"it-IT","@id":"https:\/\/terra-institute.eu\/it\/#\/schema\/person\/image\/","url":"https:\/\/secure.gravatar.com\/avatar\/af139ce2e39890ae48f5692c8a08dde6e376be32739bb05ea5a3ce601c598fa9?s=96&d=mm&r=g","contentUrl":"https:\/\/secure.gravatar.com\/avatar\/af139ce2e39890ae48f5692c8a08dde6e376be32739bb05ea5a3ce601c598fa9?s=96&d=mm&r=g","caption":"francescoromito"},"sameAs":["https:\/\/terra-institute.eu\/it"],"url":"https:\/\/terra-institute.eu\/it\/author\/francescoromito\/"}]}},"_links":{"self":[{"href":"https:\/\/terra-institute.eu\/it\/wp-json\/wp\/v2\/posts\/251608","targetHints":{"allow":["GET"]}}],"collection":[{"href":"https:\/\/terra-institute.eu\/it\/wp-json\/wp\/v2\/posts"}],"about":[{"href":"https:\/\/terra-institute.eu\/it\/wp-json\/wp\/v2\/types\/post"}],"author":[{"embeddable":true,"href":"https:\/\/terra-institute.eu\/it\/wp-json\/wp\/v2\/users\/1"}],"replies":[{"embeddable":true,"href":"https:\/\/terra-institute.eu\/it\/wp-json\/wp\/v2\/comments?post=251608"}],"version-history":[{"count":7,"href":"https:\/\/terra-institute.eu\/it\/wp-json\/wp\/v2\/posts\/251608\/revisions"}],"predecessor-version":[{"id":251815,"href":"https:\/\/terra-institute.eu\/it\/wp-json\/wp\/v2\/posts\/251608\/revisions\/251815"}],"wp:featuredmedia":[{"embeddable":true,"href":"https:\/\/terra-institute.eu\/it\/wp-json\/wp\/v2\/media\/251609"}],"wp:attachment":[{"href":"https:\/\/terra-institute.eu\/it\/wp-json\/wp\/v2\/media?parent=251608"}],"wp:term":[{"taxonomy":"category","embeddable":true,"href":"https:\/\/terra-institute.eu\/it\/wp-json\/wp\/v2\/categories?post=251608"},{"taxonomy":"post_tag","embeddable":true,"href":"https:\/\/terra-institute.eu\/it\/wp-json\/wp\/v2\/tags?post=251608"}],"curies":[{"name":"wp","href":"https:\/\/api.w.org\/{rel}","templated":true}]}}