{"id":251551,"date":"2024-04-23T14:28:00","date_gmt":"2024-04-23T12:28:00","guid":{"rendered":"https:\/\/terra-institute.eu\/it\/?p=251551"},"modified":"2025-02-17T16:51:45","modified_gmt":"2025-02-17T15:51:45","slug":"rapporto-di-sostenibilita-di-raiffeisen-landesbank-tirol","status":"publish","type":"post","link":"https:\/\/terra-institute.eu\/it\/rapporto-di-sostenibilita-di-raiffeisen-landesbank-tirol\/","title":{"rendered":"RAPPORTO DI SOSTENIBILIT\u00c0 DI RAIFFEISEN-LANDESBANK TIROL"},"content":{"rendered":"<p>[et_pb_section fb_built=&#8221;1&#8243; module_id=&#8221;temi&#8221; _builder_version=&#8221;4.16&#8243; _module_preset=&#8221;default&#8221; background_color=&#8221;#FFFFFF&#8221; module_alignment=&#8221;center&#8221; min_height=&#8221;622.7px&#8221; custom_margin=&#8221;|||-19px|false|false&#8221; custom_padding=&#8221;24px||44px||false|false&#8221; locked=&#8221;off&#8221; global_colors_info=&#8221;{}&#8221; theme_builder_area=&#8221;post_content&#8221;][et_pb_row column_structure=&#8221;2_5,3_5&#8243; module_id=&#8221;g\u00f6g-intro&#8221; _builder_version=&#8221;4.24.2&#8243; _module_preset=&#8221;default&#8221; module_alignment=&#8221;center&#8221; custom_margin=&#8221;9px|auto||auto||&#8221; custom_padding=&#8221;23px||1px|||&#8221; border_color_top=&#8221;rgba(125,113,104,0.25)&#8221; global_colors_info=&#8221;{}&#8221; theme_builder_area=&#8221;post_content&#8221;][et_pb_column type=&#8221;2_5&#8243; _builder_version=&#8221;4.16&#8243; _module_preset=&#8221;default&#8221; global_colors_info=&#8221;{}&#8221; theme_builder_area=&#8221;post_content&#8221;][et_pb_text _builder_version=&#8221;4.22.1&#8243; _module_preset=&#8221;default&#8221; text_font=&#8221;SourceSans-Pro-Regular||||||||&#8221; header_2_text_color=&#8221;#3d3d3d&#8221; header_2_font_size=&#8221;32px&#8221; header_2_line_height=&#8221;1.1em&#8221; custom_margin=&#8221;||-4px|||&#8221; custom_padding=&#8221;||0px||false|false&#8221; animation_style=&#8221;fade&#8221; animation_duration=&#8221;1300ms&#8221; border_color_left=&#8221;#7d7168&#8243; locked=&#8221;off&#8221; global_colors_info=&#8221;{}&#8221; theme_builder_area=&#8221;post_content&#8221;]<\/p>\n<h2>IL PERCORSO DEL RAPPORTO DI SOSTENIBILIT\u00c0<\/h2>\n<p>[\/et_pb_text][et_pb_text disabled_on=&#8221;off|off|off&#8221; _builder_version=&#8221;4.27.4&#8243; _module_preset=&#8221;default&#8221; background_color=&#8221;#f9f9f9&#8243; custom_margin=&#8221;20px|||20px|false|false&#8221; custom_padding=&#8221;20px|||20px|false|false&#8221; box_shadow_style=&#8221;preset3&#8243; global_colors_info=&#8221;{}&#8221; theme_builder_area=&#8221;post_content&#8221;]<\/p>\n<h4><strong>CONTENUTI<\/strong><\/h4>\n<ol>\n<li><a href=\"#intro\" title=\"Fatti salienti di RLB Tirol\">Fatti salienti di RLB Tirol<\/a><\/li>\n<li><a href=\"#herausforderungen\" title=\"Le sfide\">Le sfide<\/a><\/li>\n<li><a href=\"#transformationsprozess\" title=\"Banca in trasformazione\">Banca in trasformazione<\/a><\/li>\n<li><a href=\"#wesentliche-themen\" title=\"Argomenti chiave e relazione\">Argomenti chiave e relazione<\/a><\/li>\n<li><a href=\"#zitat\">Charlotte Dewilde di RLB Tirol sul progetto<\/a><\/li>\n<li><a href=\"#projektleiter\" title=\"Responsabile del progetto Margit Holzhammer\">Responsabile del progetto Margit Holzhammer<\/a><\/li>\n<li><a href=\"#kontakt\" title=\"Contatto\">Contatto<\/a><\/li>\n<\/ol>\n<p>[\/et_pb_text][\/et_pb_column][et_pb_column type=&#8221;3_5&#8243; _builder_version=&#8221;4.16&#8243; _module_preset=&#8221;default&#8221; global_colors_info=&#8221;{}&#8221; theme_builder_area=&#8221;post_content&#8221;][et_pb_text _builder_version=&#8221;4.24.2&#8243; _module_preset=&#8221;default&#8221; header_3_text_color=&#8221;#428ca6&#8243; global_colors_info=&#8221;{}&#8221; theme_builder_area=&#8221;post_content&#8221;]<\/p>\n<div class=\"flex-1 overflow-hidden\">\n<div class=\"react-scroll-to-bottom--css-bhcje-79elbk h-full\">\n<div class=\"react-scroll-to-bottom--css-bhcje-1n7m0yu\">\n<div>\n<div class=\"flex flex-col text-sm pb-9\">\n<div class=\"w-full text-token-text-primary\" dir=\"auto\" data-testid=\"conversation-turn-81\">\n<div class=\"px-4 py-2 justify-center text-base md:gap-6 m-auto\">\n<div class=\"flex flex-1 text-base mx-auto gap-3 juice:gap-4 juice:md:gap-6 md:px-5 lg:px-1 xl:px-5 md:max-w-3xl lg:max-w-[40rem] xl:max-w-[48rem]\">\n<div class=\"relative flex w-full flex-col agent-turn\">\n<div class=\"flex-col gap-1 md:gap-3\">\n<div class=\"flex flex-grow flex-col max-w-full\">\n<div data-message-author-role=\"assistant\" data-message-id=\"87e4c296-0ec6-4671-ae2d-a889e56d9d19\" dir=\"auto\" class=\"min-h-[20px] text-message flex flex-col items-start gap-3 whitespace-pre-wrap break-words [.text-message+&amp;]:mt-5 overflow-x-auto\">\n<div class=\"markdown prose w-full break-words dark:prose-invert light\">\n<p style=\"font-weight: 400;\">Nell&#8217;ambito di questo &#8220;Good Case&#8221; scoprirete <strong>i successi ottenuti e le sfide correlate<\/strong> affrontate da RLB Tirol AG nella <strong>realizzazione del primo rapporto di sostenibilit\u00e0 secondo gli standard GRI<\/strong>. La gestione efficiente dei dati e la sensibilizzazione sono stati fondamentali. Il rapporto ha ottenuto lo status Prime. Il Terra Institute ha supportato RLB Tirol in un&#8217;analisi approfondita della materialit\u00e0. Leggete in questo &#8220;Good Case&#8221; di pi\u00f9 sul percorso di rendicontazione della sostenibilit\u00e0 della Raiffeisen-Landesbank Tirol.<\/p>\n<p style=\"font-weight: 400;\">La Raiffeisen-Landesbank Tirol AG (RLB Tirol), con sede a Innsbruck e fondata nel 1895, \u00e8 un&#8217;istituzione di lunga tradizione e il principale istituto di credito del gruppo bancario Raiffeisen del Tirolo. Il suo impegno per la sostenibilit\u00e0 si manifesta non solo nella tradizione di lunga data, ma anche in misure concrete. Nel 2021, Charlotte Dewilde e Martin Stolz sono stati scelti come collaboratori impegnati per la gestione della sostenibilit\u00e0 di RLB Tirol AG. Direttamente subordinati al consiglio di amministrazione, si dedicano con passione all&#8217;integrazione e alla promozione della sostenibilit\u00e0 nell&#8217;azienda.<\/p>\n<\/div>\n<\/div>\n<\/div>\n<\/div>\n<\/div>\n<\/div>\n<\/div>\n<\/div>\n<\/div>\n<\/div>\n<\/div>\n<\/div>\n<\/div>\n<p>[\/et_pb_text][\/et_pb_column][\/et_pb_row][et_pb_row _builder_version=&#8221;4.24.2&#8243; _module_preset=&#8221;default&#8221; global_colors_info=&#8221;{}&#8221; theme_builder_area=&#8221;post_content&#8221;][et_pb_column type=&#8221;4_4&#8243; _builder_version=&#8221;4.24.2&#8243; _module_preset=&#8221;default&#8221; global_colors_info=&#8221;{}&#8221; theme_builder_area=&#8221;post_content&#8221;][et_pb_text _builder_version=&#8221;4.24.2&#8243; _module_preset=&#8221;default&#8221; global_colors_info=&#8221;{}&#8221; theme_builder_area=&#8221;post_content&#8221;]<\/p>\n<p style=\"font-weight: 400;\">Nell&#8217;esercizio 2022 abbiamo accompagnato RLB Tirol nella realizzazione di un <strong>rapporto di sostenibilit\u00e0 conforme agli standard GRI<\/strong>. Il focus del processo era <strong>l&#8217;accompagnamento all&#8217;analisi della materialit\u00e0<\/strong>. Attraverso <strong>workshop interattivi<\/strong> e un <strong>approccio consulenziale olistico<\/strong>, i dipendenti di RLB Tirol hanno compreso l&#8217;importanza di una trasformazione sostenibile a tutti i livelli aziendali.<\/p>\n<p style=\"font-weight: 400;\">Per l&#8217;esercizio 2023 li accompagniamo nel <strong>passaggio alla CSRD<\/strong>, con particolare attenzione al loro <strong>core business<\/strong>, alla loro <strong>catena del valore<\/strong>, nonch\u00e9 alle <strong>opportunit\u00e0 e ai rischi<\/strong> che i driver di sostenibilit\u00e0 comportano per RLB Tirol. L&#8217;obiettivo \u00e8 implementare in azienda i processi necessari per l&#8217;obbligo di rendicontazione a partire dal 2026.<\/p>\n<p>[\/et_pb_text][\/et_pb_column][\/et_pb_row][et_pb_row module_id=&#8221;intro&#8221; _builder_version=&#8221;4.24.2&#8243; _module_preset=&#8221;default&#8221; custom_padding=&#8221;||0px|||&#8221; global_colors_info=&#8221;{}&#8221; theme_builder_area=&#8221;post_content&#8221;][et_pb_column type=&#8221;4_4&#8243; _builder_version=&#8221;4.22.1&#8243; _module_preset=&#8221;default&#8221; global_colors_info=&#8221;{}&#8221; theme_builder_area=&#8221;post_content&#8221;][et_pb_text _builder_version=&#8221;4.27.4&#8243; _module_preset=&#8221;default&#8221; width=&#8221;85.6%&#8221; global_colors_info=&#8221;{}&#8221; theme_builder_area=&#8221;post_content&#8221;]<\/p>\n<h2>FATTI SALIENTI SU RLB TIROL<\/h2>\n<p>[\/et_pb_text][\/et_pb_column][\/et_pb_row][et_pb_row column_structure=&#8221;1_6,1_6,1_6,1_6,1_6,1_6&#8243; disabled_on=&#8221;off|off|off&#8221; _builder_version=&#8221;4.22.1&#8243; _module_preset=&#8221;default&#8221; custom_padding=&#8221;0px|||||&#8221; global_colors_info=&#8221;{}&#8221; theme_builder_area=&#8221;post_content&#8221;][et_pb_column type=&#8221;1_6&#8243; _builder_version=&#8221;4.22.1&#8243; _module_preset=&#8221;default&#8221; global_colors_info=&#8221;{}&#8221; theme_builder_area=&#8221;post_content&#8221;][et_pb_image src=&#8221;https:\/\/terra-institute.eu\/wp-content\/uploads\/2024\/02\/kind-of-project-e1706788177352.png&#8221; title_text=&#8221;kind of project&#8221; _builder_version=&#8221;4.22.1&#8243; _module_preset=&#8221;default&#8221; global_colors_info=&#8221;{}&#8221; theme_builder_area=&#8221;post_content&#8221;][\/et_pb_image][et_pb_text _builder_version=&#8221;4.24.2&#8243; _module_preset=&#8221;default&#8221; header_3_text_color=&#8221;#428ca6&#8243; global_colors_info=&#8221;{}&#8221; theme_builder_area=&#8221;post_content&#8221;]<\/p>\n<p style=\"font-weight: 400;\"><strong>Progetto:<\/strong> Rapporto di sostenibilit\u00e0<\/p>\n<p>[\/et_pb_text][\/et_pb_column][et_pb_column type=&#8221;1_6&#8243; _builder_version=&#8221;4.22.1&#8243; _module_preset=&#8221;default&#8221; global_colors_info=&#8221;{}&#8221; theme_builder_area=&#8221;post_content&#8221;][et_pb_image src=&#8221;https:\/\/terra-institute.eu\/wp-content\/uploads\/2024\/02\/terra-client-since-e1706779538830.png&#8221; title_text=&#8221;terra client since&#8221; _builder_version=&#8221;4.22.1&#8243; _module_preset=&#8221;default&#8221; global_colors_info=&#8221;{}&#8221; theme_builder_area=&#8221;post_content&#8221;][\/et_pb_image][et_pb_text _builder_version=&#8221;4.24.2&#8243; _module_preset=&#8221;default&#8221; header_3_text_color=&#8221;#428ca6&#8243; global_colors_info=&#8221;{}&#8221; theme_builder_area=&#8221;post_content&#8221;]<\/p>\n<p style=\"font-weight: 400;\"><strong>Cliente Terra da<\/strong> novembre 2022<\/p>\n<p>[\/et_pb_text][\/et_pb_column][et_pb_column type=&#8221;1_6&#8243; _builder_version=&#8221;4.22.1&#8243; _module_preset=&#8221;default&#8221; global_colors_info=&#8221;{}&#8221; theme_builder_area=&#8221;post_content&#8221;][et_pb_image src=&#8221;https:\/\/terra-institute.eu\/wp-content\/uploads\/2024\/02\/business-area-e1706779620714.png&#8221; title_text=&#8221;business area&#8221; _builder_version=&#8221;4.22.1&#8243; _module_preset=&#8221;default&#8221; global_colors_info=&#8221;{}&#8221; theme_builder_area=&#8221;post_content&#8221;][\/et_pb_image][et_pb_text _builder_version=&#8221;4.27.4&#8243; _module_preset=&#8221;default&#8221; header_3_text_color=&#8221;#428ca6&#8243; global_colors_info=&#8221;{}&#8221; theme_builder_area=&#8221;post_content&#8221;]<\/p>\n<p style=\"font-weight: 400;\"><strong>Divisione aziendale:<\/strong> Banca<\/p>\n<p>[\/et_pb_text][\/et_pb_column][et_pb_column type=&#8221;1_6&#8243; _builder_version=&#8221;4.22.1&#8243; _module_preset=&#8221;default&#8221; global_colors_info=&#8221;{}&#8221; theme_builder_area=&#8221;post_content&#8221;][et_pb_image src=&#8221;https:\/\/terra-institute.eu\/wp-content\/uploads\/2024\/01\/headquarters-e1706715111396.png&#8221; title_text=&#8221;headquarters&#8221; _builder_version=&#8221;4.22.1&#8243; _module_preset=&#8221;default&#8221; global_colors_info=&#8221;{}&#8221; theme_builder_area=&#8221;post_content&#8221;][\/et_pb_image][et_pb_text _builder_version=&#8221;4.24.2&#8243; _module_preset=&#8221;default&#8221; header_3_text_color=&#8221;#428ca6&#8243; global_colors_info=&#8221;{}&#8221; theme_builder_area=&#8221;post_content&#8221;]<\/p>\n<p style=\"font-weight: 400;\"><strong>Sede centrale<\/strong> a Innsbruck con indirizzo commerciale della sede centrale a Rum<\/p>\n<p>[\/et_pb_text][\/et_pb_column][et_pb_column type=&#8221;1_6&#8243; _builder_version=&#8221;4.22.1&#8243; _module_preset=&#8221;default&#8221; global_colors_info=&#8221;{}&#8221; theme_builder_area=&#8221;post_content&#8221;][et_pb_image src=&#8221;https:\/\/terra-institute.eu\/wp-content\/uploads\/2024\/01\/number-of-employees-e1706714553773.png&#8221; title_text=&#8221;number of employees&#8221; _builder_version=&#8221;4.22.1&#8243; _module_preset=&#8221;default&#8221; global_colors_info=&#8221;{}&#8221; theme_builder_area=&#8221;post_content&#8221;][\/et_pb_image][et_pb_text _builder_version=&#8221;4.24.2&#8243; _module_preset=&#8221;default&#8221; header_3_text_color=&#8221;#428ca6&#8243; global_colors_info=&#8221;{}&#8221; theme_builder_area=&#8221;post_content&#8221;]<\/p>\n<p style=\"font-weight: 400;\">438 <strong>dipendenti<\/strong> (Data di rendicontazione: 31.12.2022)<\/p>\n<p><span><br \/><\/span><span data-ccp-props=\"{&quot;201341983&quot;:0,&quot;335551550&quot;:6,&quot;335551620&quot;:6,&quot;335559739&quot;:0,&quot;335559740&quot;:276}\"><\/span><\/p>\n<p>[\/et_pb_text][\/et_pb_column][et_pb_column type=&#8221;1_6&#8243; _builder_version=&#8221;4.22.1&#8243; _module_preset=&#8221;default&#8221; global_colors_info=&#8221;{}&#8221; theme_builder_area=&#8221;post_content&#8221;][et_pb_image src=&#8221;https:\/\/terra-institute.eu\/wp-content\/uploads\/2024\/02\/link-to-website-e1706788575343.png&#8221; title_text=&#8221;link to website&#8221; _builder_version=&#8221;4.22.1&#8243; _module_preset=&#8221;default&#8221; global_colors_info=&#8221;{}&#8221; theme_builder_area=&#8221;post_content&#8221;][\/et_pb_image][et_pb_text _builder_version=&#8221;4.27.4&#8243; _module_preset=&#8221;default&#8221; header_3_text_color=&#8221;#428ca6&#8243; global_colors_info=&#8221;{}&#8221; theme_builder_area=&#8221;post_content&#8221;]<\/p>\n<p><strong>Sito web<\/strong>: <a href=\"https:\/\/www.raiffeisen.at\/tirol\/rlb\/de\/privatkunden.html\">www.raiffeisen.at\/tirol\/<\/a><\/p>\n<p>[\/et_pb_text][\/et_pb_column][\/et_pb_row][\/et_pb_section][et_pb_section fb_built=&#8221;1&#8243; module_id=&#8221;herausforderungen&#8221; _builder_version=&#8221;4.24.2&#8243; _module_preset=&#8221;default&#8221; background_color=&#8221;#79a9b6&#8243; locked=&#8221;off&#8221; global_colors_info=&#8221;{}&#8221; theme_builder_area=&#8221;post_content&#8221;][et_pb_row column_structure=&#8221;2_3,1_3&#8243; module_id=&#8221;vorteile-beratung&#8221; _builder_version=&#8221;4.17.4&#8243; _module_preset=&#8221;default&#8221; custom_padding=&#8221;||0px|||&#8221; global_colors_info=&#8221;{}&#8221; theme_builder_area=&#8221;post_content&#8221;][et_pb_column type=&#8221;2_3&#8243; _builder_version=&#8221;4.17.4&#8243; _module_preset=&#8221;default&#8221; global_colors_info=&#8221;{}&#8221; theme_builder_area=&#8221;post_content&#8221;][et_pb_text module_id=&#8221;beratung&#8221; _builder_version=&#8221;4.27.4&#8243; _module_preset=&#8221;default&#8221; text_text_color=&#8221;#FFFFFF&#8221; header_2_text_color=&#8221;#FFFFFF&#8221; header_2_font_size=&#8221;32px&#8221; width=&#8221;116.1%&#8221; custom_padding=&#8221;||||false|false&#8221; global_colors_info=&#8221;{}&#8221; theme_builder_area=&#8221;post_content&#8221;]<\/p>\n<h2><span style=\"color: #ffffff;\">SFIDE DURANTE IL PROGETTO<\/span><\/h2>\n<p>[\/et_pb_text][\/et_pb_column][et_pb_column type=&#8221;1_3&#8243; _builder_version=&#8221;4.17.4&#8243; _module_preset=&#8221;default&#8221; global_colors_info=&#8221;{}&#8221; theme_builder_area=&#8221;post_content&#8221;][\/et_pb_column][\/et_pb_row][et_pb_row column_structure=&#8221;1_2,1_2&#8243; _builder_version=&#8221;4.17.4&#8243; _module_preset=&#8221;default&#8221; global_colors_info=&#8221;{}&#8221; theme_builder_area=&#8221;post_content&#8221;][et_pb_column type=&#8221;1_2&#8243; _builder_version=&#8221;4.17.4&#8243; _module_preset=&#8221;default&#8221; global_colors_info=&#8221;{}&#8221; theme_builder_area=&#8221;post_content&#8221;][et_pb_image src=&#8221;https:\/\/terra-institute.eu\/wp-content\/uploads\/2024\/04\/berge-blau-dominik-lange-scaled.jpg&#8221; alt=&#8221;Blaue Berge Vogelperspektive&#8221; title_text=&#8221;berge-blau-dominik-lange&#8221; _builder_version=&#8221;4.24.2&#8243; _module_preset=&#8221;default&#8221; global_colors_info=&#8221;{}&#8221; theme_builder_area=&#8221;post_content&#8221;][\/et_pb_image][\/et_pb_column][et_pb_column type=&#8221;1_2&#8243; _builder_version=&#8221;4.17.4&#8243; _module_preset=&#8221;default&#8221; global_colors_info=&#8221;{}&#8221; theme_builder_area=&#8221;post_content&#8221;][et_pb_text _builder_version=&#8221;4.27.4&#8243; _module_preset=&#8221;default&#8221; text_text_color=&#8221;#FFFFFF&#8221; header_text_color=&#8221;#FFFFFF&#8221; header_2_text_color=&#8221;#FFFFFF&#8221; header_3_text_color=&#8221;#FFFFFF&#8221; hover_enabled=&#8221;0&#8243; global_colors_info=&#8221;{}&#8221; theme_builder_area=&#8221;post_content&#8221; sticky_enabled=&#8221;0&#8243;]<\/p>\n<p style=\"font-weight: 400;\">La realizzazione del primo <span style=\"text-decoration: underline;\"><span style=\"color: #ffffff;\"><a href=\"https:\/\/terra-institute.eu\/it\/bilancio-di-sostenibilita-consigli-per-la-vostra-azienda\/\" style=\"color: #ffffff;\"><strong>rapporto di sostenibilit\u00e0<\/strong><\/a><\/span><\/span> rappresenta una sfida complessa per la maggior parte delle aziende. Poich\u00e9 RLB Tirol ha deciso di redigere il proprio rapporto direttamente in conformit\u00e0 con gli standard GRI, il livello di difficolt\u00e0 \u00e8 stato posto fin dall&#8217;inizio molto alto.<\/p>\n<p style=\"font-weight: 400;\">Una sfida significativa consisteva <strong>nell&#8217;integrare e armonizzare i processi e i sistemi gi\u00e0 esistenti nel processo di sostenibilit\u00e0 per il rapporto GRI<\/strong>. Ci\u00f2 richiedeva un attento adattamento e coordinamento per garantire che i dati raccolti rispettassero i rigidi standard delle linee guida GRI.<\/p>\n<p style=\"font-weight: 400;\">Un&#8217;altra sfida centrale che RLB Tirol, come la maggior parte delle altre aziende, ha dovuto affrontare \u00e8 stata la <strong>raccolta e la gestione efficiente dei dati<\/strong>. Sotto la guida esperta della manager di sostenibilit\u00e0 impegnata, che ha coordinato la raccolta interna dei dati, questa sfida \u00e8 stata affrontata con successo.<\/p>\n<p>[\/et_pb_text][\/et_pb_column][\/et_pb_row][et_pb_row _builder_version=&#8221;4.24.2&#8243; _module_preset=&#8221;default&#8221; global_colors_info=&#8221;{}&#8221; theme_builder_area=&#8221;post_content&#8221;][et_pb_column type=&#8221;4_4&#8243; _builder_version=&#8221;4.24.2&#8243; _module_preset=&#8221;default&#8221; global_colors_info=&#8221;{}&#8221; theme_builder_area=&#8221;post_content&#8221;][et_pb_text _builder_version=&#8221;4.24.2&#8243; _module_preset=&#8221;default&#8221; text_text_color=&#8221;#FFFFFF&#8221; header_text_color=&#8221;#FFFFFF&#8221; header_2_text_color=&#8221;#FFFFFF&#8221; header_3_text_color=&#8221;#FFFFFF&#8221; global_colors_info=&#8221;{}&#8221; theme_builder_area=&#8221;post_content&#8221;]<\/p>\n<p style=\"font-weight: 400;\"><strong>L&#8217;implementazione di una gestione efficiente dei dati<\/strong> all&#8217;interno dell&#8217;azienda \u00e8 stata di fondamentale importanza per ottenere i dati tempestivamente e con la massima qualit\u00e0 e per redigere il rapporto con precisione secondo un approccio di gestione integrata. In questo contesto, la <strong>creazione di una consapevolezza<\/strong> sull&#8217;importanza di una trasformazione sostenibile e del rapporto di sostenibilit\u00e0 ha giocato un ruolo cruciale per promuovere la <strong>disponibilit\u00e0 alla cooperazione<\/strong> tra i dipendenti. Questo approccio consapevole ha aiutato a creare una dinamica positiva per l&#8217;integrazione della sostenibilit\u00e0 in tutta l&#8217;azienda.<\/p>\n<p style=\"font-weight: 400;\">Avete anche voi sfide simili? Contattateci per un primo colloquio gratuito con uno dei nostri esperti:<\/p>\n<p>[\/et_pb_text][et_pb_button button_url=&#8221;#kontakt&#8221; button_text=&#8221;Contattate Terra ora&#8221; _builder_version=&#8221;4.27.4&#8243; _module_preset=&#8221;default&#8221; custom_button=&#8221;on&#8221; button_text_size=&#8221;16px&#8221; button_text_color=&#8221;#FFFFFF&#8221; button_bg_color=&#8221;#428ca6&#8243; background_layout=&#8221;dark&#8221; global_colors_info=&#8221;{}&#8221; button_text_color__hover_enabled=&#8221;off|desktop&#8221; theme_builder_area=&#8221;post_content&#8221;][\/et_pb_button][\/et_pb_column][\/et_pb_row][\/et_pb_section][et_pb_section fb_built=&#8221;1&#8243; module_id=&#8221;transformationsprozess&#8221; _builder_version=&#8221;4.22.1&#8243; _module_preset=&#8221;default&#8221; custom_padding=&#8221;3px||18px|||&#8221; locked=&#8221;off&#8221; global_colors_info=&#8221;{}&#8221; theme_builder_area=&#8221;post_content&#8221;][et_pb_row module_id=&#8221;leadership&#8221; _builder_version=&#8221;4.17.4&#8243; _module_preset=&#8221;default&#8221; global_colors_info=&#8221;{}&#8221; theme_builder_area=&#8221;post_content&#8221;][et_pb_column type=&#8221;4_4&#8243; _builder_version=&#8221;4.17.4&#8243; _module_preset=&#8221;default&#8221; global_colors_info=&#8221;{}&#8221; theme_builder_area=&#8221;post_content&#8221;][et_pb_text module_id=&#8221;terra&#8221; _builder_version=&#8221;4.27.4&#8243; _module_preset=&#8221;default&#8221; header_2_font_size=&#8221;32px&#8221; global_colors_info=&#8221;{}&#8221; theme_builder_area=&#8221;post_content&#8221;]<\/p>\n<h2><span style=\"font-weight: 400;\">RLB TIROL COME BANCA DI TRASFORMAZIONE NEL SETTORE BANCARIO SOSTENIBILE<\/span><span><\/span><\/h2>\n<p>[\/et_pb_text][et_pb_text _builder_version=&#8221;4.27.4&#8243; _module_preset=&#8221;default&#8221; hover_enabled=&#8221;0&#8243; global_colors_info=&#8221;{}&#8221; theme_builder_area=&#8221;post_content&#8221; sticky_enabled=&#8221;0&#8243;]<\/p>\n<p style=\"font-weight: 400;\">RLB Tirol si \u00e8 posta un obiettivo ambizioso: redigere il suo primo <a href=\"https:\/\/terra-institute.eu\/it\/bilancio-di-sostenibilita-consigli-per-la-vostra-azienda\/\">rapporto di sostenibilit\u00e0<\/a> <a href=\"https:\/\/terra-institute.eu\/nachhaltigkeitsbericht-beratung\/\"><\/a> gi\u00e0 in conformit\u00e0 con gli standard GRI. Questo traguardo \u00e8 stato raggiunto con successo e ha costituito la base per il rating ISS ESG. RLB Tirol ha ottenuto il tanto desiderato <strong>status Prime<\/strong> ed \u00e8 stata premiata con una <strong>valutazione di C<\/strong>. Questo successo non solo evidenzia gli obiettivi raggiunti, ma dimostra anche che azioni sostenibili e una rendicontazione trasparente non portano solo riconoscimento, ma anche successo. Rafforza la comprensione e il sostegno tra i dipendenti e contribuisce a posizionare <strong>RLB Tirol come una banca di trasformazione nel settore bancario sostenibile<\/strong>. Il percorso verso la sostenibilit\u00e0 per RLB Tirol non \u00e8 solo un impegno, ma anche una garanzia di successo per un settore finanziario orientato al futuro. Questo successo testimonia l&#8217;importanza e il valore aggiunto di un approccio strategico e integrato alla trasformazione sostenibile nelle aziende.<\/p>\n<p>[\/et_pb_text][\/et_pb_column][\/et_pb_row][\/et_pb_section][et_pb_section fb_built=&#8221;1&#8243; module_id=&#8221;wesentliche-themen&#8221; _builder_version=&#8221;4.22.1&#8243; _module_preset=&#8221;default&#8221; background_color=&#8221;#79a9b6&#8243; locked=&#8221;off&#8221; global_colors_info=&#8221;{}&#8221; theme_builder_area=&#8221;post_content&#8221;][et_pb_row module_id=&#8221;vorgehen&#8221; _builder_version=&#8221;4.17.4&#8243; _module_preset=&#8221;default&#8221; global_colors_info=&#8221;{}&#8221; theme_builder_area=&#8221;post_content&#8221;][et_pb_column type=&#8221;4_4&#8243; _builder_version=&#8221;4.17.4&#8243; _module_preset=&#8221;default&#8221; global_colors_info=&#8221;{}&#8221; theme_builder_area=&#8221;post_content&#8221;][et_pb_text _builder_version=&#8221;4.27.4&#8243; _module_preset=&#8221;default&#8221; text_text_color=&#8221;#FFFFFF&#8221; header_text_color=&#8221;RGBA(255,255,255,0)&#8221; header_2_text_color=&#8221;#FFFFFF&#8221; header_3_text_color=&#8221;#FFFFFF&#8221; width=&#8221;85.6%&#8221; global_colors_info=&#8221;{}&#8221; theme_builder_area=&#8221;post_content&#8221;]<\/p>\n<h2><span style=\"color: #ffffff;\">DAI TEMI MATERIALI AL RAPPORTO DI SOSTENIBILIT\u00c0 SECONDO GRI<\/span><\/h2>\n<p>Il Terra Institute ha assistito RLB Tirol con un&#8217;analisi di materialit\u00e0 completa in conformit\u00e0 con gli standard della Global Reporting Initiative (GRI).<\/p>\n<p>[\/et_pb_text][et_pb_button button_url=&#8221;#kontakt&#8221; button_text=&#8221;Contattate Terra ora &#8221; _builder_version=&#8221;4.27.4&#8243; _module_preset=&#8221;default&#8221; custom_button=&#8221;on&#8221; button_text_size=&#8221;16px&#8221; button_text_color=&#8221;#FFFFFF&#8221; button_bg_color=&#8221;#428ca6&#8243; background_layout=&#8221;dark&#8221; global_colors_info=&#8221;{}&#8221; button_text_color__hover_enabled=&#8221;off|desktop&#8221; theme_builder_area=&#8221;post_content&#8221;][\/et_pb_button][et_pb_image src=&#8221;https:\/\/terra-institute.eu\/wp-content\/uploads\/2024\/04\/Prozess-Wesentliche-Themen-und-GRI-Report.png&#8221; alt=&#8221;Infografik Prozess Wesentliche Themen und GRI Report&#8221; title_text=&#8221;Prozess Wesentliche Themen und GRI Report&#8221; _builder_version=&#8221;4.24.2&#8243; _module_preset=&#8221;default&#8221; global_colors_info=&#8221;{}&#8221; theme_builder_area=&#8221;post_content&#8221; disabled_on=&#8221;on|on|on&#8221; disabled=&#8221;on&#8221;][\/et_pb_image][\/et_pb_column][\/et_pb_row][et_pb_row module_id=&#8221;leadership&#8221; _builder_version=&#8221;4.17.4&#8243; _module_preset=&#8221;default&#8221; global_colors_info=&#8221;{}&#8221; theme_builder_area=&#8221;post_content&#8221;][et_pb_column type=&#8221;4_4&#8243; _builder_version=&#8221;4.17.4&#8243; _module_preset=&#8221;default&#8221; global_colors_info=&#8221;{}&#8221; theme_builder_area=&#8221;post_content&#8221;][et_pb_text _builder_version=&#8221;4.27.4&#8243; _module_preset=&#8221;default&#8221; text_text_color=&#8221;#FFFFFF&#8221; header_text_color=&#8221;RGBA(255,255,255,0)&#8221; header_2_text_color=&#8221;#FFFFFF&#8221; header_3_text_color=&#8221;#FFFFFF&#8221; width=&#8221;85.6%&#8221; hover_enabled=&#8221;0&#8243; global_colors_info=&#8221;{}&#8221; theme_builder_area=&#8221;post_content&#8221; sticky_enabled=&#8221;0&#8243; disabled_on=&#8221;on|on|on&#8221; disabled=&#8221;on&#8221;]<\/p>\n<p style=\"font-weight: 400;\"><em>Figura 1: Processo di analisi della materialit\u00e0 presso RLB Tirol<\/em><\/p>\n<ul><\/ul>\n<p>[\/et_pb_text][et_pb_text _builder_version=&#8221;4.27.4&#8243; _module_preset=&#8221;default&#8221; text_text_color=&#8221;#FFFFFF&#8221; header_text_color=&#8221;RGBA(255,255,255,0)&#8221; header_2_text_color=&#8221;#FFFFFF&#8221; header_3_text_color=&#8221;#FFFFFF&#8221; width=&#8221;85.6%&#8221; hover_enabled=&#8221;0&#8243; global_colors_info=&#8221;{}&#8221; theme_builder_area=&#8221;post_content&#8221; sticky_enabled=&#8221;0&#8243;]<\/p>\n<p style=\"font-weight: 400;\">I nostri esperti hanno condotto <strong>un&#8217;analisi contestuale<\/strong> approfondita per comprendere il quadro generale dell&#8217;organizzazione in relazione ai megatrend globali, regionali e specifici del settore per lo sviluppo sostenibile. <strong>Nell&#8217;analisi del sistema<\/strong>, ci siamo concentrati sull&#8217;individuazione degli impatti interni delle attivit\u00e0 aziendali.<\/p>\n<p style=\"font-weight: 400;\">Abbiamo reso interattiva <strong>l&#8217;analisi dell&#8217;impatto<\/strong>, attraverso <strong>due workshop<\/strong>. Nel primo workshop, insieme ai rappresentanti di vari settori aziendali, abbiamo identificato, prioritizzato e valutato gli impatti su ambiente, economia e societ\u00e0. La nostra prospettiva esterna ha aiutato a garantire una valutazione equilibrata. Il secondo workshop \u00e8 servito a coordinare i temi essenziali e assegnare le responsabilit\u00e0, concentrandosi anche sull&#8217;integrazione della sostenibilit\u00e0 nell&#8217;azienda.<\/p>\n<p style=\"font-weight: 400;\">Il nostro processo ha integrato non solo valutazioni interne, ma anche feedback provenienti da un&#8217;ampia <strong>consultazione degli stakeholder<\/strong>, condotta da RLB Tirol. I temi essenziali, confermati dal consiglio di amministrazione, sono ora parte integrante del rapporto di sostenibilit\u00e0 di RLB Tirol, redatto dalla loro impegnata manager della sostenibilit\u00e0.<\/p>\n<ul><\/ul>\n<p>[\/et_pb_text][et_pb_button button_url=&#8221;https:\/\/www.raiffeisen.at\/tirol\/rlb\/de\/meine-bank\/nachhaltigkeit\/was-wir-tun\/nachhaltigkeitsbericht.html&#8221; url_new_window=&#8221;on&#8221; button_text=&#8221;Qui si trova il rapporto GRI &#8221; _builder_version=&#8221;4.27.4&#8243; _module_preset=&#8221;default&#8221; custom_button=&#8221;on&#8221; button_text_size=&#8221;16px&#8221; button_text_color=&#8221;#FFFFFF&#8221; button_bg_color=&#8221;#428ca6&#8243; background_layout=&#8221;dark&#8221; global_colors_info=&#8221;{}&#8221; button_text_color__hover_enabled=&#8221;off|desktop&#8221; theme_builder_area=&#8221;post_content&#8221;][\/et_pb_button][\/et_pb_column][\/et_pb_row][\/et_pb_section][et_pb_section fb_built=&#8221;1&#8243; module_id=&#8221;zitat&#8221; _builder_version=&#8221;4.24.2&#8243; _module_preset=&#8221;default&#8221; custom_padding=&#8221;3px||18px|||&#8221; locked=&#8221;off&#8221; global_colors_info=&#8221;{}&#8221; theme_builder_area=&#8221;post_content&#8221;][et_pb_row column_structure=&#8221;3_5,2_5&#8243; module_id=&#8221;leadership&#8221; _builder_version=&#8221;4.17.4&#8243; _module_preset=&#8221;default&#8221; global_colors_info=&#8221;{}&#8221; theme_builder_area=&#8221;post_content&#8221;][et_pb_column type=&#8221;3_5&#8243; _builder_version=&#8221;4.17.4&#8243; _module_preset=&#8221;default&#8221; global_colors_info=&#8221;{}&#8221; theme_builder_area=&#8221;post_content&#8221;][et_pb_text module_id=&#8221;terra&#8221; _builder_version=&#8221;4.27.4&#8243; _module_preset=&#8221;default&#8221; header_2_font_size=&#8221;32px&#8221; width=&#8221;100%&#8221; global_colors_info=&#8221;{}&#8221; theme_builder_area=&#8221;post_content&#8221;]<\/p>\n<h2>LA RESPONSABILE DELLA SOSTENIBILIT\u00c0 DI RLB TIROL CHARLOTTE DEWILDE SUL PROGETTO<\/h2>\n<p>[\/et_pb_text][\/et_pb_column][et_pb_column type=&#8221;2_5&#8243; _builder_version=&#8221;4.17.4&#8243; _module_preset=&#8221;default&#8221; global_colors_info=&#8221;{}&#8221; theme_builder_area=&#8221;post_content&#8221;][\/et_pb_column][\/et_pb_row][et_pb_row column_structure=&#8221;3_4,1_4&#8243; _builder_version=&#8221;4.22.1&#8243; _module_preset=&#8221;default&#8221; global_colors_info=&#8221;{}&#8221; theme_builder_area=&#8221;post_content&#8221;][et_pb_column type=&#8221;3_4&#8243; _builder_version=&#8221;4.22.1&#8243; _module_preset=&#8221;default&#8221; global_colors_info=&#8221;{}&#8221; theme_builder_area=&#8221;post_content&#8221;][et_pb_testimonial author=&#8221;Charlotte Dewilde&#8221; job_title=&#8221;Responsabile della sostenibilit\u00e0, RLB Tirol AG&#8221; company_name=&#8221;RLB Tirol AG&#8221; portrait_width=&#8221;140px&#8221; portrait_height=&#8221;140px&#8221; _builder_version=&#8221;4.27.4&#8243; _module_preset=&#8221;default&#8221; border_radii_portrait=&#8221;on|140px|140px|140px|140px&#8221; global_colors_info=&#8221;{}&#8221; theme_builder_area=&#8221;post_content&#8221;]<\/p>\n<p style=\"font-weight: 400;\">\u201cLavorare con Terra Institute ci d\u00e0 l&#8217;opportunit\u00e0 di comprendere e comunicare appieno i nostri impatti sociali e ambientali, nonch\u00e9 le nostre pratiche di governance. Questa partnership rafforza il nostro impegno verso la trasparenza e i nostri sforzi per costruire un futuro sostenibile.\u201d<\/p>\n<p>[\/et_pb_testimonial][\/et_pb_column][et_pb_column type=&#8221;1_4&#8243; _builder_version=&#8221;4.22.1&#8243; _module_preset=&#8221;default&#8221; global_colors_info=&#8221;{}&#8221; theme_builder_area=&#8221;post_content&#8221;][et_pb_image src=&#8221;https:\/\/terra-institute.eu\/wp-content\/uploads\/2024\/04\/Logo_RLB-Tirol.jpg&#8221; alt=&#8221;Logo RLB Tirol&#8221; title_text=&#8221;Logo_RLB Tirol&#8221; _builder_version=&#8221;4.24.2&#8243; _module_preset=&#8221;default&#8221; global_colors_info=&#8221;{}&#8221; theme_builder_area=&#8221;post_content&#8221;][\/et_pb_image][\/et_pb_column][\/et_pb_row][\/et_pb_section][et_pb_section fb_built=&#8221;1&#8243; module_id=&#8221;projektleiter&#8221; _builder_version=&#8221;4.24.2&#8243; _module_preset=&#8221;default&#8221; background_color=&#8221;#79a9b6&#8243; custom_padding=&#8221;3px||18px|||&#8221; locked=&#8221;off&#8221; global_colors_info=&#8221;{}&#8221; theme_builder_area=&#8221;post_content&#8221;][et_pb_row column_structure=&#8221;3_5,2_5&#8243; module_id=&#8221;leadership&#8221; _builder_version=&#8221;4.17.4&#8243; _module_preset=&#8221;default&#8221; global_colors_info=&#8221;{}&#8221; theme_builder_area=&#8221;post_content&#8221;][et_pb_column type=&#8221;3_5&#8243; _builder_version=&#8221;4.17.4&#8243; _module_preset=&#8221;default&#8221; global_colors_info=&#8221;{}&#8221; theme_builder_area=&#8221;post_content&#8221;][et_pb_text module_id=&#8221;terra&#8221; _builder_version=&#8221;4.27.4&#8243; _module_preset=&#8221;default&#8221; header_2_text_color=&#8221;#FFFFFF&#8221; header_2_font_size=&#8221;32px&#8221; width=&#8221;100%&#8221; global_colors_info=&#8221;{}&#8221; theme_builder_area=&#8221;post_content&#8221;]<\/p>\n<h2><span style=\"color: #ffffff;\"><span style=\"font-weight: 400;\">CONSULENTE E PROJECT MANAGER DEL TERRA INSTITUTE MARGIT HOLZHAMMER<\/span><\/span><span><\/span><\/h2>\n<p>[\/et_pb_text][\/et_pb_column][et_pb_column type=&#8221;2_5&#8243; _builder_version=&#8221;4.17.4&#8243; _module_preset=&#8221;default&#8221; global_colors_info=&#8221;{}&#8221; theme_builder_area=&#8221;post_content&#8221;][\/et_pb_column][\/et_pb_row][et_pb_row column_structure=&#8221;2_5,3_5&#8243; _builder_version=&#8221;4.17.4&#8243; _module_preset=&#8221;default&#8221; global_colors_info=&#8221;{}&#8221; theme_builder_area=&#8221;post_content&#8221;][et_pb_column type=&#8221;2_5&#8243; _builder_version=&#8221;4.17.4&#8243; _module_preset=&#8221;default&#8221; global_colors_info=&#8221;{}&#8221; theme_builder_area=&#8221;post_content&#8221;][et_pb_image src=&#8221;https:\/\/terra-institute.eu\/wp-content\/uploads\/2023\/06\/Margit-Holzhammer.jpg&#8221; alt=&#8221;Portrait Margit Holzhammer&#8221; title_text=&#8221;Margit Holzhammer&#8221; _builder_version=&#8221;4.24.2&#8243; _module_preset=&#8221;default&#8221; global_colors_info=&#8221;{}&#8221; theme_builder_area=&#8221;post_content&#8221;][\/et_pb_image][\/et_pb_column][et_pb_column type=&#8221;3_5&#8243; _builder_version=&#8221;4.17.4&#8243; _module_preset=&#8221;default&#8221; global_colors_info=&#8221;{}&#8221; theme_builder_area=&#8221;post_content&#8221;][et_pb_text _builder_version=&#8221;4.24.2&#8243; _module_preset=&#8221;default&#8221; text_text_color=&#8221;#FFFFFF&#8221; width=&#8221;85.6%&#8221; global_colors_info=&#8221;{}&#8221; theme_builder_area=&#8221;post_content&#8221;]<\/p>\n<p style=\"font-weight: 400;\">Giurista, per molti anni direttrice di un ospedale, docente di CSR in diverse universit\u00e0 e consulente in CSR e sostenibilit\u00e0 presso il Terra Institute. I settori di specializzazione sono le strutture sanitarie, le banche e il turismo. Margit dirige l&#8217;ufficio di Terra a Innsbruck.<\/p>\n<p>[\/et_pb_text][et_pb_button button_url=&#8221;#kontakt&#8221; button_text=&#8221;Contattateci ora &#8221; _builder_version=&#8221;4.27.4&#8243; _module_preset=&#8221;default&#8221; custom_button=&#8221;on&#8221; button_text_size=&#8221;16px&#8221; button_text_color=&#8221;#FFFFFF&#8221; button_bg_color=&#8221;#428ca6&#8243; background_layout=&#8221;dark&#8221; global_colors_info=&#8221;{}&#8221; button_text_color__hover_enabled=&#8221;off|desktop&#8221; theme_builder_area=&#8221;post_content&#8221;][\/et_pb_button][\/et_pb_column][\/et_pb_row][\/et_pb_section]<\/p>\n","protected":false},"excerpt":{"rendered":"<p>IL PERCORSO DEL RAPPORTO DI SOSTENIBILIT\u00c0CONTENUTI Fatti salienti di RLB Tirol Le sfide Banca in trasformazione Argomenti chiave e relazione Charlotte Dewilde di RLB Tirol sul progetto Responsabile del progetto Margit Holzhammer Contatto Nell&#8217;ambito di questo &#8220;Good Case&#8221; scoprirete i successi ottenuti e le sfide correlate affrontate da RLB Tirol AG nella realizzazione del primo [&hellip;]<\/p>\n","protected":false},"author":1,"featured_media":251552,"comment_status":"open","ping_status":"open","sticky":false,"template":"","format":"standard","meta":{"_et_pb_use_builder":"on","_et_pb_old_content":"","_et_gb_content_width":"","footnotes":""},"categories":[34,42],"tags":[49],"class_list":["post-251551","post","type-post","status-publish","format-standard","has-post-thumbnail","hentry","category-blog","category-good-cases","tag-reportistica-di-sostenibilita"],"yoast_head":"<!-- This site is optimized with the Yoast SEO plugin v26.9 - https:\/\/yoast.com\/product\/yoast-seo-wordpress\/ -->\n<title>RAPPORTO DI SOSTENIBILIT\u00c0 DI RAIFFEISEN-LANDESBANK TIROL - Terra Institute<\/title>\n<meta name=\"robots\" content=\"index, follow, max-snippet:-1, max-image-preview:large, max-video-preview:-1\" \/>\n<link rel=\"canonical\" href=\"https:\/\/terra-institute.eu\/it\/rapporto-di-sostenibilita-di-raiffeisen-landesbank-tirol\/\" \/>\n<meta property=\"og:locale\" content=\"it_IT\" \/>\n<meta property=\"og:type\" content=\"article\" \/>\n<meta property=\"og:title\" content=\"RAPPORTO DI SOSTENIBILIT\u00c0 DI RAIFFEISEN-LANDESBANK TIROL - Terra Institute\" \/>\n<meta property=\"og:description\" content=\"IL PERCORSO DEL RAPPORTO DI SOSTENIBILIT\u00c0CONTENUTI Fatti salienti di RLB Tirol Le sfide Banca in trasformazione Argomenti chiave e relazione Charlotte Dewilde di RLB Tirol sul progetto Responsabile del progetto Margit Holzhammer Contatto Nell&#039;ambito di questo &quot;Good Case&quot; scoprirete i successi ottenuti e le sfide correlate affrontate da RLB Tirol AG nella realizzazione del primo [&hellip;]\" \/>\n<meta property=\"og:url\" content=\"https:\/\/terra-institute.eu\/it\/rapporto-di-sostenibilita-di-raiffeisen-landesbank-tirol\/\" \/>\n<meta property=\"og:site_name\" content=\"Terra Institute\" \/>\n<meta property=\"article:publisher\" content=\"https:\/\/www.facebook.com\/TerraInstitute\" \/>\n<meta property=\"article:published_time\" content=\"2024-04-23T12:28:00+00:00\" \/>\n<meta property=\"article:modified_time\" content=\"2025-02-17T15:51:45+00:00\" \/>\n<meta property=\"og:image\" content=\"https:\/\/terra-institute.eu\/it\/wp-content\/uploads\/2025\/01\/RLB-Tirol_Landschaft-e1713855131554.jpg\" \/>\n\t<meta property=\"og:image:width\" content=\"1584\" \/>\n\t<meta property=\"og:image:height\" content=\"1056\" \/>\n\t<meta property=\"og:image:type\" content=\"image\/jpeg\" \/>\n<meta name=\"author\" content=\"francescoromito\" \/>\n<meta name=\"twitter:card\" content=\"summary_large_image\" \/>\n<meta name=\"twitter:creator\" content=\"@terra_institute\" \/>\n<meta name=\"twitter:site\" content=\"@terra_institute\" \/>\n<meta name=\"twitter:label1\" content=\"Scritto da\" \/>\n\t<meta name=\"twitter:data1\" content=\"francescoromito\" \/>\n\t<meta name=\"twitter:label2\" content=\"Tempo di lettura stimato\" \/>\n\t<meta name=\"twitter:data2\" content=\"8 minuti\" \/>\n<script type=\"application\/ld+json\" class=\"yoast-schema-graph\">{\"@context\":\"https:\/\/schema.org\",\"@graph\":[{\"@type\":\"Article\",\"@id\":\"https:\/\/terra-institute.eu\/it\/rapporto-di-sostenibilita-di-raiffeisen-landesbank-tirol\/#article\",\"isPartOf\":{\"@id\":\"https:\/\/terra-institute.eu\/it\/rapporto-di-sostenibilita-di-raiffeisen-landesbank-tirol\/\"},\"author\":{\"name\":\"francescoromito\",\"@id\":\"https:\/\/terra-institute.eu\/it\/#\/schema\/person\/0825c78d1038a1533e63d1a36ec49278\"},\"headline\":\"RAPPORTO DI SOSTENIBILIT\u00c0 DI RAIFFEISEN-LANDESBANK TIROL\",\"datePublished\":\"2024-04-23T12:28:00+00:00\",\"dateModified\":\"2025-02-17T15:51:45+00:00\",\"mainEntityOfPage\":{\"@id\":\"https:\/\/terra-institute.eu\/it\/rapporto-di-sostenibilita-di-raiffeisen-landesbank-tirol\/\"},\"wordCount\":3411,\"commentCount\":0,\"image\":{\"@id\":\"https:\/\/terra-institute.eu\/it\/rapporto-di-sostenibilita-di-raiffeisen-landesbank-tirol\/#primaryimage\"},\"thumbnailUrl\":\"https:\/\/terra-institute.eu\/it\/wp-content\/uploads\/2025\/01\/RLB-Tirol_Landschaft-e1713855131554.jpg\",\"keywords\":[\"REPORTISTICA DI SOSTENIBILIT\u00e0\"],\"articleSection\":[\"blog\",\"good cases\"],\"inLanguage\":\"it-IT\",\"potentialAction\":[{\"@type\":\"CommentAction\",\"name\":\"Comment\",\"target\":[\"https:\/\/terra-institute.eu\/it\/rapporto-di-sostenibilita-di-raiffeisen-landesbank-tirol\/#respond\"]}]},{\"@type\":\"WebPage\",\"@id\":\"https:\/\/terra-institute.eu\/it\/rapporto-di-sostenibilita-di-raiffeisen-landesbank-tirol\/\",\"url\":\"https:\/\/terra-institute.eu\/it\/rapporto-di-sostenibilita-di-raiffeisen-landesbank-tirol\/\",\"name\":\"RAPPORTO DI SOSTENIBILIT\u00c0 DI RAIFFEISEN-LANDESBANK TIROL - Terra Institute\",\"isPartOf\":{\"@id\":\"https:\/\/terra-institute.eu\/it\/#website\"},\"primaryImageOfPage\":{\"@id\":\"https:\/\/terra-institute.eu\/it\/rapporto-di-sostenibilita-di-raiffeisen-landesbank-tirol\/#primaryimage\"},\"image\":{\"@id\":\"https:\/\/terra-institute.eu\/it\/rapporto-di-sostenibilita-di-raiffeisen-landesbank-tirol\/#primaryimage\"},\"thumbnailUrl\":\"https:\/\/terra-institute.eu\/it\/wp-content\/uploads\/2025\/01\/RLB-Tirol_Landschaft-e1713855131554.jpg\",\"datePublished\":\"2024-04-23T12:28:00+00:00\",\"dateModified\":\"2025-02-17T15:51:45+00:00\",\"author\":{\"@id\":\"https:\/\/terra-institute.eu\/it\/#\/schema\/person\/0825c78d1038a1533e63d1a36ec49278\"},\"breadcrumb\":{\"@id\":\"https:\/\/terra-institute.eu\/it\/rapporto-di-sostenibilita-di-raiffeisen-landesbank-tirol\/#breadcrumb\"},\"inLanguage\":\"it-IT\",\"potentialAction\":[{\"@type\":\"ReadAction\",\"target\":[\"https:\/\/terra-institute.eu\/it\/rapporto-di-sostenibilita-di-raiffeisen-landesbank-tirol\/\"]}]},{\"@type\":\"ImageObject\",\"inLanguage\":\"it-IT\",\"@id\":\"https:\/\/terra-institute.eu\/it\/rapporto-di-sostenibilita-di-raiffeisen-landesbank-tirol\/#primaryimage\",\"url\":\"https:\/\/terra-institute.eu\/it\/wp-content\/uploads\/2025\/01\/RLB-Tirol_Landschaft-e1713855131554.jpg\",\"contentUrl\":\"https:\/\/terra-institute.eu\/it\/wp-content\/uploads\/2025\/01\/RLB-Tirol_Landschaft-e1713855131554.jpg\",\"width\":1584,\"height\":1056},{\"@type\":\"BreadcrumbList\",\"@id\":\"https:\/\/terra-institute.eu\/it\/rapporto-di-sostenibilita-di-raiffeisen-landesbank-tirol\/#breadcrumb\",\"itemListElement\":[{\"@type\":\"ListItem\",\"position\":1,\"name\":\"Home\",\"item\":\"https:\/\/terra-institute.eu\/it\/\"},{\"@type\":\"ListItem\",\"position\":2,\"name\":\"RAPPORTO DI SOSTENIBILIT\u00c0 DI RAIFFEISEN-LANDESBANK TIROL\"}]},{\"@type\":\"WebSite\",\"@id\":\"https:\/\/terra-institute.eu\/it\/#website\",\"url\":\"https:\/\/terra-institute.eu\/it\/\",\"name\":\"Terra Institute\",\"description\":\"Empowering Responsible Growth\",\"potentialAction\":[{\"@type\":\"SearchAction\",\"target\":{\"@type\":\"EntryPoint\",\"urlTemplate\":\"https:\/\/terra-institute.eu\/it\/?s={search_term_string}\"},\"query-input\":{\"@type\":\"PropertyValueSpecification\",\"valueRequired\":true,\"valueName\":\"search_term_string\"}}],\"inLanguage\":\"it-IT\"},{\"@type\":\"Person\",\"@id\":\"https:\/\/terra-institute.eu\/it\/#\/schema\/person\/0825c78d1038a1533e63d1a36ec49278\",\"name\":\"francescoromito\",\"image\":{\"@type\":\"ImageObject\",\"inLanguage\":\"it-IT\",\"@id\":\"https:\/\/terra-institute.eu\/it\/#\/schema\/person\/image\/\",\"url\":\"https:\/\/secure.gravatar.com\/avatar\/af139ce2e39890ae48f5692c8a08dde6e376be32739bb05ea5a3ce601c598fa9?s=96&d=mm&r=g\",\"contentUrl\":\"https:\/\/secure.gravatar.com\/avatar\/af139ce2e39890ae48f5692c8a08dde6e376be32739bb05ea5a3ce601c598fa9?s=96&d=mm&r=g\",\"caption\":\"francescoromito\"},\"sameAs\":[\"https:\/\/terra-institute.eu\/it\"],\"url\":\"https:\/\/terra-institute.eu\/it\/author\/francescoromito\/\"}]}<\/script>\n<!-- \/ Yoast SEO plugin. -->","yoast_head_json":{"title":"RAPPORTO DI SOSTENIBILIT\u00c0 DI RAIFFEISEN-LANDESBANK TIROL - Terra Institute","robots":{"index":"index","follow":"follow","max-snippet":"max-snippet:-1","max-image-preview":"max-image-preview:large","max-video-preview":"max-video-preview:-1"},"canonical":"https:\/\/terra-institute.eu\/it\/rapporto-di-sostenibilita-di-raiffeisen-landesbank-tirol\/","og_locale":"it_IT","og_type":"article","og_title":"RAPPORTO DI SOSTENIBILIT\u00c0 DI RAIFFEISEN-LANDESBANK TIROL - Terra Institute","og_description":"IL PERCORSO DEL RAPPORTO DI SOSTENIBILIT\u00c0CONTENUTI Fatti salienti di RLB Tirol Le sfide Banca in trasformazione Argomenti chiave e relazione Charlotte Dewilde di RLB Tirol sul progetto Responsabile del progetto Margit Holzhammer Contatto Nell'ambito di questo \"Good Case\" scoprirete i successi ottenuti e le sfide correlate affrontate da RLB Tirol AG nella realizzazione del primo [&hellip;]","og_url":"https:\/\/terra-institute.eu\/it\/rapporto-di-sostenibilita-di-raiffeisen-landesbank-tirol\/","og_site_name":"Terra Institute","article_publisher":"https:\/\/www.facebook.com\/TerraInstitute","article_published_time":"2024-04-23T12:28:00+00:00","article_modified_time":"2025-02-17T15:51:45+00:00","og_image":[{"width":1584,"height":1056,"url":"https:\/\/terra-institute.eu\/it\/wp-content\/uploads\/2025\/01\/RLB-Tirol_Landschaft-e1713855131554.jpg","type":"image\/jpeg"}],"author":"francescoromito","twitter_card":"summary_large_image","twitter_creator":"@terra_institute","twitter_site":"@terra_institute","twitter_misc":{"Scritto da":"francescoromito","Tempo di lettura stimato":"8 minuti"},"schema":{"@context":"https:\/\/schema.org","@graph":[{"@type":"Article","@id":"https:\/\/terra-institute.eu\/it\/rapporto-di-sostenibilita-di-raiffeisen-landesbank-tirol\/#article","isPartOf":{"@id":"https:\/\/terra-institute.eu\/it\/rapporto-di-sostenibilita-di-raiffeisen-landesbank-tirol\/"},"author":{"name":"francescoromito","@id":"https:\/\/terra-institute.eu\/it\/#\/schema\/person\/0825c78d1038a1533e63d1a36ec49278"},"headline":"RAPPORTO DI SOSTENIBILIT\u00c0 DI RAIFFEISEN-LANDESBANK TIROL","datePublished":"2024-04-23T12:28:00+00:00","dateModified":"2025-02-17T15:51:45+00:00","mainEntityOfPage":{"@id":"https:\/\/terra-institute.eu\/it\/rapporto-di-sostenibilita-di-raiffeisen-landesbank-tirol\/"},"wordCount":3411,"commentCount":0,"image":{"@id":"https:\/\/terra-institute.eu\/it\/rapporto-di-sostenibilita-di-raiffeisen-landesbank-tirol\/#primaryimage"},"thumbnailUrl":"https:\/\/terra-institute.eu\/it\/wp-content\/uploads\/2025\/01\/RLB-Tirol_Landschaft-e1713855131554.jpg","keywords":["REPORTISTICA DI SOSTENIBILIT\u00e0"],"articleSection":["blog","good cases"],"inLanguage":"it-IT","potentialAction":[{"@type":"CommentAction","name":"Comment","target":["https:\/\/terra-institute.eu\/it\/rapporto-di-sostenibilita-di-raiffeisen-landesbank-tirol\/#respond"]}]},{"@type":"WebPage","@id":"https:\/\/terra-institute.eu\/it\/rapporto-di-sostenibilita-di-raiffeisen-landesbank-tirol\/","url":"https:\/\/terra-institute.eu\/it\/rapporto-di-sostenibilita-di-raiffeisen-landesbank-tirol\/","name":"RAPPORTO DI SOSTENIBILIT\u00c0 DI RAIFFEISEN-LANDESBANK TIROL - Terra Institute","isPartOf":{"@id":"https:\/\/terra-institute.eu\/it\/#website"},"primaryImageOfPage":{"@id":"https:\/\/terra-institute.eu\/it\/rapporto-di-sostenibilita-di-raiffeisen-landesbank-tirol\/#primaryimage"},"image":{"@id":"https:\/\/terra-institute.eu\/it\/rapporto-di-sostenibilita-di-raiffeisen-landesbank-tirol\/#primaryimage"},"thumbnailUrl":"https:\/\/terra-institute.eu\/it\/wp-content\/uploads\/2025\/01\/RLB-Tirol_Landschaft-e1713855131554.jpg","datePublished":"2024-04-23T12:28:00+00:00","dateModified":"2025-02-17T15:51:45+00:00","author":{"@id":"https:\/\/terra-institute.eu\/it\/#\/schema\/person\/0825c78d1038a1533e63d1a36ec49278"},"breadcrumb":{"@id":"https:\/\/terra-institute.eu\/it\/rapporto-di-sostenibilita-di-raiffeisen-landesbank-tirol\/#breadcrumb"},"inLanguage":"it-IT","potentialAction":[{"@type":"ReadAction","target":["https:\/\/terra-institute.eu\/it\/rapporto-di-sostenibilita-di-raiffeisen-landesbank-tirol\/"]}]},{"@type":"ImageObject","inLanguage":"it-IT","@id":"https:\/\/terra-institute.eu\/it\/rapporto-di-sostenibilita-di-raiffeisen-landesbank-tirol\/#primaryimage","url":"https:\/\/terra-institute.eu\/it\/wp-content\/uploads\/2025\/01\/RLB-Tirol_Landschaft-e1713855131554.jpg","contentUrl":"https:\/\/terra-institute.eu\/it\/wp-content\/uploads\/2025\/01\/RLB-Tirol_Landschaft-e1713855131554.jpg","width":1584,"height":1056},{"@type":"BreadcrumbList","@id":"https:\/\/terra-institute.eu\/it\/rapporto-di-sostenibilita-di-raiffeisen-landesbank-tirol\/#breadcrumb","itemListElement":[{"@type":"ListItem","position":1,"name":"Home","item":"https:\/\/terra-institute.eu\/it\/"},{"@type":"ListItem","position":2,"name":"RAPPORTO DI SOSTENIBILIT\u00c0 DI RAIFFEISEN-LANDESBANK TIROL"}]},{"@type":"WebSite","@id":"https:\/\/terra-institute.eu\/it\/#website","url":"https:\/\/terra-institute.eu\/it\/","name":"Terra Institute","description":"Empowering Responsible Growth","potentialAction":[{"@type":"SearchAction","target":{"@type":"EntryPoint","urlTemplate":"https:\/\/terra-institute.eu\/it\/?s={search_term_string}"},"query-input":{"@type":"PropertyValueSpecification","valueRequired":true,"valueName":"search_term_string"}}],"inLanguage":"it-IT"},{"@type":"Person","@id":"https:\/\/terra-institute.eu\/it\/#\/schema\/person\/0825c78d1038a1533e63d1a36ec49278","name":"francescoromito","image":{"@type":"ImageObject","inLanguage":"it-IT","@id":"https:\/\/terra-institute.eu\/it\/#\/schema\/person\/image\/","url":"https:\/\/secure.gravatar.com\/avatar\/af139ce2e39890ae48f5692c8a08dde6e376be32739bb05ea5a3ce601c598fa9?s=96&d=mm&r=g","contentUrl":"https:\/\/secure.gravatar.com\/avatar\/af139ce2e39890ae48f5692c8a08dde6e376be32739bb05ea5a3ce601c598fa9?s=96&d=mm&r=g","caption":"francescoromito"},"sameAs":["https:\/\/terra-institute.eu\/it"],"url":"https:\/\/terra-institute.eu\/it\/author\/francescoromito\/"}]}},"_links":{"self":[{"href":"https:\/\/terra-institute.eu\/it\/wp-json\/wp\/v2\/posts\/251551","targetHints":{"allow":["GET"]}}],"collection":[{"href":"https:\/\/terra-institute.eu\/it\/wp-json\/wp\/v2\/posts"}],"about":[{"href":"https:\/\/terra-institute.eu\/it\/wp-json\/wp\/v2\/types\/post"}],"author":[{"embeddable":true,"href":"https:\/\/terra-institute.eu\/it\/wp-json\/wp\/v2\/users\/1"}],"replies":[{"embeddable":true,"href":"https:\/\/terra-institute.eu\/it\/wp-json\/wp\/v2\/comments?post=251551"}],"version-history":[{"count":13,"href":"https:\/\/terra-institute.eu\/it\/wp-json\/wp\/v2\/posts\/251551\/revisions"}],"predecessor-version":[{"id":251818,"href":"https:\/\/terra-institute.eu\/it\/wp-json\/wp\/v2\/posts\/251551\/revisions\/251818"}],"wp:featuredmedia":[{"embeddable":true,"href":"https:\/\/terra-institute.eu\/it\/wp-json\/wp\/v2\/media\/251552"}],"wp:attachment":[{"href":"https:\/\/terra-institute.eu\/it\/wp-json\/wp\/v2\/media?parent=251551"}],"wp:term":[{"taxonomy":"category","embeddable":true,"href":"https:\/\/terra-institute.eu\/it\/wp-json\/wp\/v2\/categories?post=251551"},{"taxonomy":"post_tag","embeddable":true,"href":"https:\/\/terra-institute.eu\/it\/wp-json\/wp\/v2\/tags?post=251551"}],"curies":[{"name":"wp","href":"https:\/\/api.w.org\/{rel}","templated":true}]}}