{"id":251496,"date":"2024-04-22T13:44:00","date_gmt":"2024-04-22T11:44:00","guid":{"rendered":"https:\/\/terra-institute.eu\/it\/?p=251496"},"modified":"2025-02-17T16:52:19","modified_gmt":"2025-02-17T15:52:19","slug":"lcs-cable-cranes-sviluppo-di-una-strategia-per-il-clima","status":"publish","type":"post","link":"https:\/\/terra-institute.eu\/it\/lcs-cable-cranes-sviluppo-di-una-strategia-per-il-clima\/","title":{"rendered":"LCS CABLE CRANES &#8211; SVILUPPO DI UNA STRATEGIA PER IL CLIMA"},"content":{"rendered":"<p>[et_pb_section fb_built=&#8221;1&#8243; module_id=&#8221;temi&#8221; _builder_version=&#8221;4.16&#8243; _module_preset=&#8221;default&#8221; background_color=&#8221;#FFFFFF&#8221; module_alignment=&#8221;center&#8221; min_height=&#8221;622.7px&#8221; custom_margin=&#8221;|||-19px|false|false&#8221; custom_padding=&#8221;24px||44px||false|false&#8221; locked=&#8221;off&#8221; global_colors_info=&#8221;{}&#8221; theme_builder_area=&#8221;post_content&#8221;][et_pb_row column_structure=&#8221;2_5,3_5&#8243; module_id=&#8221;g\u00f6g-intro&#8221; _builder_version=&#8221;4.24.2&#8243; _module_preset=&#8221;default&#8221; module_alignment=&#8221;center&#8221; custom_margin=&#8221;9px|auto||auto||&#8221; custom_padding=&#8221;23px||1px|||&#8221; border_color_top=&#8221;rgba(125,113,104,0.25)&#8221; global_colors_info=&#8221;{}&#8221; theme_builder_area=&#8221;post_content&#8221;][et_pb_column type=&#8221;2_5&#8243; _builder_version=&#8221;4.16&#8243; _module_preset=&#8221;default&#8221; global_colors_info=&#8221;{}&#8221; theme_builder_area=&#8221;post_content&#8221;][et_pb_text _builder_version=&#8221;4.27.4&#8243; _module_preset=&#8221;default&#8221; text_font=&#8221;SourceSans-Pro-Regular||||||||&#8221; header_2_text_color=&#8221;#3d3d3d&#8221; header_2_font_size=&#8221;32px&#8221; header_2_line_height=&#8221;1.1em&#8221; custom_margin=&#8221;||-4px|||&#8221; custom_padding=&#8221;||0px||false|false&#8221; animation_style=&#8221;fade&#8221; animation_duration=&#8221;1300ms&#8221; border_color_left=&#8221;#7d7168&#8243; locked=&#8221;off&#8221; global_colors_info=&#8221;{}&#8221; theme_builder_area=&#8221;post_content&#8221;]<\/p>\n<h2>IL PERCORSO DEL RAPPORTO DI SOSTENIBILIT\u00c0<\/h2>\n<p>[\/et_pb_text][et_pb_text disabled_on=&#8221;off|off|off&#8221; _builder_version=&#8221;4.27.4&#8243; _module_preset=&#8221;default&#8221; background_color=&#8221;#f9f9f9&#8243; custom_margin=&#8221;20px|||20px|false|false&#8221; custom_padding=&#8221;20px|||20px|false|false&#8221; box_shadow_style=&#8221;preset3&#8243; global_colors_info=&#8221;{}&#8221; theme_builder_area=&#8221;post_content&#8221;]<\/p>\n<h4><strong>Contenuti<\/strong><\/h4>\n<ol>\n<li><a href=\"#intro\" title=\"Fatti salienti su LCS GmbH\">Fatti salienti su LCS GmbH<\/a><\/li>\n<li><a href=\"#herausforderungen\" title=\"Le sfide\">Le sfide<\/a><\/li>\n<li><a href=\"#transformationsprozess\" title=\"Processo di trasformazione\">Processo di trasformazione<\/a><\/li>\n<li><a href=\"#zitat\" title=\"Responsabile della sostenibilit\u00e0 LCS\">Responsabile della sostenibilit\u00e0 LCS<\/a><\/li>\n<li><a href=\"#projektleiter\" title=\"Responsabile di progetto Paul Lardon\">Responsabile di progetto Paul Lardon<\/a><\/li>\n<li><a href=\"#kontakt\" title=\"Contatto\"> Contatto <\/a><\/li>\n<\/ol>\n<p>[\/et_pb_text][\/et_pb_column][et_pb_column type=&#8221;3_5&#8243; _builder_version=&#8221;4.16&#8243; _module_preset=&#8221;default&#8221; global_colors_info=&#8221;{}&#8221; theme_builder_area=&#8221;post_content&#8221;][et_pb_text _builder_version=&#8221;4.27.4&#8243; _module_preset=&#8221;default&#8221; header_3_text_color=&#8221;#428ca6&#8243; hover_enabled=&#8221;0&#8243; global_colors_info=&#8221;{}&#8221; theme_builder_area=&#8221;post_content&#8221; sticky_enabled=&#8221;0&#8243;]<\/p>\n<p style=\"font-weight: 400;\">In questo &#8220;Good Case&#8221; scoprirete di pi\u00f9 sull&#8217;accompagnamento nello sviluppo di una <a href=\"https:\/\/terra-institute.eu\/it\/la-giusta-strategia-climatica-per-la-vostra-azienda\/\">strategia climatica<\/a> <a href=\"https:\/\/terra-institute.eu\/klimastrategie\/\"><\/a> per LCS con un focus sul bilancio dei gas serra e lo screening della determinazione della materialit\u00e0 per lo Scope 3.<\/p>\n<p style=\"font-weight: 400;\"><strong>LCS Cable Cranes GmbH <\/strong>ha, oltre alla sua sede principale a L\u00f6runs, Austria, altre filiali in Canada e Brasile. LCS \u00e8 un&#8217;azienda dinamica di <strong>medie dimensioni<\/strong> che risolve compiti di trasporto impegnativi in terreni difficili in tutto il mondo con l&#8217;aiuto di speciali sistemi di gru a fune.<\/p>\n<p>[\/et_pb_text][\/et_pb_column][\/et_pb_row][et_pb_row _builder_version=&#8221;4.22.1&#8243; _module_preset=&#8221;default&#8221; custom_padding=&#8221;||0px|||&#8221; global_colors_info=&#8221;{}&#8221; theme_builder_area=&#8221;post_content&#8221;][et_pb_column type=&#8221;4_4&#8243; _builder_version=&#8221;4.22.1&#8243; _module_preset=&#8221;default&#8221; global_colors_info=&#8221;{}&#8221; theme_builder_area=&#8221;post_content&#8221;][et_pb_text module_id=&#8221;intro&#8221; _builder_version=&#8221;4.27.4&#8243; _module_preset=&#8221;default&#8221; width=&#8221;85.6%&#8221; global_colors_info=&#8221;{}&#8221; theme_builder_area=&#8221;post_content&#8221;]<\/p>\n<h2>FATTI SALIENTI SU LCS CABLE CRANES GmbH<\/h2>\n<p>[\/et_pb_text][\/et_pb_column][\/et_pb_row][et_pb_row column_structure=&#8221;1_6,1_6,1_6,1_6,1_6,1_6&#8243; disabled_on=&#8221;off|off|off&#8221; _builder_version=&#8221;4.22.1&#8243; _module_preset=&#8221;default&#8221; custom_padding=&#8221;0px|||||&#8221; global_colors_info=&#8221;{}&#8221; theme_builder_area=&#8221;post_content&#8221;][et_pb_column type=&#8221;1_6&#8243; _builder_version=&#8221;4.22.1&#8243; _module_preset=&#8221;default&#8221; global_colors_info=&#8221;{}&#8221; theme_builder_area=&#8221;post_content&#8221;][et_pb_image src=&#8221;https:\/\/terra-institute.eu\/wp-content\/uploads\/2024\/02\/kind-of-project-e1706788177352.png&#8221; title_text=&#8221;kind of project&#8221; _builder_version=&#8221;4.22.1&#8243; _module_preset=&#8221;default&#8221; global_colors_info=&#8221;{}&#8221; theme_builder_area=&#8221;post_content&#8221;][\/et_pb_image][et_pb_text _builder_version=&#8221;4.27.4&#8243; _module_preset=&#8221;default&#8221; header_3_text_color=&#8221;#428ca6&#8243; global_colors_info=&#8221;{}&#8221; theme_builder_area=&#8221;post_content&#8221;]<\/p>\n<p style=\"font-weight: 400;\"><strong>Progetto<\/strong>: Strategia sul clima<\/p>\n<p>[\/et_pb_text][\/et_pb_column][et_pb_column type=&#8221;1_6&#8243; _builder_version=&#8221;4.22.1&#8243; _module_preset=&#8221;default&#8221; global_colors_info=&#8221;{}&#8221; theme_builder_area=&#8221;post_content&#8221;][et_pb_image src=&#8221;https:\/\/terra-institute.eu\/wp-content\/uploads\/2024\/02\/terra-client-since-e1706779538830.png&#8221; title_text=&#8221;terra client since&#8221; _builder_version=&#8221;4.22.1&#8243; _module_preset=&#8221;default&#8221; global_colors_info=&#8221;{}&#8221; theme_builder_area=&#8221;post_content&#8221;][\/et_pb_image][et_pb_text _builder_version=&#8221;4.24.2&#8243; _module_preset=&#8221;default&#8221; header_3_text_color=&#8221;#428ca6&#8243; global_colors_info=&#8221;{}&#8221; theme_builder_area=&#8221;post_content&#8221;]<\/p>\n<p style=\"font-weight: 400;\"><strong>Cliente Terra da<\/strong> aprile 2023<\/p>\n<p>[\/et_pb_text][\/et_pb_column][et_pb_column type=&#8221;1_6&#8243; _builder_version=&#8221;4.22.1&#8243; _module_preset=&#8221;default&#8221; global_colors_info=&#8221;{}&#8221; theme_builder_area=&#8221;post_content&#8221;][et_pb_image src=&#8221;https:\/\/terra-institute.eu\/wp-content\/uploads\/2024\/02\/business-area-e1706779620714.png&#8221; title_text=&#8221;business area&#8221; _builder_version=&#8221;4.22.1&#8243; _module_preset=&#8221;default&#8221; global_colors_info=&#8221;{}&#8221; theme_builder_area=&#8221;post_content&#8221;][\/et_pb_image][et_pb_text _builder_version=&#8221;4.24.2&#8243; _module_preset=&#8221;default&#8221; header_3_text_color=&#8221;#428ca6&#8243; global_colors_info=&#8221;{}&#8221; theme_builder_area=&#8221;post_content&#8221;]<\/p>\n<p style=\"font-weight: 400;\"><strong>Divisione aziendale<\/strong>: Trasporti<\/p>\n<p>[\/et_pb_text][\/et_pb_column][et_pb_column type=&#8221;1_6&#8243; _builder_version=&#8221;4.22.1&#8243; _module_preset=&#8221;default&#8221; global_colors_info=&#8221;{}&#8221; theme_builder_area=&#8221;post_content&#8221;][et_pb_image src=&#8221;https:\/\/terra-institute.eu\/wp-content\/uploads\/2024\/01\/headquarters-e1706715111396.png&#8221; title_text=&#8221;headquarters&#8221; _builder_version=&#8221;4.22.1&#8243; _module_preset=&#8221;default&#8221; global_colors_info=&#8221;{}&#8221; theme_builder_area=&#8221;post_content&#8221;][\/et_pb_image][et_pb_text _builder_version=&#8221;4.24.2&#8243; _module_preset=&#8221;default&#8221; header_3_text_color=&#8221;#428ca6&#8243; global_colors_info=&#8221;{}&#8221; theme_builder_area=&#8221;post_content&#8221;]<\/p>\n<p style=\"font-weight: 400;\"><strong>Sede centrale<\/strong> a L\u00f6runs, Austria<\/p>\n<p>[\/et_pb_text][\/et_pb_column][et_pb_column type=&#8221;1_6&#8243; _builder_version=&#8221;4.22.1&#8243; _module_preset=&#8221;default&#8221; global_colors_info=&#8221;{}&#8221; theme_builder_area=&#8221;post_content&#8221;][et_pb_image src=&#8221;https:\/\/terra-institute.eu\/wp-content\/uploads\/2024\/01\/number-of-employees-e1706714553773.png&#8221; title_text=&#8221;number of employees&#8221; _builder_version=&#8221;4.22.1&#8243; _module_preset=&#8221;default&#8221; global_colors_info=&#8221;{}&#8221; theme_builder_area=&#8221;post_content&#8221;][\/et_pb_image][et_pb_text _builder_version=&#8221;4.24.2&#8243; _module_preset=&#8221;default&#8221; header_3_text_color=&#8221;#428ca6&#8243; global_colors_info=&#8221;{}&#8221; theme_builder_area=&#8221;post_content&#8221;]<\/p>\n<p style=\"font-weight: 400;\">60<strong> dipendenti<\/strong><\/p>\n<p><span><br \/><\/span><span data-ccp-props=\"{&quot;201341983&quot;:0,&quot;335551550&quot;:6,&quot;335551620&quot;:6,&quot;335559739&quot;:0,&quot;335559740&quot;:276}\"><\/span><\/p>\n<p>[\/et_pb_text][\/et_pb_column][et_pb_column type=&#8221;1_6&#8243; _builder_version=&#8221;4.22.1&#8243; _module_preset=&#8221;default&#8221; global_colors_info=&#8221;{}&#8221; theme_builder_area=&#8221;post_content&#8221;][et_pb_image src=&#8221;https:\/\/terra-institute.eu\/wp-content\/uploads\/2024\/02\/link-to-website-e1706788575343.png&#8221; title_text=&#8221;link to website&#8221; _builder_version=&#8221;4.22.1&#8243; _module_preset=&#8221;default&#8221; global_colors_info=&#8221;{}&#8221; theme_builder_area=&#8221;post_content&#8221;][\/et_pb_image][et_pb_text _builder_version=&#8221;4.24.2&#8243; _module_preset=&#8221;default&#8221; header_3_text_color=&#8221;#428ca6&#8243; global_colors_info=&#8221;{}&#8221; theme_builder_area=&#8221;post_content&#8221;]<\/p>\n<p><strong>Sito web: <a href=\"https:\/\/www.lcs-cablecranes.com\/de\/\">www.lcs-cablecranes.com<\/a><\/strong><\/p>\n<p>[\/et_pb_text][\/et_pb_column][\/et_pb_row][\/et_pb_section][et_pb_section fb_built=&#8221;1&#8243; module_id=&#8221;herausforderungen&#8221; _builder_version=&#8221;4.24.2&#8243; _module_preset=&#8221;default&#8221; background_color=&#8221;#79a9b6&#8243; locked=&#8221;off&#8221; global_colors_info=&#8221;{}&#8221; theme_builder_area=&#8221;post_content&#8221;][et_pb_row column_structure=&#8221;2_3,1_3&#8243; module_id=&#8221;vorteile-beratung&#8221; _builder_version=&#8221;4.17.4&#8243; _module_preset=&#8221;default&#8221; custom_padding=&#8221;||0px|||&#8221; global_colors_info=&#8221;{}&#8221; theme_builder_area=&#8221;post_content&#8221;][et_pb_column type=&#8221;2_3&#8243; _builder_version=&#8221;4.17.4&#8243; _module_preset=&#8221;default&#8221; global_colors_info=&#8221;{}&#8221; theme_builder_area=&#8221;post_content&#8221;][et_pb_text module_id=&#8221;beratung&#8221; _builder_version=&#8221;4.27.4&#8243; _module_preset=&#8221;default&#8221; text_text_color=&#8221;#FFFFFF&#8221; header_2_text_color=&#8221;#FFFFFF&#8221; header_2_font_size=&#8221;32px&#8221; width=&#8221;116.1%&#8221; custom_padding=&#8221;||||false|false&#8221; global_colors_info=&#8221;{}&#8221; theme_builder_area=&#8221;post_content&#8221;]<\/p>\n<h2><span style=\"color: #ffffff;\"><span data-contrast=\"auto\" xml:lang=\"DE-DE\" lang=\"DE-DE\" class=\"TextRun SCXW14788989 BCX8\"><span class=\"NormalTextRun SCXW14788989 BCX8\">SFIDE DURANTE IL PROGETTO<\/span><\/span><span class=\"EOP SCXW14788989 BCX8\" data-ccp-props=\"{&quot;201341983&quot;:0,&quot;335559740&quot;:240}\">\u00a0<\/span><\/span><\/h2>\n<p>[\/et_pb_text][\/et_pb_column][et_pb_column type=&#8221;1_3&#8243; _builder_version=&#8221;4.17.4&#8243; _module_preset=&#8221;default&#8221; global_colors_info=&#8221;{}&#8221; theme_builder_area=&#8221;post_content&#8221;][\/et_pb_column][\/et_pb_row][et_pb_row column_structure=&#8221;1_2,1_2&#8243; _builder_version=&#8221;4.17.4&#8243; _module_preset=&#8221;default&#8221; global_colors_info=&#8221;{}&#8221; theme_builder_area=&#8221;post_content&#8221;][et_pb_column type=&#8221;1_2&#8243; _builder_version=&#8221;4.17.4&#8243; _module_preset=&#8221;default&#8221; global_colors_info=&#8221;{}&#8221; theme_builder_area=&#8221;post_content&#8221;][et_pb_image src=&#8221;https:\/\/terra-institute.eu\/wp-content\/uploads\/2024\/04\/herausforderungen-klimastrategie-eis-klimawandel_katie-doherty-scaled.jpg&#8221; alt=&#8221;herausforderungen-klimastrategie-eis-klimawandel_katie-doherty&#8221; title_text=&#8221;herausforderungen-klimastrategie-eis-klimawandel_katie-doherty&#8221; _builder_version=&#8221;4.24.2&#8243; _module_preset=&#8221;default&#8221; global_colors_info=&#8221;{}&#8221; theme_builder_area=&#8221;post_content&#8221;][\/et_pb_image][\/et_pb_column][et_pb_column type=&#8221;1_2&#8243; _builder_version=&#8221;4.17.4&#8243; _module_preset=&#8221;default&#8221; global_colors_info=&#8221;{}&#8221; theme_builder_area=&#8221;post_content&#8221;][et_pb_text _builder_version=&#8221;4.27.4&#8243; _module_preset=&#8221;default&#8221; text_text_color=&#8221;#FFFFFF&#8221; link_font=&#8221;|600|||on||||&#8221; link_text_color=&#8221;#FFFFFF&#8221; header_text_color=&#8221;#FFFFFF&#8221; header_2_text_color=&#8221;#FFFFFF&#8221; header_3_text_color=&#8221;#FFFFFF&#8221; hover_enabled=&#8221;0&#8243; global_colors_info=&#8221;{}&#8221; theme_builder_area=&#8221;post_content&#8221; sticky_enabled=&#8221;0&#8243;]<\/p>\n<p style=\"font-weight: 400;\">Prima della collaborazione con il Terra Institute, LCS ha lavorato con un fornitore di servizi che ha fornito uno strumento digitale per la creazione di impronte aziendali. Con il suo aiuto, LCS \u00e8 riuscita a creare un primo bilancio dei gas serra per l&#8217;azienda in Austria. Il team di sostenibilit\u00e0 di LCS ha successivamente necessitato di <strong>supporto per la validazione e la correzione dei risultati<\/strong>. Inoltre, erano richiesti input riguardo all&#8217;interpretazione dei risultati del bilancio, lo sviluppo delle prime misure di riduzione e i prossimi passi <strong>verso la <a href=\"https:\/\/terra-institute.eu\/it\/consulenza-di-sostenibilita-per-le-aziende\/\">strategia climatica aziendale<\/a><\/strong>. Inoltre, il team di sostenibilit\u00e0 aveva bisogno di <strong>supporto per coinvolgere altri dipendenti di LCS nel processo di sostenibilit\u00e0<\/strong>, il che, come in molte altre aziende, rappresentava una sfida. I team di sostenibilit\u00e0 delle aziende spesso hanno un enorme vantaggio rispetto ai loro colleghi in termini di conoscenze e comprensione dei processi nel campo della sostenibilit\u00e0. Questo era anche il caso di LCS.<\/p>\n<p>[\/et_pb_text][\/et_pb_column][\/et_pb_row][et_pb_row _builder_version=&#8221;4.17.4&#8243; _module_preset=&#8221;default&#8221; global_colors_info=&#8221;{}&#8221; theme_builder_area=&#8221;post_content&#8221;][et_pb_column type=&#8221;4_4&#8243; _builder_version=&#8221;4.17.4&#8243; _module_preset=&#8221;default&#8221; global_colors_info=&#8221;{}&#8221; theme_builder_area=&#8221;post_content&#8221;][et_pb_text _builder_version=&#8221;4.24.2&#8243; _module_preset=&#8221;default&#8221; text_text_color=&#8221;#FFFFFF&#8221; header_text_color=&#8221;#FFFFFF&#8221; header_2_text_color=&#8221;#FFFFFF&#8221; header_3_text_color=&#8221;#FFFFFF&#8221; global_colors_info=&#8221;{}&#8221; theme_builder_area=&#8221;post_content&#8221;]<\/p>\n<p style=\"font-weight: 400;\">La maggior parte delle emissioni di LCS si trova nello Scope 3, cio\u00e8 al di fuori dei confini aziendali, nella catena del valore a monte e a valle. Queste emissioni sono regolarmente molto difficili da rilevare e calcolare per le aziende. In primo luogo, perch\u00e9 sono al di fuori delle loro attivit\u00e0 operative e quindi spesso mancano semplicemente i dati o \u00e8 difficile reperirli. In secondo luogo, perch\u00e9 le emissioni si estendono lungo l&#8217;intera catena del valore, dalla estrazione delle materie prime, all&#8217;uso dei prodotti fino alla fine del ciclo di vita, cio\u00e8 di solito fino allo smaltimento. Le categorie dello Scope 3 sono suddivise in 15 sottocategorie, ognuna delle quali ha approcci di calcolo propri. Identificare i punti critici e ottenere risultati affidabili di un bilancio \u00e8 spesso una grande sfida per le aziende.<\/p>\n<p style=\"font-weight: 400;\"><strong>Anche voi avete sfide simili? Contattateci per un primo colloquio gratuito con uno dei nostri esperti:\u00a0<\/strong><\/p>\n<p>[\/et_pb_text][et_pb_button button_url=&#8221;#kontakt&#8221; button_text=&#8221;Contatta Terra ora&#8221; _builder_version=&#8221;4.27.4&#8243; _module_preset=&#8221;default&#8221; custom_button=&#8221;on&#8221; button_text_size=&#8221;16px&#8221; button_text_color=&#8221;#FFFFFF&#8221; button_bg_color=&#8221;#428ca6&#8243; background_layout=&#8221;dark&#8221; global_colors_info=&#8221;{}&#8221; button_text_color__hover_enabled=&#8221;off|desktop&#8221; theme_builder_area=&#8221;post_content&#8221;][\/et_pb_button][\/et_pb_column][\/et_pb_row][\/et_pb_section][et_pb_section fb_built=&#8221;1&#8243; module_id=&#8221;transformationsprozess&#8221; _builder_version=&#8221;4.22.1&#8243; _module_preset=&#8221;default&#8221; custom_padding=&#8221;3px||18px|||&#8221; locked=&#8221;off&#8221; global_colors_info=&#8221;{}&#8221; theme_builder_area=&#8221;post_content&#8221;][et_pb_row module_id=&#8221;leadership&#8221; _builder_version=&#8221;4.17.4&#8243; _module_preset=&#8221;default&#8221; global_colors_info=&#8221;{}&#8221; theme_builder_area=&#8221;post_content&#8221;][et_pb_column type=&#8221;4_4&#8243; _builder_version=&#8221;4.17.4&#8243; _module_preset=&#8221;default&#8221; global_colors_info=&#8221;{}&#8221; theme_builder_area=&#8221;post_content&#8221;][et_pb_text module_id=&#8221;terra&#8221; _builder_version=&#8221;4.27.4&#8243; _module_preset=&#8221;default&#8221; header_2_font_size=&#8221;32px&#8221; global_colors_info=&#8221;{}&#8221; theme_builder_area=&#8221;post_content&#8221;]<\/p>\n<h2><span style=\"font-weight: 400;\">DAL BILANCIO DEI GAS SERRA ALLA STRATEGIA CLIMATICA<\/span><span><\/span><\/h2>\n<p>[\/et_pb_text][et_pb_text _builder_version=&#8221;4.24.2&#8243; _module_preset=&#8221;default&#8221; global_colors_info=&#8221;{}&#8221; theme_builder_area=&#8221;post_content&#8221;]<\/p>\n<p style=\"font-weight: 400;\">Dall&#8217;inizio della collaborazione, Terra \u00e8 riuscita a supportare il team di LCS nell&#8217;interpretazione e nel completamento del bilancio dei gas serra precedentemente effettuato. Inoltre, sono state derivate le prime misure climatiche per il primo rapporto di sostenibilit\u00e0 in fase di elaborazione. Terra Institute ha anche potuto assistere LCS in un primo screening delle emissioni dello Scope 3 e nella determinazione delle categorie principali dello Scope 3. Grazie a ci\u00f2, l&#8217;azienda ha potuto ottenere chiarezza sui punti critici delle emissioni dello Scope 3 con l&#8217;aiuto di Terra. Riguardo a queste categorie essenziali per LCS, l&#8217;azienda pu\u00f2 ora iniziare a perfezionare il bilancio di queste categorie, al fine di sviluppare anche misure in questo settore. Di conseguenza, la protezione del clima in LCS sar\u00e0 pi\u00f9 forte in futuro.<\/p>\n<p style=\"font-weight: 400;\">Inoltre, \u00e8 stato possibile aumentare la visibilit\u00e0 e l&#8217;urgenza del tema della protezione del clima in altre parti dell&#8217;azienda. Attraverso il coinvolgimento attivo di altri attori, che non sono primariamente parte del team di sostenibilit\u00e0 di LCS, \u00e8 stata comunicata in modo ampio la necessit\u00e0 di una strategia climatica per LCS. In questo modo, il processo di sostenibilit\u00e0 pu\u00f2 essere distribuito precocemente su quante pi\u00f9 spalle possibili e integrato nei vari reparti.<\/p>\n<p>[\/et_pb_text][\/et_pb_column][\/et_pb_row][\/et_pb_section][et_pb_section fb_built=&#8221;1&#8243; module_id=&#8221;zitat&#8221; _builder_version=&#8221;4.24.2&#8243; _module_preset=&#8221;default&#8221; background_color=&#8221;#79a9b6&#8243; custom_padding=&#8221;3px||18px|||&#8221; locked=&#8221;off&#8221; global_colors_info=&#8221;{}&#8221; theme_builder_area=&#8221;post_content&#8221;][et_pb_row column_structure=&#8221;3_5,2_5&#8243; module_id=&#8221;leadership&#8221; _builder_version=&#8221;4.17.4&#8243; _module_preset=&#8221;default&#8221; global_colors_info=&#8221;{}&#8221; theme_builder_area=&#8221;post_content&#8221;][et_pb_column type=&#8221;3_5&#8243; _builder_version=&#8221;4.17.4&#8243; _module_preset=&#8221;default&#8221; global_colors_info=&#8221;{}&#8221; theme_builder_area=&#8221;post_content&#8221;][et_pb_text module_id=&#8221;beratung&#8221; _builder_version=&#8221;4.27.4&#8243; _module_preset=&#8221;default&#8221; text_text_color=&#8221;#FFFFFF&#8221; header_2_text_color=&#8221;#FFFFFF&#8221; header_2_font_size=&#8221;32px&#8221; width=&#8221;116.1%&#8221; custom_padding=&#8221;||||false|false&#8221; global_colors_info=&#8221;{}&#8221; theme_builder_area=&#8221;post_content&#8221;]<\/p>\n<h2><span style=\"color: #ffffff;\">IL PERCORSO VERSO UNA STRATEGIA CLIMATICA &#8211; LA RESPONSABILE DELLA SOSTENIBILIT\u00c0 DI LCS SUL PROGETTO<\/span><\/h2>\n<p>[\/et_pb_text][\/et_pb_column][et_pb_column type=&#8221;2_5&#8243; _builder_version=&#8221;4.17.4&#8243; _module_preset=&#8221;default&#8221; global_colors_info=&#8221;{}&#8221; theme_builder_area=&#8221;post_content&#8221;][\/et_pb_column][\/et_pb_row][et_pb_row column_structure=&#8221;3_4,1_4&#8243; _builder_version=&#8221;4.22.1&#8243; _module_preset=&#8221;default&#8221; global_colors_info=&#8221;{}&#8221; theme_builder_area=&#8221;post_content&#8221;][et_pb_column type=&#8221;3_4&#8243; _builder_version=&#8221;4.22.1&#8243; _module_preset=&#8221;default&#8221; global_colors_info=&#8221;{}&#8221; theme_builder_area=&#8221;post_content&#8221;][et_pb_testimonial author=&#8221;Helene Lang&#8221; job_title=&#8221;Responsabile della sostenibilit\u00e0, LCS Cable Cranes GmbH&#8221; company_name=&#8221;LCS Cable Cranes GmbH&#8221; portrait_url=&#8221;https:\/\/terra-institute.eu\/wp-content\/uploads\/2024\/04\/H-LANG_Portrait-2021-SW.jpg&#8221; portrait_width=&#8221;140px&#8221; portrait_height=&#8221;140px&#8221; _builder_version=&#8221;4.27.4&#8243; _module_preset=&#8221;default&#8221; border_radii_portrait=&#8221;on|140px|140px|140px|140px&#8221; global_colors_info=&#8221;{}&#8221; theme_builder_area=&#8221;post_content&#8221;]<\/p>\n<p style=\"font-weight: 400;\">\u201cIl workshop \u00e8 piaciuto molto a tutti e nel primo feedback interno dopo il workshop ho potuto gi\u00e0 notare un cambiamento di consapevolezza\u201d[&#8230;] \u201cGrazie mille per il vostro supporto nel percorso verso il nostro primo rapporto di sostenibilit\u00e0. \u00c8 stata una collaborazione molto istruttiva ed entusiasmante\u201d.<\/p>\n<p>[\/et_pb_testimonial][\/et_pb_column][et_pb_column type=&#8221;1_4&#8243; _builder_version=&#8221;4.22.1&#8243; _module_preset=&#8221;default&#8221; global_colors_info=&#8221;{}&#8221; theme_builder_area=&#8221;post_content&#8221;][et_pb_image src=&#8221;https:\/\/terra-institute.eu\/wp-content\/uploads\/2024\/04\/LCS-CableCranes-Standard-RGB.png&#8221; alt=&#8221;Logo LCS-CableCranes-Standard&#8221; title_text=&#8221;LCS-CableCranes-Standard&#8221; _builder_version=&#8221;4.24.2&#8243; _module_preset=&#8221;default&#8221; global_colors_info=&#8221;{}&#8221; theme_builder_area=&#8221;post_content&#8221;][\/et_pb_image][\/et_pb_column][\/et_pb_row][\/et_pb_section][et_pb_section fb_built=&#8221;1&#8243; module_id=&#8221;projektleiter&#8221; _builder_version=&#8221;4.24.2&#8243; _module_preset=&#8221;default&#8221; background_enable_color=&#8221;off&#8221; custom_padding=&#8221;3px||18px|||&#8221; locked=&#8221;off&#8221; global_colors_info=&#8221;{}&#8221; theme_builder_area=&#8221;post_content&#8221; disabled_on=&#8221;on|on|on&#8221; disabled=&#8221;on&#8221;][et_pb_row column_structure=&#8221;3_5,2_5&#8243; module_id=&#8221;leadership&#8221; _builder_version=&#8221;4.17.4&#8243; _module_preset=&#8221;default&#8221; global_colors_info=&#8221;{}&#8221; theme_builder_area=&#8221;post_content&#8221;][et_pb_column type=&#8221;3_5&#8243; _builder_version=&#8221;4.17.4&#8243; _module_preset=&#8221;default&#8221; global_colors_info=&#8221;{}&#8221; theme_builder_area=&#8221;post_content&#8221;][et_pb_text module_id=&#8221;terra&#8221; _builder_version=&#8221;4.27.4&#8243; _module_preset=&#8221;default&#8221; header_2_text_color=&#8221;#FFFFFF&#8221; header_2_font_size=&#8221;32px&#8221; width=&#8221;100%&#8221; global_colors_info=&#8221;{}&#8221; theme_builder_area=&#8221;post_content&#8221;]<\/p>\n<h2><span style=\"color: #000000;\"><span style=\"font-weight: 400;\">CONSULENTE E PROJECT MANAGER DEL TERRA INSTITUTE PAUL LARDON<\/span><\/span><span><\/span><\/h2>\n<p>[\/et_pb_text][\/et_pb_column][et_pb_column type=&#8221;2_5&#8243; _builder_version=&#8221;4.17.4&#8243; _module_preset=&#8221;default&#8221; global_colors_info=&#8221;{}&#8221; theme_builder_area=&#8221;post_content&#8221;][\/et_pb_column][\/et_pb_row][et_pb_row column_structure=&#8221;2_5,3_5&#8243; _builder_version=&#8221;4.17.4&#8243; _module_preset=&#8221;default&#8221; global_colors_info=&#8221;{}&#8221; theme_builder_area=&#8221;post_content&#8221;][et_pb_column type=&#8221;2_5&#8243; _builder_version=&#8221;4.17.4&#8243; _module_preset=&#8221;default&#8221; global_colors_info=&#8221;{}&#8221; theme_builder_area=&#8221;post_content&#8221;][et_pb_image src=&#8221;https:\/\/terra-institute.eu\/wp-content\/uploads\/2022\/11\/Paul-Lardon-scaled.jpg&#8221; title_text=&#8221;Paul Lardon&#8221; _builder_version=&#8221;4.24.2&#8243; _module_preset=&#8221;default&#8221; global_colors_info=&#8221;{}&#8221; theme_builder_area=&#8221;post_content&#8221;][\/et_pb_image][\/et_pb_column][et_pb_column type=&#8221;3_5&#8243; _builder_version=&#8221;4.17.4&#8243; _module_preset=&#8221;default&#8221; global_colors_info=&#8221;{}&#8221; theme_builder_area=&#8221;post_content&#8221;][et_pb_text _builder_version=&#8221;4.24.2&#8243; _module_preset=&#8221;default&#8221; width=&#8221;85.6%&#8221; global_colors_info=&#8221;{}&#8221; theme_builder_area=&#8221;post_content&#8221;]<\/p>\n<p style=\"font-weight: 400;\">Paul Lardon, ingegnere laureato in protezione tecnica dell&#8217;ambiente, prima di entrare al Terra Institute ha lavorato in diverse aree di un&#8217;azienda globale nel settore dei servizi ambientali. Durante il Master part-time in Gestione strategica della sostenibilit\u00e0, ha sviluppato ulteriormente la sua esperienza nel supportare le aziende in trasformazione. In Terra si occupa di consulenza climatica e di economia circolare.<\/p>\n<p>[\/et_pb_text][et_pb_button button_url=&#8221;#kontakt&#8221; button_text=&#8221;Contattateci ora &#8221; _builder_version=&#8221;4.27.4&#8243; _module_preset=&#8221;default&#8221; custom_button=&#8221;on&#8221; button_text_size=&#8221;16px&#8221; button_text_color=&#8221;#FFFFFF&#8221; button_bg_color=&#8221;#428ca6&#8243; background_layout=&#8221;dark&#8221; global_colors_info=&#8221;{}&#8221; button_text_color__hover_enabled=&#8221;off|desktop&#8221; theme_builder_area=&#8221;post_content&#8221;][\/et_pb_button][\/et_pb_column][\/et_pb_row][\/et_pb_section][et_pb_section fb_built=&#8221;1&#8243; _builder_version=&#8221;4.16&#8243; _module_preset=&#8221;default&#8221; custom_padding=&#8221;20px||28px|||&#8221; locked=&#8221;off&#8221; global_colors_info=&#8221;{}&#8221; theme_builder_area=&#8221;post_content&#8221;][et_pb_row _builder_version=&#8221;4.16&#8243; _module_preset=&#8221;default&#8221; global_colors_info=&#8221;{}&#8221; theme_builder_area=&#8221;post_content&#8221;][et_pb_column type=&#8221;4_4&#8243; _builder_version=&#8221;4.16&#8243; _module_preset=&#8221;default&#8221; global_colors_info=&#8221;{}&#8221; theme_builder_area=&#8221;post_content&#8221;][et_pb_text _builder_version=&#8221;4.27.4&#8243; _module_preset=&#8221;default&#8221; header_font_size=&#8221;42px&#8221; header_line_height=&#8221;1.1em&#8221; header_2_font_size=&#8221;42px&#8221; animation_style=&#8221;fade&#8221; global_colors_info=&#8221;{}&#8221; theme_builder_area=&#8221;post_content&#8221;]<\/p>\n<h2>LE AZIENDE<br \/>\n<span style=\"color: #79a9b6;\">CHE CI HANNO SCELTO<\/span><\/h2>\n<p>[\/et_pb_text][\/et_pb_column][\/et_pb_row][et_pb_row use_custom_gutter=&#8221;on&#8221; gutter_width=&#8221;1&#8243; make_equal=&#8221;on&#8221; _builder_version=&#8221;4.16&#8243; _module_preset=&#8221;default&#8221; custom_margin=&#8221;|auto|30px|auto||&#8221; custom_padding=&#8221;0px||0px|||&#8221; border_color_all=&#8221;rgba(125,113,104,0.25)&#8221; border_width_top=&#8221;1px&#8221; border_color_top=&#8221;#e2e2e2&#8243; border_width_bottom=&#8221;1px&#8221; border_color_bottom=&#8221;#e2e2e2&#8243; global_colors_info=&#8221;{}&#8221; theme_builder_area=&#8221;post_content&#8221;][et_pb_column type=&#8221;4_4&#8243; _builder_version=&#8221;4.16&#8243; _module_preset=&#8221;default&#8221; global_colors_info=&#8221;{}&#8221; theme_builder_area=&#8221;post_content&#8221;][wdcl_logo_carousel autoplay_speed=&#8221;1100ms&#8221; slide_count=&#8221;4&#8243; logo_height=&#8221;109px&#8221; logo_width=&#8221;112px&#8221; _builder_version=&#8221;4.22.1&#8243; _module_preset=&#8221;default&#8221; global_colors_info=&#8221;{}&#8221; theme_builder_area=&#8221;post_content&#8221;][wdcl_logo_carousel_child logo=&#8221;https:\/\/terra-institute.eu\/wp-content\/uploads\/2021\/05\/a.loacker-web-768&#215;302-1.jpg&#8221; _builder_version=&#8221;4.22.1&#8243; _module_preset=&#8221;default&#8221; global_colors_info=&#8221;{}&#8221; theme_builder_area=&#8221;post_content&#8221;][\/wdcl_logo_carousel_child][wdcl_logo_carousel_child logo=&#8221;https:\/\/terra-institute.eu\/wp-content\/uploads\/2021\/05\/apparatebau.png&#8221; _builder_version=&#8221;4.22.1&#8243; _module_preset=&#8221;default&#8221; global_colors_info=&#8221;{}&#8221; theme_builder_area=&#8221;post_content&#8221;][\/wdcl_logo_carousel_child][wdcl_logo_carousel_child logo=&#8221;https:\/\/terra-institute.eu\/wp-content\/uploads\/2021\/05\/apus.png&#8221; _builder_version=&#8221;4.22.1&#8243; _module_preset=&#8221;default&#8221; global_colors_info=&#8221;{}&#8221; theme_builder_area=&#8221;post_content&#8221;][\/wdcl_logo_carousel_child][wdcl_logo_carousel_child logo=&#8221;https:\/\/terra-institute.eu\/wp-content\/uploads\/2021\/05\/bautechnik-1.png&#8221; _builder_version=&#8221;4.22.1&#8243; _module_preset=&#8221;default&#8221; global_colors_info=&#8221;{}&#8221; theme_builder_area=&#8221;post_content&#8221;][\/wdcl_logo_carousel_child][wdcl_logo_carousel_child logo=&#8221;https:\/\/terra-institute.eu\/wp-content\/uploads\/2021\/05\/biosuedtirol.jpg&#8221; _builder_version=&#8221;4.22.1&#8243; _module_preset=&#8221;default&#8221; global_colors_info=&#8221;{}&#8221; theme_builder_area=&#8221;post_content&#8221;][\/wdcl_logo_carousel_child][wdcl_logo_carousel_child logo=&#8221;https:\/\/terra-institute.eu\/wp-content\/uploads\/2021\/05\/ecor-300&#215;141-1.jpg&#8221; _builder_version=&#8221;4.22.1&#8243; _module_preset=&#8221;default&#8221; global_colors_info=&#8221;{}&#8221; theme_builder_area=&#8221;post_content&#8221;][\/wdcl_logo_carousel_child][wdcl_logo_carousel_child logo=&#8221;https:\/\/terra-institute.eu\/wp-content\/uploads\/2021\/05\/ehrmann.png&#8221; _builder_version=&#8221;4.22.1&#8243; _module_preset=&#8221;default&#8221; global_colors_info=&#8221;{}&#8221; theme_builder_area=&#8221;post_content&#8221;][\/wdcl_logo_carousel_child][wdcl_logo_carousel_child logo=&#8221;https:\/\/terra-institute.eu\/wp-content\/uploads\/2021\/05\/fondital-768&#215;269-1.jpg&#8221; _builder_version=&#8221;4.22.1&#8243; _module_preset=&#8221;default&#8221; global_colors_info=&#8221;{}&#8221; theme_builder_area=&#8221;post_content&#8221;][\/wdcl_logo_carousel_child][wdcl_logo_carousel_child logo=&#8221;https:\/\/terra-institute.eu\/wp-content\/uploads\/2021\/05\/hochland.jpg&#8221; _builder_version=&#8221;4.22.1&#8243; _module_preset=&#8221;default&#8221; global_colors_info=&#8221;{}&#8221; theme_builder_area=&#8221;post_content&#8221;][\/wdcl_logo_carousel_child][wdcl_logo_carousel_child logo=&#8221;https:\/\/terra-institute.eu\/wp-content\/uploads\/2021\/05\/holziusITA.png&#8221; _builder_version=&#8221;4.22.1&#8243; _module_preset=&#8221;default&#8221; global_colors_info=&#8221;{}&#8221; theme_builder_area=&#8221;post_content&#8221;][\/wdcl_logo_carousel_child][wdcl_logo_carousel_child logo=&#8221;https:\/\/terra-institute.eu\/wp-content\/uploads\/2023\/04\/improove.jpg&#8221; _builder_version=&#8221;4.22.1&#8243; _module_preset=&#8221;default&#8221; global_colors_info=&#8221;{}&#8221; theme_builder_area=&#8221;post_content&#8221;][\/wdcl_logo_carousel_child][wdcl_logo_carousel_child logo=&#8221;https:\/\/terra-institute.eu\/wp-content\/uploads\/2021\/05\/blum.png&#8221; _builder_version=&#8221;4.22.1&#8243; _module_preset=&#8221;default&#8221; global_colors_info=&#8221;{}&#8221; theme_builder_area=&#8221;post_content&#8221;][\/wdcl_logo_carousel_child][wdcl_logo_carousel_child logo=&#8221;https:\/\/terra-institute.eu\/wp-content\/uploads\/2021\/05\/Lilly-Logo.svg_-768&#215;428-1.png&#8221; _builder_version=&#8221;4.22.1&#8243; _module_preset=&#8221;default&#8221; global_colors_info=&#8221;{}&#8221; theme_builder_area=&#8221;post_content&#8221;][\/wdcl_logo_carousel_child][wdcl_logo_carousel_child logo=&#8221;https:\/\/terra-institute.eu\/wp-content\/uploads\/2021\/05\/OLI-1.png&#8221; _builder_version=&#8221;4.22.1&#8243; _module_preset=&#8221;default&#8221; global_colors_info=&#8221;{}&#8221; theme_builder_area=&#8221;post_content&#8221;][\/wdcl_logo_carousel_child][wdcl_logo_carousel_child logo=&#8221;https:\/\/terra-institute.eu\/wp-content\/uploads\/2021\/05\/RAFFMETAL.jpg&#8221; _builder_version=&#8221;4.22.1&#8243; _module_preset=&#8221;default&#8221; global_colors_info=&#8221;{}&#8221; theme_builder_area=&#8221;post_content&#8221;][\/wdcl_logo_carousel_child][wdcl_logo_carousel_child logo=&#8221;https:\/\/terra-institute.eu\/wp-content\/uploads\/2021\/05\/rubner-haus.jpg&#8221; _builder_version=&#8221;4.22.1&#8243; _module_preset=&#8221;default&#8221; global_colors_info=&#8221;{}&#8221; theme_builder_area=&#8221;post_content&#8221;][\/wdcl_logo_carousel_child][wdcl_logo_carousel_child logo=&#8221;https:\/\/terra-institute.eu\/wp-content\/uploads\/2021\/05\/TEAM7.jpg&#8221; _builder_version=&#8221;4.22.1&#8243; _module_preset=&#8221;default&#8221; global_colors_info=&#8221;{}&#8221; theme_builder_area=&#8221;post_content&#8221;][\/wdcl_logo_carousel_child][wdcl_logo_carousel_child logo=&#8221;https:\/\/terra-institute.eu\/wp-content\/uploads\/2021\/05\/techno-alpin.png&#8221; _builder_version=&#8221;4.22.1&#8243; _module_preset=&#8221;default&#8221; global_colors_info=&#8221;{}&#8221; theme_builder_area=&#8221;post_content&#8221;][\/wdcl_logo_carousel_child][wdcl_logo_carousel_child logo=&#8221;https:\/\/terra-institute.eu\/wp-content\/uploads\/2021\/05\/therme-meran.png&#8221; _builder_version=&#8221;4.22.1&#8243; _module_preset=&#8221;default&#8221; global_colors_info=&#8221;{}&#8221; theme_builder_area=&#8221;post_content&#8221;][\/wdcl_logo_carousel_child][wdcl_logo_carousel_child logo=&#8221;https:\/\/terra-institute.eu\/wp-content\/uploads\/2021\/05\/transgourmet.jpg&#8221; _builder_version=&#8221;4.22.1&#8243; _module_preset=&#8221;default&#8221; global_colors_info=&#8221;{}&#8221; theme_builder_area=&#8221;post_content&#8221;][\/wdcl_logo_carousel_child][wdcl_logo_carousel_child logo=&#8221;https:\/\/terra-institute.eu\/wp-content\/uploads\/2023\/10\/beurer.png&#8221; logo_alt=&#8221;Beurer Logo&#8221; _builder_version=&#8221;4.22.1&#8243; _module_preset=&#8221;default&#8221; global_colors_info=&#8221;{}&#8221; theme_builder_area=&#8221;post_content&#8221;][\/wdcl_logo_carousel_child][wdcl_logo_carousel_child logo=&#8221;https:\/\/terra-institute.eu\/wp-content\/uploads\/2023\/10\/dr.-schaer.png&#8221; logo_alt=&#8221;Dr. Sch\u00e4r Logo&#8221; _builder_version=&#8221;4.22.1&#8243; _module_preset=&#8221;default&#8221; global_colors_info=&#8221;{}&#8221; theme_builder_area=&#8221;post_content&#8221;][\/wdcl_logo_carousel_child][wdcl_logo_carousel_child logo=&#8221;https:\/\/terra-institute.eu\/wp-content\/uploads\/2023\/10\/dolomiti-superski.jpg&#8221; logo_alt=&#8221;Dolomiti Superski Logo&#8221; _builder_version=&#8221;4.22.1&#8243; _module_preset=&#8221;default&#8221; global_colors_info=&#8221;{}&#8221; theme_builder_area=&#8221;post_content&#8221;][\/wdcl_logo_carousel_child][wdcl_logo_carousel_child logo=&#8221;https:\/\/terra-institute.eu\/wp-content\/uploads\/2023\/10\/severin.jpg&#8221; logo_alt=&#8221;Severin Logo&#8221; _builder_version=&#8221;4.22.1&#8243; _module_preset=&#8221;default&#8221; global_colors_info=&#8221;{}&#8221; theme_builder_area=&#8221;post_content&#8221;][\/wdcl_logo_carousel_child][wdcl_logo_carousel_child logo=&#8221;https:\/\/terra-institute.eu\/wp-content\/uploads\/2023\/10\/swiss-post.jpg&#8221; logo_alt=&#8221;Swiss Post Logo&#8221; _builder_version=&#8221;4.22.1&#8243; _module_preset=&#8221;default&#8221; global_colors_info=&#8221;{}&#8221; theme_builder_area=&#8221;post_content&#8221;][\/wdcl_logo_carousel_child][wdcl_logo_carousel_child logo=&#8221;https:\/\/terra-institute.eu\/wp-content\/uploads\/2023\/10\/stiegl.jpg&#8221; logo_alt=&#8221;Stiegl Logo&#8221; _builder_version=&#8221;4.22.1&#8243; _module_preset=&#8221;default&#8221; global_colors_info=&#8221;{}&#8221; theme_builder_area=&#8221;post_content&#8221;][\/wdcl_logo_carousel_child][wdcl_logo_carousel_child logo=&#8221;https:\/\/terra-institute.eu\/wp-content\/uploads\/2023\/10\/felbermayr.png&#8221; logo_alt=&#8221;Felbermayr Logo&#8221; _builder_version=&#8221;4.22.1&#8243; _module_preset=&#8221;default&#8221; global_colors_info=&#8221;{}&#8221; theme_builder_area=&#8221;post_content&#8221;][\/wdcl_logo_carousel_child][wdcl_logo_carousel_child logo=&#8221;https:\/\/terra-institute.eu\/wp-content\/uploads\/2023\/10\/zato.jpg&#8221; logo_alt=&#8221;Zato Logo&#8221; _builder_version=&#8221;4.22.1&#8243; _module_preset=&#8221;default&#8221; global_colors_info=&#8221;{}&#8221; theme_builder_area=&#8221;post_content&#8221;][\/wdcl_logo_carousel_child][wdcl_logo_carousel_child logo=&#8221;https:\/\/terra-institute.eu\/wp-content\/uploads\/2023\/10\/mepol-logo.png&#8221; logo_alt=&#8221;Mepol Logo&#8221; _builder_version=&#8221;4.22.1&#8243; _module_preset=&#8221;default&#8221; global_colors_info=&#8221;{}&#8221; theme_builder_area=&#8221;post_content&#8221;][\/wdcl_logo_carousel_child][wdcl_logo_carousel_child logo=&#8221;https:\/\/terra-institute.eu\/wp-content\/uploads\/2023\/10\/Obi.png&#8221; logo_alt=&#8221;Obi Logo&#8221; _builder_version=&#8221;4.22.1&#8243; _module_preset=&#8221;default&#8221; global_colors_info=&#8221;{}&#8221; theme_builder_area=&#8221;post_content&#8221;][\/wdcl_logo_carousel_child][wdcl_logo_carousel_child logo=&#8221;https:\/\/terra-institute.eu\/wp-content\/uploads\/2023\/10\/Patagonia.png&#8221; logo_alt=&#8221;Patagonia Logo&#8221; _builder_version=&#8221;4.22.1&#8243; _module_preset=&#8221;default&#8221; global_colors_info=&#8221;{}&#8221; theme_builder_area=&#8221;post_content&#8221;][\/wdcl_logo_carousel_child][wdcl_logo_carousel_child logo=&#8221;https:\/\/terra-institute.eu\/wp-content\/uploads\/2023\/10\/mazars.png&#8221; logo_alt=&#8221;Mazars Logo&#8221; _builder_version=&#8221;4.22.1&#8243; _module_preset=&#8221;default&#8221; global_colors_info=&#8221;{}&#8221; theme_builder_area=&#8221;post_content&#8221;][\/wdcl_logo_carousel_child][wdcl_logo_carousel_child logo=&#8221;https:\/\/terra-institute.eu\/wp-content\/uploads\/2023\/10\/Hamburger-Sparkasse-haspa.png&#8221; logo_alt=&#8221;Haspa Logo&#8221; _builder_version=&#8221;4.22.1&#8243; _module_preset=&#8221;default&#8221; global_colors_info=&#8221;{}&#8221; theme_builder_area=&#8221;post_content&#8221;][\/wdcl_logo_carousel_child][wdcl_logo_carousel_child logo=&#8221;https:\/\/terra-institute.eu\/wp-content\/uploads\/2023\/10\/oberbank.png&#8221; logo_alt=&#8221;Oberbank Logo&#8221; _builder_version=&#8221;4.22.1&#8243; _module_preset=&#8221;default&#8221; global_colors_info=&#8221;{}&#8221; theme_builder_area=&#8221;post_content&#8221;][\/wdcl_logo_carousel_child][\/wdcl_logo_carousel][\/et_pb_column][\/et_pb_row][\/et_pb_section][et_pb_section fb_built=&#8221;1&#8243; module_id=&#8221;kontakt&#8221; _builder_version=&#8221;4.22.1&#8243; _module_preset=&#8221;default&#8221; locked=&#8221;off&#8221; global_colors_info=&#8221;{}&#8221; theme_builder_area=&#8221;post_content&#8221;][et_pb_row _builder_version=&#8221;4.17.4&#8243; _module_preset=&#8221;default&#8221; global_colors_info=&#8221;{}&#8221; theme_builder_area=&#8221;post_content&#8221;][et_pb_column type=&#8221;4_4&#8243; _builder_version=&#8221;4.17.4&#8243; _module_preset=&#8221;default&#8221; global_colors_info=&#8221;{}&#8221; theme_builder_area=&#8221;post_content&#8221;][et_pb_text module_id=&#8221;kontakt&#8221; _builder_version=&#8221;4.24.2&#8243; _module_preset=&#8221;default&#8221; header_2_font_size=&#8221;32px&#8221; global_colors_info=&#8221;{}&#8221; theme_builder_area=&#8221;post_content&#8221;]<\/p>\n<h2>Kontakt<\/h2>\n<p style=\"font-weight: 400;\">Sie haben Fragen oder w\u00fcnschen unsere Unterst\u00fctzung Ihres Unternehmens bei der Entwicklung einer Klimastrategie?<\/p>\n<p style=\"font-weight: 400;\"><span data-contrast=\"none\" xml:lang=\"DE\" lang=\"DE\" class=\"TextRun SCXW117450378 BCX8\"><span class=\"NormalTextRun SCXW117450378 BCX8\">Dann vereinbaren Sie doch ein kostenloses Erstgespr\u00e4ch mit unseren Expert:innen<\/span><span class=\"NormalTextRun SCXW117450378 BCX8\">.<\/span><\/span><\/p>\n<p style=\"font-weight: 400;\"><em>Bitte beachten Sie unsere<span>\u00a0<\/span><a href=\"https:\/\/terra-institute.eu\/privacy\/\"><u>Datenschutzerkl\u00e4rung<\/u><span>\u00a0<\/span><\/a>und die<span>\u00a0<\/span><a href=\"https:\/\/terra-institute.eu\/AGB\/\"><u>AGB<\/u><\/a>.<\/em><em>\u00a0<\/em><\/p>\n<p style=\"font-weight: 400;\"><em>Vielen Dank! Wir freuen uns \u00fcber Ihre Nachricht!<\/em><\/p>\n<p style=\"font-weight: 400;\"><em><\/em><\/p>\n<p><a href=\"mailto:office@terra-institute.eu\">office@terra-institute.eu<\/a><br \/><span>Tel. +39 0472 970 484<\/span><\/p>\n<p><span><\/span><\/p>\n<p>[\/et_pb_text][et_pb_text _builder_version=&#8221;4.17.4&#8243; _module_preset=&#8221;default&#8221; header_2_font_size=&#8221;32px&#8221; header_3_font_size=&#8221;32px&#8221; global_colors_info=&#8221;{}&#8221; theme_builder_area=&#8221;post_content&#8221;]<\/p>\n<h3>Kontaktformular<\/h3>\n<p>[\/et_pb_text][\/et_pb_column][\/et_pb_row][\/et_pb_section]<\/p>\n","protected":false},"excerpt":{"rendered":"<p>IL PERCORSO DEL RAPPORTO DI SOSTENIBILIT\u00c0Contenuti Fatti salienti su LCS GmbH Le sfide Processo di trasformazione Responsabile della sostenibilit\u00e0 LCS Responsabile di progetto Paul Lardon Contatto In questo &#8220;Good Case&#8221; scoprirete di pi\u00f9 sull&#8217;accompagnamento nello sviluppo di una strategia climatica per LCS con un focus sul bilancio dei gas serra e lo screening della determinazione [&hellip;]<\/p>\n","protected":false},"author":1,"featured_media":251497,"comment_status":"open","ping_status":"open","sticky":false,"template":"","format":"standard","meta":{"_et_pb_use_builder":"on","_et_pb_old_content":"","_et_gb_content_width":"","footnotes":""},"categories":[34,42],"tags":[46],"class_list":["post-251496","post","type-post","status-publish","format-standard","has-post-thumbnail","hentry","category-blog","category-good-cases","tag-strategia-climatica"],"yoast_head":"<!-- This site is optimized with the Yoast SEO plugin v26.9 - https:\/\/yoast.com\/product\/yoast-seo-wordpress\/ -->\n<title>LCS CABLE CRANES - SVILUPPO DI UNA STRATEGIA PER IL CLIMA - Terra Institute<\/title>\n<meta name=\"robots\" content=\"index, follow, max-snippet:-1, max-image-preview:large, max-video-preview:-1\" \/>\n<link rel=\"canonical\" href=\"https:\/\/terra-institute.eu\/it\/lcs-cable-cranes-sviluppo-di-una-strategia-per-il-clima\/\" \/>\n<meta property=\"og:locale\" content=\"it_IT\" \/>\n<meta property=\"og:type\" content=\"article\" \/>\n<meta property=\"og:title\" content=\"LCS CABLE CRANES - SVILUPPO DI UNA STRATEGIA PER IL CLIMA - Terra Institute\" \/>\n<meta property=\"og:description\" content=\"IL PERCORSO DEL RAPPORTO DI SOSTENIBILIT\u00c0Contenuti Fatti salienti su LCS GmbH Le sfide Processo di trasformazione Responsabile della sostenibilit\u00e0 LCS Responsabile di progetto Paul Lardon Contatto In questo &quot;Good Case&quot; scoprirete di pi\u00f9 sull&#039;accompagnamento nello sviluppo di una strategia climatica per LCS con un focus sul bilancio dei gas serra e lo screening della determinazione [&hellip;]\" \/>\n<meta property=\"og:url\" content=\"https:\/\/terra-institute.eu\/it\/lcs-cable-cranes-sviluppo-di-una-strategia-per-il-clima\/\" \/>\n<meta property=\"og:site_name\" content=\"Terra Institute\" \/>\n<meta property=\"article:publisher\" content=\"https:\/\/www.facebook.com\/TerraInstitute\" \/>\n<meta property=\"article:published_time\" content=\"2024-04-22T11:44:00+00:00\" \/>\n<meta property=\"article:modified_time\" content=\"2025-02-17T15:52:19+00:00\" \/>\n<meta property=\"og:image\" content=\"https:\/\/terra-institute.eu\/it\/wp-content\/uploads\/2025\/01\/klimastrategie-klimawandel-shawnanggg-scaled-e1713792514396.jpg\" \/>\n\t<meta property=\"og:image:width\" content=\"1442\" \/>\n\t<meta property=\"og:image:height\" content=\"964\" \/>\n\t<meta property=\"og:image:type\" content=\"image\/jpeg\" \/>\n<meta name=\"author\" content=\"francescoromito\" \/>\n<meta name=\"twitter:card\" content=\"summary_large_image\" \/>\n<meta name=\"twitter:creator\" content=\"@terra_institute\" \/>\n<meta name=\"twitter:site\" content=\"@terra_institute\" \/>\n<meta name=\"twitter:label1\" content=\"Scritto da\" \/>\n\t<meta name=\"twitter:data1\" content=\"francescoromito\" \/>\n\t<meta name=\"twitter:label2\" content=\"Tempo di lettura stimato\" \/>\n\t<meta name=\"twitter:data2\" content=\"14 minuti\" \/>\n<script type=\"application\/ld+json\" class=\"yoast-schema-graph\">{\"@context\":\"https:\/\/schema.org\",\"@graph\":[{\"@type\":\"Article\",\"@id\":\"https:\/\/terra-institute.eu\/it\/lcs-cable-cranes-sviluppo-di-una-strategia-per-il-clima\/#article\",\"isPartOf\":{\"@id\":\"https:\/\/terra-institute.eu\/it\/lcs-cable-cranes-sviluppo-di-una-strategia-per-il-clima\/\"},\"author\":{\"name\":\"francescoromito\",\"@id\":\"https:\/\/terra-institute.eu\/it\/#\/schema\/person\/0825c78d1038a1533e63d1a36ec49278\"},\"headline\":\"LCS CABLE CRANES &#8211; SVILUPPO DI UNA STRATEGIA PER IL CLIMA\",\"datePublished\":\"2024-04-22T11:44:00+00:00\",\"dateModified\":\"2025-02-17T15:52:19+00:00\",\"mainEntityOfPage\":{\"@id\":\"https:\/\/terra-institute.eu\/it\/lcs-cable-cranes-sviluppo-di-una-strategia-per-il-clima\/\"},\"wordCount\":4153,\"commentCount\":0,\"image\":{\"@id\":\"https:\/\/terra-institute.eu\/it\/lcs-cable-cranes-sviluppo-di-una-strategia-per-il-clima\/#primaryimage\"},\"thumbnailUrl\":\"https:\/\/terra-institute.eu\/it\/wp-content\/uploads\/2025\/01\/klimastrategie-klimawandel-shawnanggg-scaled-e1713792514396.jpg\",\"keywords\":[\"STRATEGIA CLIMATICA\"],\"articleSection\":[\"blog\",\"good cases\"],\"inLanguage\":\"it-IT\",\"potentialAction\":[{\"@type\":\"CommentAction\",\"name\":\"Comment\",\"target\":[\"https:\/\/terra-institute.eu\/it\/lcs-cable-cranes-sviluppo-di-una-strategia-per-il-clima\/#respond\"]}]},{\"@type\":\"WebPage\",\"@id\":\"https:\/\/terra-institute.eu\/it\/lcs-cable-cranes-sviluppo-di-una-strategia-per-il-clima\/\",\"url\":\"https:\/\/terra-institute.eu\/it\/lcs-cable-cranes-sviluppo-di-una-strategia-per-il-clima\/\",\"name\":\"LCS CABLE CRANES - SVILUPPO DI UNA STRATEGIA PER IL CLIMA - Terra Institute\",\"isPartOf\":{\"@id\":\"https:\/\/terra-institute.eu\/it\/#website\"},\"primaryImageOfPage\":{\"@id\":\"https:\/\/terra-institute.eu\/it\/lcs-cable-cranes-sviluppo-di-una-strategia-per-il-clima\/#primaryimage\"},\"image\":{\"@id\":\"https:\/\/terra-institute.eu\/it\/lcs-cable-cranes-sviluppo-di-una-strategia-per-il-clima\/#primaryimage\"},\"thumbnailUrl\":\"https:\/\/terra-institute.eu\/it\/wp-content\/uploads\/2025\/01\/klimastrategie-klimawandel-shawnanggg-scaled-e1713792514396.jpg\",\"datePublished\":\"2024-04-22T11:44:00+00:00\",\"dateModified\":\"2025-02-17T15:52:19+00:00\",\"author\":{\"@id\":\"https:\/\/terra-institute.eu\/it\/#\/schema\/person\/0825c78d1038a1533e63d1a36ec49278\"},\"breadcrumb\":{\"@id\":\"https:\/\/terra-institute.eu\/it\/lcs-cable-cranes-sviluppo-di-una-strategia-per-il-clima\/#breadcrumb\"},\"inLanguage\":\"it-IT\",\"potentialAction\":[{\"@type\":\"ReadAction\",\"target\":[\"https:\/\/terra-institute.eu\/it\/lcs-cable-cranes-sviluppo-di-una-strategia-per-il-clima\/\"]}]},{\"@type\":\"ImageObject\",\"inLanguage\":\"it-IT\",\"@id\":\"https:\/\/terra-institute.eu\/it\/lcs-cable-cranes-sviluppo-di-una-strategia-per-il-clima\/#primaryimage\",\"url\":\"https:\/\/terra-institute.eu\/it\/wp-content\/uploads\/2025\/01\/klimastrategie-klimawandel-shawnanggg-scaled-e1713792514396.jpg\",\"contentUrl\":\"https:\/\/terra-institute.eu\/it\/wp-content\/uploads\/2025\/01\/klimastrategie-klimawandel-shawnanggg-scaled-e1713792514396.jpg\",\"width\":1442,\"height\":964},{\"@type\":\"BreadcrumbList\",\"@id\":\"https:\/\/terra-institute.eu\/it\/lcs-cable-cranes-sviluppo-di-una-strategia-per-il-clima\/#breadcrumb\",\"itemListElement\":[{\"@type\":\"ListItem\",\"position\":1,\"name\":\"Home\",\"item\":\"https:\/\/terra-institute.eu\/it\/\"},{\"@type\":\"ListItem\",\"position\":2,\"name\":\"LCS CABLE CRANES &#8211; SVILUPPO DI UNA STRATEGIA PER IL CLIMA\"}]},{\"@type\":\"WebSite\",\"@id\":\"https:\/\/terra-institute.eu\/it\/#website\",\"url\":\"https:\/\/terra-institute.eu\/it\/\",\"name\":\"Terra Institute\",\"description\":\"Empowering Responsible Growth\",\"potentialAction\":[{\"@type\":\"SearchAction\",\"target\":{\"@type\":\"EntryPoint\",\"urlTemplate\":\"https:\/\/terra-institute.eu\/it\/?s={search_term_string}\"},\"query-input\":{\"@type\":\"PropertyValueSpecification\",\"valueRequired\":true,\"valueName\":\"search_term_string\"}}],\"inLanguage\":\"it-IT\"},{\"@type\":\"Person\",\"@id\":\"https:\/\/terra-institute.eu\/it\/#\/schema\/person\/0825c78d1038a1533e63d1a36ec49278\",\"name\":\"francescoromito\",\"image\":{\"@type\":\"ImageObject\",\"inLanguage\":\"it-IT\",\"@id\":\"https:\/\/terra-institute.eu\/it\/#\/schema\/person\/image\/\",\"url\":\"https:\/\/secure.gravatar.com\/avatar\/af139ce2e39890ae48f5692c8a08dde6e376be32739bb05ea5a3ce601c598fa9?s=96&d=mm&r=g\",\"contentUrl\":\"https:\/\/secure.gravatar.com\/avatar\/af139ce2e39890ae48f5692c8a08dde6e376be32739bb05ea5a3ce601c598fa9?s=96&d=mm&r=g\",\"caption\":\"francescoromito\"},\"sameAs\":[\"https:\/\/terra-institute.eu\/it\"],\"url\":\"https:\/\/terra-institute.eu\/it\/author\/francescoromito\/\"}]}<\/script>\n<!-- \/ Yoast SEO plugin. -->","yoast_head_json":{"title":"LCS CABLE CRANES - SVILUPPO DI UNA STRATEGIA PER IL CLIMA - Terra Institute","robots":{"index":"index","follow":"follow","max-snippet":"max-snippet:-1","max-image-preview":"max-image-preview:large","max-video-preview":"max-video-preview:-1"},"canonical":"https:\/\/terra-institute.eu\/it\/lcs-cable-cranes-sviluppo-di-una-strategia-per-il-clima\/","og_locale":"it_IT","og_type":"article","og_title":"LCS CABLE CRANES - SVILUPPO DI UNA STRATEGIA PER IL CLIMA - Terra Institute","og_description":"IL PERCORSO DEL RAPPORTO DI SOSTENIBILIT\u00c0Contenuti Fatti salienti su LCS GmbH Le sfide Processo di trasformazione Responsabile della sostenibilit\u00e0 LCS Responsabile di progetto Paul Lardon Contatto In questo \"Good Case\" scoprirete di pi\u00f9 sull'accompagnamento nello sviluppo di una strategia climatica per LCS con un focus sul bilancio dei gas serra e lo screening della determinazione [&hellip;]","og_url":"https:\/\/terra-institute.eu\/it\/lcs-cable-cranes-sviluppo-di-una-strategia-per-il-clima\/","og_site_name":"Terra Institute","article_publisher":"https:\/\/www.facebook.com\/TerraInstitute","article_published_time":"2024-04-22T11:44:00+00:00","article_modified_time":"2025-02-17T15:52:19+00:00","og_image":[{"width":1442,"height":964,"url":"https:\/\/terra-institute.eu\/it\/wp-content\/uploads\/2025\/01\/klimastrategie-klimawandel-shawnanggg-scaled-e1713792514396.jpg","type":"image\/jpeg"}],"author":"francescoromito","twitter_card":"summary_large_image","twitter_creator":"@terra_institute","twitter_site":"@terra_institute","twitter_misc":{"Scritto da":"francescoromito","Tempo di lettura stimato":"14 minuti"},"schema":{"@context":"https:\/\/schema.org","@graph":[{"@type":"Article","@id":"https:\/\/terra-institute.eu\/it\/lcs-cable-cranes-sviluppo-di-una-strategia-per-il-clima\/#article","isPartOf":{"@id":"https:\/\/terra-institute.eu\/it\/lcs-cable-cranes-sviluppo-di-una-strategia-per-il-clima\/"},"author":{"name":"francescoromito","@id":"https:\/\/terra-institute.eu\/it\/#\/schema\/person\/0825c78d1038a1533e63d1a36ec49278"},"headline":"LCS CABLE CRANES &#8211; SVILUPPO DI UNA STRATEGIA PER IL CLIMA","datePublished":"2024-04-22T11:44:00+00:00","dateModified":"2025-02-17T15:52:19+00:00","mainEntityOfPage":{"@id":"https:\/\/terra-institute.eu\/it\/lcs-cable-cranes-sviluppo-di-una-strategia-per-il-clima\/"},"wordCount":4153,"commentCount":0,"image":{"@id":"https:\/\/terra-institute.eu\/it\/lcs-cable-cranes-sviluppo-di-una-strategia-per-il-clima\/#primaryimage"},"thumbnailUrl":"https:\/\/terra-institute.eu\/it\/wp-content\/uploads\/2025\/01\/klimastrategie-klimawandel-shawnanggg-scaled-e1713792514396.jpg","keywords":["STRATEGIA CLIMATICA"],"articleSection":["blog","good cases"],"inLanguage":"it-IT","potentialAction":[{"@type":"CommentAction","name":"Comment","target":["https:\/\/terra-institute.eu\/it\/lcs-cable-cranes-sviluppo-di-una-strategia-per-il-clima\/#respond"]}]},{"@type":"WebPage","@id":"https:\/\/terra-institute.eu\/it\/lcs-cable-cranes-sviluppo-di-una-strategia-per-il-clima\/","url":"https:\/\/terra-institute.eu\/it\/lcs-cable-cranes-sviluppo-di-una-strategia-per-il-clima\/","name":"LCS CABLE CRANES - SVILUPPO DI UNA STRATEGIA PER IL CLIMA - Terra Institute","isPartOf":{"@id":"https:\/\/terra-institute.eu\/it\/#website"},"primaryImageOfPage":{"@id":"https:\/\/terra-institute.eu\/it\/lcs-cable-cranes-sviluppo-di-una-strategia-per-il-clima\/#primaryimage"},"image":{"@id":"https:\/\/terra-institute.eu\/it\/lcs-cable-cranes-sviluppo-di-una-strategia-per-il-clima\/#primaryimage"},"thumbnailUrl":"https:\/\/terra-institute.eu\/it\/wp-content\/uploads\/2025\/01\/klimastrategie-klimawandel-shawnanggg-scaled-e1713792514396.jpg","datePublished":"2024-04-22T11:44:00+00:00","dateModified":"2025-02-17T15:52:19+00:00","author":{"@id":"https:\/\/terra-institute.eu\/it\/#\/schema\/person\/0825c78d1038a1533e63d1a36ec49278"},"breadcrumb":{"@id":"https:\/\/terra-institute.eu\/it\/lcs-cable-cranes-sviluppo-di-una-strategia-per-il-clima\/#breadcrumb"},"inLanguage":"it-IT","potentialAction":[{"@type":"ReadAction","target":["https:\/\/terra-institute.eu\/it\/lcs-cable-cranes-sviluppo-di-una-strategia-per-il-clima\/"]}]},{"@type":"ImageObject","inLanguage":"it-IT","@id":"https:\/\/terra-institute.eu\/it\/lcs-cable-cranes-sviluppo-di-una-strategia-per-il-clima\/#primaryimage","url":"https:\/\/terra-institute.eu\/it\/wp-content\/uploads\/2025\/01\/klimastrategie-klimawandel-shawnanggg-scaled-e1713792514396.jpg","contentUrl":"https:\/\/terra-institute.eu\/it\/wp-content\/uploads\/2025\/01\/klimastrategie-klimawandel-shawnanggg-scaled-e1713792514396.jpg","width":1442,"height":964},{"@type":"BreadcrumbList","@id":"https:\/\/terra-institute.eu\/it\/lcs-cable-cranes-sviluppo-di-una-strategia-per-il-clima\/#breadcrumb","itemListElement":[{"@type":"ListItem","position":1,"name":"Home","item":"https:\/\/terra-institute.eu\/it\/"},{"@type":"ListItem","position":2,"name":"LCS CABLE CRANES &#8211; SVILUPPO DI UNA STRATEGIA PER IL CLIMA"}]},{"@type":"WebSite","@id":"https:\/\/terra-institute.eu\/it\/#website","url":"https:\/\/terra-institute.eu\/it\/","name":"Terra Institute","description":"Empowering Responsible Growth","potentialAction":[{"@type":"SearchAction","target":{"@type":"EntryPoint","urlTemplate":"https:\/\/terra-institute.eu\/it\/?s={search_term_string}"},"query-input":{"@type":"PropertyValueSpecification","valueRequired":true,"valueName":"search_term_string"}}],"inLanguage":"it-IT"},{"@type":"Person","@id":"https:\/\/terra-institute.eu\/it\/#\/schema\/person\/0825c78d1038a1533e63d1a36ec49278","name":"francescoromito","image":{"@type":"ImageObject","inLanguage":"it-IT","@id":"https:\/\/terra-institute.eu\/it\/#\/schema\/person\/image\/","url":"https:\/\/secure.gravatar.com\/avatar\/af139ce2e39890ae48f5692c8a08dde6e376be32739bb05ea5a3ce601c598fa9?s=96&d=mm&r=g","contentUrl":"https:\/\/secure.gravatar.com\/avatar\/af139ce2e39890ae48f5692c8a08dde6e376be32739bb05ea5a3ce601c598fa9?s=96&d=mm&r=g","caption":"francescoromito"},"sameAs":["https:\/\/terra-institute.eu\/it"],"url":"https:\/\/terra-institute.eu\/it\/author\/francescoromito\/"}]}},"_links":{"self":[{"href":"https:\/\/terra-institute.eu\/it\/wp-json\/wp\/v2\/posts\/251496","targetHints":{"allow":["GET"]}}],"collection":[{"href":"https:\/\/terra-institute.eu\/it\/wp-json\/wp\/v2\/posts"}],"about":[{"href":"https:\/\/terra-institute.eu\/it\/wp-json\/wp\/v2\/types\/post"}],"author":[{"embeddable":true,"href":"https:\/\/terra-institute.eu\/it\/wp-json\/wp\/v2\/users\/1"}],"replies":[{"embeddable":true,"href":"https:\/\/terra-institute.eu\/it\/wp-json\/wp\/v2\/comments?post=251496"}],"version-history":[{"count":9,"href":"https:\/\/terra-institute.eu\/it\/wp-json\/wp\/v2\/posts\/251496\/revisions"}],"predecessor-version":[{"id":251816,"href":"https:\/\/terra-institute.eu\/it\/wp-json\/wp\/v2\/posts\/251496\/revisions\/251816"}],"wp:featuredmedia":[{"embeddable":true,"href":"https:\/\/terra-institute.eu\/it\/wp-json\/wp\/v2\/media\/251497"}],"wp:attachment":[{"href":"https:\/\/terra-institute.eu\/it\/wp-json\/wp\/v2\/media?parent=251496"}],"wp:term":[{"taxonomy":"category","embeddable":true,"href":"https:\/\/terra-institute.eu\/it\/wp-json\/wp\/v2\/categories?post=251496"},{"taxonomy":"post_tag","embeddable":true,"href":"https:\/\/terra-institute.eu\/it\/wp-json\/wp\/v2\/tags?post=251496"}],"curies":[{"name":"wp","href":"https:\/\/api.w.org\/{rel}","templated":true}]}}