{"id":251477,"date":"2023-05-26T13:23:00","date_gmt":"2023-05-26T11:23:00","guid":{"rendered":"https:\/\/terra-institute.eu\/it\/?p=251477"},"modified":"2025-02-17T17:02:58","modified_gmt":"2025-02-17T16:02:58","slug":"concetti-per-lidentificazione-degli-stakeholder-2","status":"publish","type":"post","link":"https:\/\/terra-institute.eu\/it\/concetti-per-lidentificazione-degli-stakeholder-2\/","title":{"rendered":"Concetti per l&#8217;identificazione degli stakeholder"},"content":{"rendered":"<p>[et_pb_section fb_built=&#8221;1&#8243; _builder_version=&#8221;4.16&#8243; _module_preset=&#8221;default&#8221; locked=&#8221;off&#8221; global_colors_info=&#8221;{}&#8221; theme_builder_area=&#8221;post_content&#8221;][et_pb_row _builder_version=&#8221;4.16&#8243; _module_preset=&#8221;default&#8221; global_colors_info=&#8221;{}&#8221; theme_builder_area=&#8221;post_content&#8221;][et_pb_column type=&#8221;4_4&#8243; _builder_version=&#8221;4.16&#8243; _module_preset=&#8221;default&#8221; global_colors_info=&#8221;{}&#8221; theme_builder_area=&#8221;post_content&#8221;][et_pb_text _builder_version=&#8221;4.27.4&#8243; _module_preset=&#8221;default&#8221; text_font_size=&#8221;21px&#8221; text_line_height=&#8221;1.6em&#8221; header_2_font_size=&#8221;32px&#8221; header_2_line_height=&#8221;1.2em&#8221; global_colors_info=&#8221;{}&#8221; theme_builder_area=&#8221;post_content&#8221;]<\/p>\n<h2>SE SI SEGUONO LE ATTUALI NOVIT\u00c0 NEI QUADRI NORMATIVI O NEGLI STANDARD DI REPORTISTICA SULLA SOSTENIBILIT\u00c0 Nachhaltigkeitsbericht: Beratung f\u00fcr Ihr Unternehmen &#8211; Terra Institute (terra-institute.eu), COME AD ESEMPIO LO STANDARD GRI 2021 DELL&#8217;GLOBAL REPORTING INITIATIVE O ANCHE LO STANDARD EUROPEO SULLA REPORTISTICA SULLA SOSTENIBILIT\u00c0 (ESRS) NEL CONTESTO DELLA DIRETTIVA SULLA REPORTISTICA SULLA SOSTENIBILIT\u00c0 AZIENDALE (CSRD) DELL&#8217;UE, EMERGE SEMPRE PI\u00d9 IL RUOLO CRESCENTE DEGLI STAKEHOLDER ALL&#8217;INTERNO DELLA STRATEGIA DI SOSTENIBILIT\u00c0 DI UN&#8217;AZIENDA.<\/h2>\n<p>Un&#8217;azienda, o pi\u00f9 generalmente un&#8217;organizzazione, che aspira a rendere la propria esistenza e attivit\u00e0 pi\u00f9 sostenibili, non pu\u00f2 pi\u00f9 evitare un approfondimento dei propri stakeholder e quindi del tema &#8220;Concetti per l&#8217;identificazione degli stakeholder&#8221;.<\/p>\n<p style=\"font-weight: 400;\">\n<p style=\"font-weight: 400;\">Abbiamo gi\u00e0 riassunto i principi di un dialogo degli stakeholder in un articolo <a href=\"https:\/\/terra-institute.eu\/it\/il-dialogo-con-gli-stakeholder-come-strumento-essenziale\/\">IL DIALOGO CON GLI STAKEHOLDER COME STRUMENTO ESSENZIALE.<\/a><\/p>\n<p style=\"font-weight: 400;\">\n<p style=\"font-weight: 400;\">Il quadro normativo significa che la domanda &#8220;se le organizzazioni debbano o meno coinvolgere i propri stakeholder&#8221; viene tolta alle aziende e si risponde con un chiaro &#8220;s\u00ec&#8221;. Qui vorremmo andare un passo avanti, affrontando brevemente la questione dell&#8217;identificazione dei propri stakeholder.<\/p>\n<p style=\"font-weight: 400;\">\n<p style=\"font-weight: 400;\">Nella quinta edizione del libro &#8220;Integrative Wirtschaftsethik&#8221;, pubblicato nel 2016 da Peter Ulrich presso Haupt Verlag a Berna, egli definisce le aziende, indipendentemente dalla loro forma giuridica, sia privata che pubblica, come un &#8220;evento pluralistico di creazione di valore&#8221;. \u00c8 da considerare pluralistico poich\u00e9 le decisioni e le attivit\u00e0 coinvolgono una pluralit\u00e0 di stakeholder nelle loro condizioni di vita o di esistenza. Egli considera i partecipanti e gli interessati come parte essenziale del discorso di legittimazione dell&#8217;azienda. Da ci\u00f2, Peter Ulrich deduce che la domanda guida unica &#8220;Quali valori desidero creare come azienda?&#8221; non \u00e8 pi\u00f9 sufficiente.<\/p>\n<p style=\"font-weight: 400;\">\n<p style=\"font-weight: 400;\">Inoltre, devono essere considerati gli aspetti della distribuzione del valore e del suo consumo, nonch\u00e9 la questione di chi crea valore o chi sostiene i costi dei processi interni ed esterni. Ammette anche che il discorso sulla legittimazione per l&#8217;azienda \u00e8 anche un discorso sulla ragionevolezza dell&#8217;estensione dell&#8217;inclusione degli stakeholder. In questo processo, \u00e8 necessario chiarire che lo scopo dell&#8217;impresa deve essere reso conto a tutti gli stakeholder e allo stesso tempo pu\u00f2 essere richiesto alla gestione dell&#8217;azienda. Un passo essenziale nel dialogo degli stakeholder \u00e8 quindi la definizione dei &#8220;diritti morali inviolabili di tutti i partecipanti e interessati&#8221; secondo Peter Ulrich.<\/p>\n<p style=\"font-weight: 400;\">\n<p style=\"font-weight: 400;\">La questione della ragionevolezza \u00e8 riflessa anche nel <a href=\"https:\/\/terra-institute.eu\/it\/la-csrd-direttiva-per-il-reporting-di-sostenibilita-nellue\/\">contesto pi\u00f9 ampio nella legislazione attuale della CSRD<\/a>. Secondo l&#8217;articolo 29b, paragrafo 4 della Direttiva, \u00e8 prevista una protezione attiva per le PMI, che le protegge da richieste troppo onerose da parte di altre imprese della catena del valore colpite dalla CSRD. La portata ammissibile della richiesta dipende dalla versione semplificata prevista per le PMI dell&#8217;ESRS.<\/p>\n<p style=\"font-weight: 400;\">\n<h2 style=\"font-weight: 400;\">COSA POSSONO ESSERE ORA I CONCETTI PER L&#8217;IDENTIFICAZIONE DEGLI STAKEHOLDER?<\/h2>\n<p style=\"font-weight: 400;\">\n<p style=\"font-weight: 400;\">La domanda che ne deriva, tornando alla domanda originale sull&#8217;identificazione degli stakeholder, pu\u00f2 essere risposta secondo Peter Ulrich in due modi.<\/p>\n<p style=\"font-weight: 400;\">\n<ol>\n<li>Con un <strong>concetto strategico del potere<\/strong> e<\/li>\n<li>con un <strong>concetto normativo critico<\/strong>.<\/li>\n<\/ol>\n<p style=\"font-weight: 400;\">Il concetto strategico del potere considera stakeholder tutte quelle persone che hanno un potenziale di influenza sull&#8217;azienda, che pu\u00f2 essere dovuto al potere sulle risorse o alle sanzioni. Il concetto normativo critico, invece, considera stakeholder tutte quelle persone che hanno legittimi diritti nei confronti dell&#8217;organizzazione o dell&#8217;azienda in base a regolamenti contrattuali o a diritti morali. Questo concetto pone quindi la domanda su chi dovrebbe avere diritti legittimi o chi dovrebbe poterli rivendicare, indipendentemente da chi pu\u00f2 farlo nella situazione attuale.<\/p>\n<p style=\"font-weight: 400;\">\n<p style=\"font-weight: 400;\">In definitiva, ci\u00f2 significa che per le aziende a cui \u00e8 veramente importante l&#8217;inclusione degli stakeholder e quindi la progettazione pi\u00f9 sostenibile della propria esistenza e attivit\u00e0, un&#8217;analisi dettagliata dei propri stakeholder potenziali, compresi i loro legittimi diritti nei confronti dell&#8217;azienda e della loro creazione di valore, \u00e8 un passo essenziale in ogni analisi di rilevanza.<\/p>\n<p style=\"font-weight: 400;\">\n<p style=\"font-weight: 400;\">Ulrich, P. (2016) Integrative Wirtschaftsethik Grundlagen Einer Lebensdienlichen \u00d6konomie. 5. Auflage. Bern: Haupt Verlag.<\/p>\n<p style=\"font-weight: 400;\">Per eventuali domande sull&#8217;argomento, Terra Institute \u00e8 naturalmente disponibile in qualsiasi momento (<a href=\"mailto:office@terra-institute.eu\">office@terra-institute.eu<\/a>).<\/p>\n<p>[\/et_pb_text][\/et_pb_column][\/et_pb_row][et_pb_row column_structure=&#8221;2_5,3_5&#8243; _builder_version=&#8221;4.24.2&#8243; _module_preset=&#8221;default&#8221; global_colors_info=&#8221;{}&#8221; theme_builder_area=&#8221;post_content&#8221; disabled_on=&#8221;on|on|on&#8221; disabled=&#8221;on&#8221;][et_pb_column type=&#8221;2_5&#8243; _builder_version=&#8221;4.24.2&#8243; _module_preset=&#8221;default&#8221; global_colors_info=&#8221;{}&#8221; theme_builder_area=&#8221;post_content&#8221;][et_pb_image src=&#8221;https:\/\/terra-institute.eu\/wp-content\/uploads\/2023\/06\/Andre-Meinhard.jpg&#8221; title_text=&#8221;Andr\u00e9 Meinhard&#8221; _builder_version=&#8221;4.24.2&#8243; _module_preset=&#8221;default&#8221; global_colors_info=&#8221;{}&#8221; theme_builder_area=&#8221;post_content&#8221;][\/et_pb_image][\/et_pb_column][et_pb_column type=&#8221;3_5&#8243; _builder_version=&#8221;4.24.2&#8243; _module_preset=&#8221;default&#8221; global_colors_info=&#8221;{}&#8221; theme_builder_area=&#8221;post_content&#8221;][et_pb_text _builder_version=&#8221;4.24.2&#8243; _module_preset=&#8221;default&#8221; text_font_size=&#8221;21px&#8221; global_colors_info=&#8221;{}&#8221; theme_builder_area=&#8221;post_content&#8221;]<\/p>\n<div>\n<p class=\"paragraph\"><span class=\"normaltextrun\"><span><strong>Andr\u00e9 Meinhard<\/strong> ha studiato Economia e Management della Sostenibilit\u00e0 presso l&#8217;Universit\u00e0 Carl von Ossietzky di Oldenburg e ha potuto cos\u00ec costruire una competenza transdisciplinare sulla sostenibilit\u00e0.<\/span><\/span><span class=\"eop\"><span>\u00a0<o:p><\/o:p><\/span><\/span><\/p>\n<\/div>\n<div>\n<p class=\"paragraph\"><span><o:p>\u00a0<\/o:p><\/span><\/p>\n<\/div>\n<div>\n<p class=\"paragraph\"><span class=\"normaltextrun\"><span>Attualmente Andr\u00e9 si occupa di reporting, analisi di materialit\u00e0 e di impatto, dialoghi con gli stakeholder e packaging sostenibile.<\/span><\/span><span class=\"eop\"><span>\u00a0<\/span><\/span><span><o:p><\/o:p><\/span><\/p>\n<\/div>\n<p>[\/et_pb_text][\/et_pb_column][\/et_pb_row][\/et_pb_section]<\/p>\n","protected":false},"excerpt":{"rendered":"<p>SE SI SEGUONO LE ATTUALI NOVIT\u00c0 NEI QUADRI NORMATIVI O NEGLI STANDARD DI REPORTISTICA SULLA SOSTENIBILIT\u00c0 Nachhaltigkeitsbericht: Beratung f\u00fcr Ihr Unternehmen &#8211; Terra Institute (terra-institute.eu), COME AD ESEMPIO LO STANDARD GRI 2021 DELL&#8217;GLOBAL REPORTING INITIATIVE O ANCHE LO STANDARD EUROPEO SULLA REPORTISTICA SULLA SOSTENIBILIT\u00c0 (ESRS) NEL CONTESTO DELLA DIRETTIVA SULLA REPORTISTICA SULLA SOSTENIBILIT\u00c0 AZIENDALE (CSRD) [&hellip;]<\/p>\n","protected":false},"author":1,"featured_media":251478,"comment_status":"open","ping_status":"open","sticky":false,"template":"","format":"standard","meta":{"_et_pb_use_builder":"on","_et_pb_old_content":"","_et_gb_content_width":"","footnotes":""},"categories":[34],"tags":[49,50],"class_list":["post-251477","post","type-post","status-publish","format-standard","has-post-thumbnail","hentry","category-blog","tag-reportistica-di-sostenibilita","tag-strategia-di-sostenibilita"],"yoast_head":"<!-- This site is optimized with the Yoast SEO plugin v26.9 - https:\/\/yoast.com\/product\/yoast-seo-wordpress\/ -->\n<title>Concetti per l&#039;identificazione degli stakeholder - Terra Institute<\/title>\n<meta name=\"robots\" content=\"index, follow, max-snippet:-1, max-image-preview:large, max-video-preview:-1\" \/>\n<link rel=\"canonical\" href=\"https:\/\/terra-institute.eu\/it\/concetti-per-lidentificazione-degli-stakeholder-2\/\" \/>\n<meta property=\"og:locale\" content=\"it_IT\" \/>\n<meta property=\"og:type\" content=\"article\" \/>\n<meta property=\"og:title\" content=\"Concetti per l&#039;identificazione degli stakeholder - Terra Institute\" \/>\n<meta property=\"og:description\" content=\"SE SI SEGUONO LE ATTUALI NOVIT\u00c0 NEI QUADRI NORMATIVI O NEGLI STANDARD DI REPORTISTICA SULLA SOSTENIBILIT\u00c0 Nachhaltigkeitsbericht: Beratung f\u00fcr Ihr Unternehmen - Terra Institute (terra-institute.eu), COME AD ESEMPIO LO STANDARD GRI 2021 DELL&#039;GLOBAL REPORTING INITIATIVE O ANCHE LO STANDARD EUROPEO SULLA REPORTISTICA SULLA SOSTENIBILIT\u00c0 (ESRS) NEL CONTESTO DELLA DIRETTIVA SULLA REPORTISTICA SULLA SOSTENIBILIT\u00c0 AZIENDALE (CSRD) [&hellip;]\" \/>\n<meta property=\"og:url\" content=\"https:\/\/terra-institute.eu\/it\/concetti-per-lidentificazione-degli-stakeholder-2\/\" \/>\n<meta property=\"og:site_name\" content=\"Terra Institute\" \/>\n<meta property=\"article:publisher\" content=\"https:\/\/www.facebook.com\/TerraInstitute\" \/>\n<meta property=\"article:published_time\" content=\"2023-05-26T11:23:00+00:00\" \/>\n<meta property=\"article:modified_time\" content=\"2025-02-17T16:02:58+00:00\" \/>\n<meta property=\"og:image\" content=\"https:\/\/terra-institute.eu\/it\/wp-content\/uploads\/2025\/01\/anna-asryan-bIRpBUvKPt0-unsplash-scaled-e1712160817517.jpg\" \/>\n\t<meta property=\"og:image:width\" content=\"2154\" \/>\n\t<meta property=\"og:image:height\" content=\"1433\" \/>\n\t<meta property=\"og:image:type\" content=\"image\/jpeg\" \/>\n<meta name=\"author\" content=\"francescoromito\" \/>\n<meta name=\"twitter:card\" content=\"summary_large_image\" \/>\n<meta name=\"twitter:creator\" content=\"@terra_institute\" \/>\n<meta name=\"twitter:site\" content=\"@terra_institute\" \/>\n<meta name=\"twitter:label1\" content=\"Scritto da\" \/>\n\t<meta name=\"twitter:data1\" content=\"francescoromito\" \/>\n\t<meta name=\"twitter:label2\" content=\"Tempo di lettura stimato\" \/>\n\t<meta name=\"twitter:data2\" content=\"5 minuti\" \/>\n<script type=\"application\/ld+json\" class=\"yoast-schema-graph\">{\"@context\":\"https:\/\/schema.org\",\"@graph\":[{\"@type\":\"Article\",\"@id\":\"https:\/\/terra-institute.eu\/it\/concetti-per-lidentificazione-degli-stakeholder-2\/#article\",\"isPartOf\":{\"@id\":\"https:\/\/terra-institute.eu\/it\/concetti-per-lidentificazione-degli-stakeholder-2\/\"},\"author\":{\"name\":\"francescoromito\",\"@id\":\"https:\/\/terra-institute.eu\/it\/#\/schema\/person\/0825c78d1038a1533e63d1a36ec49278\"},\"headline\":\"Concetti per l&#8217;identificazione degli stakeholder\",\"datePublished\":\"2023-05-26T11:23:00+00:00\",\"dateModified\":\"2025-02-17T16:02:58+00:00\",\"mainEntityOfPage\":{\"@id\":\"https:\/\/terra-institute.eu\/it\/concetti-per-lidentificazione-degli-stakeholder-2\/\"},\"wordCount\":923,\"commentCount\":0,\"image\":{\"@id\":\"https:\/\/terra-institute.eu\/it\/concetti-per-lidentificazione-degli-stakeholder-2\/#primaryimage\"},\"thumbnailUrl\":\"https:\/\/terra-institute.eu\/it\/wp-content\/uploads\/2025\/01\/anna-asryan-bIRpBUvKPt0-unsplash-scaled-e1712160817517.jpg\",\"keywords\":[\"REPORTISTICA DI SOSTENIBILIT\u00e0\",\"STRATEGIA DI SOSTENIBILIT\u00e0\"],\"articleSection\":[\"blog\"],\"inLanguage\":\"it-IT\",\"potentialAction\":[{\"@type\":\"CommentAction\",\"name\":\"Comment\",\"target\":[\"https:\/\/terra-institute.eu\/it\/concetti-per-lidentificazione-degli-stakeholder-2\/#respond\"]}]},{\"@type\":\"WebPage\",\"@id\":\"https:\/\/terra-institute.eu\/it\/concetti-per-lidentificazione-degli-stakeholder-2\/\",\"url\":\"https:\/\/terra-institute.eu\/it\/concetti-per-lidentificazione-degli-stakeholder-2\/\",\"name\":\"Concetti per l'identificazione degli stakeholder - Terra Institute\",\"isPartOf\":{\"@id\":\"https:\/\/terra-institute.eu\/it\/#website\"},\"primaryImageOfPage\":{\"@id\":\"https:\/\/terra-institute.eu\/it\/concetti-per-lidentificazione-degli-stakeholder-2\/#primaryimage\"},\"image\":{\"@id\":\"https:\/\/terra-institute.eu\/it\/concetti-per-lidentificazione-degli-stakeholder-2\/#primaryimage\"},\"thumbnailUrl\":\"https:\/\/terra-institute.eu\/it\/wp-content\/uploads\/2025\/01\/anna-asryan-bIRpBUvKPt0-unsplash-scaled-e1712160817517.jpg\",\"datePublished\":\"2023-05-26T11:23:00+00:00\",\"dateModified\":\"2025-02-17T16:02:58+00:00\",\"author\":{\"@id\":\"https:\/\/terra-institute.eu\/it\/#\/schema\/person\/0825c78d1038a1533e63d1a36ec49278\"},\"breadcrumb\":{\"@id\":\"https:\/\/terra-institute.eu\/it\/concetti-per-lidentificazione-degli-stakeholder-2\/#breadcrumb\"},\"inLanguage\":\"it-IT\",\"potentialAction\":[{\"@type\":\"ReadAction\",\"target\":[\"https:\/\/terra-institute.eu\/it\/concetti-per-lidentificazione-degli-stakeholder-2\/\"]}]},{\"@type\":\"ImageObject\",\"inLanguage\":\"it-IT\",\"@id\":\"https:\/\/terra-institute.eu\/it\/concetti-per-lidentificazione-degli-stakeholder-2\/#primaryimage\",\"url\":\"https:\/\/terra-institute.eu\/it\/wp-content\/uploads\/2025\/01\/anna-asryan-bIRpBUvKPt0-unsplash-scaled-e1712160817517.jpg\",\"contentUrl\":\"https:\/\/terra-institute.eu\/it\/wp-content\/uploads\/2025\/01\/anna-asryan-bIRpBUvKPt0-unsplash-scaled-e1712160817517.jpg\",\"width\":2154,\"height\":1433},{\"@type\":\"BreadcrumbList\",\"@id\":\"https:\/\/terra-institute.eu\/it\/concetti-per-lidentificazione-degli-stakeholder-2\/#breadcrumb\",\"itemListElement\":[{\"@type\":\"ListItem\",\"position\":1,\"name\":\"Home\",\"item\":\"https:\/\/terra-institute.eu\/it\/\"},{\"@type\":\"ListItem\",\"position\":2,\"name\":\"Concetti per l&#8217;identificazione degli stakeholder\"}]},{\"@type\":\"WebSite\",\"@id\":\"https:\/\/terra-institute.eu\/it\/#website\",\"url\":\"https:\/\/terra-institute.eu\/it\/\",\"name\":\"Terra Institute\",\"description\":\"Empowering Responsible Growth\",\"potentialAction\":[{\"@type\":\"SearchAction\",\"target\":{\"@type\":\"EntryPoint\",\"urlTemplate\":\"https:\/\/terra-institute.eu\/it\/?s={search_term_string}\"},\"query-input\":{\"@type\":\"PropertyValueSpecification\",\"valueRequired\":true,\"valueName\":\"search_term_string\"}}],\"inLanguage\":\"it-IT\"},{\"@type\":\"Person\",\"@id\":\"https:\/\/terra-institute.eu\/it\/#\/schema\/person\/0825c78d1038a1533e63d1a36ec49278\",\"name\":\"francescoromito\",\"image\":{\"@type\":\"ImageObject\",\"inLanguage\":\"it-IT\",\"@id\":\"https:\/\/terra-institute.eu\/it\/#\/schema\/person\/image\/\",\"url\":\"https:\/\/secure.gravatar.com\/avatar\/af139ce2e39890ae48f5692c8a08dde6e376be32739bb05ea5a3ce601c598fa9?s=96&d=mm&r=g\",\"contentUrl\":\"https:\/\/secure.gravatar.com\/avatar\/af139ce2e39890ae48f5692c8a08dde6e376be32739bb05ea5a3ce601c598fa9?s=96&d=mm&r=g\",\"caption\":\"francescoromito\"},\"sameAs\":[\"https:\/\/terra-institute.eu\/it\"],\"url\":\"https:\/\/terra-institute.eu\/it\/author\/francescoromito\/\"}]}<\/script>\n<!-- \/ Yoast SEO plugin. -->","yoast_head_json":{"title":"Concetti per l'identificazione degli stakeholder - Terra Institute","robots":{"index":"index","follow":"follow","max-snippet":"max-snippet:-1","max-image-preview":"max-image-preview:large","max-video-preview":"max-video-preview:-1"},"canonical":"https:\/\/terra-institute.eu\/it\/concetti-per-lidentificazione-degli-stakeholder-2\/","og_locale":"it_IT","og_type":"article","og_title":"Concetti per l'identificazione degli stakeholder - Terra Institute","og_description":"SE SI SEGUONO LE ATTUALI NOVIT\u00c0 NEI QUADRI NORMATIVI O NEGLI STANDARD DI REPORTISTICA SULLA SOSTENIBILIT\u00c0 Nachhaltigkeitsbericht: Beratung f\u00fcr Ihr Unternehmen - Terra Institute (terra-institute.eu), COME AD ESEMPIO LO STANDARD GRI 2021 DELL'GLOBAL REPORTING INITIATIVE O ANCHE LO STANDARD EUROPEO SULLA REPORTISTICA SULLA SOSTENIBILIT\u00c0 (ESRS) NEL CONTESTO DELLA DIRETTIVA SULLA REPORTISTICA SULLA SOSTENIBILIT\u00c0 AZIENDALE (CSRD) [&hellip;]","og_url":"https:\/\/terra-institute.eu\/it\/concetti-per-lidentificazione-degli-stakeholder-2\/","og_site_name":"Terra Institute","article_publisher":"https:\/\/www.facebook.com\/TerraInstitute","article_published_time":"2023-05-26T11:23:00+00:00","article_modified_time":"2025-02-17T16:02:58+00:00","og_image":[{"width":2154,"height":1433,"url":"https:\/\/terra-institute.eu\/it\/wp-content\/uploads\/2025\/01\/anna-asryan-bIRpBUvKPt0-unsplash-scaled-e1712160817517.jpg","type":"image\/jpeg"}],"author":"francescoromito","twitter_card":"summary_large_image","twitter_creator":"@terra_institute","twitter_site":"@terra_institute","twitter_misc":{"Scritto da":"francescoromito","Tempo di lettura stimato":"5 minuti"},"schema":{"@context":"https:\/\/schema.org","@graph":[{"@type":"Article","@id":"https:\/\/terra-institute.eu\/it\/concetti-per-lidentificazione-degli-stakeholder-2\/#article","isPartOf":{"@id":"https:\/\/terra-institute.eu\/it\/concetti-per-lidentificazione-degli-stakeholder-2\/"},"author":{"name":"francescoromito","@id":"https:\/\/terra-institute.eu\/it\/#\/schema\/person\/0825c78d1038a1533e63d1a36ec49278"},"headline":"Concetti per l&#8217;identificazione degli stakeholder","datePublished":"2023-05-26T11:23:00+00:00","dateModified":"2025-02-17T16:02:58+00:00","mainEntityOfPage":{"@id":"https:\/\/terra-institute.eu\/it\/concetti-per-lidentificazione-degli-stakeholder-2\/"},"wordCount":923,"commentCount":0,"image":{"@id":"https:\/\/terra-institute.eu\/it\/concetti-per-lidentificazione-degli-stakeholder-2\/#primaryimage"},"thumbnailUrl":"https:\/\/terra-institute.eu\/it\/wp-content\/uploads\/2025\/01\/anna-asryan-bIRpBUvKPt0-unsplash-scaled-e1712160817517.jpg","keywords":["REPORTISTICA DI SOSTENIBILIT\u00e0","STRATEGIA DI SOSTENIBILIT\u00e0"],"articleSection":["blog"],"inLanguage":"it-IT","potentialAction":[{"@type":"CommentAction","name":"Comment","target":["https:\/\/terra-institute.eu\/it\/concetti-per-lidentificazione-degli-stakeholder-2\/#respond"]}]},{"@type":"WebPage","@id":"https:\/\/terra-institute.eu\/it\/concetti-per-lidentificazione-degli-stakeholder-2\/","url":"https:\/\/terra-institute.eu\/it\/concetti-per-lidentificazione-degli-stakeholder-2\/","name":"Concetti per l'identificazione degli stakeholder - Terra Institute","isPartOf":{"@id":"https:\/\/terra-institute.eu\/it\/#website"},"primaryImageOfPage":{"@id":"https:\/\/terra-institute.eu\/it\/concetti-per-lidentificazione-degli-stakeholder-2\/#primaryimage"},"image":{"@id":"https:\/\/terra-institute.eu\/it\/concetti-per-lidentificazione-degli-stakeholder-2\/#primaryimage"},"thumbnailUrl":"https:\/\/terra-institute.eu\/it\/wp-content\/uploads\/2025\/01\/anna-asryan-bIRpBUvKPt0-unsplash-scaled-e1712160817517.jpg","datePublished":"2023-05-26T11:23:00+00:00","dateModified":"2025-02-17T16:02:58+00:00","author":{"@id":"https:\/\/terra-institute.eu\/it\/#\/schema\/person\/0825c78d1038a1533e63d1a36ec49278"},"breadcrumb":{"@id":"https:\/\/terra-institute.eu\/it\/concetti-per-lidentificazione-degli-stakeholder-2\/#breadcrumb"},"inLanguage":"it-IT","potentialAction":[{"@type":"ReadAction","target":["https:\/\/terra-institute.eu\/it\/concetti-per-lidentificazione-degli-stakeholder-2\/"]}]},{"@type":"ImageObject","inLanguage":"it-IT","@id":"https:\/\/terra-institute.eu\/it\/concetti-per-lidentificazione-degli-stakeholder-2\/#primaryimage","url":"https:\/\/terra-institute.eu\/it\/wp-content\/uploads\/2025\/01\/anna-asryan-bIRpBUvKPt0-unsplash-scaled-e1712160817517.jpg","contentUrl":"https:\/\/terra-institute.eu\/it\/wp-content\/uploads\/2025\/01\/anna-asryan-bIRpBUvKPt0-unsplash-scaled-e1712160817517.jpg","width":2154,"height":1433},{"@type":"BreadcrumbList","@id":"https:\/\/terra-institute.eu\/it\/concetti-per-lidentificazione-degli-stakeholder-2\/#breadcrumb","itemListElement":[{"@type":"ListItem","position":1,"name":"Home","item":"https:\/\/terra-institute.eu\/it\/"},{"@type":"ListItem","position":2,"name":"Concetti per l&#8217;identificazione degli stakeholder"}]},{"@type":"WebSite","@id":"https:\/\/terra-institute.eu\/it\/#website","url":"https:\/\/terra-institute.eu\/it\/","name":"Terra Institute","description":"Empowering Responsible Growth","potentialAction":[{"@type":"SearchAction","target":{"@type":"EntryPoint","urlTemplate":"https:\/\/terra-institute.eu\/it\/?s={search_term_string}"},"query-input":{"@type":"PropertyValueSpecification","valueRequired":true,"valueName":"search_term_string"}}],"inLanguage":"it-IT"},{"@type":"Person","@id":"https:\/\/terra-institute.eu\/it\/#\/schema\/person\/0825c78d1038a1533e63d1a36ec49278","name":"francescoromito","image":{"@type":"ImageObject","inLanguage":"it-IT","@id":"https:\/\/terra-institute.eu\/it\/#\/schema\/person\/image\/","url":"https:\/\/secure.gravatar.com\/avatar\/af139ce2e39890ae48f5692c8a08dde6e376be32739bb05ea5a3ce601c598fa9?s=96&d=mm&r=g","contentUrl":"https:\/\/secure.gravatar.com\/avatar\/af139ce2e39890ae48f5692c8a08dde6e376be32739bb05ea5a3ce601c598fa9?s=96&d=mm&r=g","caption":"francescoromito"},"sameAs":["https:\/\/terra-institute.eu\/it"],"url":"https:\/\/terra-institute.eu\/it\/author\/francescoromito\/"}]}},"_links":{"self":[{"href":"https:\/\/terra-institute.eu\/it\/wp-json\/wp\/v2\/posts\/251477","targetHints":{"allow":["GET"]}}],"collection":[{"href":"https:\/\/terra-institute.eu\/it\/wp-json\/wp\/v2\/posts"}],"about":[{"href":"https:\/\/terra-institute.eu\/it\/wp-json\/wp\/v2\/types\/post"}],"author":[{"embeddable":true,"href":"https:\/\/terra-institute.eu\/it\/wp-json\/wp\/v2\/users\/1"}],"replies":[{"embeddable":true,"href":"https:\/\/terra-institute.eu\/it\/wp-json\/wp\/v2\/comments?post=251477"}],"version-history":[{"count":11,"href":"https:\/\/terra-institute.eu\/it\/wp-json\/wp\/v2\/posts\/251477\/revisions"}],"predecessor-version":[{"id":251784,"href":"https:\/\/terra-institute.eu\/it\/wp-json\/wp\/v2\/posts\/251477\/revisions\/251784"}],"wp:featuredmedia":[{"embeddable":true,"href":"https:\/\/terra-institute.eu\/it\/wp-json\/wp\/v2\/media\/251478"}],"wp:attachment":[{"href":"https:\/\/terra-institute.eu\/it\/wp-json\/wp\/v2\/media?parent=251477"}],"wp:term":[{"taxonomy":"category","embeddable":true,"href":"https:\/\/terra-institute.eu\/it\/wp-json\/wp\/v2\/categories?post=251477"},{"taxonomy":"post_tag","embeddable":true,"href":"https:\/\/terra-institute.eu\/it\/wp-json\/wp\/v2\/tags?post=251477"}],"curies":[{"name":"wp","href":"https:\/\/api.w.org\/{rel}","templated":true}]}}