{"id":6061,"date":"2026-01-14T07:00:00","date_gmt":"2026-01-14T06:00:00","guid":{"rendered":"https:\/\/terra-institute.eu\/en\/?p=6061"},"modified":"2025-12-17T16:31:25","modified_gmt":"2025-12-17T15:31:25","slug":"embedding-sustainability-strategically-in-smes","status":"publish","type":"post","link":"https:\/\/terra-institute.eu\/en\/embedding-sustainability-strategically-in-smes\/","title":{"rendered":"Embedding sustainability strategically"},"content":{"rendered":"<p>[et_pb_section fb_built=&#8221;1&#8243; _builder_version=&#8221;4.24.2&#8243; _module_preset=&#8221;default&#8221; custom_padding=&#8221;9px|||||&#8221; global_colors_info=&#8221;{}&#8221; theme_builder_area=&#8221;et_body_layout&#8221;][et_pb_row _builder_version=&#8221;4.24.2&#8243; _module_preset=&#8221;default&#8221; custom_margin=&#8221;22px|auto||auto||&#8221; custom_padding=&#8221;1px||15px|||&#8221; global_colors_info=&#8221;{}&#8221; theme_builder_area=&#8221;et_body_layout&#8221;][et_pb_column type=&#8221;4_4&#8243; _builder_version=&#8221;4.24.2&#8243; _module_preset=&#8221;default&#8221; global_colors_info=&#8221;{}&#8221; theme_builder_area=&#8221;et_body_layout&#8221;][et_pb_text _builder_version=&#8221;4.27.4&#8243; _module_preset=&#8221;default&#8221; custom_margin=&#8221;||1px|||&#8221; custom_padding=&#8221;18px|||||&#8221; hover_enabled=&#8221;0&#8243; global_colors_info=&#8221;{}&#8221; theme_builder_area=&#8221;et_body_layout&#8221; sticky_enabled=&#8221;0&#8243;]<\/p>\n<h2>How Medium-Sized Companies Make Better Decisions, Stabilize Costs and Secure Their Future<\/h2>\n<p dir=\"auto\">Medium-sized companies are used to achieving a lot with limited resources. That is precisely why sustainability is particularly suitable for SMEs \u2013 <strong>if it is properly understood<\/strong>.<br \/>Not as an obligation, not as an additional task, but as a <strong>management instrument<\/strong>. Energy, material use, supply chains and social risks now significantly influence costs, investments, financing and growth.<\/p>\n<p dir=\"auto\">Companies that systematically integrate these factors into their business strategy gain an advantage. Not through more effort, but through <strong>better decisions<\/strong>.<\/p>\n<div class=\"my-2\"><\/div>\n<h3 dir=\"auto\">1. What It Means to Integrate Sustainability into Business Strategy<\/h3>\n<p dir=\"auto\">Embedding sustainability strategically means above all one thing for medium-sized companies:<br \/>Taking it into account <strong>where value is created and decisions are made<\/strong>.<\/p>\n<p dir=\"auto\">Not in isolated measures.<br \/>Not in separate reports.<br \/>But as part of:<\/p>\n<ul dir=\"auto\">\n<li class=\"text-start \">Products and services<\/li>\n<li class=\"text-start \">Processes and resource use<\/li>\n<li class=\"text-start \">Procurement and supplier relationships<\/li>\n<li class=\"text-start \">Investment and budget decisions<\/li>\n<li class=\"text-start \">Leadership, culture and organization<\/li>\n<\/ul>\n<p dir=\"auto\">The goal is not to launch additional projects, but to make existing decisions <strong>more robust and future-proof<\/strong>. Energy consumption, material use, emissions and social risks become business management variables \u2013 comparable to costs, quality and lead times.<\/p>\n<p dir=\"auto\"><strong>Sustainability thus becomes part of good corporate governance.<\/strong><\/p>\n<div class=\"my-2\"><\/div>\n<h3 dir=\"auto\">2. Why SMEs in Particular Benefit<\/h3>\n<p dir=\"auto\">SMEs have short decision-making paths and close proximity to value creation. This is a key advantage.<\/p>\n<p dir=\"auto\">Companies that systematically integrate sustainability achieve tangible economic effects:<\/p>\n<ul dir=\"auto\">\n<li class=\"text-start \"><strong>Lower costs<\/strong> through more efficient use of energy and materials<\/li>\n<li class=\"text-start \"><strong>Better access to financing<\/strong>, because banks require reliable information<\/li>\n<li class=\"text-start \"><strong>More stable customer relationships<\/strong>, especially with large companies and public-sector clients<\/li>\n<li class=\"text-start \"><strong>Lower risks<\/strong> in supply chains, in legal compliance and in cost increases<\/li>\n<li class=\"text-start \"><strong>Higher attractiveness as an employer<\/strong>, especially for qualified professionals<\/li>\n<\/ul>\n<p dir=\"auto\">Sustainability enables companies to <strong>manage proactively<\/strong> rather than merely reacting to external requirements.<\/p>\n<div class=\"my-2\"><\/div>\n<h3 dir=\"auto\">3. The Biggest Levers for Economic Added Value<\/h3>\n<p dir=\"auto\">In practice, three areas have emerged in which medium-sized companies can achieve impact particularly quickly.<\/p>\n<h4 dir=\"auto\">Lever 1: Operational Efficiency and Cost Structure<\/h4>\n<p dir=\"auto\">The greatest lever lies in ongoing operations.<\/p>\n<p dir=\"auto\">Typical starting points include:<\/p>\n<ul dir=\"auto\">\n<li class=\"text-start \">Increasing energy efficiency<\/li>\n<li class=\"text-start \">Waste heat recovery and own electricity generation<\/li>\n<li class=\"text-start \">Modernization of machinery and IT<\/li>\n<li class=\"text-start \">Reduction of scrap, waste and material losses<\/li>\n<\/ul>\n<p dir=\"auto\"><strong>Practical example:<\/strong><br \/>A metal processing company invests in waste heat recovery and a photovoltaic system.<br \/>The result is significantly lower heating costs, additional income from fed-in electricity and greater planning security for energy costs.<\/p>\n<p dir=\"auto\">Here, sustainability has a <strong>direct impact on the company\u2019s profitability<\/strong>.<\/p>\n<div class=\"my-2\"><\/div>\n<h4 dir=\"auto\">Lever 2: Products, Services and Business Models<\/h4>\n<p dir=\"auto\">Sustainability unfolds its full potential when it is thought of close to the product.<\/p>\n<p dir=\"auto\">Possible starting points:<\/p>\n<ul dir=\"auto\">\n<li class=\"text-start \">Extending product lifetimes<\/li>\n<li class=\"text-start \">Repair and service offerings<\/li>\n<li class=\"text-start \">Reuse of materials or products<\/li>\n<li class=\"text-start \">Development of resource-efficient or regional product lines<\/li>\n<\/ul>\n<p dir=\"auto\"><strong>Practical example:<\/strong><br \/>A trading company sets up a small unit for refurbishing returns.<br \/>A large proportion of the goods can be resold, disposal costs fall, and at the same time additional contribution margin is generated.<\/p>\n<p dir=\"auto\">Here, sustainability <strong>drives revenue<\/strong>, not just cost reduction.<\/p>\n<div class=\"my-2\"><\/div>\n<h4 dir=\"auto\">Lever 3: Transparency, Data and Steering Capability<\/h4>\n<p dir=\"auto\">Many companies lose time and money because relevant information is not available in a structured way.<\/p>\n<p dir=\"auto\">Even simple steps have major impact:<\/p>\n<ul dir=\"auto\">\n<li class=\"text-start \">Measuring energy and resource consumption<\/li>\n<li class=\"text-start \">Central collection of relevant key figures<\/li>\n<li class=\"text-start \">Structured supplier questionnaires<\/li>\n<li class=\"text-start \">Regular short evaluations instead of extensive reports<\/li>\n<\/ul>\n<p dir=\"auto\"><strong>Practical example:<\/strong><br \/>A mechanical engineering company measures the energy consumption of individual machines.<br \/>The mere transparency leads to changes in processes, resulting in measurable savings \u2013 without additional investments.<\/p>\n<p dir=\"auto\">Transparency enables control.<br \/>Control creates economic benefit.<\/p>\n<div class=\"my-2\"><\/div>\n<h3 dir=\"auto\">4. The Risks of Inaction<\/h3>\n<p dir=\"auto\">Not acting is no longer a neutral option today.<\/p>\n<p dir=\"auto\">Companies that do not integrate sustainability risk:<\/p>\n<ul dir=\"auto\">\n<li class=\"text-start \">Rising financing costs<\/li>\n<li class=\"text-start \">Loss of revenue due to changing customer requirements<\/li>\n<li class=\"text-start \">Increasing energy and raw material costs<\/li>\n<li class=\"text-start \">Difficulties in attracting and retaining skilled workers<\/li>\n<li class=\"text-start \">Organizational and legal risks due to missing information<\/li>\n<\/ul>\n<p dir=\"auto\">The longer companies wait, the higher the pressure to adapt and the associated costs.<\/p>\n<div class=\"my-2\"><\/div>\n<h3 dir=\"auto\">5. A Pragmatic Three-Step Path<\/h3>\n<h4 dir=\"auto\">Step 1: Create Orientation<\/h4>\n<p dir=\"auto\">The goal is to quickly gain an overview and set priorities.<\/p>\n<p dir=\"auto\">This includes:<\/p>\n<ul dir=\"auto\">\n<li class=\"text-start \">Defining a few material sustainability topics<\/li>\n<li class=\"text-start \">Clear responsibility within the company<\/li>\n<li class=\"text-start \">Recording initial key figures<\/li>\n<li class=\"text-start \">Regular short exchanges within the management team<\/li>\n<\/ul>\n<p dir=\"auto\">The result is greater clarity and first economic effects.<\/p>\n<div class=\"my-2\"><\/div>\n<h4 dir=\"auto\">Step 2: Build Structure and Priorities<\/h4>\n<p dir=\"auto\">In the next step, sustainability is systematically embedded in decisions.<\/p>\n<p dir=\"auto\">This includes:<\/p>\n<ul dir=\"auto\">\n<li class=\"text-start \">Consolidating measures with an assessment of effort and benefit<\/li>\n<li class=\"text-start \">Simple assessment of suppliers<\/li>\n<li class=\"text-start \">Continuous monitoring of energy and materials<\/li>\n<li class=\"text-start \">Involving employees in improvement processes<\/li>\n<\/ul>\n<p dir=\"auto\">Sustainability thus becomes <strong>manageable and controllable<\/strong>.<\/p>\n<div class=\"my-2\"><\/div>\n<h4 dir=\"auto\">Step 3: Anchor Sustainability in Corporate Management<\/h4>\n<p dir=\"auto\">In the long term, sustainability becomes part of strategic management.<\/p>\n<p dir=\"auto\">This includes:<\/p>\n<ul dir=\"auto\">\n<li class=\"text-start \">Considering relevant KPIs in investments and budgets<\/li>\n<li class=\"text-start \">Further development of products and services<\/li>\n<li class=\"text-start \">Training of managers and teams<\/li>\n<li class=\"text-start \">Structured preparation of information for banks and customers<\/li>\n<\/ul>\n<p dir=\"auto\">Sustainability thus becomes a <strong>lasting competitive advantage<\/strong>.<\/p>\n<div class=\"my-2\"><\/div>\n<h3 dir=\"auto\">Conclusion<\/h3>\n<p dir=\"auto\">For medium-sized companies, sustainability does not (only) mean more bureaucracy, but:<\/p>\n<ul dir=\"auto\">\n<li class=\"text-start \">better decisions<\/li>\n<li class=\"text-start \">more stable costs<\/li>\n<li class=\"text-start \">more robust business models<\/li>\n<li class=\"text-start \">a stronger market and employer position<\/li>\n<\/ul>\n<p dir=\"auto\">Those who integrate sustainability early and pragmatically into their business strategy create economic leeway \u2013 today and for the future.<\/p>\n<p>[\/et_pb_text][et_pb_text _builder_version=&#8221;4.27.4&#8243; _module_preset=&#8221;default&#8221; custom_margin=&#8221;||1px|||&#8221; custom_padding=&#8221;17px|||||&#8221; hover_enabled=&#8221;0&#8243; global_colors_info=&#8221;{}&#8221; theme_builder_area=&#8221;et_body_layout&#8221; sticky_enabled=&#8221;0&#8243;]<\/p>\n<h4 aria-level=\"2\">Further article<\/h4>\n<p><b>Basis article: <a href=\"https:\/\/terra-institute.eu\/en\/esg-as-a-success-factor\" target=\"_blank\" rel=\"noopener\">ESG as a success factor<\/a><\/b><\/p>\n<p>[\/et_pb_text][et_pb_text disabled_on=&#8221;on|on|on&#8221; _builder_version=&#8221;4.27.0&#8243; _module_preset=&#8221;default&#8221; disabled=&#8221;on&#8221; global_colors_info=&#8221;{}&#8221; theme_builder_area=&#8221;et_body_layout&#8221;]<\/p>\n<h3>Teilnehmeranzahl begrenzt!<\/h3>\n<p>Die Pl\u00e4tze sind auf maximal 20 Teilnehmer:innen begrenzt. Dies erm\u00f6glicht uns einen besseren Austausch und auch die M\u00f6glichkeit, auf alle Fragen einzugehen.<\/p>\n<h3>Verbindlichkeit<\/h3>\n<p>F\u00fcr eine bessere Planung ist die Anmeldung verbindlich. Sollte dennoch nach Anmeldung etwas dazwischenkommen und die Teilnahme nicht m\u00f6glich sein, bitten wir um eine schnellstm\u00f6gliche Absage unter <a href=\"mailto:%20a.unger@terra-institute.eu\">a.unger@terra-institute.eu<\/a>.<\/p>\n<h3>Kosten und Transport<\/h3>\n<p>Die Kosten f\u00fcr die zwei Hoff\u00fchrungen und Verk\u00f6stigung werden vom Projekt \u00fcbernommen. Die Fahrtkosten sowie die Organisation der Anfahrt, Abfahrt und Transport zwischen den H\u00f6fen sind von den Teilnehmer:innen selbst zu \u00fcbernehmen. Bei einem JA im Formular teilen wir die Kontaktdaten der Teilnehmer:innen, um Fahrgemeinschaften zu erm\u00f6glichen.<\/p>\n<p>[\/et_pb_text][et_pb_text disabled_on=&#8221;on|on|on&#8221; module_id=&#8221;anmeldung&#8221; _builder_version=&#8221;4.24.2&#8243; _module_preset=&#8221;default&#8221; disabled=&#8221;on&#8221; global_colors_info=&#8221;{}&#8221; theme_builder_area=&#8221;et_body_layout&#8221;]<\/p>\n<h3><\/h3>\n<h3>Webinar verpasst?<\/h3>\n<p>Dann schicken Sie uns doch gerne eine Nachricht mit Ihren Fragen an <a href=\"mailto:office@terra-institute.eu\">office@terra-institute.eu<\/a>.<\/p>\n<p>Bei gen\u00fcgend Interessent:innen werden wir das Webinar erneut veranstalten.<\/p>\n<p>[\/et_pb_text][\/et_pb_column][\/et_pb_row][et_pb_row column_structure=&#8221;1_2,1_2&#8243; _builder_version=&#8221;4.24.2&#8243; _module_preset=&#8221;default&#8221; custom_margin=&#8221;22px|auto||auto||&#8221; custom_padding=&#8221;1px||15px|||&#8221; global_colors_info=&#8221;{}&#8221; theme_builder_area=&#8221;et_body_layout&#8221;][et_pb_column type=&#8221;1_2&#8243; _builder_version=&#8221;4.24.2&#8243; _module_preset=&#8221;default&#8221; global_colors_info=&#8221;{}&#8221; theme_builder_area=&#8221;et_body_layout&#8221;][et_pb_button button_url=&#8221;#anmeldung&#8221; button_text=&#8221;Zur Anmeldung&#8221; disabled_on=&#8221;on|on|on&#8221; _builder_version=&#8221;4.27.0&#8243; _module_preset=&#8221;default&#8221; disabled=&#8221;on&#8221; global_colors_info=&#8221;{}&#8221; theme_builder_area=&#8221;et_body_layout&#8221;][\/et_pb_button][et_pb_text _builder_version=&#8221;4.27.4&#8243; _module_preset=&#8221;default&#8221; custom_margin=&#8221;||-2px|||&#8221; hover_enabled=&#8221;0&#8243; global_colors_info=&#8221;{}&#8221; theme_builder_area=&#8221;et_body_layout&#8221; sticky_enabled=&#8221;0&#8243;]<\/p>\n<h3>Author<\/h3>\n<p>[\/et_pb_text][et_pb_image src=&#8221;https:\/\/terra-institute.eu\/en\/wp-content\/uploads\/2023\/09\/Evelyn-Oberleiter-300&#215;300-1.jpg&#8221; alt=&#8221;Evelyn Oberleiter&#8221; title_text=&#8221;Evelyn Oberleiter&#8221; _builder_version=&#8221;4.27.4&#8243; _module_preset=&#8221;default&#8221; global_colors_info=&#8221;{}&#8221; theme_builder_area=&#8221;et_body_layout&#8221;][\/et_pb_image][et_pb_text disabled_on=&#8221;on|on|on&#8221; _builder_version=&#8221;4.27.0&#8243; _module_preset=&#8221;default&#8221; disabled=&#8221;on&#8221; global_colors_info=&#8221;{}&#8221; theme_builder_area=&#8221;et_body_layout&#8221;]<\/p>\n<h3>Teilnehmeranzahl begrenzt!<\/h3>\n<p>Die Pl\u00e4tze sind auf maximal 20 Teilnehmer:innen begrenzt. Dies erm\u00f6glicht uns einen besseren Austausch und auch die M\u00f6glichkeit, auf alle Fragen einzugehen.<\/p>\n<h3>Verbindlichkeit<\/h3>\n<p>F\u00fcr eine bessere Planung ist die Anmeldung verbindlich. Sollte dennoch nach Anmeldung etwas dazwischenkommen und die Teilnahme nicht m\u00f6glich sein, bitten wir um eine schnellstm\u00f6gliche Absage unter <a href=\"mailto:%20a.unger@terra-institute.eu\">a.unger@terra-institute.eu<\/a>.<\/p>\n<h3>Kosten und Transport<\/h3>\n<p>Die Kosten f\u00fcr die zwei Hoff\u00fchrungen und Verk\u00f6stigung werden vom Projekt \u00fcbernommen. Die Fahrtkosten sowie die Organisation der Anfahrt, Abfahrt und Transport zwischen den H\u00f6fen sind von den Teilnehmer:innen selbst zu \u00fcbernehmen. Bei einem JA im Formular teilen wir die Kontaktdaten der Teilnehmer:innen, um Fahrgemeinschaften zu erm\u00f6glichen.<\/p>\n<p>[\/et_pb_text][et_pb_text disabled_on=&#8221;on|on|on&#8221; module_id=&#8221;anmeldung&#8221; _builder_version=&#8221;4.24.2&#8243; _module_preset=&#8221;default&#8221; disabled=&#8221;on&#8221; global_colors_info=&#8221;{}&#8221; theme_builder_area=&#8221;et_body_layout&#8221;]<\/p>\n<h3><\/h3>\n<h3>Webinar verpasst?<\/h3>\n<p>Dann schicken Sie uns doch gerne eine Nachricht mit Ihren Fragen an <a href=\"mailto:office@terra-institute.eu\">office@terra-institute.eu<\/a>.<\/p>\n<p>Bei gen\u00fcgend Interessent:innen werden wir das Webinar erneut veranstalten.<\/p>\n<p>[\/et_pb_text][\/et_pb_column][et_pb_column type=&#8221;1_2&#8243; _builder_version=&#8221;4.24.2&#8243; _module_preset=&#8221;default&#8221; global_colors_info=&#8221;{}&#8221; theme_builder_area=&#8221;et_body_layout&#8221;][et_pb_text _builder_version=&#8221;4.27.4&#8243; _module_preset=&#8221;default&#8221; custom_margin=&#8221;||1px|||&#8221; hover_enabled=&#8221;0&#8243; global_colors_info=&#8221;{}&#8221; theme_builder_area=&#8221;et_body_layout&#8221; sticky_enabled=&#8221;0&#8243;]<\/p>\n<p data-ccp-props=\"{&quot;335551550&quot;:1,&quot;335551620&quot;:1,&quot;335559683&quot;:0,&quot;335559685&quot;:0,&quot;335559731&quot;:0,&quot;335559737&quot;:0,&quot;335562764&quot;:2,&quot;335562765&quot;:1,&quot;335562766&quot;:4,&quot;335562767&quot;:0,&quot;335562768&quot;:4,&quot;335562769&quot;:0}\"><strong>Evelyn Oberleiter<\/strong><\/p>\n<p data-ccp-props=\"{&quot;335551550&quot;:1,&quot;335551620&quot;:1,&quot;335559683&quot;:0,&quot;335559685&quot;:0,&quot;335559731&quot;:0,&quot;335559737&quot;:0,&quot;335562764&quot;:2,&quot;335562765&quot;:1,&quot;335562766&quot;:4,&quot;335562767&quot;:0,&quot;335562768&quot;:4,&quot;335562769&quot;:0}\">Co-founder and CEO of Terra Institute. For 20 years she has been supporting companies through profound transformation processes, with a focus on organizational development, corporate culture processes and sustainable leadership approaches. Evelyn has strong process competence and a high level of result orientation, extensive analytical and reflection skills, excellent communication skills and a pronounced systems-thinking mindset. As a personal coach, she primarily supports people in top management.<\/p>\n<p data-ccp-props=\"{&quot;335551550&quot;:1,&quot;335551620&quot;:1,&quot;335559683&quot;:0,&quot;335559685&quot;:0,&quot;335559731&quot;:0,&quot;335559737&quot;:0,&quot;335562764&quot;:2,&quot;335562765&quot;:1,&quot;335562766&quot;:4,&quot;335562767&quot;:0,&quot;335562768&quot;:4,&quot;335562769&quot;:0}\">Questions? Feel free to get in touch by e-mail (<a href=\"mailto:e.oberleiter@terra-institute.eu\" target=\"_blank\" rel=\"noopener\">e.oberleiter@terra-institute.eu<\/a>).<\/p>\n<p>[\/et_pb_text][\/et_pb_column][\/et_pb_row][\/et_pb_section]<\/p>\n","protected":false},"excerpt":{"rendered":"<p>How Medium-Sized Companies Make Better Decisions, Stabilize Costs and Secure Their Future Medium-sized companies are used to achieving a lot with limited resources. That is precisely why sustainability is particularly suitable for SMEs \u2013 if it is properly understood.Not as an obligation, not as an additional task, but as a management instrument. Energy, material use, [&hellip;]<\/p>\n","protected":false},"author":5,"featured_media":6063,"comment_status":"open","ping_status":"open","sticky":false,"template":"","format":"standard","meta":{"_et_pb_use_builder":"on","_et_pb_old_content":"","_et_gb_content_width":"","footnotes":""},"categories":[39],"tags":[51],"class_list":["post-6061","post","type-post","status-publish","format-standard","has-post-thumbnail","hentry","category-blog","tag-sustainability-strategy"],"yoast_head":"<!-- This site is optimized with the Yoast SEO plugin v26.9 - https:\/\/yoast.com\/product\/yoast-seo-wordpress\/ -->\n<title>Embedding sustainability strategically in SMEs<\/title>\n<meta name=\"description\" content=\"Embedding sustainability strategically improves decisions, stabilizes costs, and turns energy, materials and risks into clear management levers.\" \/>\n<meta name=\"robots\" content=\"index, follow, max-snippet:-1, max-image-preview:large, max-video-preview:-1\" \/>\n<link rel=\"canonical\" href=\"https:\/\/terra-institute.eu\/en\/embedding-sustainability-strategically-in-smes\/\" \/>\n<meta property=\"og:locale\" content=\"en_GB\" \/>\n<meta property=\"og:type\" content=\"article\" \/>\n<meta property=\"og:title\" content=\"Embedding sustainability strategically in SMEs\" \/>\n<meta property=\"og:description\" content=\"Embedding sustainability strategically improves decisions, stabilizes costs, and turns energy, materials and risks into clear management levers.\" \/>\n<meta property=\"og:url\" content=\"https:\/\/terra-institute.eu\/en\/embedding-sustainability-strategically-in-smes\/\" \/>\n<meta property=\"og:site_name\" content=\"Terra Institute\" \/>\n<meta property=\"article:publisher\" content=\"https:\/\/www.facebook.com\/TerraInstitute\" \/>\n<meta property=\"article:published_time\" content=\"2026-01-14T06:00:00+00:00\" \/>\n<meta property=\"og:image\" content=\"https:\/\/terra-institute.eu\/en\/wp-content\/uploads\/2025\/12\/embedding-sustainability-strategically-fruits-tree-annie-spratt-scaled.jpg\" \/>\n\t<meta property=\"og:image:width\" content=\"2560\" \/>\n\t<meta property=\"og:image:height\" content=\"1707\" \/>\n\t<meta property=\"og:image:type\" content=\"image\/jpeg\" \/>\n<meta name=\"author\" content=\"Sandra Tauber\" \/>\n<meta name=\"twitter:card\" content=\"summary_large_image\" \/>\n<meta name=\"twitter:creator\" content=\"@terra_institute\" \/>\n<meta name=\"twitter:site\" content=\"@terra_institute\" \/>\n<meta name=\"twitter:label1\" content=\"Written by\" \/>\n\t<meta name=\"twitter:data1\" content=\"Sandra Tauber\" \/>\n\t<meta name=\"twitter:label2\" content=\"Estimated reading time\" \/>\n\t<meta name=\"twitter:data2\" content=\"1 minute\" \/>\n<script type=\"application\/ld+json\" class=\"yoast-schema-graph\">{\"@context\":\"https:\/\/schema.org\",\"@graph\":[{\"@type\":\"Article\",\"@id\":\"https:\/\/terra-institute.eu\/en\/embedding-sustainability-strategically-in-smes\/#article\",\"isPartOf\":{\"@id\":\"https:\/\/terra-institute.eu\/en\/embedding-sustainability-strategically-in-smes\/\"},\"author\":{\"name\":\"Sandra Tauber\",\"@id\":\"https:\/\/terra-institute.eu\/en\/#\/schema\/person\/79833566cfa438fdc58102e13bfe4779\"},\"headline\":\"Embedding sustainability strategically\",\"datePublished\":\"2026-01-14T06:00:00+00:00\",\"mainEntityOfPage\":{\"@id\":\"https:\/\/terra-institute.eu\/en\/embedding-sustainability-strategically-in-smes\/\"},\"wordCount\":1663,\"commentCount\":0,\"image\":{\"@id\":\"https:\/\/terra-institute.eu\/en\/embedding-sustainability-strategically-in-smes\/#primaryimage\"},\"thumbnailUrl\":\"https:\/\/terra-institute.eu\/en\/wp-content\/uploads\/2025\/12\/embedding-sustainability-strategically-fruits-tree-annie-spratt-scaled.jpg\",\"keywords\":[\"Sustainability Strategy\"],\"articleSection\":[\"Blog\"],\"inLanguage\":\"en-GB\",\"potentialAction\":[{\"@type\":\"CommentAction\",\"name\":\"Comment\",\"target\":[\"https:\/\/terra-institute.eu\/en\/embedding-sustainability-strategically-in-smes\/#respond\"]}]},{\"@type\":\"WebPage\",\"@id\":\"https:\/\/terra-institute.eu\/en\/embedding-sustainability-strategically-in-smes\/\",\"url\":\"https:\/\/terra-institute.eu\/en\/embedding-sustainability-strategically-in-smes\/\",\"name\":\"Embedding sustainability strategically in SMEs\",\"isPartOf\":{\"@id\":\"https:\/\/terra-institute.eu\/en\/#website\"},\"primaryImageOfPage\":{\"@id\":\"https:\/\/terra-institute.eu\/en\/embedding-sustainability-strategically-in-smes\/#primaryimage\"},\"image\":{\"@id\":\"https:\/\/terra-institute.eu\/en\/embedding-sustainability-strategically-in-smes\/#primaryimage\"},\"thumbnailUrl\":\"https:\/\/terra-institute.eu\/en\/wp-content\/uploads\/2025\/12\/embedding-sustainability-strategically-fruits-tree-annie-spratt-scaled.jpg\",\"datePublished\":\"2026-01-14T06:00:00+00:00\",\"author\":{\"@id\":\"https:\/\/terra-institute.eu\/en\/#\/schema\/person\/79833566cfa438fdc58102e13bfe4779\"},\"description\":\"Embedding sustainability strategically improves decisions, stabilizes costs, and turns energy, materials and risks into clear management levers.\",\"breadcrumb\":{\"@id\":\"https:\/\/terra-institute.eu\/en\/embedding-sustainability-strategically-in-smes\/#breadcrumb\"},\"inLanguage\":\"en-GB\",\"potentialAction\":[{\"@type\":\"ReadAction\",\"target\":[\"https:\/\/terra-institute.eu\/en\/embedding-sustainability-strategically-in-smes\/\"]}]},{\"@type\":\"ImageObject\",\"inLanguage\":\"en-GB\",\"@id\":\"https:\/\/terra-institute.eu\/en\/embedding-sustainability-strategically-in-smes\/#primaryimage\",\"url\":\"https:\/\/terra-institute.eu\/en\/wp-content\/uploads\/2025\/12\/embedding-sustainability-strategically-fruits-tree-annie-spratt-scaled.jpg\",\"contentUrl\":\"https:\/\/terra-institute.eu\/en\/wp-content\/uploads\/2025\/12\/embedding-sustainability-strategically-fruits-tree-annie-spratt-scaled.jpg\",\"width\":2560,\"height\":1707,\"caption\":\"Embedding sustainability strategically_fruits, tree\"},{\"@type\":\"BreadcrumbList\",\"@id\":\"https:\/\/terra-institute.eu\/en\/embedding-sustainability-strategically-in-smes\/#breadcrumb\",\"itemListElement\":[{\"@type\":\"ListItem\",\"position\":1,\"name\":\"Home\",\"item\":\"https:\/\/terra-institute.eu\/en\/\"},{\"@type\":\"ListItem\",\"position\":2,\"name\":\"Embedding sustainability strategically\"}]},{\"@type\":\"WebSite\",\"@id\":\"https:\/\/terra-institute.eu\/en\/#website\",\"url\":\"https:\/\/terra-institute.eu\/en\/\",\"name\":\"Terra Institute\",\"description\":\"Empowering Responsible Growth\",\"potentialAction\":[{\"@type\":\"SearchAction\",\"target\":{\"@type\":\"EntryPoint\",\"urlTemplate\":\"https:\/\/terra-institute.eu\/en\/?s={search_term_string}\"},\"query-input\":{\"@type\":\"PropertyValueSpecification\",\"valueRequired\":true,\"valueName\":\"search_term_string\"}}],\"inLanguage\":\"en-GB\"},{\"@type\":\"Person\",\"@id\":\"https:\/\/terra-institute.eu\/en\/#\/schema\/person\/79833566cfa438fdc58102e13bfe4779\",\"name\":\"Sandra Tauber\",\"image\":{\"@type\":\"ImageObject\",\"inLanguage\":\"en-GB\",\"@id\":\"https:\/\/terra-institute.eu\/en\/#\/schema\/person\/image\/\",\"url\":\"https:\/\/secure.gravatar.com\/avatar\/7b58d476a8e3ca28ed666205e6c5ff556ab94a161aa48a4b4cf289781d6b1076?s=96&d=mm&r=g\",\"contentUrl\":\"https:\/\/secure.gravatar.com\/avatar\/7b58d476a8e3ca28ed666205e6c5ff556ab94a161aa48a4b4cf289781d6b1076?s=96&d=mm&r=g\",\"caption\":\"Sandra Tauber\"},\"url\":\"https:\/\/terra-institute.eu\/en\/author\/sandra-tauber\/\"}]}<\/script>\n<!-- \/ Yoast SEO plugin. -->","yoast_head_json":{"title":"Embedding sustainability strategically in SMEs","description":"Embedding sustainability strategically improves decisions, stabilizes costs, and turns energy, materials and risks into clear management levers.","robots":{"index":"index","follow":"follow","max-snippet":"max-snippet:-1","max-image-preview":"max-image-preview:large","max-video-preview":"max-video-preview:-1"},"canonical":"https:\/\/terra-institute.eu\/en\/embedding-sustainability-strategically-in-smes\/","og_locale":"en_GB","og_type":"article","og_title":"Embedding sustainability strategically in SMEs","og_description":"Embedding sustainability strategically improves decisions, stabilizes costs, and turns energy, materials and risks into clear management levers.","og_url":"https:\/\/terra-institute.eu\/en\/embedding-sustainability-strategically-in-smes\/","og_site_name":"Terra Institute","article_publisher":"https:\/\/www.facebook.com\/TerraInstitute","article_published_time":"2026-01-14T06:00:00+00:00","og_image":[{"width":2560,"height":1707,"url":"https:\/\/terra-institute.eu\/en\/wp-content\/uploads\/2025\/12\/embedding-sustainability-strategically-fruits-tree-annie-spratt-scaled.jpg","type":"image\/jpeg"}],"author":"Sandra Tauber","twitter_card":"summary_large_image","twitter_creator":"@terra_institute","twitter_site":"@terra_institute","twitter_misc":{"Written by":"Sandra Tauber","Estimated reading time":"1 minute"},"schema":{"@context":"https:\/\/schema.org","@graph":[{"@type":"Article","@id":"https:\/\/terra-institute.eu\/en\/embedding-sustainability-strategically-in-smes\/#article","isPartOf":{"@id":"https:\/\/terra-institute.eu\/en\/embedding-sustainability-strategically-in-smes\/"},"author":{"name":"Sandra Tauber","@id":"https:\/\/terra-institute.eu\/en\/#\/schema\/person\/79833566cfa438fdc58102e13bfe4779"},"headline":"Embedding sustainability strategically","datePublished":"2026-01-14T06:00:00+00:00","mainEntityOfPage":{"@id":"https:\/\/terra-institute.eu\/en\/embedding-sustainability-strategically-in-smes\/"},"wordCount":1663,"commentCount":0,"image":{"@id":"https:\/\/terra-institute.eu\/en\/embedding-sustainability-strategically-in-smes\/#primaryimage"},"thumbnailUrl":"https:\/\/terra-institute.eu\/en\/wp-content\/uploads\/2025\/12\/embedding-sustainability-strategically-fruits-tree-annie-spratt-scaled.jpg","keywords":["Sustainability Strategy"],"articleSection":["Blog"],"inLanguage":"en-GB","potentialAction":[{"@type":"CommentAction","name":"Comment","target":["https:\/\/terra-institute.eu\/en\/embedding-sustainability-strategically-in-smes\/#respond"]}]},{"@type":"WebPage","@id":"https:\/\/terra-institute.eu\/en\/embedding-sustainability-strategically-in-smes\/","url":"https:\/\/terra-institute.eu\/en\/embedding-sustainability-strategically-in-smes\/","name":"Embedding sustainability strategically in SMEs","isPartOf":{"@id":"https:\/\/terra-institute.eu\/en\/#website"},"primaryImageOfPage":{"@id":"https:\/\/terra-institute.eu\/en\/embedding-sustainability-strategically-in-smes\/#primaryimage"},"image":{"@id":"https:\/\/terra-institute.eu\/en\/embedding-sustainability-strategically-in-smes\/#primaryimage"},"thumbnailUrl":"https:\/\/terra-institute.eu\/en\/wp-content\/uploads\/2025\/12\/embedding-sustainability-strategically-fruits-tree-annie-spratt-scaled.jpg","datePublished":"2026-01-14T06:00:00+00:00","author":{"@id":"https:\/\/terra-institute.eu\/en\/#\/schema\/person\/79833566cfa438fdc58102e13bfe4779"},"description":"Embedding sustainability strategically improves decisions, stabilizes costs, and turns energy, materials and risks into clear management levers.","breadcrumb":{"@id":"https:\/\/terra-institute.eu\/en\/embedding-sustainability-strategically-in-smes\/#breadcrumb"},"inLanguage":"en-GB","potentialAction":[{"@type":"ReadAction","target":["https:\/\/terra-institute.eu\/en\/embedding-sustainability-strategically-in-smes\/"]}]},{"@type":"ImageObject","inLanguage":"en-GB","@id":"https:\/\/terra-institute.eu\/en\/embedding-sustainability-strategically-in-smes\/#primaryimage","url":"https:\/\/terra-institute.eu\/en\/wp-content\/uploads\/2025\/12\/embedding-sustainability-strategically-fruits-tree-annie-spratt-scaled.jpg","contentUrl":"https:\/\/terra-institute.eu\/en\/wp-content\/uploads\/2025\/12\/embedding-sustainability-strategically-fruits-tree-annie-spratt-scaled.jpg","width":2560,"height":1707,"caption":"Embedding sustainability strategically_fruits, tree"},{"@type":"BreadcrumbList","@id":"https:\/\/terra-institute.eu\/en\/embedding-sustainability-strategically-in-smes\/#breadcrumb","itemListElement":[{"@type":"ListItem","position":1,"name":"Home","item":"https:\/\/terra-institute.eu\/en\/"},{"@type":"ListItem","position":2,"name":"Embedding sustainability strategically"}]},{"@type":"WebSite","@id":"https:\/\/terra-institute.eu\/en\/#website","url":"https:\/\/terra-institute.eu\/en\/","name":"Terra Institute","description":"Empowering Responsible Growth","potentialAction":[{"@type":"SearchAction","target":{"@type":"EntryPoint","urlTemplate":"https:\/\/terra-institute.eu\/en\/?s={search_term_string}"},"query-input":{"@type":"PropertyValueSpecification","valueRequired":true,"valueName":"search_term_string"}}],"inLanguage":"en-GB"},{"@type":"Person","@id":"https:\/\/terra-institute.eu\/en\/#\/schema\/person\/79833566cfa438fdc58102e13bfe4779","name":"Sandra Tauber","image":{"@type":"ImageObject","inLanguage":"en-GB","@id":"https:\/\/terra-institute.eu\/en\/#\/schema\/person\/image\/","url":"https:\/\/secure.gravatar.com\/avatar\/7b58d476a8e3ca28ed666205e6c5ff556ab94a161aa48a4b4cf289781d6b1076?s=96&d=mm&r=g","contentUrl":"https:\/\/secure.gravatar.com\/avatar\/7b58d476a8e3ca28ed666205e6c5ff556ab94a161aa48a4b4cf289781d6b1076?s=96&d=mm&r=g","caption":"Sandra Tauber"},"url":"https:\/\/terra-institute.eu\/en\/author\/sandra-tauber\/"}]}},"_links":{"self":[{"href":"https:\/\/terra-institute.eu\/en\/wp-json\/wp\/v2\/posts\/6061","targetHints":{"allow":["GET"]}}],"collection":[{"href":"https:\/\/terra-institute.eu\/en\/wp-json\/wp\/v2\/posts"}],"about":[{"href":"https:\/\/terra-institute.eu\/en\/wp-json\/wp\/v2\/types\/post"}],"author":[{"embeddable":true,"href":"https:\/\/terra-institute.eu\/en\/wp-json\/wp\/v2\/users\/5"}],"replies":[{"embeddable":true,"href":"https:\/\/terra-institute.eu\/en\/wp-json\/wp\/v2\/comments?post=6061"}],"version-history":[{"count":4,"href":"https:\/\/terra-institute.eu\/en\/wp-json\/wp\/v2\/posts\/6061\/revisions"}],"predecessor-version":[{"id":6068,"href":"https:\/\/terra-institute.eu\/en\/wp-json\/wp\/v2\/posts\/6061\/revisions\/6068"}],"wp:featuredmedia":[{"embeddable":true,"href":"https:\/\/terra-institute.eu\/en\/wp-json\/wp\/v2\/media\/6063"}],"wp:attachment":[{"href":"https:\/\/terra-institute.eu\/en\/wp-json\/wp\/v2\/media?parent=6061"}],"wp:term":[{"taxonomy":"category","embeddable":true,"href":"https:\/\/terra-institute.eu\/en\/wp-json\/wp\/v2\/categories?post=6061"},{"taxonomy":"post_tag","embeddable":true,"href":"https:\/\/terra-institute.eu\/en\/wp-json\/wp\/v2\/tags?post=6061"}],"curies":[{"name":"wp","href":"https:\/\/api.w.org\/{rel}","templated":true}]}}